{"id":8124,"date":"2024-09-12T15:32:00","date_gmt":"2024-09-12T13:32:00","guid":{"rendered":"https:\/\/www.hoecker.eu\/blog\/unzulaessige-beitragssperre-facebook-muss-abmahnkosten-erstatten\/"},"modified":"2025-02-17T14:53:17","modified_gmt":"2025-02-17T13:53:17","slug":"unzulaessige-beitragssperre-facebook-muss-abmahnkosten-erstatten","status":"publish","type":"post","link":"https:\/\/www.hoecker.eu\/blog\/unzulaessige-beitragssperre-facebook-muss-abmahnkosten-erstatten\/","title":{"rendered":"Unzul\u00e4ssige Beitragssperre \u2013 Facebook muss Abmahnkosten erstatten"},"content":{"rendered":"<p>H\u00d6CKER ist f\u00fcr Mandanten bereits mehrfach erfolgreich gegen den Meta-Konzern wegen gesperrter Konten oder Beitr\u00e4gen auf Facebook oder Instagram vorgegangen. In einem weiteren Verfahren wurde nun die Frage der Kostentragungspflicht gerichtlich gekl\u00e4rt. <\/p>\n<p>Im Mai 2023 sperrte Facebook einen Beitrag des H\u00d6CKER-Mandanten aus Oktober 2021 wegen eines angeblichen Versto\u00dfes gegen die Gemeinschaftsstandards gegen Gewalt und Anstiftung zu Gewalt. Auch nach Widerspruch durch den Kontoinhaber hielt Facebook an der Entscheidung fest. Erst auf anwaltliches Schreiben durch H\u00d6CKER stellte Facebook den Beitrag wieder her.<\/p>\n<p>Das Amtsgericht K\u00f6ln (Urt. v. 04.09.2024, Az.: 136 C 156\/23; n. rkr.) entschied nun, dass Facebook die Kosten dieses anwaltlichen Schreibens zu erstatten hat. Hier liege eine Vertragsverletzung vor, die darin zu sehen sei, dass Facebook den Beitrag nach interner \u00dcberpr\u00fcfung nicht wiederhergestellt habe \u2013 das Gericht spricht hier von einer \u201e<em>unstreitig fehlerhaften Einsch\u00e4tzung<\/em>\u201c. Daher war nach Mitteilung des internen finalen Pr\u00fcfergebnisses die Einschaltung eines Rechtsanwalts erforderlich, so dass Facebook dessen Kosten erstatten muss.<\/p>\n<p>Dr.<br \/>\nChristian Conrad: \u201e<em>Das<br \/>\nGericht hat mit erfreulich klaren Worten betont, dass sich Betroffene von<br \/>\nunberechtigten Beitragssperren in den sozialen Medien anwaltlicher Hilfe<br \/>\nbedienen d\u00fcrfen \u2013 v.a. wenn die interne Pr\u00fcfung abgeschlossen ist. Damit wurde<br \/>\nabermals betont, dass auch Facebook nicht au\u00dferhalb des Rechts steht!\u201c<\/em><\/p>\n<p>Julia Kr\u00f6ger: <em>\u201eBetreiber<br \/>\nvon Social-Media-Plattformen scheinen sich oftmals darauf zu verlassen, dass<br \/>\nsie nicht f\u00fcr die Kosten von Vertragsverletzungen aufkommen m\u00fcssen \u2013 oder dass<br \/>\nBetroffene diese erst gar nicht geltend machen. Umso erfreulicher ist diese<br \/>\nklare Entscheidung, die best\u00e4tigt, dass auch gro\u00dfe Player finanziell f\u00fcr Ihre<br \/>\nFehler einstehen m\u00fcssen \u2013 und zwar vor deutschen Gerichten!\u201c<\/em><\/p>\n","protected":false},"excerpt":{"rendered":"<p>H\u00d6CKER ist f\u00fcr Mandanten bereits mehrfach erfolgreich gegen den Meta-Konzern wegen gesperrter Konten oder Beitr\u00e4gen auf Facebook oder Instagram vorgegangen. In einem weiteren Verfahren wurde nun die Frage der Kostentragungspflicht gerichtlich gekl\u00e4rt. Im Mai 2023 sperrte Facebook einen Beitrag des H\u00d6CKER-Mandanten aus Oktober 2021 wegen eines angeblichen Versto\u00dfes gegen die Gemeinschaftsstandards gegen Gewalt und Anstiftung [&hellip;]<\/p>\n","protected":false},"author":1,"featured_media":0,"comment_status":"closed","ping_status":"closed","sticky":false,"template":"","format":"standard","meta":{"_has_post_settings":[],"footnotes":""},"categories":[15],"tags":[],"hashtags":[],"ppma_author":[84],"class_list":["post-8124","post","type-post","status-publish","format-standard","hentry","category-news","author-hoecker_adm"],"yoast_head":"<!-- This site is optimized with the Yoast SEO Premium plugin v25.9 (Yoast SEO v27.0) - https:\/\/yoast.com\/product\/yoast-seo-premium-wordpress\/ -->\n<title>Unzul\u00e4ssige Beitragssperre \u2013 Facebook muss Abmahnkosten erstatten - H\u00d6CKER - der Blog<\/title>\n<meta name=\"robots\" content=\"index, follow, max-snippet:-1, max-image-preview:large, max-video-preview:-1\" \/>\n<link rel=\"canonical\" href=\"https:\/\/www.hoecker.eu\/blog\/unzulaessige-beitragssperre-facebook-muss-abmahnkosten-erstatten\/\" \/>\n<meta property=\"og:locale\" content=\"de_DE\" \/>\n<meta property=\"og:type\" content=\"article\" \/>\n<meta property=\"og:title\" content=\"Unzul\u00e4ssige Beitragssperre \u2013 Facebook muss Abmahnkosten erstatten\" \/>\n<meta property=\"og:description\" content=\"H\u00d6CKER ist f\u00fcr Mandanten bereits mehrfach erfolgreich gegen den Meta-Konzern wegen gesperrter Konten oder Beitr\u00e4gen auf Facebook oder Instagram vorgegangen. In einem weiteren Verfahren wurde nun die Frage der Kostentragungspflicht gerichtlich gekl\u00e4rt. Im Mai 2023 sperrte Facebook einen Beitrag des H\u00d6CKER-Mandanten aus Oktober 2021 wegen eines angeblichen Versto\u00dfes gegen die Gemeinschaftsstandards gegen Gewalt und Anstiftung [&hellip;]\" \/>\n<meta property=\"og:url\" content=\"https:\/\/www.hoecker.eu\/blog\/unzulaessige-beitragssperre-facebook-muss-abmahnkosten-erstatten\/\" \/>\n<meta property=\"og:site_name\" content=\"H\u00d6CKER - der Blog\" \/>\n<meta property=\"article:publisher\" content=\"https:\/\/www.facebook.com\/HoeckerRAe\/\" \/>\n<meta property=\"article:author\" content=\"https:\/\/www.facebook.com\/ralf.hoecker\" \/>\n<meta property=\"article:published_time\" content=\"2024-09-12T13:32:00+00:00\" \/>\n<meta property=\"article:modified_time\" content=\"2025-02-17T13:53:17+00:00\" \/>\n<meta name=\"author\" content=\"Prof. Dr. Ralf H\u00f6cker\" \/>\n<meta name=\"twitter:card\" content=\"summary_large_image\" \/>\n<meta name=\"twitter:creator\" content=\"@Ralf_Hoecker\" \/>\n<meta name=\"twitter:site\" content=\"@hoecker_rae\" \/>\n<meta name=\"twitter:label1\" content=\"Verfasst von\" \/>\n\t<meta name=\"twitter:data1\" content=\"Prof. Dr. Ralf H\u00f6cker\" \/>\n\t<meta name=\"twitter:label2\" content=\"Gesch\u00e4tzte Lesezeit\" \/>\n\t<meta name=\"twitter:data2\" content=\"1\u00a0Minute\" \/>\n<script type=\"application\/ld+json\" class=\"yoast-schema-graph\">{\"@context\":\"https:\/\/schema.org\",\"@graph\":[{\"@type\":\"Article\",\"@id\":\"https:\/\/www.hoecker.eu\/blog\/unzulaessige-beitragssperre-facebook-muss-abmahnkosten-erstatten\/#article\",\"isPartOf\":{\"@id\":\"https:\/\/www.hoecker.eu\/blog\/unzulaessige-beitragssperre-facebook-muss-abmahnkosten-erstatten\/\"},\"author\":{\"name\":\"Prof. Dr. Ralf H\u00f6cker\",\"@id\":\"https:\/\/www.hoecker.eu\/blog\/#\/schema\/person\/08f95581eed0534eccd0b2438f7a1cab\"},\"headline\":\"Unzul\u00e4ssige Beitragssperre \u2013 Facebook muss Abmahnkosten erstatten\",\"datePublished\":\"2024-09-12T13:32:00+00:00\",\"dateModified\":\"2025-02-17T13:53:17+00:00\",\"mainEntityOfPage\":{\"@id\":\"https:\/\/www.hoecker.eu\/blog\/unzulaessige-beitragssperre-facebook-muss-abmahnkosten-erstatten\/\"},\"wordCount\":275,\"publisher\":{\"@id\":\"https:\/\/www.hoecker.eu\/blog\/#organization\"},\"articleSection\":[\"News\"],\"inLanguage\":\"de\"},{\"@type\":\"WebPage\",\"@id\":\"https:\/\/www.hoecker.eu\/blog\/unzulaessige-beitragssperre-facebook-muss-abmahnkosten-erstatten\/\",\"url\":\"https:\/\/www.hoecker.eu\/blog\/unzulaessige-beitragssperre-facebook-muss-abmahnkosten-erstatten\/\",\"name\":\"Unzul\u00e4ssige Beitragssperre \u2013 Facebook muss Abmahnkosten erstatten - H\u00d6CKER - der Blog\",\"isPartOf\":{\"@id\":\"https:\/\/www.hoecker.eu\/blog\/#website\"},\"datePublished\":\"2024-09-12T13:32:00+00:00\",\"dateModified\":\"2025-02-17T13:53:17+00:00\",\"breadcrumb\":{\"@id\":\"https:\/\/www.hoecker.eu\/blog\/unzulaessige-beitragssperre-facebook-muss-abmahnkosten-erstatten\/#breadcrumb\"},\"inLanguage\":\"de\",\"potentialAction\":[{\"@type\":\"ReadAction\",\"target\":[\"https:\/\/www.hoecker.eu\/blog\/unzulaessige-beitragssperre-facebook-muss-abmahnkosten-erstatten\/\"]}]},{\"@type\":\"BreadcrumbList\",\"@id\":\"https:\/\/www.hoecker.eu\/blog\/unzulaessige-beitragssperre-facebook-muss-abmahnkosten-erstatten\/#breadcrumb\",\"itemListElement\":[{\"@type\":\"ListItem\",\"position\":1,\"name\":\"Startseite\",\"item\":\"https:\/\/dev.hoecker.eu\/blog\/\"},{\"@type\":\"ListItem\",\"position\":2,\"name\":\"Unzul\u00e4ssige Beitragssperre \u2013 Facebook muss Abmahnkosten erstatten\"}]},{\"@type\":\"WebSite\",\"@id\":\"https:\/\/www.hoecker.eu\/blog\/#website\",\"url\":\"https:\/\/www.hoecker.eu\/blog\/\",\"name\":\"H\u00d6CKER - der Blog\",\"description\":\"Expertenblog f\u00fcr \u00c4u\u00dferungs-, Medien-, Marken-, Urheber- und Wettbewerbsrecht.\",\"publisher\":{\"@id\":\"https:\/\/www.hoecker.eu\/blog\/#organization\"},\"potentialAction\":[{\"@type\":\"SearchAction\",\"target\":{\"@type\":\"EntryPoint\",\"urlTemplate\":\"https:\/\/www.hoecker.eu\/blog\/?s={search_term_string}\"},\"query-input\":{\"@type\":\"PropertyValueSpecification\",\"valueRequired\":true,\"valueName\":\"search_term_string\"}}],\"inLanguage\":\"de\"},{\"@type\":\"Organization\",\"@id\":\"https:\/\/www.hoecker.eu\/blog\/#organization\",\"name\":\"H\u00d6CKER Rechtsanw\u00e4lte PartGmbB\",\"alternateName\":\"H\u00d6CKER\",\"url\":\"https:\/\/www.hoecker.eu\/blog\/\",\"logo\":{\"@type\":\"ImageObject\",\"inLanguage\":\"de\",\"@id\":\"https:\/\/www.hoecker.eu\/blog\/#\/schema\/logo\/image\/\",\"url\":\"https:\/\/www.hoecker.eu\/blog\/wp-content\/uploads\/2025\/03\/Blog-Logo.webp\",\"contentUrl\":\"https:\/\/www.hoecker.eu\/blog\/wp-content\/uploads\/2025\/03\/Blog-Logo.webp\",\"width\":500,\"height\":500,\"caption\":\"H\u00d6CKER Rechtsanw\u00e4lte PartGmbB\"},\"image\":{\"@id\":\"https:\/\/www.hoecker.eu\/blog\/#\/schema\/logo\/image\/\"},\"sameAs\":[\"https:\/\/www.facebook.com\/HoeckerRAe\/\",\"https:\/\/x.com\/hoecker_rae\",\"https:\/\/www.linkedin.com\/company\/hcker-rechtsanwlte\/\",\"https:\/\/www.instagram.com\/hoecker_rae\/\"],\"email\":\"contact@hoecker.eu\",\"telephone\":\"+ 49 (0)221-933 19-10\",\"legalName\":\"H\u00d6CKER Rechtsanw\u00e4lte PartGmbB\",\"numberOfEmployees\":{\"@type\":\"QuantitativeValue\",\"minValue\":\"11\",\"maxValue\":\"50\"}},{\"@type\":\"Person\",\"@id\":\"https:\/\/www.hoecker.eu\/blog\/#\/schema\/person\/08f95581eed0534eccd0b2438f7a1cab\",\"name\":\"Prof. Dr. Ralf H\u00f6cker\",\"description\":\"Medienanwalt. Besch\u00fctzer vor mieser Presse\",\"sameAs\":[\"https:\/\/www.hoecker.eu\/wer\/prof-dr-ralf-hoecker\",\"https:\/\/www.facebook.com\/ralf.hoecker\",\"https:\/\/www.linkedin.com\/in\/prof-dr-ralf-hcker-ll-m-london-17987826\/\",\"https:\/\/x.com\/Ralf_Hoecker\"],\"url\":\"https:\/\/www.hoecker.eu\/blog\/author\/hoecker_adm\/\"}]}<\/script>\n<!-- \/ Yoast SEO Premium plugin. -->","yoast_head_json":{"title":"Unzul\u00e4ssige Beitragssperre \u2013 Facebook muss Abmahnkosten erstatten - H\u00d6CKER - der Blog","robots":{"index":"index","follow":"follow","max-snippet":"max-snippet:-1","max-image-preview":"max-image-preview:large","max-video-preview":"max-video-preview:-1"},"canonical":"https:\/\/www.hoecker.eu\/blog\/unzulaessige-beitragssperre-facebook-muss-abmahnkosten-erstatten\/","og_locale":"de_DE","og_type":"article","og_title":"Unzul\u00e4ssige Beitragssperre \u2013 Facebook muss Abmahnkosten erstatten","og_description":"H\u00d6CKER ist f\u00fcr Mandanten bereits mehrfach erfolgreich gegen den Meta-Konzern wegen gesperrter Konten oder Beitr\u00e4gen auf Facebook oder Instagram vorgegangen. In einem weiteren Verfahren wurde nun die Frage der Kostentragungspflicht gerichtlich gekl\u00e4rt. Im Mai 2023 sperrte Facebook einen Beitrag des H\u00d6CKER-Mandanten aus Oktober 2021 wegen eines angeblichen Versto\u00dfes gegen die Gemeinschaftsstandards gegen Gewalt und Anstiftung [&hellip;]","og_url":"https:\/\/www.hoecker.eu\/blog\/unzulaessige-beitragssperre-facebook-muss-abmahnkosten-erstatten\/","og_site_name":"H\u00d6CKER - der Blog","article_publisher":"https:\/\/www.facebook.com\/HoeckerRAe\/","article_author":"https:\/\/www.facebook.com\/ralf.hoecker","article_published_time":"2024-09-12T13:32:00+00:00","article_modified_time":"2025-02-17T13:53:17+00:00","author":"Prof. Dr. Ralf H\u00f6cker","twitter_card":"summary_large_image","twitter_creator":"@Ralf_Hoecker","twitter_site":"@hoecker_rae","twitter_misc":{"Verfasst von":"Prof. Dr. Ralf H\u00f6cker","Gesch\u00e4tzte Lesezeit":"1\u00a0Minute"},"schema":{"@context":"https:\/\/schema.org","@graph":[{"@type":"Article","@id":"https:\/\/www.hoecker.eu\/blog\/unzulaessige-beitragssperre-facebook-muss-abmahnkosten-erstatten\/#article","isPartOf":{"@id":"https:\/\/www.hoecker.eu\/blog\/unzulaessige-beitragssperre-facebook-muss-abmahnkosten-erstatten\/"},"author":{"name":"Prof. Dr. Ralf H\u00f6cker","@id":"https:\/\/www.hoecker.eu\/blog\/#\/schema\/person\/08f95581eed0534eccd0b2438f7a1cab"},"headline":"Unzul\u00e4ssige Beitragssperre \u2013 Facebook muss Abmahnkosten erstatten","datePublished":"2024-09-12T13:32:00+00:00","dateModified":"2025-02-17T13:53:17+00:00","mainEntityOfPage":{"@id":"https:\/\/www.hoecker.eu\/blog\/unzulaessige-beitragssperre-facebook-muss-abmahnkosten-erstatten\/"},"wordCount":275,"publisher":{"@id":"https:\/\/www.hoecker.eu\/blog\/#organization"},"articleSection":["News"],"inLanguage":"de"},{"@type":"WebPage","@id":"https:\/\/www.hoecker.eu\/blog\/unzulaessige-beitragssperre-facebook-muss-abmahnkosten-erstatten\/","url":"https:\/\/www.hoecker.eu\/blog\/unzulaessige-beitragssperre-facebook-muss-abmahnkosten-erstatten\/","name":"Unzul\u00e4ssige Beitragssperre \u2013 Facebook muss Abmahnkosten erstatten - H\u00d6CKER - der Blog","isPartOf":{"@id":"https:\/\/www.hoecker.eu\/blog\/#website"},"datePublished":"2024-09-12T13:32:00+00:00","dateModified":"2025-02-17T13:53:17+00:00","breadcrumb":{"@id":"https:\/\/www.hoecker.eu\/blog\/unzulaessige-beitragssperre-facebook-muss-abmahnkosten-erstatten\/#breadcrumb"},"inLanguage":"de","potentialAction":[{"@type":"ReadAction","target":["https:\/\/www.hoecker.eu\/blog\/unzulaessige-beitragssperre-facebook-muss-abmahnkosten-erstatten\/"]}]},{"@type":"BreadcrumbList","@id":"https:\/\/www.hoecker.eu\/blog\/unzulaessige-beitragssperre-facebook-muss-abmahnkosten-erstatten\/#breadcrumb","itemListElement":[{"@type":"ListItem","position":1,"name":"Startseite","item":"https:\/\/dev.hoecker.eu\/blog\/"},{"@type":"ListItem","position":2,"name":"Unzul\u00e4ssige Beitragssperre \u2013 Facebook muss Abmahnkosten erstatten"}]},{"@type":"WebSite","@id":"https:\/\/www.hoecker.eu\/blog\/#website","url":"https:\/\/www.hoecker.eu\/blog\/","name":"H\u00d6CKER - der Blog","description":"Expertenblog f\u00fcr \u00c4u\u00dferungs-, Medien-, Marken-, Urheber- und Wettbewerbsrecht.","publisher":{"@id":"https:\/\/www.hoecker.eu\/blog\/#organization"},"potentialAction":[{"@type":"SearchAction","target":{"@type":"EntryPoint","urlTemplate":"https:\/\/www.hoecker.eu\/blog\/?s={search_term_string}"},"query-input":{"@type":"PropertyValueSpecification","valueRequired":true,"valueName":"search_term_string"}}],"inLanguage":"de"},{"@type":"Organization","@id":"https:\/\/www.hoecker.eu\/blog\/#organization","name":"H\u00d6CKER Rechtsanw\u00e4lte PartGmbB","alternateName":"H\u00d6CKER","url":"https:\/\/www.hoecker.eu\/blog\/","logo":{"@type":"ImageObject","inLanguage":"de","@id":"https:\/\/www.hoecker.eu\/blog\/#\/schema\/logo\/image\/","url":"https:\/\/www.hoecker.eu\/blog\/wp-content\/uploads\/2025\/03\/Blog-Logo.webp","contentUrl":"https:\/\/www.hoecker.eu\/blog\/wp-content\/uploads\/2025\/03\/Blog-Logo.webp","width":500,"height":500,"caption":"H\u00d6CKER Rechtsanw\u00e4lte PartGmbB"},"image":{"@id":"https:\/\/www.hoecker.eu\/blog\/#\/schema\/logo\/image\/"},"sameAs":["https:\/\/www.facebook.com\/HoeckerRAe\/","https:\/\/x.com\/hoecker_rae","https:\/\/www.linkedin.com\/company\/hcker-rechtsanwlte\/","https:\/\/www.instagram.com\/hoecker_rae\/"],"email":"contact@hoecker.eu","telephone":"+ 49 (0)221-933 19-10","legalName":"H\u00d6CKER Rechtsanw\u00e4lte PartGmbB","numberOfEmployees":{"@type":"QuantitativeValue","minValue":"11","maxValue":"50"}},{"@type":"Person","@id":"https:\/\/www.hoecker.eu\/blog\/#\/schema\/person\/08f95581eed0534eccd0b2438f7a1cab","name":"Prof. Dr. Ralf H\u00f6cker","description":"Medienanwalt. Besch\u00fctzer vor mieser Presse","sameAs":["https:\/\/www.hoecker.eu\/wer\/prof-dr-ralf-hoecker","https:\/\/www.facebook.com\/ralf.hoecker","https:\/\/www.linkedin.com\/in\/prof-dr-ralf-hcker-ll-m-london-17987826\/","https:\/\/x.com\/Ralf_Hoecker"],"url":"https:\/\/www.hoecker.eu\/blog\/author\/hoecker_adm\/"}]}},"authors":[{"term_id":84,"user_id":1,"is_guest":0,"slug":"hoecker_adm","display_name":"Prof. Dr. Ralf H\u00f6cker","avatar_url":{"url":"https:\/\/www.hoecker.eu\/blog\/wp-content\/uploads\/2023\/12\/ProfDrRalfHoecker.jpg","url2x":"https:\/\/www.hoecker.eu\/blog\/wp-content\/uploads\/2023\/12\/ProfDrRalfHoecker.jpg"},"0":null,"1":"","2":"","3":"","4":"","5":"","6":"","7":"","8":"","9":"","10":"","11":""}],"_links":{"self":[{"href":"https:\/\/www.hoecker.eu\/blog\/wp-json\/wp\/v2\/posts\/8124","targetHints":{"allow":["GET"]}}],"collection":[{"href":"https:\/\/www.hoecker.eu\/blog\/wp-json\/wp\/v2\/posts"}],"about":[{"href":"https:\/\/www.hoecker.eu\/blog\/wp-json\/wp\/v2\/types\/post"}],"author":[{"embeddable":true,"href":"https:\/\/www.hoecker.eu\/blog\/wp-json\/wp\/v2\/users\/1"}],"replies":[{"embeddable":true,"href":"https:\/\/www.hoecker.eu\/blog\/wp-json\/wp\/v2\/comments?post=8124"}],"version-history":[{"count":1,"href":"https:\/\/www.hoecker.eu\/blog\/wp-json\/wp\/v2\/posts\/8124\/revisions"}],"predecessor-version":[{"id":9246,"href":"https:\/\/www.hoecker.eu\/blog\/wp-json\/wp\/v2\/posts\/8124\/revisions\/9246"}],"wp:attachment":[{"href":"https:\/\/www.hoecker.eu\/blog\/wp-json\/wp\/v2\/media?parent=8124"}],"wp:term":[{"taxonomy":"category","embeddable":true,"href":"https:\/\/www.hoecker.eu\/blog\/wp-json\/wp\/v2\/categories?post=8124"},{"taxonomy":"post_tag","embeddable":true,"href":"https:\/\/www.hoecker.eu\/blog\/wp-json\/wp\/v2\/tags?post=8124"},{"taxonomy":"hashtags","embeddable":true,"href":"https:\/\/www.hoecker.eu\/blog\/wp-json\/wp\/v2\/hashtags?post=8124"},{"taxonomy":"author","embeddable":true,"href":"https:\/\/www.hoecker.eu\/blog\/wp-json\/wp\/v2\/ppma_author?post=8124"}],"curies":[{"name":"wp","href":"https:\/\/api.w.org\/{rel}","templated":true}]}}