{"id":8123,"date":"2024-09-23T08:54:00","date_gmt":"2024-09-23T06:54:00","guid":{"rendered":"https:\/\/www.hoecker.eu\/blog\/wer-auf-correctiv-setzt-zahlt-drauf-gericht-bestaetigt-verbot-gegen-tagesschau-zum-correctiv-bericht\/"},"modified":"2025-02-17T14:53:16","modified_gmt":"2025-02-17T13:53:16","slug":"wer-auf-correctiv-setzt-zahlt-drauf-gericht-bestaetigt-verbot-gegen-tagesschau-zum-correctiv-bericht","status":"publish","type":"post","link":"https:\/\/www.hoecker.eu\/blog\/wer-auf-correctiv-setzt-zahlt-drauf-gericht-bestaetigt-verbot-gegen-tagesschau-zum-correctiv-bericht\/","title":{"rendered":"Wer auf Correctiv setzt, zahlt drauf: Gericht best\u00e4tigt Verbot gegen Tagesschau zum Correctiv-Bericht"},"content":{"rendered":"<p>Das Landgericht Hamburg hat entschieden: Die Tagesschau darf ihre Falschmeldungen \u00fcber das Potsdam-Treffen nicht weiter verbreiten. Der NDR hatte Widerspruch gegen ein vorheriges Verbot des OLG Hamburg eingelegt \u2013 ohne Erfolg. Damit bleibt das Verbot bestehen.<\/p>\n<p>Im Mittelpunkt des Verfahrens steht ein Bericht der Tagesschau, der auf irref\u00fchrenden Wertungen des Correctiv-Berichts basierte. F\u00e4lschlicherweise wurde behauptet, dass beim Treffen in Potsdam die Ausweisung deutscher Staatsb\u00fcrger sowie der Entzug der Staatsb\u00fcrgerschaft nach rassistischen Kriterien diskutiert worden sei. Dies wurde durch eidesstattliche Versicherungen der Teilnehmer widerlegt.<\/p>\n<p>Das Oberlandesgericht Hamburg hatte dem NDR die Falschbehauptungen auf Antrag von Dr. Ulrich Vosgerau (CDU) im Juli verboten: <a href=\"https:\/\/www.hoecker.eu\/news\/falschbehauptung-der-tagesschau-zu-correctiv-bericht-verboten-keine-pl%C3%A4ne-zur-ausweisung-deutscher-staatsb%C3%BCrger-in-potsdam-diskutiert\" target=\"_blank\" rel=\"noreferrer noopener\">https:\/\/www.hoecker.eu\/news\/falschbehauptung-der-tagesschau-zu-correctiv-bericht-verboten-keine-pl%C3%A4ne-zur-ausweisung-deutscher-staatsb%C3%BCrger-in-potsdam-diskutiert<\/a><\/p>\n<p>Der NDR konnte vor Gericht keine Beweise f\u00fcr seine Behauptungen vorlegen und scheiterte mit dem Versuch, das Verbot aufzuheben. <\/p>\n<p>Erfolglos argumentierte der NDR, der Correctiv-Bericht sei die Quelle seiner Falschmeldung, Zitat \u201e<em>Das Verst\u00e4ndnis, dass im Potsdam-Treffen auch \u00fcber die Ausweisung deutscher Staatsb\u00fcrger diskutiert wurde, ist auch vom Correctiv-Bericht transportiert worden.\u201c<\/em> Damit gesteht der NDR zu, dass der Correctiv-Bericht irref\u00fchrende Wertungen enth\u00e4lt und dass diese zur Falschmeldung der Tageschau f\u00fchrten.<\/p>\n<p>Manche Argumentation des NDR ist wunderlich: Ein gerichtliches Verbot sei \u201eim \u00f6ffentlichen Meinungskampf zu aktuellen gesellschaftspolitischen Themen deplatziert\u201c und f\u00fchre dazu, dass Kritik am NDR ge\u00e4u\u00dfert werde. Es gebe keinen legitimen Anlass f\u00fcr Gerichte \u201esich in eine \u00f6ffentliche Debatte mit Verboten einzumischen\u201c.<\/p>\n<p>Dr. Carsten Brennecke: <em>\u201eEs ist erstaunlich, dass der NDR, der als \u00f6ffentlich-rechtliches Nachrichtenmedium f\u00fcr seri\u00f6se Berichterstattung stehen sollte, die Entscheidungen unabh\u00e4ngiger Gerichte infrage stellt und als Eingriff in die \u00f6ffentliche Diskussion wertet.&#8221;<\/em><\/p>\n","protected":false},"excerpt":{"rendered":"<p>Das Landgericht Hamburg hat entschieden: Die Tagesschau darf ihre Falschmeldungen \u00fcber das Potsdam-Treffen nicht weiter verbreiten. Der NDR hatte Widerspruch gegen ein vorheriges Verbot des OLG Hamburg eingelegt \u2013 ohne Erfolg. Damit bleibt das Verbot bestehen. Im Mittelpunkt des Verfahrens steht ein Bericht der Tagesschau, der auf irref\u00fchrenden Wertungen des Correctiv-Berichts basierte. F\u00e4lschlicherweise wurde behauptet, [&hellip;]<\/p>\n","protected":false},"author":1,"featured_media":0,"comment_status":"closed","ping_status":"closed","sticky":false,"template":"","format":"standard","meta":{"_has_post_settings":[],"footnotes":""},"categories":[15],"tags":[],"hashtags":[],"ppma_author":[84],"class_list":["post-8123","post","type-post","status-publish","format-standard","hentry","category-news","author-hoecker_adm"],"yoast_head":"<!-- This site is optimized with the Yoast SEO Premium plugin v25.9 (Yoast SEO v27.0) - https:\/\/yoast.com\/product\/yoast-seo-premium-wordpress\/ -->\n<title>Wer auf Correctiv setzt, zahlt drauf: Gericht best\u00e4tigt Verbot gegen Tagesschau zum Correctiv-Bericht - H\u00d6CKER - der Blog<\/title>\n<meta name=\"robots\" content=\"index, follow, max-snippet:-1, max-image-preview:large, max-video-preview:-1\" \/>\n<link rel=\"canonical\" href=\"https:\/\/www.hoecker.eu\/blog\/wer-auf-correctiv-setzt-zahlt-drauf-gericht-bestaetigt-verbot-gegen-tagesschau-zum-correctiv-bericht\/\" \/>\n<meta property=\"og:locale\" content=\"de_DE\" \/>\n<meta property=\"og:type\" content=\"article\" \/>\n<meta property=\"og:title\" content=\"Wer auf Correctiv setzt, zahlt drauf: Gericht best\u00e4tigt Verbot gegen Tagesschau zum Correctiv-Bericht\" \/>\n<meta property=\"og:description\" content=\"Das Landgericht Hamburg hat entschieden: Die Tagesschau darf ihre Falschmeldungen \u00fcber das Potsdam-Treffen nicht weiter verbreiten. Der NDR hatte Widerspruch gegen ein vorheriges Verbot des OLG Hamburg eingelegt \u2013 ohne Erfolg. Damit bleibt das Verbot bestehen. Im Mittelpunkt des Verfahrens steht ein Bericht der Tagesschau, der auf irref\u00fchrenden Wertungen des Correctiv-Berichts basierte. F\u00e4lschlicherweise wurde behauptet, [&hellip;]\" \/>\n<meta property=\"og:url\" content=\"https:\/\/www.hoecker.eu\/blog\/wer-auf-correctiv-setzt-zahlt-drauf-gericht-bestaetigt-verbot-gegen-tagesschau-zum-correctiv-bericht\/\" \/>\n<meta property=\"og:site_name\" content=\"H\u00d6CKER - der Blog\" \/>\n<meta property=\"article:publisher\" content=\"https:\/\/www.facebook.com\/HoeckerRAe\/\" \/>\n<meta property=\"article:author\" content=\"https:\/\/www.facebook.com\/ralf.hoecker\" \/>\n<meta property=\"article:published_time\" content=\"2024-09-23T06:54:00+00:00\" \/>\n<meta property=\"article:modified_time\" content=\"2025-02-17T13:53:16+00:00\" \/>\n<meta name=\"author\" content=\"Prof. Dr. Ralf H\u00f6cker\" \/>\n<meta name=\"twitter:card\" content=\"summary_large_image\" \/>\n<meta name=\"twitter:creator\" content=\"@Ralf_Hoecker\" \/>\n<meta name=\"twitter:site\" content=\"@hoecker_rae\" \/>\n<meta name=\"twitter:label1\" content=\"Verfasst von\" \/>\n\t<meta name=\"twitter:data1\" content=\"Prof. Dr. Ralf H\u00f6cker\" \/>\n\t<meta name=\"twitter:label2\" content=\"Gesch\u00e4tzte Lesezeit\" \/>\n\t<meta name=\"twitter:data2\" content=\"1\u00a0Minute\" \/>\n<script type=\"application\/ld+json\" class=\"yoast-schema-graph\">{\"@context\":\"https:\/\/schema.org\",\"@graph\":[{\"@type\":\"Article\",\"@id\":\"https:\/\/www.hoecker.eu\/blog\/wer-auf-correctiv-setzt-zahlt-drauf-gericht-bestaetigt-verbot-gegen-tagesschau-zum-correctiv-bericht\/#article\",\"isPartOf\":{\"@id\":\"https:\/\/www.hoecker.eu\/blog\/wer-auf-correctiv-setzt-zahlt-drauf-gericht-bestaetigt-verbot-gegen-tagesschau-zum-correctiv-bericht\/\"},\"author\":{\"name\":\"Prof. Dr. Ralf H\u00f6cker\",\"@id\":\"https:\/\/www.hoecker.eu\/blog\/#\/schema\/person\/08f95581eed0534eccd0b2438f7a1cab\"},\"headline\":\"Wer auf Correctiv setzt, zahlt drauf: Gericht best\u00e4tigt Verbot gegen Tagesschau zum Correctiv-Bericht\",\"datePublished\":\"2024-09-23T06:54:00+00:00\",\"dateModified\":\"2025-02-17T13:53:16+00:00\",\"mainEntityOfPage\":{\"@id\":\"https:\/\/www.hoecker.eu\/blog\/wer-auf-correctiv-setzt-zahlt-drauf-gericht-bestaetigt-verbot-gegen-tagesschau-zum-correctiv-bericht\/\"},\"wordCount\":285,\"publisher\":{\"@id\":\"https:\/\/www.hoecker.eu\/blog\/#organization\"},\"articleSection\":[\"News\"],\"inLanguage\":\"de\"},{\"@type\":\"WebPage\",\"@id\":\"https:\/\/www.hoecker.eu\/blog\/wer-auf-correctiv-setzt-zahlt-drauf-gericht-bestaetigt-verbot-gegen-tagesschau-zum-correctiv-bericht\/\",\"url\":\"https:\/\/www.hoecker.eu\/blog\/wer-auf-correctiv-setzt-zahlt-drauf-gericht-bestaetigt-verbot-gegen-tagesschau-zum-correctiv-bericht\/\",\"name\":\"Wer auf Correctiv setzt, zahlt drauf: Gericht best\u00e4tigt Verbot gegen Tagesschau zum Correctiv-Bericht - H\u00d6CKER - der Blog\",\"isPartOf\":{\"@id\":\"https:\/\/www.hoecker.eu\/blog\/#website\"},\"datePublished\":\"2024-09-23T06:54:00+00:00\",\"dateModified\":\"2025-02-17T13:53:16+00:00\",\"breadcrumb\":{\"@id\":\"https:\/\/www.hoecker.eu\/blog\/wer-auf-correctiv-setzt-zahlt-drauf-gericht-bestaetigt-verbot-gegen-tagesschau-zum-correctiv-bericht\/#breadcrumb\"},\"inLanguage\":\"de\",\"potentialAction\":[{\"@type\":\"ReadAction\",\"target\":[\"https:\/\/www.hoecker.eu\/blog\/wer-auf-correctiv-setzt-zahlt-drauf-gericht-bestaetigt-verbot-gegen-tagesschau-zum-correctiv-bericht\/\"]}]},{\"@type\":\"BreadcrumbList\",\"@id\":\"https:\/\/www.hoecker.eu\/blog\/wer-auf-correctiv-setzt-zahlt-drauf-gericht-bestaetigt-verbot-gegen-tagesschau-zum-correctiv-bericht\/#breadcrumb\",\"itemListElement\":[{\"@type\":\"ListItem\",\"position\":1,\"name\":\"Startseite\",\"item\":\"https:\/\/dev.hoecker.eu\/blog\/\"},{\"@type\":\"ListItem\",\"position\":2,\"name\":\"Wer auf Correctiv setzt, zahlt drauf: Gericht best\u00e4tigt Verbot gegen Tagesschau zum Correctiv-Bericht\"}]},{\"@type\":\"WebSite\",\"@id\":\"https:\/\/www.hoecker.eu\/blog\/#website\",\"url\":\"https:\/\/www.hoecker.eu\/blog\/\",\"name\":\"H\u00d6CKER - der Blog\",\"description\":\"Expertenblog f\u00fcr \u00c4u\u00dferungs-, Medien-, Marken-, Urheber- und Wettbewerbsrecht.\",\"publisher\":{\"@id\":\"https:\/\/www.hoecker.eu\/blog\/#organization\"},\"potentialAction\":[{\"@type\":\"SearchAction\",\"target\":{\"@type\":\"EntryPoint\",\"urlTemplate\":\"https:\/\/www.hoecker.eu\/blog\/?s={search_term_string}\"},\"query-input\":{\"@type\":\"PropertyValueSpecification\",\"valueRequired\":true,\"valueName\":\"search_term_string\"}}],\"inLanguage\":\"de\"},{\"@type\":\"Organization\",\"@id\":\"https:\/\/www.hoecker.eu\/blog\/#organization\",\"name\":\"H\u00d6CKER Rechtsanw\u00e4lte PartGmbB\",\"alternateName\":\"H\u00d6CKER\",\"url\":\"https:\/\/www.hoecker.eu\/blog\/\",\"logo\":{\"@type\":\"ImageObject\",\"inLanguage\":\"de\",\"@id\":\"https:\/\/www.hoecker.eu\/blog\/#\/schema\/logo\/image\/\",\"url\":\"https:\/\/www.hoecker.eu\/blog\/wp-content\/uploads\/2025\/03\/Blog-Logo.webp\",\"contentUrl\":\"https:\/\/www.hoecker.eu\/blog\/wp-content\/uploads\/2025\/03\/Blog-Logo.webp\",\"width\":500,\"height\":500,\"caption\":\"H\u00d6CKER Rechtsanw\u00e4lte PartGmbB\"},\"image\":{\"@id\":\"https:\/\/www.hoecker.eu\/blog\/#\/schema\/logo\/image\/\"},\"sameAs\":[\"https:\/\/www.facebook.com\/HoeckerRAe\/\",\"https:\/\/x.com\/hoecker_rae\",\"https:\/\/www.linkedin.com\/company\/hcker-rechtsanwlte\/\",\"https:\/\/www.instagram.com\/hoecker_rae\/\"],\"email\":\"contact@hoecker.eu\",\"telephone\":\"+ 49 (0)221-933 19-10\",\"legalName\":\"H\u00d6CKER Rechtsanw\u00e4lte PartGmbB\",\"numberOfEmployees\":{\"@type\":\"QuantitativeValue\",\"minValue\":\"11\",\"maxValue\":\"50\"}},{\"@type\":\"Person\",\"@id\":\"https:\/\/www.hoecker.eu\/blog\/#\/schema\/person\/08f95581eed0534eccd0b2438f7a1cab\",\"name\":\"Prof. Dr. Ralf H\u00f6cker\",\"description\":\"Medienanwalt. Besch\u00fctzer vor mieser Presse\",\"sameAs\":[\"https:\/\/www.hoecker.eu\/wer\/prof-dr-ralf-hoecker\",\"https:\/\/www.facebook.com\/ralf.hoecker\",\"https:\/\/www.linkedin.com\/in\/prof-dr-ralf-hcker-ll-m-london-17987826\/\",\"https:\/\/x.com\/Ralf_Hoecker\"],\"url\":\"https:\/\/www.hoecker.eu\/blog\/author\/hoecker_adm\/\"}]}<\/script>\n<!-- \/ Yoast SEO Premium plugin. -->","yoast_head_json":{"title":"Wer auf Correctiv setzt, zahlt drauf: Gericht best\u00e4tigt Verbot gegen Tagesschau zum Correctiv-Bericht - H\u00d6CKER - der Blog","robots":{"index":"index","follow":"follow","max-snippet":"max-snippet:-1","max-image-preview":"max-image-preview:large","max-video-preview":"max-video-preview:-1"},"canonical":"https:\/\/www.hoecker.eu\/blog\/wer-auf-correctiv-setzt-zahlt-drauf-gericht-bestaetigt-verbot-gegen-tagesschau-zum-correctiv-bericht\/","og_locale":"de_DE","og_type":"article","og_title":"Wer auf Correctiv setzt, zahlt drauf: Gericht best\u00e4tigt Verbot gegen Tagesschau zum Correctiv-Bericht","og_description":"Das Landgericht Hamburg hat entschieden: Die Tagesschau darf ihre Falschmeldungen \u00fcber das Potsdam-Treffen nicht weiter verbreiten. Der NDR hatte Widerspruch gegen ein vorheriges Verbot des OLG Hamburg eingelegt \u2013 ohne Erfolg. Damit bleibt das Verbot bestehen. Im Mittelpunkt des Verfahrens steht ein Bericht der Tagesschau, der auf irref\u00fchrenden Wertungen des Correctiv-Berichts basierte. F\u00e4lschlicherweise wurde behauptet, [&hellip;]","og_url":"https:\/\/www.hoecker.eu\/blog\/wer-auf-correctiv-setzt-zahlt-drauf-gericht-bestaetigt-verbot-gegen-tagesschau-zum-correctiv-bericht\/","og_site_name":"H\u00d6CKER - der Blog","article_publisher":"https:\/\/www.facebook.com\/HoeckerRAe\/","article_author":"https:\/\/www.facebook.com\/ralf.hoecker","article_published_time":"2024-09-23T06:54:00+00:00","article_modified_time":"2025-02-17T13:53:16+00:00","author":"Prof. Dr. Ralf H\u00f6cker","twitter_card":"summary_large_image","twitter_creator":"@Ralf_Hoecker","twitter_site":"@hoecker_rae","twitter_misc":{"Verfasst von":"Prof. Dr. Ralf H\u00f6cker","Gesch\u00e4tzte Lesezeit":"1\u00a0Minute"},"schema":{"@context":"https:\/\/schema.org","@graph":[{"@type":"Article","@id":"https:\/\/www.hoecker.eu\/blog\/wer-auf-correctiv-setzt-zahlt-drauf-gericht-bestaetigt-verbot-gegen-tagesschau-zum-correctiv-bericht\/#article","isPartOf":{"@id":"https:\/\/www.hoecker.eu\/blog\/wer-auf-correctiv-setzt-zahlt-drauf-gericht-bestaetigt-verbot-gegen-tagesschau-zum-correctiv-bericht\/"},"author":{"name":"Prof. Dr. Ralf H\u00f6cker","@id":"https:\/\/www.hoecker.eu\/blog\/#\/schema\/person\/08f95581eed0534eccd0b2438f7a1cab"},"headline":"Wer auf Correctiv setzt, zahlt drauf: Gericht best\u00e4tigt Verbot gegen Tagesschau zum Correctiv-Bericht","datePublished":"2024-09-23T06:54:00+00:00","dateModified":"2025-02-17T13:53:16+00:00","mainEntityOfPage":{"@id":"https:\/\/www.hoecker.eu\/blog\/wer-auf-correctiv-setzt-zahlt-drauf-gericht-bestaetigt-verbot-gegen-tagesschau-zum-correctiv-bericht\/"},"wordCount":285,"publisher":{"@id":"https:\/\/www.hoecker.eu\/blog\/#organization"},"articleSection":["News"],"inLanguage":"de"},{"@type":"WebPage","@id":"https:\/\/www.hoecker.eu\/blog\/wer-auf-correctiv-setzt-zahlt-drauf-gericht-bestaetigt-verbot-gegen-tagesschau-zum-correctiv-bericht\/","url":"https:\/\/www.hoecker.eu\/blog\/wer-auf-correctiv-setzt-zahlt-drauf-gericht-bestaetigt-verbot-gegen-tagesschau-zum-correctiv-bericht\/","name":"Wer auf Correctiv setzt, zahlt drauf: Gericht best\u00e4tigt Verbot gegen Tagesschau zum Correctiv-Bericht - H\u00d6CKER - der Blog","isPartOf":{"@id":"https:\/\/www.hoecker.eu\/blog\/#website"},"datePublished":"2024-09-23T06:54:00+00:00","dateModified":"2025-02-17T13:53:16+00:00","breadcrumb":{"@id":"https:\/\/www.hoecker.eu\/blog\/wer-auf-correctiv-setzt-zahlt-drauf-gericht-bestaetigt-verbot-gegen-tagesschau-zum-correctiv-bericht\/#breadcrumb"},"inLanguage":"de","potentialAction":[{"@type":"ReadAction","target":["https:\/\/www.hoecker.eu\/blog\/wer-auf-correctiv-setzt-zahlt-drauf-gericht-bestaetigt-verbot-gegen-tagesschau-zum-correctiv-bericht\/"]}]},{"@type":"BreadcrumbList","@id":"https:\/\/www.hoecker.eu\/blog\/wer-auf-correctiv-setzt-zahlt-drauf-gericht-bestaetigt-verbot-gegen-tagesschau-zum-correctiv-bericht\/#breadcrumb","itemListElement":[{"@type":"ListItem","position":1,"name":"Startseite","item":"https:\/\/dev.hoecker.eu\/blog\/"},{"@type":"ListItem","position":2,"name":"Wer auf Correctiv setzt, zahlt drauf: Gericht best\u00e4tigt Verbot gegen Tagesschau zum Correctiv-Bericht"}]},{"@type":"WebSite","@id":"https:\/\/www.hoecker.eu\/blog\/#website","url":"https:\/\/www.hoecker.eu\/blog\/","name":"H\u00d6CKER - der Blog","description":"Expertenblog f\u00fcr \u00c4u\u00dferungs-, Medien-, Marken-, Urheber- und Wettbewerbsrecht.","publisher":{"@id":"https:\/\/www.hoecker.eu\/blog\/#organization"},"potentialAction":[{"@type":"SearchAction","target":{"@type":"EntryPoint","urlTemplate":"https:\/\/www.hoecker.eu\/blog\/?s={search_term_string}"},"query-input":{"@type":"PropertyValueSpecification","valueRequired":true,"valueName":"search_term_string"}}],"inLanguage":"de"},{"@type":"Organization","@id":"https:\/\/www.hoecker.eu\/blog\/#organization","name":"H\u00d6CKER Rechtsanw\u00e4lte PartGmbB","alternateName":"H\u00d6CKER","url":"https:\/\/www.hoecker.eu\/blog\/","logo":{"@type":"ImageObject","inLanguage":"de","@id":"https:\/\/www.hoecker.eu\/blog\/#\/schema\/logo\/image\/","url":"https:\/\/www.hoecker.eu\/blog\/wp-content\/uploads\/2025\/03\/Blog-Logo.webp","contentUrl":"https:\/\/www.hoecker.eu\/blog\/wp-content\/uploads\/2025\/03\/Blog-Logo.webp","width":500,"height":500,"caption":"H\u00d6CKER Rechtsanw\u00e4lte PartGmbB"},"image":{"@id":"https:\/\/www.hoecker.eu\/blog\/#\/schema\/logo\/image\/"},"sameAs":["https:\/\/www.facebook.com\/HoeckerRAe\/","https:\/\/x.com\/hoecker_rae","https:\/\/www.linkedin.com\/company\/hcker-rechtsanwlte\/","https:\/\/www.instagram.com\/hoecker_rae\/"],"email":"contact@hoecker.eu","telephone":"+ 49 (0)221-933 19-10","legalName":"H\u00d6CKER Rechtsanw\u00e4lte PartGmbB","numberOfEmployees":{"@type":"QuantitativeValue","minValue":"11","maxValue":"50"}},{"@type":"Person","@id":"https:\/\/www.hoecker.eu\/blog\/#\/schema\/person\/08f95581eed0534eccd0b2438f7a1cab","name":"Prof. Dr. Ralf H\u00f6cker","description":"Medienanwalt. Besch\u00fctzer vor mieser Presse","sameAs":["https:\/\/www.hoecker.eu\/wer\/prof-dr-ralf-hoecker","https:\/\/www.facebook.com\/ralf.hoecker","https:\/\/www.linkedin.com\/in\/prof-dr-ralf-hcker-ll-m-london-17987826\/","https:\/\/x.com\/Ralf_Hoecker"],"url":"https:\/\/www.hoecker.eu\/blog\/author\/hoecker_adm\/"}]}},"authors":[{"term_id":84,"user_id":1,"is_guest":0,"slug":"hoecker_adm","display_name":"Prof. Dr. Ralf H\u00f6cker","avatar_url":{"url":"https:\/\/www.hoecker.eu\/blog\/wp-content\/uploads\/2023\/12\/ProfDrRalfHoecker.jpg","url2x":"https:\/\/www.hoecker.eu\/blog\/wp-content\/uploads\/2023\/12\/ProfDrRalfHoecker.jpg"},"0":null,"1":"","2":"","3":"","4":"","5":"","6":"","7":"","8":"","9":"","10":"","11":""}],"_links":{"self":[{"href":"https:\/\/www.hoecker.eu\/blog\/wp-json\/wp\/v2\/posts\/8123","targetHints":{"allow":["GET"]}}],"collection":[{"href":"https:\/\/www.hoecker.eu\/blog\/wp-json\/wp\/v2\/posts"}],"about":[{"href":"https:\/\/www.hoecker.eu\/blog\/wp-json\/wp\/v2\/types\/post"}],"author":[{"embeddable":true,"href":"https:\/\/www.hoecker.eu\/blog\/wp-json\/wp\/v2\/users\/1"}],"replies":[{"embeddable":true,"href":"https:\/\/www.hoecker.eu\/blog\/wp-json\/wp\/v2\/comments?post=8123"}],"version-history":[{"count":1,"href":"https:\/\/www.hoecker.eu\/blog\/wp-json\/wp\/v2\/posts\/8123\/revisions"}],"predecessor-version":[{"id":9245,"href":"https:\/\/www.hoecker.eu\/blog\/wp-json\/wp\/v2\/posts\/8123\/revisions\/9245"}],"wp:attachment":[{"href":"https:\/\/www.hoecker.eu\/blog\/wp-json\/wp\/v2\/media?parent=8123"}],"wp:term":[{"taxonomy":"category","embeddable":true,"href":"https:\/\/www.hoecker.eu\/blog\/wp-json\/wp\/v2\/categories?post=8123"},{"taxonomy":"post_tag","embeddable":true,"href":"https:\/\/www.hoecker.eu\/blog\/wp-json\/wp\/v2\/tags?post=8123"},{"taxonomy":"hashtags","embeddable":true,"href":"https:\/\/www.hoecker.eu\/blog\/wp-json\/wp\/v2\/hashtags?post=8123"},{"taxonomy":"author","embeddable":true,"href":"https:\/\/www.hoecker.eu\/blog\/wp-json\/wp\/v2\/ppma_author?post=8123"}],"curies":[{"name":"wp","href":"https:\/\/api.w.org\/{rel}","templated":true}]}}