{"id":8121,"date":"2024-09-24T14:15:00","date_gmt":"2024-09-24T12:15:00","guid":{"rendered":"https:\/\/www.hoecker.eu\/blog\/verlage-und-sender-tappen-in-die-correctiv-falle\/"},"modified":"2025-02-17T14:53:15","modified_gmt":"2025-02-17T13:53:15","slug":"verlage-und-sender-tappen-in-die-correctiv-falle","status":"publish","type":"post","link":"https:\/\/www.hoecker.eu\/blog\/verlage-und-sender-tappen-in-die-correctiv-falle\/","title":{"rendered":"Verlage und Sender tappen in die Correctiv-Falle"},"content":{"rendered":"<p>Ein kleiner Verlag aus Bamberg, der die Zeitung <em>Fr\u00e4nkischer Tag<\/em> herausgibt, musste wegen einer falschen Berichterstattung \u00fcber das Potsdam-Treffen nun erhebliche Kosten tragen. Der Verlag hatte verbreitet, dass auf dem Treffen ein \u201eethnisches Wahlrecht\u201c propagiert worden sei \u2013 eine Behauptung, die sich als v\u00f6llig falsch herausstellte.<\/p>\n<p>Die Meldung erweckte den Eindruck, dass die Teilnehmer des Treffens, darunter auch Dr. Ulrich Vosgerau (CDU), f\u00fcr ein ethnisches Wahlrecht pl\u00e4diert h\u00e4tten. Tats\u00e4chlich wurde auf dem Potsdam-Treffen weder \u00fcber eine \u00c4nderung des deutschen Wahlrechts noch \u00fcber ein ethnisches Wahlrecht gesprochen.<\/p>\n<p>Diese Falschbehauptung hatte urspr\u00fcnglich ein Aktivist verbreitet, auf den sich der <em>Fr\u00e4nkische Tag<\/em> bezog. Sowohl gegen den Aktivisten als auch gegen den Verlag ging Dr. Vosgerau erfolgreich vor.<\/p>\n<p>Der Verlag ver\u00f6ffentlichte daraufhin eine Richtigstellung: \u201e<em>Soweit der unzutreffende Eindruck erweckt worden sein sollte, dass auf der Konferenz in Potsdam Ende November 2023 ein ethnisches Wahlrecht propagiert worden sei, stellen wir hiermit richtig, dass dies nicht der Fall war<\/em>.\u201c Zudem musste der Verlag Anwaltskosten im vierstelligen Bereich erstatten.<\/p>\n<p>Wahrscheinlich wurde auch hier der irref\u00fchrende Correctiv-Bericht \u00fcber das Potsdam-Treffen zur Kostenfalle. Denn der Aktivist, der die Falschmeldung urspr\u00fcnglich verbreitet hatte, st\u00fctzte sich dabei auf den Correctiv-Bericht.<\/p>\n<p>Dr. Carsten Brennecke: <em>\u201eW\u00e4hrend Correctiv von \u00fcppigen staatlichen Geldern profitiert, m\u00fcssen Verlage und Aktivisten die finanziellen Konsequenzen des irref\u00fchrenden Correctiv-Berichts tragen. Mehrere Medien wurden wegen der Verbreitung von Falschbehauptungen kostenpflichtig abgemahnt, die aus den irref\u00fchrenden Wertungen des Correctiv-Berichts resultierten. Dies h\u00e4tte vermieden werden k\u00f6nnen, wenn Correctiv auf die Kritik an der irref\u00fchrenden Berichterstattung rechtzeitig reagiert und Klarstellungen vorgenommen h\u00e4tte.\u201c<\/em><\/p>\n","protected":false},"excerpt":{"rendered":"<p>Ein kleiner Verlag aus Bamberg, der die Zeitung Fr\u00e4nkischer Tag herausgibt, musste wegen einer falschen Berichterstattung \u00fcber das Potsdam-Treffen nun erhebliche Kosten tragen. Der Verlag hatte verbreitet, dass auf dem Treffen ein \u201eethnisches Wahlrecht\u201c propagiert worden sei \u2013 eine Behauptung, die sich als v\u00f6llig falsch herausstellte. Die Meldung erweckte den Eindruck, dass die Teilnehmer des [&hellip;]<\/p>\n","protected":false},"author":1,"featured_media":0,"comment_status":"closed","ping_status":"closed","sticky":false,"template":"","format":"standard","meta":{"_has_post_settings":[],"footnotes":""},"categories":[15],"tags":[],"hashtags":[],"ppma_author":[84],"class_list":["post-8121","post","type-post","status-publish","format-standard","hentry","category-news","author-hoecker_adm"],"yoast_head":"<!-- This site is optimized with the Yoast SEO Premium plugin v25.9 (Yoast SEO v27.0) - https:\/\/yoast.com\/product\/yoast-seo-premium-wordpress\/ -->\n<title>Verlage und Sender tappen in die Correctiv-Falle - H\u00d6CKER - der Blog<\/title>\n<meta name=\"robots\" content=\"index, follow, max-snippet:-1, max-image-preview:large, max-video-preview:-1\" \/>\n<link rel=\"canonical\" href=\"https:\/\/www.hoecker.eu\/blog\/verlage-und-sender-tappen-in-die-correctiv-falle\/\" \/>\n<meta property=\"og:locale\" content=\"de_DE\" \/>\n<meta property=\"og:type\" content=\"article\" \/>\n<meta property=\"og:title\" content=\"Verlage und Sender tappen in die Correctiv-Falle\" \/>\n<meta property=\"og:description\" content=\"Ein kleiner Verlag aus Bamberg, der die Zeitung Fr\u00e4nkischer Tag herausgibt, musste wegen einer falschen Berichterstattung \u00fcber das Potsdam-Treffen nun erhebliche Kosten tragen. Der Verlag hatte verbreitet, dass auf dem Treffen ein \u201eethnisches Wahlrecht\u201c propagiert worden sei \u2013 eine Behauptung, die sich als v\u00f6llig falsch herausstellte. Die Meldung erweckte den Eindruck, dass die Teilnehmer des [&hellip;]\" \/>\n<meta property=\"og:url\" content=\"https:\/\/www.hoecker.eu\/blog\/verlage-und-sender-tappen-in-die-correctiv-falle\/\" \/>\n<meta property=\"og:site_name\" content=\"H\u00d6CKER - der Blog\" \/>\n<meta property=\"article:publisher\" content=\"https:\/\/www.facebook.com\/HoeckerRAe\/\" \/>\n<meta property=\"article:author\" content=\"https:\/\/www.facebook.com\/ralf.hoecker\" \/>\n<meta property=\"article:published_time\" content=\"2024-09-24T12:15:00+00:00\" \/>\n<meta property=\"article:modified_time\" content=\"2025-02-17T13:53:15+00:00\" \/>\n<meta name=\"author\" content=\"Prof. Dr. Ralf H\u00f6cker\" \/>\n<meta name=\"twitter:card\" content=\"summary_large_image\" \/>\n<meta name=\"twitter:creator\" content=\"@Ralf_Hoecker\" \/>\n<meta name=\"twitter:site\" content=\"@hoecker_rae\" \/>\n<meta name=\"twitter:label1\" content=\"Verfasst von\" \/>\n\t<meta name=\"twitter:data1\" content=\"Prof. Dr. Ralf H\u00f6cker\" \/>\n\t<meta name=\"twitter:label2\" content=\"Gesch\u00e4tzte Lesezeit\" \/>\n\t<meta name=\"twitter:data2\" content=\"1\u00a0Minute\" \/>\n<script type=\"application\/ld+json\" class=\"yoast-schema-graph\">{\"@context\":\"https:\/\/schema.org\",\"@graph\":[{\"@type\":\"Article\",\"@id\":\"https:\/\/www.hoecker.eu\/blog\/verlage-und-sender-tappen-in-die-correctiv-falle\/#article\",\"isPartOf\":{\"@id\":\"https:\/\/www.hoecker.eu\/blog\/verlage-und-sender-tappen-in-die-correctiv-falle\/\"},\"author\":{\"name\":\"Prof. Dr. Ralf H\u00f6cker\",\"@id\":\"https:\/\/www.hoecker.eu\/blog\/#\/schema\/person\/08f95581eed0534eccd0b2438f7a1cab\"},\"headline\":\"Verlage und Sender tappen in die Correctiv-Falle\",\"datePublished\":\"2024-09-24T12:15:00+00:00\",\"dateModified\":\"2025-02-17T13:53:15+00:00\",\"mainEntityOfPage\":{\"@id\":\"https:\/\/www.hoecker.eu\/blog\/verlage-und-sender-tappen-in-die-correctiv-falle\/\"},\"wordCount\":273,\"publisher\":{\"@id\":\"https:\/\/www.hoecker.eu\/blog\/#organization\"},\"articleSection\":[\"News\"],\"inLanguage\":\"de\"},{\"@type\":\"WebPage\",\"@id\":\"https:\/\/www.hoecker.eu\/blog\/verlage-und-sender-tappen-in-die-correctiv-falle\/\",\"url\":\"https:\/\/www.hoecker.eu\/blog\/verlage-und-sender-tappen-in-die-correctiv-falle\/\",\"name\":\"Verlage und Sender tappen in die Correctiv-Falle - H\u00d6CKER - der Blog\",\"isPartOf\":{\"@id\":\"https:\/\/www.hoecker.eu\/blog\/#website\"},\"datePublished\":\"2024-09-24T12:15:00+00:00\",\"dateModified\":\"2025-02-17T13:53:15+00:00\",\"breadcrumb\":{\"@id\":\"https:\/\/www.hoecker.eu\/blog\/verlage-und-sender-tappen-in-die-correctiv-falle\/#breadcrumb\"},\"inLanguage\":\"de\",\"potentialAction\":[{\"@type\":\"ReadAction\",\"target\":[\"https:\/\/www.hoecker.eu\/blog\/verlage-und-sender-tappen-in-die-correctiv-falle\/\"]}]},{\"@type\":\"BreadcrumbList\",\"@id\":\"https:\/\/www.hoecker.eu\/blog\/verlage-und-sender-tappen-in-die-correctiv-falle\/#breadcrumb\",\"itemListElement\":[{\"@type\":\"ListItem\",\"position\":1,\"name\":\"Startseite\",\"item\":\"https:\/\/dev.hoecker.eu\/blog\/\"},{\"@type\":\"ListItem\",\"position\":2,\"name\":\"Verlage und Sender tappen in die Correctiv-Falle\"}]},{\"@type\":\"WebSite\",\"@id\":\"https:\/\/www.hoecker.eu\/blog\/#website\",\"url\":\"https:\/\/www.hoecker.eu\/blog\/\",\"name\":\"H\u00d6CKER - der Blog\",\"description\":\"Expertenblog f\u00fcr \u00c4u\u00dferungs-, Medien-, Marken-, Urheber- und Wettbewerbsrecht.\",\"publisher\":{\"@id\":\"https:\/\/www.hoecker.eu\/blog\/#organization\"},\"potentialAction\":[{\"@type\":\"SearchAction\",\"target\":{\"@type\":\"EntryPoint\",\"urlTemplate\":\"https:\/\/www.hoecker.eu\/blog\/?s={search_term_string}\"},\"query-input\":{\"@type\":\"PropertyValueSpecification\",\"valueRequired\":true,\"valueName\":\"search_term_string\"}}],\"inLanguage\":\"de\"},{\"@type\":\"Organization\",\"@id\":\"https:\/\/www.hoecker.eu\/blog\/#organization\",\"name\":\"H\u00d6CKER Rechtsanw\u00e4lte PartGmbB\",\"alternateName\":\"H\u00d6CKER\",\"url\":\"https:\/\/www.hoecker.eu\/blog\/\",\"logo\":{\"@type\":\"ImageObject\",\"inLanguage\":\"de\",\"@id\":\"https:\/\/www.hoecker.eu\/blog\/#\/schema\/logo\/image\/\",\"url\":\"https:\/\/www.hoecker.eu\/blog\/wp-content\/uploads\/2025\/03\/Blog-Logo.webp\",\"contentUrl\":\"https:\/\/www.hoecker.eu\/blog\/wp-content\/uploads\/2025\/03\/Blog-Logo.webp\",\"width\":500,\"height\":500,\"caption\":\"H\u00d6CKER Rechtsanw\u00e4lte PartGmbB\"},\"image\":{\"@id\":\"https:\/\/www.hoecker.eu\/blog\/#\/schema\/logo\/image\/\"},\"sameAs\":[\"https:\/\/www.facebook.com\/HoeckerRAe\/\",\"https:\/\/x.com\/hoecker_rae\",\"https:\/\/www.linkedin.com\/company\/hcker-rechtsanwlte\/\",\"https:\/\/www.instagram.com\/hoecker_rae\/\"],\"email\":\"contact@hoecker.eu\",\"telephone\":\"+ 49 (0)221-933 19-10\",\"legalName\":\"H\u00d6CKER Rechtsanw\u00e4lte PartGmbB\",\"numberOfEmployees\":{\"@type\":\"QuantitativeValue\",\"minValue\":\"11\",\"maxValue\":\"50\"}},{\"@type\":\"Person\",\"@id\":\"https:\/\/www.hoecker.eu\/blog\/#\/schema\/person\/08f95581eed0534eccd0b2438f7a1cab\",\"name\":\"Prof. Dr. Ralf H\u00f6cker\",\"description\":\"Medienanwalt. Besch\u00fctzer vor mieser Presse\",\"sameAs\":[\"https:\/\/www.hoecker.eu\/wer\/prof-dr-ralf-hoecker\",\"https:\/\/www.facebook.com\/ralf.hoecker\",\"https:\/\/www.linkedin.com\/in\/prof-dr-ralf-hcker-ll-m-london-17987826\/\",\"https:\/\/x.com\/Ralf_Hoecker\"],\"url\":\"https:\/\/www.hoecker.eu\/blog\/author\/hoecker_adm\/\"}]}<\/script>\n<!-- \/ Yoast SEO Premium plugin. -->","yoast_head_json":{"title":"Verlage und Sender tappen in die Correctiv-Falle - H\u00d6CKER - der Blog","robots":{"index":"index","follow":"follow","max-snippet":"max-snippet:-1","max-image-preview":"max-image-preview:large","max-video-preview":"max-video-preview:-1"},"canonical":"https:\/\/www.hoecker.eu\/blog\/verlage-und-sender-tappen-in-die-correctiv-falle\/","og_locale":"de_DE","og_type":"article","og_title":"Verlage und Sender tappen in die Correctiv-Falle","og_description":"Ein kleiner Verlag aus Bamberg, der die Zeitung Fr\u00e4nkischer Tag herausgibt, musste wegen einer falschen Berichterstattung \u00fcber das Potsdam-Treffen nun erhebliche Kosten tragen. Der Verlag hatte verbreitet, dass auf dem Treffen ein \u201eethnisches Wahlrecht\u201c propagiert worden sei \u2013 eine Behauptung, die sich als v\u00f6llig falsch herausstellte. Die Meldung erweckte den Eindruck, dass die Teilnehmer des [&hellip;]","og_url":"https:\/\/www.hoecker.eu\/blog\/verlage-und-sender-tappen-in-die-correctiv-falle\/","og_site_name":"H\u00d6CKER - der Blog","article_publisher":"https:\/\/www.facebook.com\/HoeckerRAe\/","article_author":"https:\/\/www.facebook.com\/ralf.hoecker","article_published_time":"2024-09-24T12:15:00+00:00","article_modified_time":"2025-02-17T13:53:15+00:00","author":"Prof. Dr. Ralf H\u00f6cker","twitter_card":"summary_large_image","twitter_creator":"@Ralf_Hoecker","twitter_site":"@hoecker_rae","twitter_misc":{"Verfasst von":"Prof. Dr. Ralf H\u00f6cker","Gesch\u00e4tzte Lesezeit":"1\u00a0Minute"},"schema":{"@context":"https:\/\/schema.org","@graph":[{"@type":"Article","@id":"https:\/\/www.hoecker.eu\/blog\/verlage-und-sender-tappen-in-die-correctiv-falle\/#article","isPartOf":{"@id":"https:\/\/www.hoecker.eu\/blog\/verlage-und-sender-tappen-in-die-correctiv-falle\/"},"author":{"name":"Prof. Dr. Ralf H\u00f6cker","@id":"https:\/\/www.hoecker.eu\/blog\/#\/schema\/person\/08f95581eed0534eccd0b2438f7a1cab"},"headline":"Verlage und Sender tappen in die Correctiv-Falle","datePublished":"2024-09-24T12:15:00+00:00","dateModified":"2025-02-17T13:53:15+00:00","mainEntityOfPage":{"@id":"https:\/\/www.hoecker.eu\/blog\/verlage-und-sender-tappen-in-die-correctiv-falle\/"},"wordCount":273,"publisher":{"@id":"https:\/\/www.hoecker.eu\/blog\/#organization"},"articleSection":["News"],"inLanguage":"de"},{"@type":"WebPage","@id":"https:\/\/www.hoecker.eu\/blog\/verlage-und-sender-tappen-in-die-correctiv-falle\/","url":"https:\/\/www.hoecker.eu\/blog\/verlage-und-sender-tappen-in-die-correctiv-falle\/","name":"Verlage und Sender tappen in die Correctiv-Falle - H\u00d6CKER - der Blog","isPartOf":{"@id":"https:\/\/www.hoecker.eu\/blog\/#website"},"datePublished":"2024-09-24T12:15:00+00:00","dateModified":"2025-02-17T13:53:15+00:00","breadcrumb":{"@id":"https:\/\/www.hoecker.eu\/blog\/verlage-und-sender-tappen-in-die-correctiv-falle\/#breadcrumb"},"inLanguage":"de","potentialAction":[{"@type":"ReadAction","target":["https:\/\/www.hoecker.eu\/blog\/verlage-und-sender-tappen-in-die-correctiv-falle\/"]}]},{"@type":"BreadcrumbList","@id":"https:\/\/www.hoecker.eu\/blog\/verlage-und-sender-tappen-in-die-correctiv-falle\/#breadcrumb","itemListElement":[{"@type":"ListItem","position":1,"name":"Startseite","item":"https:\/\/dev.hoecker.eu\/blog\/"},{"@type":"ListItem","position":2,"name":"Verlage und Sender tappen in die Correctiv-Falle"}]},{"@type":"WebSite","@id":"https:\/\/www.hoecker.eu\/blog\/#website","url":"https:\/\/www.hoecker.eu\/blog\/","name":"H\u00d6CKER - der Blog","description":"Expertenblog f\u00fcr \u00c4u\u00dferungs-, Medien-, Marken-, Urheber- und Wettbewerbsrecht.","publisher":{"@id":"https:\/\/www.hoecker.eu\/blog\/#organization"},"potentialAction":[{"@type":"SearchAction","target":{"@type":"EntryPoint","urlTemplate":"https:\/\/www.hoecker.eu\/blog\/?s={search_term_string}"},"query-input":{"@type":"PropertyValueSpecification","valueRequired":true,"valueName":"search_term_string"}}],"inLanguage":"de"},{"@type":"Organization","@id":"https:\/\/www.hoecker.eu\/blog\/#organization","name":"H\u00d6CKER Rechtsanw\u00e4lte PartGmbB","alternateName":"H\u00d6CKER","url":"https:\/\/www.hoecker.eu\/blog\/","logo":{"@type":"ImageObject","inLanguage":"de","@id":"https:\/\/www.hoecker.eu\/blog\/#\/schema\/logo\/image\/","url":"https:\/\/www.hoecker.eu\/blog\/wp-content\/uploads\/2025\/03\/Blog-Logo.webp","contentUrl":"https:\/\/www.hoecker.eu\/blog\/wp-content\/uploads\/2025\/03\/Blog-Logo.webp","width":500,"height":500,"caption":"H\u00d6CKER Rechtsanw\u00e4lte PartGmbB"},"image":{"@id":"https:\/\/www.hoecker.eu\/blog\/#\/schema\/logo\/image\/"},"sameAs":["https:\/\/www.facebook.com\/HoeckerRAe\/","https:\/\/x.com\/hoecker_rae","https:\/\/www.linkedin.com\/company\/hcker-rechtsanwlte\/","https:\/\/www.instagram.com\/hoecker_rae\/"],"email":"contact@hoecker.eu","telephone":"+ 49 (0)221-933 19-10","legalName":"H\u00d6CKER Rechtsanw\u00e4lte PartGmbB","numberOfEmployees":{"@type":"QuantitativeValue","minValue":"11","maxValue":"50"}},{"@type":"Person","@id":"https:\/\/www.hoecker.eu\/blog\/#\/schema\/person\/08f95581eed0534eccd0b2438f7a1cab","name":"Prof. Dr. Ralf H\u00f6cker","description":"Medienanwalt. Besch\u00fctzer vor mieser Presse","sameAs":["https:\/\/www.hoecker.eu\/wer\/prof-dr-ralf-hoecker","https:\/\/www.facebook.com\/ralf.hoecker","https:\/\/www.linkedin.com\/in\/prof-dr-ralf-hcker-ll-m-london-17987826\/","https:\/\/x.com\/Ralf_Hoecker"],"url":"https:\/\/www.hoecker.eu\/blog\/author\/hoecker_adm\/"}]}},"authors":[{"term_id":84,"user_id":1,"is_guest":0,"slug":"hoecker_adm","display_name":"Prof. Dr. Ralf H\u00f6cker","avatar_url":{"url":"https:\/\/www.hoecker.eu\/blog\/wp-content\/uploads\/2023\/12\/ProfDrRalfHoecker.jpg","url2x":"https:\/\/www.hoecker.eu\/blog\/wp-content\/uploads\/2023\/12\/ProfDrRalfHoecker.jpg"},"0":null,"1":"","2":"","3":"","4":"","5":"","6":"","7":"","8":"","9":"","10":"","11":""}],"_links":{"self":[{"href":"https:\/\/www.hoecker.eu\/blog\/wp-json\/wp\/v2\/posts\/8121","targetHints":{"allow":["GET"]}}],"collection":[{"href":"https:\/\/www.hoecker.eu\/blog\/wp-json\/wp\/v2\/posts"}],"about":[{"href":"https:\/\/www.hoecker.eu\/blog\/wp-json\/wp\/v2\/types\/post"}],"author":[{"embeddable":true,"href":"https:\/\/www.hoecker.eu\/blog\/wp-json\/wp\/v2\/users\/1"}],"replies":[{"embeddable":true,"href":"https:\/\/www.hoecker.eu\/blog\/wp-json\/wp\/v2\/comments?post=8121"}],"version-history":[{"count":1,"href":"https:\/\/www.hoecker.eu\/blog\/wp-json\/wp\/v2\/posts\/8121\/revisions"}],"predecessor-version":[{"id":9243,"href":"https:\/\/www.hoecker.eu\/blog\/wp-json\/wp\/v2\/posts\/8121\/revisions\/9243"}],"wp:attachment":[{"href":"https:\/\/www.hoecker.eu\/blog\/wp-json\/wp\/v2\/media?parent=8121"}],"wp:term":[{"taxonomy":"category","embeddable":true,"href":"https:\/\/www.hoecker.eu\/blog\/wp-json\/wp\/v2\/categories?post=8121"},{"taxonomy":"post_tag","embeddable":true,"href":"https:\/\/www.hoecker.eu\/blog\/wp-json\/wp\/v2\/tags?post=8121"},{"taxonomy":"hashtags","embeddable":true,"href":"https:\/\/www.hoecker.eu\/blog\/wp-json\/wp\/v2\/hashtags?post=8121"},{"taxonomy":"author","embeddable":true,"href":"https:\/\/www.hoecker.eu\/blog\/wp-json\/wp\/v2\/ppma_author?post=8121"}],"curies":[{"name":"wp","href":"https:\/\/api.w.org\/{rel}","templated":true}]}}