{"id":8120,"date":"2024-09-26T06:02:00","date_gmt":"2024-09-26T04:02:00","guid":{"rendered":"https:\/\/www.hoecker.eu\/blog\/naechstes-correctiv-opfer-haltung-machte-den-swr-blind\/"},"modified":"2025-02-17T14:53:14","modified_gmt":"2025-02-17T13:53:14","slug":"naechstes-correctiv-opfer-haltung-machte-den-swr-blind","status":"publish","type":"post","link":"https:\/\/www.hoecker.eu\/blog\/naechstes-correctiv-opfer-haltung-machte-den-swr-blind\/","title":{"rendered":"N\u00e4chstes Correctiv-Opfer: Haltung machte den SWR blind"},"content":{"rendered":"<p>Der SWR musste nach anwaltlichem Vorgehen Falschmeldungen zum Potsdam-Treffen korrigieren. Nach einer Abmahnung im Namen von Dr. Ulrich Vosgerau (CDU) hat der Sender seinen fehlerhaften Bericht korrigiert.<\/p>\n<p>Der SWR hatte behauptet, dass beim Potsdam-Treffen Pl\u00e4ne zur Regierungs\u00fcbernahme durch die AfD sowie zur Ausweisung deutscher Staatsb\u00fcrger mit Migrationshintergrund und \u201eunliebsamen Deutschen\u201c vorgestellt und diskutiert worden seien. Diese Behauptungen sind falsch. Vor dem Landgericht Hamburg wurden solche Falschdarstellungen bereits mehrfach durch eidesstattliche Erkl\u00e4rungen der Teilnehmer widerlegt. In Potsdam wurden keine Pl\u00e4ne zur Ausweisung von Deutschen oder zur Macht\u00fcbernahme durch die AfD diskutiert.<\/p>\n<p>Nach der anwaltlichen Abmahnung r\u00e4umte der SWR ein, sich auf irref\u00fchrende Wertungen im Correctiv-Bericht gest\u00fctzt zu haben. Der Sender erkl\u00e4rte, seine Berichterstattung sei eine \u201esinngem\u00e4\u00dfe Darstellung\u201c von Correctivs \u201egeschickt formulierten Meinungs\u00e4u\u00dferungen\u201c gewesen. Doch selbst Correctiv hatte nie von Pl\u00e4nen zur Ausweisung deutscher Staatsb\u00fcrger berichtet, und die Behauptung des SWR \u00fcber eine geplante AfD-Regierungs\u00fcbernahme war frei erfunden.<\/p>\n<p>Dr. Carsten Brennecke: <em>\u201eDer Fall des SWR zeigt, dass im \u00f6ffentlich-rechtlichen Rundfunk bei Berichten zum Potsdam-Treffen die Haltung oft wichtiger war, als eine ordentliche Recherche. H\u00e4tte der SWR den Sachverhalt sorgf\u00e4ltig gepr\u00fcft und die Teilnehmer des Potsdam-Treffens angeh\u00f6rt, anstatt sich auf irref\u00fchrende Wertungen Correctivs zu verlassen, w\u00e4re diese Falschberichterstattung vermieden worden<\/em>.\u201c<\/p>\n","protected":false},"excerpt":{"rendered":"<p>Der SWR musste nach anwaltlichem Vorgehen Falschmeldungen zum Potsdam-Treffen korrigieren. Nach einer Abmahnung im Namen von Dr. Ulrich Vosgerau (CDU) hat der Sender seinen fehlerhaften Bericht korrigiert. Der SWR hatte behauptet, dass beim Potsdam-Treffen Pl\u00e4ne zur Regierungs\u00fcbernahme durch die AfD sowie zur Ausweisung deutscher Staatsb\u00fcrger mit Migrationshintergrund und \u201eunliebsamen Deutschen\u201c vorgestellt und diskutiert worden seien. [&hellip;]<\/p>\n","protected":false},"author":1,"featured_media":0,"comment_status":"closed","ping_status":"closed","sticky":false,"template":"","format":"standard","meta":{"_has_post_settings":[],"footnotes":""},"categories":[15],"tags":[],"hashtags":[],"ppma_author":[84],"class_list":["post-8120","post","type-post","status-publish","format-standard","hentry","category-news","author-hoecker_adm"],"yoast_head":"<!-- This site is optimized with the Yoast SEO Premium plugin v25.9 (Yoast SEO v27.0) - https:\/\/yoast.com\/product\/yoast-seo-premium-wordpress\/ -->\n<title>N\u00e4chstes Correctiv-Opfer: Haltung machte den SWR blind - H\u00d6CKER - der Blog<\/title>\n<meta name=\"robots\" content=\"index, follow, max-snippet:-1, max-image-preview:large, max-video-preview:-1\" \/>\n<link rel=\"canonical\" href=\"https:\/\/www.hoecker.eu\/blog\/naechstes-correctiv-opfer-haltung-machte-den-swr-blind\/\" \/>\n<meta property=\"og:locale\" content=\"de_DE\" \/>\n<meta property=\"og:type\" content=\"article\" \/>\n<meta property=\"og:title\" content=\"N\u00e4chstes Correctiv-Opfer: Haltung machte den SWR blind\" \/>\n<meta property=\"og:description\" content=\"Der SWR musste nach anwaltlichem Vorgehen Falschmeldungen zum Potsdam-Treffen korrigieren. Nach einer Abmahnung im Namen von Dr. Ulrich Vosgerau (CDU) hat der Sender seinen fehlerhaften Bericht korrigiert. Der SWR hatte behauptet, dass beim Potsdam-Treffen Pl\u00e4ne zur Regierungs\u00fcbernahme durch die AfD sowie zur Ausweisung deutscher Staatsb\u00fcrger mit Migrationshintergrund und \u201eunliebsamen Deutschen\u201c vorgestellt und diskutiert worden seien. [&hellip;]\" \/>\n<meta property=\"og:url\" content=\"https:\/\/www.hoecker.eu\/blog\/naechstes-correctiv-opfer-haltung-machte-den-swr-blind\/\" \/>\n<meta property=\"og:site_name\" content=\"H\u00d6CKER - der Blog\" \/>\n<meta property=\"article:publisher\" content=\"https:\/\/www.facebook.com\/HoeckerRAe\/\" \/>\n<meta property=\"article:author\" content=\"https:\/\/www.facebook.com\/ralf.hoecker\" \/>\n<meta property=\"article:published_time\" content=\"2024-09-26T04:02:00+00:00\" \/>\n<meta property=\"article:modified_time\" content=\"2025-02-17T13:53:14+00:00\" \/>\n<meta name=\"author\" content=\"Prof. Dr. Ralf H\u00f6cker\" \/>\n<meta name=\"twitter:card\" content=\"summary_large_image\" \/>\n<meta name=\"twitter:creator\" content=\"@Ralf_Hoecker\" \/>\n<meta name=\"twitter:site\" content=\"@hoecker_rae\" \/>\n<meta name=\"twitter:label1\" content=\"Verfasst von\" \/>\n\t<meta name=\"twitter:data1\" content=\"Prof. Dr. Ralf H\u00f6cker\" \/>\n\t<meta name=\"twitter:label2\" content=\"Gesch\u00e4tzte Lesezeit\" \/>\n\t<meta name=\"twitter:data2\" content=\"1\u00a0Minute\" \/>\n<script type=\"application\/ld+json\" class=\"yoast-schema-graph\">{\"@context\":\"https:\/\/schema.org\",\"@graph\":[{\"@type\":\"Article\",\"@id\":\"https:\/\/www.hoecker.eu\/blog\/naechstes-correctiv-opfer-haltung-machte-den-swr-blind\/#article\",\"isPartOf\":{\"@id\":\"https:\/\/www.hoecker.eu\/blog\/naechstes-correctiv-opfer-haltung-machte-den-swr-blind\/\"},\"author\":{\"name\":\"Prof. Dr. Ralf H\u00f6cker\",\"@id\":\"https:\/\/www.hoecker.eu\/blog\/#\/schema\/person\/08f95581eed0534eccd0b2438f7a1cab\"},\"headline\":\"N\u00e4chstes Correctiv-Opfer: Haltung machte den SWR blind\",\"datePublished\":\"2024-09-26T04:02:00+00:00\",\"dateModified\":\"2025-02-17T13:53:14+00:00\",\"mainEntityOfPage\":{\"@id\":\"https:\/\/www.hoecker.eu\/blog\/naechstes-correctiv-opfer-haltung-machte-den-swr-blind\/\"},\"wordCount\":227,\"publisher\":{\"@id\":\"https:\/\/www.hoecker.eu\/blog\/#organization\"},\"articleSection\":[\"News\"],\"inLanguage\":\"de\"},{\"@type\":\"WebPage\",\"@id\":\"https:\/\/www.hoecker.eu\/blog\/naechstes-correctiv-opfer-haltung-machte-den-swr-blind\/\",\"url\":\"https:\/\/www.hoecker.eu\/blog\/naechstes-correctiv-opfer-haltung-machte-den-swr-blind\/\",\"name\":\"N\u00e4chstes Correctiv-Opfer: Haltung machte den SWR blind - H\u00d6CKER - der Blog\",\"isPartOf\":{\"@id\":\"https:\/\/www.hoecker.eu\/blog\/#website\"},\"datePublished\":\"2024-09-26T04:02:00+00:00\",\"dateModified\":\"2025-02-17T13:53:14+00:00\",\"breadcrumb\":{\"@id\":\"https:\/\/www.hoecker.eu\/blog\/naechstes-correctiv-opfer-haltung-machte-den-swr-blind\/#breadcrumb\"},\"inLanguage\":\"de\",\"potentialAction\":[{\"@type\":\"ReadAction\",\"target\":[\"https:\/\/www.hoecker.eu\/blog\/naechstes-correctiv-opfer-haltung-machte-den-swr-blind\/\"]}]},{\"@type\":\"BreadcrumbList\",\"@id\":\"https:\/\/www.hoecker.eu\/blog\/naechstes-correctiv-opfer-haltung-machte-den-swr-blind\/#breadcrumb\",\"itemListElement\":[{\"@type\":\"ListItem\",\"position\":1,\"name\":\"Startseite\",\"item\":\"https:\/\/dev.hoecker.eu\/blog\/\"},{\"@type\":\"ListItem\",\"position\":2,\"name\":\"N\u00e4chstes Correctiv-Opfer: Haltung machte den SWR blind\"}]},{\"@type\":\"WebSite\",\"@id\":\"https:\/\/www.hoecker.eu\/blog\/#website\",\"url\":\"https:\/\/www.hoecker.eu\/blog\/\",\"name\":\"H\u00d6CKER - der Blog\",\"description\":\"Expertenblog f\u00fcr \u00c4u\u00dferungs-, Medien-, Marken-, Urheber- und Wettbewerbsrecht.\",\"publisher\":{\"@id\":\"https:\/\/www.hoecker.eu\/blog\/#organization\"},\"potentialAction\":[{\"@type\":\"SearchAction\",\"target\":{\"@type\":\"EntryPoint\",\"urlTemplate\":\"https:\/\/www.hoecker.eu\/blog\/?s={search_term_string}\"},\"query-input\":{\"@type\":\"PropertyValueSpecification\",\"valueRequired\":true,\"valueName\":\"search_term_string\"}}],\"inLanguage\":\"de\"},{\"@type\":\"Organization\",\"@id\":\"https:\/\/www.hoecker.eu\/blog\/#organization\",\"name\":\"H\u00d6CKER Rechtsanw\u00e4lte PartGmbB\",\"alternateName\":\"H\u00d6CKER\",\"url\":\"https:\/\/www.hoecker.eu\/blog\/\",\"logo\":{\"@type\":\"ImageObject\",\"inLanguage\":\"de\",\"@id\":\"https:\/\/www.hoecker.eu\/blog\/#\/schema\/logo\/image\/\",\"url\":\"https:\/\/www.hoecker.eu\/blog\/wp-content\/uploads\/2025\/03\/Blog-Logo.webp\",\"contentUrl\":\"https:\/\/www.hoecker.eu\/blog\/wp-content\/uploads\/2025\/03\/Blog-Logo.webp\",\"width\":500,\"height\":500,\"caption\":\"H\u00d6CKER Rechtsanw\u00e4lte PartGmbB\"},\"image\":{\"@id\":\"https:\/\/www.hoecker.eu\/blog\/#\/schema\/logo\/image\/\"},\"sameAs\":[\"https:\/\/www.facebook.com\/HoeckerRAe\/\",\"https:\/\/x.com\/hoecker_rae\",\"https:\/\/www.linkedin.com\/company\/hcker-rechtsanwlte\/\",\"https:\/\/www.instagram.com\/hoecker_rae\/\"],\"email\":\"contact@hoecker.eu\",\"telephone\":\"+ 49 (0)221-933 19-10\",\"legalName\":\"H\u00d6CKER Rechtsanw\u00e4lte PartGmbB\",\"numberOfEmployees\":{\"@type\":\"QuantitativeValue\",\"minValue\":\"11\",\"maxValue\":\"50\"}},{\"@type\":\"Person\",\"@id\":\"https:\/\/www.hoecker.eu\/blog\/#\/schema\/person\/08f95581eed0534eccd0b2438f7a1cab\",\"name\":\"Prof. Dr. Ralf H\u00f6cker\",\"description\":\"Medienanwalt. Besch\u00fctzer vor mieser Presse\",\"sameAs\":[\"https:\/\/www.hoecker.eu\/wer\/prof-dr-ralf-hoecker\",\"https:\/\/www.facebook.com\/ralf.hoecker\",\"https:\/\/www.linkedin.com\/in\/prof-dr-ralf-hcker-ll-m-london-17987826\/\",\"https:\/\/x.com\/Ralf_Hoecker\"],\"url\":\"https:\/\/www.hoecker.eu\/blog\/author\/hoecker_adm\/\"}]}<\/script>\n<!-- \/ Yoast SEO Premium plugin. -->","yoast_head_json":{"title":"N\u00e4chstes Correctiv-Opfer: Haltung machte den SWR blind - H\u00d6CKER - der Blog","robots":{"index":"index","follow":"follow","max-snippet":"max-snippet:-1","max-image-preview":"max-image-preview:large","max-video-preview":"max-video-preview:-1"},"canonical":"https:\/\/www.hoecker.eu\/blog\/naechstes-correctiv-opfer-haltung-machte-den-swr-blind\/","og_locale":"de_DE","og_type":"article","og_title":"N\u00e4chstes Correctiv-Opfer: Haltung machte den SWR blind","og_description":"Der SWR musste nach anwaltlichem Vorgehen Falschmeldungen zum Potsdam-Treffen korrigieren. Nach einer Abmahnung im Namen von Dr. Ulrich Vosgerau (CDU) hat der Sender seinen fehlerhaften Bericht korrigiert. Der SWR hatte behauptet, dass beim Potsdam-Treffen Pl\u00e4ne zur Regierungs\u00fcbernahme durch die AfD sowie zur Ausweisung deutscher Staatsb\u00fcrger mit Migrationshintergrund und \u201eunliebsamen Deutschen\u201c vorgestellt und diskutiert worden seien. [&hellip;]","og_url":"https:\/\/www.hoecker.eu\/blog\/naechstes-correctiv-opfer-haltung-machte-den-swr-blind\/","og_site_name":"H\u00d6CKER - der Blog","article_publisher":"https:\/\/www.facebook.com\/HoeckerRAe\/","article_author":"https:\/\/www.facebook.com\/ralf.hoecker","article_published_time":"2024-09-26T04:02:00+00:00","article_modified_time":"2025-02-17T13:53:14+00:00","author":"Prof. Dr. Ralf H\u00f6cker","twitter_card":"summary_large_image","twitter_creator":"@Ralf_Hoecker","twitter_site":"@hoecker_rae","twitter_misc":{"Verfasst von":"Prof. Dr. Ralf H\u00f6cker","Gesch\u00e4tzte Lesezeit":"1\u00a0Minute"},"schema":{"@context":"https:\/\/schema.org","@graph":[{"@type":"Article","@id":"https:\/\/www.hoecker.eu\/blog\/naechstes-correctiv-opfer-haltung-machte-den-swr-blind\/#article","isPartOf":{"@id":"https:\/\/www.hoecker.eu\/blog\/naechstes-correctiv-opfer-haltung-machte-den-swr-blind\/"},"author":{"name":"Prof. Dr. Ralf H\u00f6cker","@id":"https:\/\/www.hoecker.eu\/blog\/#\/schema\/person\/08f95581eed0534eccd0b2438f7a1cab"},"headline":"N\u00e4chstes Correctiv-Opfer: Haltung machte den SWR blind","datePublished":"2024-09-26T04:02:00+00:00","dateModified":"2025-02-17T13:53:14+00:00","mainEntityOfPage":{"@id":"https:\/\/www.hoecker.eu\/blog\/naechstes-correctiv-opfer-haltung-machte-den-swr-blind\/"},"wordCount":227,"publisher":{"@id":"https:\/\/www.hoecker.eu\/blog\/#organization"},"articleSection":["News"],"inLanguage":"de"},{"@type":"WebPage","@id":"https:\/\/www.hoecker.eu\/blog\/naechstes-correctiv-opfer-haltung-machte-den-swr-blind\/","url":"https:\/\/www.hoecker.eu\/blog\/naechstes-correctiv-opfer-haltung-machte-den-swr-blind\/","name":"N\u00e4chstes Correctiv-Opfer: Haltung machte den SWR blind - H\u00d6CKER - der Blog","isPartOf":{"@id":"https:\/\/www.hoecker.eu\/blog\/#website"},"datePublished":"2024-09-26T04:02:00+00:00","dateModified":"2025-02-17T13:53:14+00:00","breadcrumb":{"@id":"https:\/\/www.hoecker.eu\/blog\/naechstes-correctiv-opfer-haltung-machte-den-swr-blind\/#breadcrumb"},"inLanguage":"de","potentialAction":[{"@type":"ReadAction","target":["https:\/\/www.hoecker.eu\/blog\/naechstes-correctiv-opfer-haltung-machte-den-swr-blind\/"]}]},{"@type":"BreadcrumbList","@id":"https:\/\/www.hoecker.eu\/blog\/naechstes-correctiv-opfer-haltung-machte-den-swr-blind\/#breadcrumb","itemListElement":[{"@type":"ListItem","position":1,"name":"Startseite","item":"https:\/\/dev.hoecker.eu\/blog\/"},{"@type":"ListItem","position":2,"name":"N\u00e4chstes Correctiv-Opfer: Haltung machte den SWR blind"}]},{"@type":"WebSite","@id":"https:\/\/www.hoecker.eu\/blog\/#website","url":"https:\/\/www.hoecker.eu\/blog\/","name":"H\u00d6CKER - der Blog","description":"Expertenblog f\u00fcr \u00c4u\u00dferungs-, Medien-, Marken-, Urheber- und Wettbewerbsrecht.","publisher":{"@id":"https:\/\/www.hoecker.eu\/blog\/#organization"},"potentialAction":[{"@type":"SearchAction","target":{"@type":"EntryPoint","urlTemplate":"https:\/\/www.hoecker.eu\/blog\/?s={search_term_string}"},"query-input":{"@type":"PropertyValueSpecification","valueRequired":true,"valueName":"search_term_string"}}],"inLanguage":"de"},{"@type":"Organization","@id":"https:\/\/www.hoecker.eu\/blog\/#organization","name":"H\u00d6CKER Rechtsanw\u00e4lte PartGmbB","alternateName":"H\u00d6CKER","url":"https:\/\/www.hoecker.eu\/blog\/","logo":{"@type":"ImageObject","inLanguage":"de","@id":"https:\/\/www.hoecker.eu\/blog\/#\/schema\/logo\/image\/","url":"https:\/\/www.hoecker.eu\/blog\/wp-content\/uploads\/2025\/03\/Blog-Logo.webp","contentUrl":"https:\/\/www.hoecker.eu\/blog\/wp-content\/uploads\/2025\/03\/Blog-Logo.webp","width":500,"height":500,"caption":"H\u00d6CKER Rechtsanw\u00e4lte PartGmbB"},"image":{"@id":"https:\/\/www.hoecker.eu\/blog\/#\/schema\/logo\/image\/"},"sameAs":["https:\/\/www.facebook.com\/HoeckerRAe\/","https:\/\/x.com\/hoecker_rae","https:\/\/www.linkedin.com\/company\/hcker-rechtsanwlte\/","https:\/\/www.instagram.com\/hoecker_rae\/"],"email":"contact@hoecker.eu","telephone":"+ 49 (0)221-933 19-10","legalName":"H\u00d6CKER Rechtsanw\u00e4lte PartGmbB","numberOfEmployees":{"@type":"QuantitativeValue","minValue":"11","maxValue":"50"}},{"@type":"Person","@id":"https:\/\/www.hoecker.eu\/blog\/#\/schema\/person\/08f95581eed0534eccd0b2438f7a1cab","name":"Prof. Dr. Ralf H\u00f6cker","description":"Medienanwalt. Besch\u00fctzer vor mieser Presse","sameAs":["https:\/\/www.hoecker.eu\/wer\/prof-dr-ralf-hoecker","https:\/\/www.facebook.com\/ralf.hoecker","https:\/\/www.linkedin.com\/in\/prof-dr-ralf-hcker-ll-m-london-17987826\/","https:\/\/x.com\/Ralf_Hoecker"],"url":"https:\/\/www.hoecker.eu\/blog\/author\/hoecker_adm\/"}]}},"authors":[{"term_id":84,"user_id":1,"is_guest":0,"slug":"hoecker_adm","display_name":"Prof. Dr. Ralf H\u00f6cker","avatar_url":{"url":"https:\/\/www.hoecker.eu\/blog\/wp-content\/uploads\/2023\/12\/ProfDrRalfHoecker.jpg","url2x":"https:\/\/www.hoecker.eu\/blog\/wp-content\/uploads\/2023\/12\/ProfDrRalfHoecker.jpg"},"0":null,"1":"","2":"","3":"","4":"","5":"","6":"","7":"","8":"","9":"","10":"","11":""}],"_links":{"self":[{"href":"https:\/\/www.hoecker.eu\/blog\/wp-json\/wp\/v2\/posts\/8120","targetHints":{"allow":["GET"]}}],"collection":[{"href":"https:\/\/www.hoecker.eu\/blog\/wp-json\/wp\/v2\/posts"}],"about":[{"href":"https:\/\/www.hoecker.eu\/blog\/wp-json\/wp\/v2\/types\/post"}],"author":[{"embeddable":true,"href":"https:\/\/www.hoecker.eu\/blog\/wp-json\/wp\/v2\/users\/1"}],"replies":[{"embeddable":true,"href":"https:\/\/www.hoecker.eu\/blog\/wp-json\/wp\/v2\/comments?post=8120"}],"version-history":[{"count":1,"href":"https:\/\/www.hoecker.eu\/blog\/wp-json\/wp\/v2\/posts\/8120\/revisions"}],"predecessor-version":[{"id":9242,"href":"https:\/\/www.hoecker.eu\/blog\/wp-json\/wp\/v2\/posts\/8120\/revisions\/9242"}],"wp:attachment":[{"href":"https:\/\/www.hoecker.eu\/blog\/wp-json\/wp\/v2\/media?parent=8120"}],"wp:term":[{"taxonomy":"category","embeddable":true,"href":"https:\/\/www.hoecker.eu\/blog\/wp-json\/wp\/v2\/categories?post=8120"},{"taxonomy":"post_tag","embeddable":true,"href":"https:\/\/www.hoecker.eu\/blog\/wp-json\/wp\/v2\/tags?post=8120"},{"taxonomy":"hashtags","embeddable":true,"href":"https:\/\/www.hoecker.eu\/blog\/wp-json\/wp\/v2\/hashtags?post=8120"},{"taxonomy":"author","embeddable":true,"href":"https:\/\/www.hoecker.eu\/blog\/wp-json\/wp\/v2\/ppma_author?post=8120"}],"curies":[{"name":"wp","href":"https:\/\/api.w.org\/{rel}","templated":true}]}}