{"id":8119,"date":"2024-09-27T15:56:00","date_gmt":"2024-09-27T13:56:00","guid":{"rendered":"https:\/\/www.hoecker.eu\/blog\/correctiv-bericht-zu-potsdam-falschberichterstattung-ueber-parteiausschluss-von-dr-vosgerau-erfolgreich-korrigiert\/"},"modified":"2025-02-17T14:53:14","modified_gmt":"2025-02-17T13:53:14","slug":"correctiv-bericht-zu-potsdam-falschberichterstattung-ueber-parteiausschluss-von-dr-vosgerau-erfolgreich-korrigiert","status":"publish","type":"post","link":"https:\/\/www.hoecker.eu\/blog\/correctiv-bericht-zu-potsdam-falschberichterstattung-ueber-parteiausschluss-von-dr-vosgerau-erfolgreich-korrigiert\/","title":{"rendered":"Correctiv-Bericht zu Potsdam: Falschberichterstattung \u00fcber Parteiausschluss von Dr. Vosgerau erfolgreich korrigiert"},"content":{"rendered":"<p>Der mit irref\u00fchrenden Wertungen gespickte Correctiv-Bericht zum Potsdam-Treffen hat eine Welle an Falschberichterstattung nach sich gezogen. Dr. Ulrich Vosgerau (CDU) hat sich nun erfolgreich gegen falsche Berichte gewehrt, die CDU habe wegen seiner Teilnahme am Potsdam-Treffen ein Parteiausschlussverfahren gegen ihn eingeleitet.<\/p>\n<p>Die S\u00fcddeutsche Zeitung hatte berichtet, dass ein Parteiausschlussverfahren gegen Dr. Vosgerau eingeleitet wurde. Nach einer anwaltlichen Abmahnung korrigierte die Zeitung ihren Bericht, gab eine Unterlassungserkl\u00e4rung ab und erstattete die Kosten.<\/p>\n<p>Tats\u00e4chlich wurde nie ein solches Verfahren gegen Dr. Vosgerau eingeleitet, da er Fehlvorstellungen zum Treffen ausr\u00e4umen konnte.<\/p>\n<p>Der WDR und der Spiegel hatten irref\u00fchrend berichtet: Der WDR schrieb, dass die Berliner CDU ein Ausschlussverfahren \u201eauf den Weg gebracht\u201c habe, w\u00e4hrend der Spiegel darstellte, dass Dr. Vosgerau sich gegen ein Parteiausschlussverfahren wehre. Beide Medien korrigierten nach Abmahnungen ihre missverst\u00e4ndlichen Berichte.<\/p>\n<p>Der Correctiv-Bericht hatte bei Lesern und Medien durch Wertungen den falschen Eindruck erweckt, dass beim Potsdam-Treffen Pl\u00e4ne zur Ausweisung deutscher Staatsb\u00fcrger diskutiert worden seien. Dies f\u00fchrte zu einer Kette von Falschberichterstattungen, gegen die Dr. Vosgerau erfolgreich vorging. So hatte das Oberlandesgericht Hamburg dem NDR verboten, zu behaupten, dass beim Potsdam-Treffen solche Pl\u00e4ne diskutiert worden seien.<\/p>\n<p>Dr. Carsten Brennecke: \u201e<em>Die irref\u00fchrenden Wertungen von Correctiv hatten schwerwiegende Konsequenzen f\u00fcr viele Teilnehmer des Potsdam-Treffens. Arbeitspl\u00e4tze wurden gek\u00fcndigt. Die CDU hat in diesem Fall besonnen gehandelt und sich nicht von den irref\u00fchrenden Wertungen leiten lassen. Sie hat den Sachverhalt gr\u00fcndlich aufgekl\u00e4rt und keine voreiligen Schritte wie ein Parteiausschlussverfahren eingeleitet. Eine derart faire Vorgehensweise w\u00e4re auch f\u00fcr andere Teilnehmer des Treffens w\u00fcnschenswert gewesen.\u201c<\/em><\/p>\n","protected":false},"excerpt":{"rendered":"<p>Der mit irref\u00fchrenden Wertungen gespickte Correctiv-Bericht zum Potsdam-Treffen hat eine Welle an Falschberichterstattung nach sich gezogen. Dr. Ulrich Vosgerau (CDU) hat sich nun erfolgreich gegen falsche Berichte gewehrt, die CDU habe wegen seiner Teilnahme am Potsdam-Treffen ein Parteiausschlussverfahren gegen ihn eingeleitet. Die S\u00fcddeutsche Zeitung hatte berichtet, dass ein Parteiausschlussverfahren gegen Dr. Vosgerau eingeleitet wurde. Nach [&hellip;]<\/p>\n","protected":false},"author":1,"featured_media":0,"comment_status":"closed","ping_status":"closed","sticky":false,"template":"","format":"standard","meta":{"_has_post_settings":[],"footnotes":""},"categories":[15],"tags":[],"hashtags":[],"ppma_author":[84],"class_list":["post-8119","post","type-post","status-publish","format-standard","hentry","category-news","author-hoecker_adm"],"yoast_head":"<!-- This site is optimized with the Yoast SEO Premium plugin v25.9 (Yoast SEO v27.0) - https:\/\/yoast.com\/product\/yoast-seo-premium-wordpress\/ -->\n<title>Correctiv-Bericht zu Potsdam: Falschberichterstattung \u00fcber Parteiausschluss von Dr. Vosgerau erfolgreich korrigiert - H\u00d6CKER - der Blog<\/title>\n<meta name=\"robots\" content=\"index, follow, max-snippet:-1, max-image-preview:large, max-video-preview:-1\" \/>\n<link rel=\"canonical\" href=\"https:\/\/www.hoecker.eu\/blog\/correctiv-bericht-zu-potsdam-falschberichterstattung-ueber-parteiausschluss-von-dr-vosgerau-erfolgreich-korrigiert\/\" \/>\n<meta property=\"og:locale\" content=\"de_DE\" \/>\n<meta property=\"og:type\" content=\"article\" \/>\n<meta property=\"og:title\" content=\"Correctiv-Bericht zu Potsdam: Falschberichterstattung \u00fcber Parteiausschluss von Dr. Vosgerau erfolgreich korrigiert\" \/>\n<meta property=\"og:description\" content=\"Der mit irref\u00fchrenden Wertungen gespickte Correctiv-Bericht zum Potsdam-Treffen hat eine Welle an Falschberichterstattung nach sich gezogen. Dr. Ulrich Vosgerau (CDU) hat sich nun erfolgreich gegen falsche Berichte gewehrt, die CDU habe wegen seiner Teilnahme am Potsdam-Treffen ein Parteiausschlussverfahren gegen ihn eingeleitet. Die S\u00fcddeutsche Zeitung hatte berichtet, dass ein Parteiausschlussverfahren gegen Dr. Vosgerau eingeleitet wurde. Nach [&hellip;]\" \/>\n<meta property=\"og:url\" content=\"https:\/\/www.hoecker.eu\/blog\/correctiv-bericht-zu-potsdam-falschberichterstattung-ueber-parteiausschluss-von-dr-vosgerau-erfolgreich-korrigiert\/\" \/>\n<meta property=\"og:site_name\" content=\"H\u00d6CKER - der Blog\" \/>\n<meta property=\"article:publisher\" content=\"https:\/\/www.facebook.com\/HoeckerRAe\/\" \/>\n<meta property=\"article:author\" content=\"https:\/\/www.facebook.com\/ralf.hoecker\" \/>\n<meta property=\"article:published_time\" content=\"2024-09-27T13:56:00+00:00\" \/>\n<meta property=\"article:modified_time\" content=\"2025-02-17T13:53:14+00:00\" \/>\n<meta name=\"author\" content=\"Prof. Dr. Ralf H\u00f6cker\" \/>\n<meta name=\"twitter:card\" content=\"summary_large_image\" \/>\n<meta name=\"twitter:creator\" content=\"@Ralf_Hoecker\" \/>\n<meta name=\"twitter:site\" content=\"@hoecker_rae\" \/>\n<meta name=\"twitter:label1\" content=\"Verfasst von\" \/>\n\t<meta name=\"twitter:data1\" content=\"Prof. Dr. Ralf H\u00f6cker\" \/>\n\t<meta name=\"twitter:label2\" content=\"Gesch\u00e4tzte Lesezeit\" \/>\n\t<meta name=\"twitter:data2\" content=\"1\u00a0Minute\" \/>\n<script type=\"application\/ld+json\" class=\"yoast-schema-graph\">{\"@context\":\"https:\/\/schema.org\",\"@graph\":[{\"@type\":\"Article\",\"@id\":\"https:\/\/www.hoecker.eu\/blog\/correctiv-bericht-zu-potsdam-falschberichterstattung-ueber-parteiausschluss-von-dr-vosgerau-erfolgreich-korrigiert\/#article\",\"isPartOf\":{\"@id\":\"https:\/\/www.hoecker.eu\/blog\/correctiv-bericht-zu-potsdam-falschberichterstattung-ueber-parteiausschluss-von-dr-vosgerau-erfolgreich-korrigiert\/\"},\"author\":{\"name\":\"Prof. Dr. Ralf H\u00f6cker\",\"@id\":\"https:\/\/www.hoecker.eu\/blog\/#\/schema\/person\/08f95581eed0534eccd0b2438f7a1cab\"},\"headline\":\"Correctiv-Bericht zu Potsdam: Falschberichterstattung \u00fcber Parteiausschluss von Dr. Vosgerau erfolgreich korrigiert\",\"datePublished\":\"2024-09-27T13:56:00+00:00\",\"dateModified\":\"2025-02-17T13:53:14+00:00\",\"mainEntityOfPage\":{\"@id\":\"https:\/\/www.hoecker.eu\/blog\/correctiv-bericht-zu-potsdam-falschberichterstattung-ueber-parteiausschluss-von-dr-vosgerau-erfolgreich-korrigiert\/\"},\"wordCount\":281,\"publisher\":{\"@id\":\"https:\/\/www.hoecker.eu\/blog\/#organization\"},\"articleSection\":[\"News\"],\"inLanguage\":\"de\"},{\"@type\":\"WebPage\",\"@id\":\"https:\/\/www.hoecker.eu\/blog\/correctiv-bericht-zu-potsdam-falschberichterstattung-ueber-parteiausschluss-von-dr-vosgerau-erfolgreich-korrigiert\/\",\"url\":\"https:\/\/www.hoecker.eu\/blog\/correctiv-bericht-zu-potsdam-falschberichterstattung-ueber-parteiausschluss-von-dr-vosgerau-erfolgreich-korrigiert\/\",\"name\":\"Correctiv-Bericht zu Potsdam: Falschberichterstattung \u00fcber Parteiausschluss von Dr. Vosgerau erfolgreich korrigiert - H\u00d6CKER - der Blog\",\"isPartOf\":{\"@id\":\"https:\/\/www.hoecker.eu\/blog\/#website\"},\"datePublished\":\"2024-09-27T13:56:00+00:00\",\"dateModified\":\"2025-02-17T13:53:14+00:00\",\"breadcrumb\":{\"@id\":\"https:\/\/www.hoecker.eu\/blog\/correctiv-bericht-zu-potsdam-falschberichterstattung-ueber-parteiausschluss-von-dr-vosgerau-erfolgreich-korrigiert\/#breadcrumb\"},\"inLanguage\":\"de\",\"potentialAction\":[{\"@type\":\"ReadAction\",\"target\":[\"https:\/\/www.hoecker.eu\/blog\/correctiv-bericht-zu-potsdam-falschberichterstattung-ueber-parteiausschluss-von-dr-vosgerau-erfolgreich-korrigiert\/\"]}]},{\"@type\":\"BreadcrumbList\",\"@id\":\"https:\/\/www.hoecker.eu\/blog\/correctiv-bericht-zu-potsdam-falschberichterstattung-ueber-parteiausschluss-von-dr-vosgerau-erfolgreich-korrigiert\/#breadcrumb\",\"itemListElement\":[{\"@type\":\"ListItem\",\"position\":1,\"name\":\"Startseite\",\"item\":\"https:\/\/dev.hoecker.eu\/blog\/\"},{\"@type\":\"ListItem\",\"position\":2,\"name\":\"Correctiv-Bericht zu Potsdam: Falschberichterstattung \u00fcber Parteiausschluss von Dr. Vosgerau erfolgreich korrigiert\"}]},{\"@type\":\"WebSite\",\"@id\":\"https:\/\/www.hoecker.eu\/blog\/#website\",\"url\":\"https:\/\/www.hoecker.eu\/blog\/\",\"name\":\"H\u00d6CKER - der Blog\",\"description\":\"Expertenblog f\u00fcr \u00c4u\u00dferungs-, Medien-, Marken-, Urheber- und Wettbewerbsrecht.\",\"publisher\":{\"@id\":\"https:\/\/www.hoecker.eu\/blog\/#organization\"},\"potentialAction\":[{\"@type\":\"SearchAction\",\"target\":{\"@type\":\"EntryPoint\",\"urlTemplate\":\"https:\/\/www.hoecker.eu\/blog\/?s={search_term_string}\"},\"query-input\":{\"@type\":\"PropertyValueSpecification\",\"valueRequired\":true,\"valueName\":\"search_term_string\"}}],\"inLanguage\":\"de\"},{\"@type\":\"Organization\",\"@id\":\"https:\/\/www.hoecker.eu\/blog\/#organization\",\"name\":\"H\u00d6CKER Rechtsanw\u00e4lte PartGmbB\",\"alternateName\":\"H\u00d6CKER\",\"url\":\"https:\/\/www.hoecker.eu\/blog\/\",\"logo\":{\"@type\":\"ImageObject\",\"inLanguage\":\"de\",\"@id\":\"https:\/\/www.hoecker.eu\/blog\/#\/schema\/logo\/image\/\",\"url\":\"https:\/\/www.hoecker.eu\/blog\/wp-content\/uploads\/2025\/03\/Blog-Logo.webp\",\"contentUrl\":\"https:\/\/www.hoecker.eu\/blog\/wp-content\/uploads\/2025\/03\/Blog-Logo.webp\",\"width\":500,\"height\":500,\"caption\":\"H\u00d6CKER Rechtsanw\u00e4lte PartGmbB\"},\"image\":{\"@id\":\"https:\/\/www.hoecker.eu\/blog\/#\/schema\/logo\/image\/\"},\"sameAs\":[\"https:\/\/www.facebook.com\/HoeckerRAe\/\",\"https:\/\/x.com\/hoecker_rae\",\"https:\/\/www.linkedin.com\/company\/hcker-rechtsanwlte\/\",\"https:\/\/www.instagram.com\/hoecker_rae\/\"],\"email\":\"contact@hoecker.eu\",\"telephone\":\"+ 49 (0)221-933 19-10\",\"legalName\":\"H\u00d6CKER Rechtsanw\u00e4lte PartGmbB\",\"numberOfEmployees\":{\"@type\":\"QuantitativeValue\",\"minValue\":\"11\",\"maxValue\":\"50\"}},{\"@type\":\"Person\",\"@id\":\"https:\/\/www.hoecker.eu\/blog\/#\/schema\/person\/08f95581eed0534eccd0b2438f7a1cab\",\"name\":\"Prof. Dr. Ralf H\u00f6cker\",\"description\":\"Medienanwalt. Besch\u00fctzer vor mieser Presse\",\"sameAs\":[\"https:\/\/www.hoecker.eu\/wer\/prof-dr-ralf-hoecker\",\"https:\/\/www.facebook.com\/ralf.hoecker\",\"https:\/\/www.linkedin.com\/in\/prof-dr-ralf-hcker-ll-m-london-17987826\/\",\"https:\/\/x.com\/Ralf_Hoecker\"],\"url\":\"https:\/\/www.hoecker.eu\/blog\/author\/hoecker_adm\/\"}]}<\/script>\n<!-- \/ Yoast SEO Premium plugin. -->","yoast_head_json":{"title":"Correctiv-Bericht zu Potsdam: Falschberichterstattung \u00fcber Parteiausschluss von Dr. Vosgerau erfolgreich korrigiert - H\u00d6CKER - der Blog","robots":{"index":"index","follow":"follow","max-snippet":"max-snippet:-1","max-image-preview":"max-image-preview:large","max-video-preview":"max-video-preview:-1"},"canonical":"https:\/\/www.hoecker.eu\/blog\/correctiv-bericht-zu-potsdam-falschberichterstattung-ueber-parteiausschluss-von-dr-vosgerau-erfolgreich-korrigiert\/","og_locale":"de_DE","og_type":"article","og_title":"Correctiv-Bericht zu Potsdam: Falschberichterstattung \u00fcber Parteiausschluss von Dr. Vosgerau erfolgreich korrigiert","og_description":"Der mit irref\u00fchrenden Wertungen gespickte Correctiv-Bericht zum Potsdam-Treffen hat eine Welle an Falschberichterstattung nach sich gezogen. Dr. Ulrich Vosgerau (CDU) hat sich nun erfolgreich gegen falsche Berichte gewehrt, die CDU habe wegen seiner Teilnahme am Potsdam-Treffen ein Parteiausschlussverfahren gegen ihn eingeleitet. Die S\u00fcddeutsche Zeitung hatte berichtet, dass ein Parteiausschlussverfahren gegen Dr. Vosgerau eingeleitet wurde. Nach [&hellip;]","og_url":"https:\/\/www.hoecker.eu\/blog\/correctiv-bericht-zu-potsdam-falschberichterstattung-ueber-parteiausschluss-von-dr-vosgerau-erfolgreich-korrigiert\/","og_site_name":"H\u00d6CKER - der Blog","article_publisher":"https:\/\/www.facebook.com\/HoeckerRAe\/","article_author":"https:\/\/www.facebook.com\/ralf.hoecker","article_published_time":"2024-09-27T13:56:00+00:00","article_modified_time":"2025-02-17T13:53:14+00:00","author":"Prof. Dr. Ralf H\u00f6cker","twitter_card":"summary_large_image","twitter_creator":"@Ralf_Hoecker","twitter_site":"@hoecker_rae","twitter_misc":{"Verfasst von":"Prof. Dr. Ralf H\u00f6cker","Gesch\u00e4tzte Lesezeit":"1\u00a0Minute"},"schema":{"@context":"https:\/\/schema.org","@graph":[{"@type":"Article","@id":"https:\/\/www.hoecker.eu\/blog\/correctiv-bericht-zu-potsdam-falschberichterstattung-ueber-parteiausschluss-von-dr-vosgerau-erfolgreich-korrigiert\/#article","isPartOf":{"@id":"https:\/\/www.hoecker.eu\/blog\/correctiv-bericht-zu-potsdam-falschberichterstattung-ueber-parteiausschluss-von-dr-vosgerau-erfolgreich-korrigiert\/"},"author":{"name":"Prof. Dr. Ralf H\u00f6cker","@id":"https:\/\/www.hoecker.eu\/blog\/#\/schema\/person\/08f95581eed0534eccd0b2438f7a1cab"},"headline":"Correctiv-Bericht zu Potsdam: Falschberichterstattung \u00fcber Parteiausschluss von Dr. Vosgerau erfolgreich korrigiert","datePublished":"2024-09-27T13:56:00+00:00","dateModified":"2025-02-17T13:53:14+00:00","mainEntityOfPage":{"@id":"https:\/\/www.hoecker.eu\/blog\/correctiv-bericht-zu-potsdam-falschberichterstattung-ueber-parteiausschluss-von-dr-vosgerau-erfolgreich-korrigiert\/"},"wordCount":281,"publisher":{"@id":"https:\/\/www.hoecker.eu\/blog\/#organization"},"articleSection":["News"],"inLanguage":"de"},{"@type":"WebPage","@id":"https:\/\/www.hoecker.eu\/blog\/correctiv-bericht-zu-potsdam-falschberichterstattung-ueber-parteiausschluss-von-dr-vosgerau-erfolgreich-korrigiert\/","url":"https:\/\/www.hoecker.eu\/blog\/correctiv-bericht-zu-potsdam-falschberichterstattung-ueber-parteiausschluss-von-dr-vosgerau-erfolgreich-korrigiert\/","name":"Correctiv-Bericht zu Potsdam: Falschberichterstattung \u00fcber Parteiausschluss von Dr. Vosgerau erfolgreich korrigiert - H\u00d6CKER - der Blog","isPartOf":{"@id":"https:\/\/www.hoecker.eu\/blog\/#website"},"datePublished":"2024-09-27T13:56:00+00:00","dateModified":"2025-02-17T13:53:14+00:00","breadcrumb":{"@id":"https:\/\/www.hoecker.eu\/blog\/correctiv-bericht-zu-potsdam-falschberichterstattung-ueber-parteiausschluss-von-dr-vosgerau-erfolgreich-korrigiert\/#breadcrumb"},"inLanguage":"de","potentialAction":[{"@type":"ReadAction","target":["https:\/\/www.hoecker.eu\/blog\/correctiv-bericht-zu-potsdam-falschberichterstattung-ueber-parteiausschluss-von-dr-vosgerau-erfolgreich-korrigiert\/"]}]},{"@type":"BreadcrumbList","@id":"https:\/\/www.hoecker.eu\/blog\/correctiv-bericht-zu-potsdam-falschberichterstattung-ueber-parteiausschluss-von-dr-vosgerau-erfolgreich-korrigiert\/#breadcrumb","itemListElement":[{"@type":"ListItem","position":1,"name":"Startseite","item":"https:\/\/dev.hoecker.eu\/blog\/"},{"@type":"ListItem","position":2,"name":"Correctiv-Bericht zu Potsdam: Falschberichterstattung \u00fcber Parteiausschluss von Dr. Vosgerau erfolgreich korrigiert"}]},{"@type":"WebSite","@id":"https:\/\/www.hoecker.eu\/blog\/#website","url":"https:\/\/www.hoecker.eu\/blog\/","name":"H\u00d6CKER - der Blog","description":"Expertenblog f\u00fcr \u00c4u\u00dferungs-, Medien-, Marken-, Urheber- und Wettbewerbsrecht.","publisher":{"@id":"https:\/\/www.hoecker.eu\/blog\/#organization"},"potentialAction":[{"@type":"SearchAction","target":{"@type":"EntryPoint","urlTemplate":"https:\/\/www.hoecker.eu\/blog\/?s={search_term_string}"},"query-input":{"@type":"PropertyValueSpecification","valueRequired":true,"valueName":"search_term_string"}}],"inLanguage":"de"},{"@type":"Organization","@id":"https:\/\/www.hoecker.eu\/blog\/#organization","name":"H\u00d6CKER Rechtsanw\u00e4lte PartGmbB","alternateName":"H\u00d6CKER","url":"https:\/\/www.hoecker.eu\/blog\/","logo":{"@type":"ImageObject","inLanguage":"de","@id":"https:\/\/www.hoecker.eu\/blog\/#\/schema\/logo\/image\/","url":"https:\/\/www.hoecker.eu\/blog\/wp-content\/uploads\/2025\/03\/Blog-Logo.webp","contentUrl":"https:\/\/www.hoecker.eu\/blog\/wp-content\/uploads\/2025\/03\/Blog-Logo.webp","width":500,"height":500,"caption":"H\u00d6CKER Rechtsanw\u00e4lte PartGmbB"},"image":{"@id":"https:\/\/www.hoecker.eu\/blog\/#\/schema\/logo\/image\/"},"sameAs":["https:\/\/www.facebook.com\/HoeckerRAe\/","https:\/\/x.com\/hoecker_rae","https:\/\/www.linkedin.com\/company\/hcker-rechtsanwlte\/","https:\/\/www.instagram.com\/hoecker_rae\/"],"email":"contact@hoecker.eu","telephone":"+ 49 (0)221-933 19-10","legalName":"H\u00d6CKER Rechtsanw\u00e4lte PartGmbB","numberOfEmployees":{"@type":"QuantitativeValue","minValue":"11","maxValue":"50"}},{"@type":"Person","@id":"https:\/\/www.hoecker.eu\/blog\/#\/schema\/person\/08f95581eed0534eccd0b2438f7a1cab","name":"Prof. Dr. Ralf H\u00f6cker","description":"Medienanwalt. Besch\u00fctzer vor mieser Presse","sameAs":["https:\/\/www.hoecker.eu\/wer\/prof-dr-ralf-hoecker","https:\/\/www.facebook.com\/ralf.hoecker","https:\/\/www.linkedin.com\/in\/prof-dr-ralf-hcker-ll-m-london-17987826\/","https:\/\/x.com\/Ralf_Hoecker"],"url":"https:\/\/www.hoecker.eu\/blog\/author\/hoecker_adm\/"}]}},"authors":[{"term_id":84,"user_id":1,"is_guest":0,"slug":"hoecker_adm","display_name":"Prof. Dr. Ralf H\u00f6cker","avatar_url":{"url":"https:\/\/www.hoecker.eu\/blog\/wp-content\/uploads\/2023\/12\/ProfDrRalfHoecker.jpg","url2x":"https:\/\/www.hoecker.eu\/blog\/wp-content\/uploads\/2023\/12\/ProfDrRalfHoecker.jpg"},"0":null,"1":"","2":"","3":"","4":"","5":"","6":"","7":"","8":"","9":"","10":"","11":""}],"_links":{"self":[{"href":"https:\/\/www.hoecker.eu\/blog\/wp-json\/wp\/v2\/posts\/8119","targetHints":{"allow":["GET"]}}],"collection":[{"href":"https:\/\/www.hoecker.eu\/blog\/wp-json\/wp\/v2\/posts"}],"about":[{"href":"https:\/\/www.hoecker.eu\/blog\/wp-json\/wp\/v2\/types\/post"}],"author":[{"embeddable":true,"href":"https:\/\/www.hoecker.eu\/blog\/wp-json\/wp\/v2\/users\/1"}],"replies":[{"embeddable":true,"href":"https:\/\/www.hoecker.eu\/blog\/wp-json\/wp\/v2\/comments?post=8119"}],"version-history":[{"count":1,"href":"https:\/\/www.hoecker.eu\/blog\/wp-json\/wp\/v2\/posts\/8119\/revisions"}],"predecessor-version":[{"id":9241,"href":"https:\/\/www.hoecker.eu\/blog\/wp-json\/wp\/v2\/posts\/8119\/revisions\/9241"}],"wp:attachment":[{"href":"https:\/\/www.hoecker.eu\/blog\/wp-json\/wp\/v2\/media?parent=8119"}],"wp:term":[{"taxonomy":"category","embeddable":true,"href":"https:\/\/www.hoecker.eu\/blog\/wp-json\/wp\/v2\/categories?post=8119"},{"taxonomy":"post_tag","embeddable":true,"href":"https:\/\/www.hoecker.eu\/blog\/wp-json\/wp\/v2\/tags?post=8119"},{"taxonomy":"hashtags","embeddable":true,"href":"https:\/\/www.hoecker.eu\/blog\/wp-json\/wp\/v2\/hashtags?post=8119"},{"taxonomy":"author","embeddable":true,"href":"https:\/\/www.hoecker.eu\/blog\/wp-json\/wp\/v2\/ppma_author?post=8119"}],"curies":[{"name":"wp","href":"https:\/\/api.w.org\/{rel}","templated":true}]}}