{"id":8117,"date":"2024-10-09T13:09:00","date_gmt":"2024-10-09T11:09:00","guid":{"rendered":"https:\/\/www.hoecker.eu\/blog\/correctiv-bericht-wird-campact-zum-verhaengnis\/"},"modified":"2025-02-17T14:53:12","modified_gmt":"2025-02-17T13:53:12","slug":"correctiv-bericht-wird-campact-zum-verhaengnis","status":"publish","type":"post","link":"https:\/\/www.hoecker.eu\/blog\/correctiv-bericht-wird-campact-zum-verhaengnis\/","title":{"rendered":"Correctiv-Bericht wird Campact zum Verh\u00e4ngnis"},"content":{"rendered":"<p>Campact ist nach eigener Aussage &#8220;eine Kampagnen-Organisation, mit der Menschen entschlossen unsere Demokratie verteidigen&#8221;. Nun hat sich gezeigt, dass der Campact e.V. zur &#8220;Verteidigung der Demokratie&#8221; auf handfeste Falschbehauptungen zur\u00fcckgreift:<\/p>\n<p>Unter Berufung auf den Correctiv-Bericht hat Campact f\u00e4lschlich behauptet, das Hauptanliegen der Teilnehmer auf dem Potsdam-Treffen sei die &#8220;<em>massenhafte Zwangsdeportation von Deutschen mit Migrationsgeschichte<\/em>&#8221; gewesen und dass sie mit einem &#8220;<em>Geheimplan&#8221; &#8220;Deutschen mit Migrationsgeschichte das Wahlrecht entziehen wollen<\/em>&#8220;.<\/p>\n<p>All das entspricht nicht der Wahrheit. Deshalb hat das LG Hamburg Campact verboten, diese Falschbehauptungen weiter zu verbreiten. <\/p>\n<p>Campact verwendet \u00fcbrigens den Slogan &#8220;Fakten statt Fake News&#8221;. Im Bericht von Campact \u00fcber das Potsdam-Treffen ist dies allerdings nicht gelungen. Da m\u00fcsste es hei\u00dfen &#8220;Fake News statt Fakten&#8221;.<\/p>\n<p>Dr. Carsten Brennecke: &#8220;<em>Auch dieses Verbot zeigt: Medien, die auf die irref\u00fchrenden Wertungen des Correctiv-Berichts vertrauen und diese zu Falschbehauptungen zuspitzen, zahlen drauf. <\/em><em>Auch dieses Verbot belegt, dass Correctiv mit seinen irref\u00fchrenden Wertungen den N\u00e4hrboden f\u00fcr Falschmeldungen bereitet hat, sodass unerfahrene und journalistisch schlecht ausgebildete Aktivisten von Campact nicht zwischen Fakt und Fake unterscheiden k\u00f6nnen.&#8221;<\/em><\/p>\n<p>Das Verbot erging mit einstweiliger Verf\u00fcgung des LG Hamburg vom 07.10.2024, Az. 324 O 417\/24 (n.rk.).<\/p>\n","protected":false},"excerpt":{"rendered":"<p>Campact ist nach eigener Aussage &#8220;eine Kampagnen-Organisation, mit der Menschen entschlossen unsere Demokratie verteidigen&#8221;. Nun hat sich gezeigt, dass der Campact e.V. zur &#8220;Verteidigung der Demokratie&#8221; auf handfeste Falschbehauptungen zur\u00fcckgreift: Unter Berufung auf den Correctiv-Bericht hat Campact f\u00e4lschlich behauptet, das Hauptanliegen der Teilnehmer auf dem Potsdam-Treffen sei die &#8220;massenhafte Zwangsdeportation von Deutschen mit Migrationsgeschichte&#8221; gewesen [&hellip;]<\/p>\n","protected":false},"author":1,"featured_media":0,"comment_status":"closed","ping_status":"closed","sticky":false,"template":"","format":"standard","meta":{"_has_post_settings":[],"footnotes":""},"categories":[15],"tags":[],"hashtags":[],"ppma_author":[84],"class_list":["post-8117","post","type-post","status-publish","format-standard","hentry","category-news","author-hoecker_adm"],"yoast_head":"<!-- This site is optimized with the Yoast SEO Premium plugin v25.9 (Yoast SEO v27.0) - https:\/\/yoast.com\/product\/yoast-seo-premium-wordpress\/ -->\n<title>Correctiv-Bericht wird Campact zum Verh\u00e4ngnis - H\u00d6CKER - der Blog<\/title>\n<meta name=\"robots\" content=\"index, follow, max-snippet:-1, max-image-preview:large, max-video-preview:-1\" \/>\n<link rel=\"canonical\" href=\"https:\/\/www.hoecker.eu\/blog\/correctiv-bericht-wird-campact-zum-verhaengnis\/\" \/>\n<meta property=\"og:locale\" content=\"de_DE\" \/>\n<meta property=\"og:type\" content=\"article\" \/>\n<meta property=\"og:title\" content=\"Correctiv-Bericht wird Campact zum Verh\u00e4ngnis\" \/>\n<meta property=\"og:description\" content=\"Campact ist nach eigener Aussage &#8220;eine Kampagnen-Organisation, mit der Menschen entschlossen unsere Demokratie verteidigen&#8221;. Nun hat sich gezeigt, dass der Campact e.V. zur &#8220;Verteidigung der Demokratie&#8221; auf handfeste Falschbehauptungen zur\u00fcckgreift: Unter Berufung auf den Correctiv-Bericht hat Campact f\u00e4lschlich behauptet, das Hauptanliegen der Teilnehmer auf dem Potsdam-Treffen sei die &#8220;massenhafte Zwangsdeportation von Deutschen mit Migrationsgeschichte&#8221; gewesen [&hellip;]\" \/>\n<meta property=\"og:url\" content=\"https:\/\/www.hoecker.eu\/blog\/correctiv-bericht-wird-campact-zum-verhaengnis\/\" \/>\n<meta property=\"og:site_name\" content=\"H\u00d6CKER - der Blog\" \/>\n<meta property=\"article:publisher\" content=\"https:\/\/www.facebook.com\/HoeckerRAe\/\" \/>\n<meta property=\"article:author\" content=\"https:\/\/www.facebook.com\/ralf.hoecker\" \/>\n<meta property=\"article:published_time\" content=\"2024-10-09T11:09:00+00:00\" \/>\n<meta property=\"article:modified_time\" content=\"2025-02-17T13:53:12+00:00\" \/>\n<meta name=\"author\" content=\"Prof. Dr. Ralf H\u00f6cker\" \/>\n<meta name=\"twitter:card\" content=\"summary_large_image\" \/>\n<meta name=\"twitter:creator\" content=\"@Ralf_Hoecker\" \/>\n<meta name=\"twitter:site\" content=\"@hoecker_rae\" \/>\n<meta name=\"twitter:label1\" content=\"Verfasst von\" \/>\n\t<meta name=\"twitter:data1\" content=\"Prof. Dr. Ralf H\u00f6cker\" \/>\n\t<meta name=\"twitter:label2\" content=\"Gesch\u00e4tzte Lesezeit\" \/>\n\t<meta name=\"twitter:data2\" content=\"1\u00a0Minute\" \/>\n<script type=\"application\/ld+json\" class=\"yoast-schema-graph\">{\"@context\":\"https:\/\/schema.org\",\"@graph\":[{\"@type\":\"Article\",\"@id\":\"https:\/\/www.hoecker.eu\/blog\/correctiv-bericht-wird-campact-zum-verhaengnis\/#article\",\"isPartOf\":{\"@id\":\"https:\/\/www.hoecker.eu\/blog\/correctiv-bericht-wird-campact-zum-verhaengnis\/\"},\"author\":{\"name\":\"Prof. Dr. Ralf H\u00f6cker\",\"@id\":\"https:\/\/www.hoecker.eu\/blog\/#\/schema\/person\/08f95581eed0534eccd0b2438f7a1cab\"},\"headline\":\"Correctiv-Bericht wird Campact zum Verh\u00e4ngnis\",\"datePublished\":\"2024-10-09T11:09:00+00:00\",\"dateModified\":\"2025-02-17T13:53:12+00:00\",\"mainEntityOfPage\":{\"@id\":\"https:\/\/www.hoecker.eu\/blog\/correctiv-bericht-wird-campact-zum-verhaengnis\/\"},\"wordCount\":201,\"publisher\":{\"@id\":\"https:\/\/www.hoecker.eu\/blog\/#organization\"},\"articleSection\":[\"News\"],\"inLanguage\":\"de\"},{\"@type\":\"WebPage\",\"@id\":\"https:\/\/www.hoecker.eu\/blog\/correctiv-bericht-wird-campact-zum-verhaengnis\/\",\"url\":\"https:\/\/www.hoecker.eu\/blog\/correctiv-bericht-wird-campact-zum-verhaengnis\/\",\"name\":\"Correctiv-Bericht wird Campact zum Verh\u00e4ngnis - H\u00d6CKER - der Blog\",\"isPartOf\":{\"@id\":\"https:\/\/www.hoecker.eu\/blog\/#website\"},\"datePublished\":\"2024-10-09T11:09:00+00:00\",\"dateModified\":\"2025-02-17T13:53:12+00:00\",\"breadcrumb\":{\"@id\":\"https:\/\/www.hoecker.eu\/blog\/correctiv-bericht-wird-campact-zum-verhaengnis\/#breadcrumb\"},\"inLanguage\":\"de\",\"potentialAction\":[{\"@type\":\"ReadAction\",\"target\":[\"https:\/\/www.hoecker.eu\/blog\/correctiv-bericht-wird-campact-zum-verhaengnis\/\"]}]},{\"@type\":\"BreadcrumbList\",\"@id\":\"https:\/\/www.hoecker.eu\/blog\/correctiv-bericht-wird-campact-zum-verhaengnis\/#breadcrumb\",\"itemListElement\":[{\"@type\":\"ListItem\",\"position\":1,\"name\":\"Startseite\",\"item\":\"https:\/\/dev.hoecker.eu\/blog\/\"},{\"@type\":\"ListItem\",\"position\":2,\"name\":\"Correctiv-Bericht wird Campact zum Verh\u00e4ngnis\"}]},{\"@type\":\"WebSite\",\"@id\":\"https:\/\/www.hoecker.eu\/blog\/#website\",\"url\":\"https:\/\/www.hoecker.eu\/blog\/\",\"name\":\"H\u00d6CKER - der Blog\",\"description\":\"Expertenblog f\u00fcr \u00c4u\u00dferungs-, Medien-, Marken-, Urheber- und Wettbewerbsrecht.\",\"publisher\":{\"@id\":\"https:\/\/www.hoecker.eu\/blog\/#organization\"},\"potentialAction\":[{\"@type\":\"SearchAction\",\"target\":{\"@type\":\"EntryPoint\",\"urlTemplate\":\"https:\/\/www.hoecker.eu\/blog\/?s={search_term_string}\"},\"query-input\":{\"@type\":\"PropertyValueSpecification\",\"valueRequired\":true,\"valueName\":\"search_term_string\"}}],\"inLanguage\":\"de\"},{\"@type\":\"Organization\",\"@id\":\"https:\/\/www.hoecker.eu\/blog\/#organization\",\"name\":\"H\u00d6CKER Rechtsanw\u00e4lte PartGmbB\",\"alternateName\":\"H\u00d6CKER\",\"url\":\"https:\/\/www.hoecker.eu\/blog\/\",\"logo\":{\"@type\":\"ImageObject\",\"inLanguage\":\"de\",\"@id\":\"https:\/\/www.hoecker.eu\/blog\/#\/schema\/logo\/image\/\",\"url\":\"https:\/\/www.hoecker.eu\/blog\/wp-content\/uploads\/2025\/03\/Blog-Logo.webp\",\"contentUrl\":\"https:\/\/www.hoecker.eu\/blog\/wp-content\/uploads\/2025\/03\/Blog-Logo.webp\",\"width\":500,\"height\":500,\"caption\":\"H\u00d6CKER Rechtsanw\u00e4lte PartGmbB\"},\"image\":{\"@id\":\"https:\/\/www.hoecker.eu\/blog\/#\/schema\/logo\/image\/\"},\"sameAs\":[\"https:\/\/www.facebook.com\/HoeckerRAe\/\",\"https:\/\/x.com\/hoecker_rae\",\"https:\/\/www.linkedin.com\/company\/hcker-rechtsanwlte\/\",\"https:\/\/www.instagram.com\/hoecker_rae\/\"],\"email\":\"contact@hoecker.eu\",\"telephone\":\"+ 49 (0)221-933 19-10\",\"legalName\":\"H\u00d6CKER Rechtsanw\u00e4lte PartGmbB\",\"numberOfEmployees\":{\"@type\":\"QuantitativeValue\",\"minValue\":\"11\",\"maxValue\":\"50\"}},{\"@type\":\"Person\",\"@id\":\"https:\/\/www.hoecker.eu\/blog\/#\/schema\/person\/08f95581eed0534eccd0b2438f7a1cab\",\"name\":\"Prof. Dr. Ralf H\u00f6cker\",\"description\":\"Medienanwalt. Besch\u00fctzer vor mieser Presse\",\"sameAs\":[\"https:\/\/www.hoecker.eu\/wer\/prof-dr-ralf-hoecker\",\"https:\/\/www.facebook.com\/ralf.hoecker\",\"https:\/\/www.linkedin.com\/in\/prof-dr-ralf-hcker-ll-m-london-17987826\/\",\"https:\/\/x.com\/Ralf_Hoecker\"],\"url\":\"https:\/\/www.hoecker.eu\/blog\/author\/hoecker_adm\/\"}]}<\/script>\n<!-- \/ Yoast SEO Premium plugin. -->","yoast_head_json":{"title":"Correctiv-Bericht wird Campact zum Verh\u00e4ngnis - H\u00d6CKER - der Blog","robots":{"index":"index","follow":"follow","max-snippet":"max-snippet:-1","max-image-preview":"max-image-preview:large","max-video-preview":"max-video-preview:-1"},"canonical":"https:\/\/www.hoecker.eu\/blog\/correctiv-bericht-wird-campact-zum-verhaengnis\/","og_locale":"de_DE","og_type":"article","og_title":"Correctiv-Bericht wird Campact zum Verh\u00e4ngnis","og_description":"Campact ist nach eigener Aussage &#8220;eine Kampagnen-Organisation, mit der Menschen entschlossen unsere Demokratie verteidigen&#8221;. Nun hat sich gezeigt, dass der Campact e.V. zur &#8220;Verteidigung der Demokratie&#8221; auf handfeste Falschbehauptungen zur\u00fcckgreift: Unter Berufung auf den Correctiv-Bericht hat Campact f\u00e4lschlich behauptet, das Hauptanliegen der Teilnehmer auf dem Potsdam-Treffen sei die &#8220;massenhafte Zwangsdeportation von Deutschen mit Migrationsgeschichte&#8221; gewesen [&hellip;]","og_url":"https:\/\/www.hoecker.eu\/blog\/correctiv-bericht-wird-campact-zum-verhaengnis\/","og_site_name":"H\u00d6CKER - der Blog","article_publisher":"https:\/\/www.facebook.com\/HoeckerRAe\/","article_author":"https:\/\/www.facebook.com\/ralf.hoecker","article_published_time":"2024-10-09T11:09:00+00:00","article_modified_time":"2025-02-17T13:53:12+00:00","author":"Prof. Dr. Ralf H\u00f6cker","twitter_card":"summary_large_image","twitter_creator":"@Ralf_Hoecker","twitter_site":"@hoecker_rae","twitter_misc":{"Verfasst von":"Prof. Dr. Ralf H\u00f6cker","Gesch\u00e4tzte Lesezeit":"1\u00a0Minute"},"schema":{"@context":"https:\/\/schema.org","@graph":[{"@type":"Article","@id":"https:\/\/www.hoecker.eu\/blog\/correctiv-bericht-wird-campact-zum-verhaengnis\/#article","isPartOf":{"@id":"https:\/\/www.hoecker.eu\/blog\/correctiv-bericht-wird-campact-zum-verhaengnis\/"},"author":{"name":"Prof. Dr. Ralf H\u00f6cker","@id":"https:\/\/www.hoecker.eu\/blog\/#\/schema\/person\/08f95581eed0534eccd0b2438f7a1cab"},"headline":"Correctiv-Bericht wird Campact zum Verh\u00e4ngnis","datePublished":"2024-10-09T11:09:00+00:00","dateModified":"2025-02-17T13:53:12+00:00","mainEntityOfPage":{"@id":"https:\/\/www.hoecker.eu\/blog\/correctiv-bericht-wird-campact-zum-verhaengnis\/"},"wordCount":201,"publisher":{"@id":"https:\/\/www.hoecker.eu\/blog\/#organization"},"articleSection":["News"],"inLanguage":"de"},{"@type":"WebPage","@id":"https:\/\/www.hoecker.eu\/blog\/correctiv-bericht-wird-campact-zum-verhaengnis\/","url":"https:\/\/www.hoecker.eu\/blog\/correctiv-bericht-wird-campact-zum-verhaengnis\/","name":"Correctiv-Bericht wird Campact zum Verh\u00e4ngnis - H\u00d6CKER - der Blog","isPartOf":{"@id":"https:\/\/www.hoecker.eu\/blog\/#website"},"datePublished":"2024-10-09T11:09:00+00:00","dateModified":"2025-02-17T13:53:12+00:00","breadcrumb":{"@id":"https:\/\/www.hoecker.eu\/blog\/correctiv-bericht-wird-campact-zum-verhaengnis\/#breadcrumb"},"inLanguage":"de","potentialAction":[{"@type":"ReadAction","target":["https:\/\/www.hoecker.eu\/blog\/correctiv-bericht-wird-campact-zum-verhaengnis\/"]}]},{"@type":"BreadcrumbList","@id":"https:\/\/www.hoecker.eu\/blog\/correctiv-bericht-wird-campact-zum-verhaengnis\/#breadcrumb","itemListElement":[{"@type":"ListItem","position":1,"name":"Startseite","item":"https:\/\/dev.hoecker.eu\/blog\/"},{"@type":"ListItem","position":2,"name":"Correctiv-Bericht wird Campact zum Verh\u00e4ngnis"}]},{"@type":"WebSite","@id":"https:\/\/www.hoecker.eu\/blog\/#website","url":"https:\/\/www.hoecker.eu\/blog\/","name":"H\u00d6CKER - der Blog","description":"Expertenblog f\u00fcr \u00c4u\u00dferungs-, Medien-, Marken-, Urheber- und Wettbewerbsrecht.","publisher":{"@id":"https:\/\/www.hoecker.eu\/blog\/#organization"},"potentialAction":[{"@type":"SearchAction","target":{"@type":"EntryPoint","urlTemplate":"https:\/\/www.hoecker.eu\/blog\/?s={search_term_string}"},"query-input":{"@type":"PropertyValueSpecification","valueRequired":true,"valueName":"search_term_string"}}],"inLanguage":"de"},{"@type":"Organization","@id":"https:\/\/www.hoecker.eu\/blog\/#organization","name":"H\u00d6CKER Rechtsanw\u00e4lte PartGmbB","alternateName":"H\u00d6CKER","url":"https:\/\/www.hoecker.eu\/blog\/","logo":{"@type":"ImageObject","inLanguage":"de","@id":"https:\/\/www.hoecker.eu\/blog\/#\/schema\/logo\/image\/","url":"https:\/\/www.hoecker.eu\/blog\/wp-content\/uploads\/2025\/03\/Blog-Logo.webp","contentUrl":"https:\/\/www.hoecker.eu\/blog\/wp-content\/uploads\/2025\/03\/Blog-Logo.webp","width":500,"height":500,"caption":"H\u00d6CKER Rechtsanw\u00e4lte PartGmbB"},"image":{"@id":"https:\/\/www.hoecker.eu\/blog\/#\/schema\/logo\/image\/"},"sameAs":["https:\/\/www.facebook.com\/HoeckerRAe\/","https:\/\/x.com\/hoecker_rae","https:\/\/www.linkedin.com\/company\/hcker-rechtsanwlte\/","https:\/\/www.instagram.com\/hoecker_rae\/"],"email":"contact@hoecker.eu","telephone":"+ 49 (0)221-933 19-10","legalName":"H\u00d6CKER Rechtsanw\u00e4lte PartGmbB","numberOfEmployees":{"@type":"QuantitativeValue","minValue":"11","maxValue":"50"}},{"@type":"Person","@id":"https:\/\/www.hoecker.eu\/blog\/#\/schema\/person\/08f95581eed0534eccd0b2438f7a1cab","name":"Prof. Dr. Ralf H\u00f6cker","description":"Medienanwalt. Besch\u00fctzer vor mieser Presse","sameAs":["https:\/\/www.hoecker.eu\/wer\/prof-dr-ralf-hoecker","https:\/\/www.facebook.com\/ralf.hoecker","https:\/\/www.linkedin.com\/in\/prof-dr-ralf-hcker-ll-m-london-17987826\/","https:\/\/x.com\/Ralf_Hoecker"],"url":"https:\/\/www.hoecker.eu\/blog\/author\/hoecker_adm\/"}]}},"authors":[{"term_id":84,"user_id":1,"is_guest":0,"slug":"hoecker_adm","display_name":"Prof. Dr. Ralf H\u00f6cker","avatar_url":{"url":"https:\/\/www.hoecker.eu\/blog\/wp-content\/uploads\/2023\/12\/ProfDrRalfHoecker.jpg","url2x":"https:\/\/www.hoecker.eu\/blog\/wp-content\/uploads\/2023\/12\/ProfDrRalfHoecker.jpg"},"0":null,"1":"","2":"","3":"","4":"","5":"","6":"","7":"","8":"","9":"","10":"","11":""}],"_links":{"self":[{"href":"https:\/\/www.hoecker.eu\/blog\/wp-json\/wp\/v2\/posts\/8117","targetHints":{"allow":["GET"]}}],"collection":[{"href":"https:\/\/www.hoecker.eu\/blog\/wp-json\/wp\/v2\/posts"}],"about":[{"href":"https:\/\/www.hoecker.eu\/blog\/wp-json\/wp\/v2\/types\/post"}],"author":[{"embeddable":true,"href":"https:\/\/www.hoecker.eu\/blog\/wp-json\/wp\/v2\/users\/1"}],"replies":[{"embeddable":true,"href":"https:\/\/www.hoecker.eu\/blog\/wp-json\/wp\/v2\/comments?post=8117"}],"version-history":[{"count":1,"href":"https:\/\/www.hoecker.eu\/blog\/wp-json\/wp\/v2\/posts\/8117\/revisions"}],"predecessor-version":[{"id":9239,"href":"https:\/\/www.hoecker.eu\/blog\/wp-json\/wp\/v2\/posts\/8117\/revisions\/9239"}],"wp:attachment":[{"href":"https:\/\/www.hoecker.eu\/blog\/wp-json\/wp\/v2\/media?parent=8117"}],"wp:term":[{"taxonomy":"category","embeddable":true,"href":"https:\/\/www.hoecker.eu\/blog\/wp-json\/wp\/v2\/categories?post=8117"},{"taxonomy":"post_tag","embeddable":true,"href":"https:\/\/www.hoecker.eu\/blog\/wp-json\/wp\/v2\/tags?post=8117"},{"taxonomy":"hashtags","embeddable":true,"href":"https:\/\/www.hoecker.eu\/blog\/wp-json\/wp\/v2\/hashtags?post=8117"},{"taxonomy":"author","embeddable":true,"href":"https:\/\/www.hoecker.eu\/blog\/wp-json\/wp\/v2\/ppma_author?post=8117"}],"curies":[{"name":"wp","href":"https:\/\/api.w.org\/{rel}","templated":true}]}}