{"id":8113,"date":"2024-10-28T16:55:00","date_gmt":"2024-10-28T15:55:00","guid":{"rendered":"https:\/\/www.hoecker.eu\/blog\/wie-das-mit-steuergeldern-finanzierte-correctiv-versucht-kritiker-mundtot-zu-machen\/"},"modified":"2025-02-17T14:53:10","modified_gmt":"2025-02-17T13:53:10","slug":"wie-das-mit-steuergeldern-finanzierte-correctiv-versucht-kritiker-mundtot-zu-machen","status":"publish","type":"post","link":"https:\/\/www.hoecker.eu\/blog\/wie-das-mit-steuergeldern-finanzierte-correctiv-versucht-kritiker-mundtot-zu-machen\/","title":{"rendered":"Wie das mit Steuergeldern finanzierte Correctiv versucht, Kritiker mundtot zu machen"},"content":{"rendered":"<p>Correctiv st\u00f6rt die Kritik an seinem irref\u00fchrenden Bericht zum Potsdam-Treffen. Denn Correctiv versucht immer wieder, Kritik mit unbegr\u00fcndeten Abmahnungen zu unterdr\u00fccken. Das j\u00fcngste Opfer ist Dr. Ulrich Vosgerau (CDU).<\/p>\n<p>Vosgerau ist mehrfach erfolgreich gegen die falsche Berichterstattung zum Potsdam-Treffen vorgegangen. Correctiv wurde durch das Landgericht Hamburg eine Falschberichterstattung verboten. Auch Correctiv-Gesch\u00e4ftsf\u00fchrer David Schraven wurde seine Falschbehauptung zu einem Gerichtsverfahren verboten. Beide Verbote wurden anerkannt und sind rechtskr\u00e4ftig. <\/p>\n<p>Die irref\u00fchrenden Wertungen des Correctiv-Berichts sind N\u00e4hrboden f\u00fcr eine vielfache Falschberichterstattung in den Medien: Dem NDR wurde die falsche Behauptung verboten, dass beim Treffen in Potsdam die Ausweisung deutscher Staatsb\u00fcrger sowie der Entzug der Staatsb\u00fcrgerschaft nach rassistischen Kriterien diskutiert worden sei (n.rk.). Campact wurden die falsche Behauptung verboten, das Hauptanliegen auf dem Potsdam-Treffen sei die &#8220;massenhafte Zwangsdeportation von Deutschen mit Migrationsgeschichte&#8221; gewesen und dass sie mit einem &#8220;Geheimplan&#8221; &#8220;Deutschen mit Migrationsgeschichte das Wahlrecht entziehen wollen&#8221; (n.rk.). Zahlreiche andere Medien mussten \u00e4hnliche Falschdarstellungen korrigieren und Unterlassungserkl\u00e4rungen abgeben.<\/p>\n<p>Diese Verfahren kosten Herrn Vosgerau viel Geld, da die Gegner trotz der Erfolge die Kosten nur zu geringen Teilen erstatten m\u00fcssen. Deshalb wirbt Vosgerau um Spenden.<\/p>\n<p>Diesen Spendenaufruf m\u00f6chte Correctiv nun mit einer unberechtigten Abmahnung torpedieren:<\/p>\n<p>Vosgerau hat ge\u00e4u\u00dfert, dass im Correctiv-Bericht nicht behauptet wird, dass Sellner in Potsdam Remigrationspl\u00e4ne vorgestellt hat, deren Bestandteil die Ausweisung deutscher Staatsb\u00fcrger ist. Diese Aussage Vosgeraus ist richtig: Correctiv hat sogar vor Gericht best\u00e4tigt, dass Correctiv im Bericht zum Potsdam-Treffen nicht die Tatsache behauptet hat, dass dort die Ausweisung deutscher Staatsb\u00fcrger geplant wurde.<\/p>\n<p>Dennoch greift Correctiv Herrn Vosgerau mit einer absurd konstruierten Abmahnung an. Correctiv verdreht die Aussage Vosgeraus: Er habe mit Blick auf den Correctiv\u2013Bericht behauptet, dass Correctiv nicht berichtet habe, dass Sellner \u00fcber eine Remigration zu Deutschen gesprochen habe.<\/p>\n<p>Dabei zeigen sich ausgerechnet die &#8220;Faktenchecker&#8221; von Correctiv mit dem Verst\u00e4ndnis einfacher S\u00e4tze in deutscher Sprache \u00fcberfordert: Denn Vosgerau hat gar nicht in Abrede gestellt, dass \u00fcber Remigration gesprochen wurde. Er hat nur richtigerweise klargestellt, dass selbst Correctiv in seinem Bericht nicht als Tatsache behauptet hat, dass es dabei um die Ausweisung deutscher Staatsb\u00fcrger ging.<\/p>\n<p>Vosgerau wehrt sich gegen die Abmahnung.<\/p>\n<p>Das Vorgehen Correctivs gegen Kritiker hat Methode: Correctiv ist auch gegen NIUS mit einer unbegr\u00fcndeten Abmahnung vorgegangen und vor Gericht krachend gescheitert. Es ging um einen Bericht, der Correctiv mit der \u00dcberschrift \u201eGeburt der Deportationsl\u00fcge\u201c kritisierte.<\/p>\n<p>Correctiv kann sich solche Angriffe leisten, weil Correctiv \u00fcppig mit auch staatlicher Finanzierungen ausgestattet ist: Im vergangenen Jahr erhielt Correctiv laut Recherchen von Maischberger fast 600.000 \u20ac Unterst\u00fctzung aus staatlichen Mitteln. Hinzu kommen Einnahmen von Stiftungen und Spendern.<\/p>\n<p>Umgekehrt ist Vosgerau in seinem Kampf gegen die Falschbehauptungen zum Potsdam-Treffen unver\u00e4ndert darauf angewiesen, dass er durch Spenden unterst\u00fctzt wird.<\/p>\n<p>Hier findet sich der Spendenaufruf von Dr. Vosgerau: <a href=\"https:\/\/www.gofundme.com\/f\/Prozesskostenhilfe-nach-dem-Potsdam-Treffen\" target=\"_blank\" rel=\"noreferrer noopener\">https:\/\/www.gofundme.com\/f\/Prozesskostenhilfe-nach-dem-Potsdam-Treffen<\/a><\/p>\n","protected":false},"excerpt":{"rendered":"<p>Correctiv st\u00f6rt die Kritik an seinem irref\u00fchrenden Bericht zum Potsdam-Treffen. Denn Correctiv versucht immer wieder, Kritik mit unbegr\u00fcndeten Abmahnungen zu unterdr\u00fccken. Das j\u00fcngste Opfer ist Dr. Ulrich Vosgerau (CDU). Vosgerau ist mehrfach erfolgreich gegen die falsche Berichterstattung zum Potsdam-Treffen vorgegangen. Correctiv wurde durch das Landgericht Hamburg eine Falschberichterstattung verboten. Auch Correctiv-Gesch\u00e4ftsf\u00fchrer David Schraven wurde seine [&hellip;]<\/p>\n","protected":false},"author":1,"featured_media":0,"comment_status":"closed","ping_status":"closed","sticky":false,"template":"","format":"standard","meta":{"_has_post_settings":[],"footnotes":""},"categories":[15],"tags":[],"hashtags":[],"ppma_author":[84],"class_list":["post-8113","post","type-post","status-publish","format-standard","hentry","category-news","author-hoecker_adm"],"yoast_head":"<!-- This site is optimized with the Yoast SEO Premium plugin v25.9 (Yoast SEO v27.0) - https:\/\/yoast.com\/product\/yoast-seo-premium-wordpress\/ -->\n<title>Wie das mit Steuergeldern finanzierte Correctiv versucht, Kritiker mundtot zu machen - H\u00d6CKER - der Blog<\/title>\n<meta name=\"robots\" content=\"index, follow, max-snippet:-1, max-image-preview:large, max-video-preview:-1\" \/>\n<link rel=\"canonical\" href=\"https:\/\/www.hoecker.eu\/blog\/wie-das-mit-steuergeldern-finanzierte-correctiv-versucht-kritiker-mundtot-zu-machen\/\" \/>\n<meta property=\"og:locale\" content=\"de_DE\" \/>\n<meta property=\"og:type\" content=\"article\" \/>\n<meta property=\"og:title\" content=\"Wie das mit Steuergeldern finanzierte Correctiv versucht, Kritiker mundtot zu machen\" \/>\n<meta property=\"og:description\" content=\"Correctiv st\u00f6rt die Kritik an seinem irref\u00fchrenden Bericht zum Potsdam-Treffen. Denn Correctiv versucht immer wieder, Kritik mit unbegr\u00fcndeten Abmahnungen zu unterdr\u00fccken. Das j\u00fcngste Opfer ist Dr. Ulrich Vosgerau (CDU). Vosgerau ist mehrfach erfolgreich gegen die falsche Berichterstattung zum Potsdam-Treffen vorgegangen. Correctiv wurde durch das Landgericht Hamburg eine Falschberichterstattung verboten. Auch Correctiv-Gesch\u00e4ftsf\u00fchrer David Schraven wurde seine [&hellip;]\" \/>\n<meta property=\"og:url\" content=\"https:\/\/www.hoecker.eu\/blog\/wie-das-mit-steuergeldern-finanzierte-correctiv-versucht-kritiker-mundtot-zu-machen\/\" \/>\n<meta property=\"og:site_name\" content=\"H\u00d6CKER - der Blog\" \/>\n<meta property=\"article:publisher\" content=\"https:\/\/www.facebook.com\/HoeckerRAe\/\" \/>\n<meta property=\"article:author\" content=\"https:\/\/www.facebook.com\/ralf.hoecker\" \/>\n<meta property=\"article:published_time\" content=\"2024-10-28T15:55:00+00:00\" \/>\n<meta property=\"article:modified_time\" content=\"2025-02-17T13:53:10+00:00\" \/>\n<meta name=\"author\" content=\"Prof. Dr. Ralf H\u00f6cker\" \/>\n<meta name=\"twitter:card\" content=\"summary_large_image\" \/>\n<meta name=\"twitter:creator\" content=\"@Ralf_Hoecker\" \/>\n<meta name=\"twitter:site\" content=\"@hoecker_rae\" \/>\n<meta name=\"twitter:label1\" content=\"Verfasst von\" \/>\n\t<meta name=\"twitter:data1\" content=\"Prof. Dr. Ralf H\u00f6cker\" \/>\n\t<meta name=\"twitter:label2\" content=\"Gesch\u00e4tzte Lesezeit\" \/>\n\t<meta name=\"twitter:data2\" content=\"2\u00a0Minuten\" \/>\n<script type=\"application\/ld+json\" class=\"yoast-schema-graph\">{\"@context\":\"https:\/\/schema.org\",\"@graph\":[{\"@type\":\"Article\",\"@id\":\"https:\/\/www.hoecker.eu\/blog\/wie-das-mit-steuergeldern-finanzierte-correctiv-versucht-kritiker-mundtot-zu-machen\/#article\",\"isPartOf\":{\"@id\":\"https:\/\/www.hoecker.eu\/blog\/wie-das-mit-steuergeldern-finanzierte-correctiv-versucht-kritiker-mundtot-zu-machen\/\"},\"author\":{\"name\":\"Prof. Dr. Ralf H\u00f6cker\",\"@id\":\"https:\/\/www.hoecker.eu\/blog\/#\/schema\/person\/08f95581eed0534eccd0b2438f7a1cab\"},\"headline\":\"Wie das mit Steuergeldern finanzierte Correctiv versucht, Kritiker mundtot zu machen\",\"datePublished\":\"2024-10-28T15:55:00+00:00\",\"dateModified\":\"2025-02-17T13:53:10+00:00\",\"mainEntityOfPage\":{\"@id\":\"https:\/\/www.hoecker.eu\/blog\/wie-das-mit-steuergeldern-finanzierte-correctiv-versucht-kritiker-mundtot-zu-machen\/\"},\"wordCount\":491,\"publisher\":{\"@id\":\"https:\/\/www.hoecker.eu\/blog\/#organization\"},\"articleSection\":[\"News\"],\"inLanguage\":\"de\"},{\"@type\":\"WebPage\",\"@id\":\"https:\/\/www.hoecker.eu\/blog\/wie-das-mit-steuergeldern-finanzierte-correctiv-versucht-kritiker-mundtot-zu-machen\/\",\"url\":\"https:\/\/www.hoecker.eu\/blog\/wie-das-mit-steuergeldern-finanzierte-correctiv-versucht-kritiker-mundtot-zu-machen\/\",\"name\":\"Wie das mit Steuergeldern finanzierte Correctiv versucht, Kritiker mundtot zu machen - H\u00d6CKER - der Blog\",\"isPartOf\":{\"@id\":\"https:\/\/www.hoecker.eu\/blog\/#website\"},\"datePublished\":\"2024-10-28T15:55:00+00:00\",\"dateModified\":\"2025-02-17T13:53:10+00:00\",\"breadcrumb\":{\"@id\":\"https:\/\/www.hoecker.eu\/blog\/wie-das-mit-steuergeldern-finanzierte-correctiv-versucht-kritiker-mundtot-zu-machen\/#breadcrumb\"},\"inLanguage\":\"de\",\"potentialAction\":[{\"@type\":\"ReadAction\",\"target\":[\"https:\/\/www.hoecker.eu\/blog\/wie-das-mit-steuergeldern-finanzierte-correctiv-versucht-kritiker-mundtot-zu-machen\/\"]}]},{\"@type\":\"BreadcrumbList\",\"@id\":\"https:\/\/www.hoecker.eu\/blog\/wie-das-mit-steuergeldern-finanzierte-correctiv-versucht-kritiker-mundtot-zu-machen\/#breadcrumb\",\"itemListElement\":[{\"@type\":\"ListItem\",\"position\":1,\"name\":\"Startseite\",\"item\":\"https:\/\/dev.hoecker.eu\/blog\/\"},{\"@type\":\"ListItem\",\"position\":2,\"name\":\"Wie das mit Steuergeldern finanzierte Correctiv versucht, Kritiker mundtot zu machen\"}]},{\"@type\":\"WebSite\",\"@id\":\"https:\/\/www.hoecker.eu\/blog\/#website\",\"url\":\"https:\/\/www.hoecker.eu\/blog\/\",\"name\":\"H\u00d6CKER - der Blog\",\"description\":\"Expertenblog f\u00fcr \u00c4u\u00dferungs-, Medien-, Marken-, Urheber- und Wettbewerbsrecht.\",\"publisher\":{\"@id\":\"https:\/\/www.hoecker.eu\/blog\/#organization\"},\"potentialAction\":[{\"@type\":\"SearchAction\",\"target\":{\"@type\":\"EntryPoint\",\"urlTemplate\":\"https:\/\/www.hoecker.eu\/blog\/?s={search_term_string}\"},\"query-input\":{\"@type\":\"PropertyValueSpecification\",\"valueRequired\":true,\"valueName\":\"search_term_string\"}}],\"inLanguage\":\"de\"},{\"@type\":\"Organization\",\"@id\":\"https:\/\/www.hoecker.eu\/blog\/#organization\",\"name\":\"H\u00d6CKER Rechtsanw\u00e4lte PartGmbB\",\"alternateName\":\"H\u00d6CKER\",\"url\":\"https:\/\/www.hoecker.eu\/blog\/\",\"logo\":{\"@type\":\"ImageObject\",\"inLanguage\":\"de\",\"@id\":\"https:\/\/www.hoecker.eu\/blog\/#\/schema\/logo\/image\/\",\"url\":\"https:\/\/www.hoecker.eu\/blog\/wp-content\/uploads\/2025\/03\/Blog-Logo.webp\",\"contentUrl\":\"https:\/\/www.hoecker.eu\/blog\/wp-content\/uploads\/2025\/03\/Blog-Logo.webp\",\"width\":500,\"height\":500,\"caption\":\"H\u00d6CKER Rechtsanw\u00e4lte PartGmbB\"},\"image\":{\"@id\":\"https:\/\/www.hoecker.eu\/blog\/#\/schema\/logo\/image\/\"},\"sameAs\":[\"https:\/\/www.facebook.com\/HoeckerRAe\/\",\"https:\/\/x.com\/hoecker_rae\",\"https:\/\/www.linkedin.com\/company\/hcker-rechtsanwlte\/\",\"https:\/\/www.instagram.com\/hoecker_rae\/\"],\"email\":\"contact@hoecker.eu\",\"telephone\":\"+ 49 (0)221-933 19-10\",\"legalName\":\"H\u00d6CKER Rechtsanw\u00e4lte PartGmbB\",\"numberOfEmployees\":{\"@type\":\"QuantitativeValue\",\"minValue\":\"11\",\"maxValue\":\"50\"}},{\"@type\":\"Person\",\"@id\":\"https:\/\/www.hoecker.eu\/blog\/#\/schema\/person\/08f95581eed0534eccd0b2438f7a1cab\",\"name\":\"Prof. Dr. Ralf H\u00f6cker\",\"description\":\"Medienanwalt. Besch\u00fctzer vor mieser Presse\",\"sameAs\":[\"https:\/\/www.hoecker.eu\/wer\/prof-dr-ralf-hoecker\",\"https:\/\/www.facebook.com\/ralf.hoecker\",\"https:\/\/www.linkedin.com\/in\/prof-dr-ralf-hcker-ll-m-london-17987826\/\",\"https:\/\/x.com\/Ralf_Hoecker\"],\"url\":\"https:\/\/www.hoecker.eu\/blog\/author\/hoecker_adm\/\"}]}<\/script>\n<!-- \/ Yoast SEO Premium plugin. -->","yoast_head_json":{"title":"Wie das mit Steuergeldern finanzierte Correctiv versucht, Kritiker mundtot zu machen - H\u00d6CKER - der Blog","robots":{"index":"index","follow":"follow","max-snippet":"max-snippet:-1","max-image-preview":"max-image-preview:large","max-video-preview":"max-video-preview:-1"},"canonical":"https:\/\/www.hoecker.eu\/blog\/wie-das-mit-steuergeldern-finanzierte-correctiv-versucht-kritiker-mundtot-zu-machen\/","og_locale":"de_DE","og_type":"article","og_title":"Wie das mit Steuergeldern finanzierte Correctiv versucht, Kritiker mundtot zu machen","og_description":"Correctiv st\u00f6rt die Kritik an seinem irref\u00fchrenden Bericht zum Potsdam-Treffen. Denn Correctiv versucht immer wieder, Kritik mit unbegr\u00fcndeten Abmahnungen zu unterdr\u00fccken. Das j\u00fcngste Opfer ist Dr. Ulrich Vosgerau (CDU). Vosgerau ist mehrfach erfolgreich gegen die falsche Berichterstattung zum Potsdam-Treffen vorgegangen. Correctiv wurde durch das Landgericht Hamburg eine Falschberichterstattung verboten. Auch Correctiv-Gesch\u00e4ftsf\u00fchrer David Schraven wurde seine [&hellip;]","og_url":"https:\/\/www.hoecker.eu\/blog\/wie-das-mit-steuergeldern-finanzierte-correctiv-versucht-kritiker-mundtot-zu-machen\/","og_site_name":"H\u00d6CKER - der Blog","article_publisher":"https:\/\/www.facebook.com\/HoeckerRAe\/","article_author":"https:\/\/www.facebook.com\/ralf.hoecker","article_published_time":"2024-10-28T15:55:00+00:00","article_modified_time":"2025-02-17T13:53:10+00:00","author":"Prof. Dr. Ralf H\u00f6cker","twitter_card":"summary_large_image","twitter_creator":"@Ralf_Hoecker","twitter_site":"@hoecker_rae","twitter_misc":{"Verfasst von":"Prof. Dr. Ralf H\u00f6cker","Gesch\u00e4tzte Lesezeit":"2\u00a0Minuten"},"schema":{"@context":"https:\/\/schema.org","@graph":[{"@type":"Article","@id":"https:\/\/www.hoecker.eu\/blog\/wie-das-mit-steuergeldern-finanzierte-correctiv-versucht-kritiker-mundtot-zu-machen\/#article","isPartOf":{"@id":"https:\/\/www.hoecker.eu\/blog\/wie-das-mit-steuergeldern-finanzierte-correctiv-versucht-kritiker-mundtot-zu-machen\/"},"author":{"name":"Prof. Dr. Ralf H\u00f6cker","@id":"https:\/\/www.hoecker.eu\/blog\/#\/schema\/person\/08f95581eed0534eccd0b2438f7a1cab"},"headline":"Wie das mit Steuergeldern finanzierte Correctiv versucht, Kritiker mundtot zu machen","datePublished":"2024-10-28T15:55:00+00:00","dateModified":"2025-02-17T13:53:10+00:00","mainEntityOfPage":{"@id":"https:\/\/www.hoecker.eu\/blog\/wie-das-mit-steuergeldern-finanzierte-correctiv-versucht-kritiker-mundtot-zu-machen\/"},"wordCount":491,"publisher":{"@id":"https:\/\/www.hoecker.eu\/blog\/#organization"},"articleSection":["News"],"inLanguage":"de"},{"@type":"WebPage","@id":"https:\/\/www.hoecker.eu\/blog\/wie-das-mit-steuergeldern-finanzierte-correctiv-versucht-kritiker-mundtot-zu-machen\/","url":"https:\/\/www.hoecker.eu\/blog\/wie-das-mit-steuergeldern-finanzierte-correctiv-versucht-kritiker-mundtot-zu-machen\/","name":"Wie das mit Steuergeldern finanzierte Correctiv versucht, Kritiker mundtot zu machen - H\u00d6CKER - der Blog","isPartOf":{"@id":"https:\/\/www.hoecker.eu\/blog\/#website"},"datePublished":"2024-10-28T15:55:00+00:00","dateModified":"2025-02-17T13:53:10+00:00","breadcrumb":{"@id":"https:\/\/www.hoecker.eu\/blog\/wie-das-mit-steuergeldern-finanzierte-correctiv-versucht-kritiker-mundtot-zu-machen\/#breadcrumb"},"inLanguage":"de","potentialAction":[{"@type":"ReadAction","target":["https:\/\/www.hoecker.eu\/blog\/wie-das-mit-steuergeldern-finanzierte-correctiv-versucht-kritiker-mundtot-zu-machen\/"]}]},{"@type":"BreadcrumbList","@id":"https:\/\/www.hoecker.eu\/blog\/wie-das-mit-steuergeldern-finanzierte-correctiv-versucht-kritiker-mundtot-zu-machen\/#breadcrumb","itemListElement":[{"@type":"ListItem","position":1,"name":"Startseite","item":"https:\/\/dev.hoecker.eu\/blog\/"},{"@type":"ListItem","position":2,"name":"Wie das mit Steuergeldern finanzierte Correctiv versucht, Kritiker mundtot zu machen"}]},{"@type":"WebSite","@id":"https:\/\/www.hoecker.eu\/blog\/#website","url":"https:\/\/www.hoecker.eu\/blog\/","name":"H\u00d6CKER - der Blog","description":"Expertenblog f\u00fcr \u00c4u\u00dferungs-, Medien-, Marken-, Urheber- und Wettbewerbsrecht.","publisher":{"@id":"https:\/\/www.hoecker.eu\/blog\/#organization"},"potentialAction":[{"@type":"SearchAction","target":{"@type":"EntryPoint","urlTemplate":"https:\/\/www.hoecker.eu\/blog\/?s={search_term_string}"},"query-input":{"@type":"PropertyValueSpecification","valueRequired":true,"valueName":"search_term_string"}}],"inLanguage":"de"},{"@type":"Organization","@id":"https:\/\/www.hoecker.eu\/blog\/#organization","name":"H\u00d6CKER Rechtsanw\u00e4lte PartGmbB","alternateName":"H\u00d6CKER","url":"https:\/\/www.hoecker.eu\/blog\/","logo":{"@type":"ImageObject","inLanguage":"de","@id":"https:\/\/www.hoecker.eu\/blog\/#\/schema\/logo\/image\/","url":"https:\/\/www.hoecker.eu\/blog\/wp-content\/uploads\/2025\/03\/Blog-Logo.webp","contentUrl":"https:\/\/www.hoecker.eu\/blog\/wp-content\/uploads\/2025\/03\/Blog-Logo.webp","width":500,"height":500,"caption":"H\u00d6CKER Rechtsanw\u00e4lte PartGmbB"},"image":{"@id":"https:\/\/www.hoecker.eu\/blog\/#\/schema\/logo\/image\/"},"sameAs":["https:\/\/www.facebook.com\/HoeckerRAe\/","https:\/\/x.com\/hoecker_rae","https:\/\/www.linkedin.com\/company\/hcker-rechtsanwlte\/","https:\/\/www.instagram.com\/hoecker_rae\/"],"email":"contact@hoecker.eu","telephone":"+ 49 (0)221-933 19-10","legalName":"H\u00d6CKER Rechtsanw\u00e4lte PartGmbB","numberOfEmployees":{"@type":"QuantitativeValue","minValue":"11","maxValue":"50"}},{"@type":"Person","@id":"https:\/\/www.hoecker.eu\/blog\/#\/schema\/person\/08f95581eed0534eccd0b2438f7a1cab","name":"Prof. Dr. Ralf H\u00f6cker","description":"Medienanwalt. Besch\u00fctzer vor mieser Presse","sameAs":["https:\/\/www.hoecker.eu\/wer\/prof-dr-ralf-hoecker","https:\/\/www.facebook.com\/ralf.hoecker","https:\/\/www.linkedin.com\/in\/prof-dr-ralf-hcker-ll-m-london-17987826\/","https:\/\/x.com\/Ralf_Hoecker"],"url":"https:\/\/www.hoecker.eu\/blog\/author\/hoecker_adm\/"}]}},"authors":[{"term_id":84,"user_id":1,"is_guest":0,"slug":"hoecker_adm","display_name":"Prof. Dr. Ralf H\u00f6cker","avatar_url":{"url":"https:\/\/www.hoecker.eu\/blog\/wp-content\/uploads\/2023\/12\/ProfDrRalfHoecker.jpg","url2x":"https:\/\/www.hoecker.eu\/blog\/wp-content\/uploads\/2023\/12\/ProfDrRalfHoecker.jpg"},"0":null,"1":"","2":"","3":"","4":"","5":"","6":"","7":"","8":"","9":"","10":"","11":""}],"_links":{"self":[{"href":"https:\/\/www.hoecker.eu\/blog\/wp-json\/wp\/v2\/posts\/8113","targetHints":{"allow":["GET"]}}],"collection":[{"href":"https:\/\/www.hoecker.eu\/blog\/wp-json\/wp\/v2\/posts"}],"about":[{"href":"https:\/\/www.hoecker.eu\/blog\/wp-json\/wp\/v2\/types\/post"}],"author":[{"embeddable":true,"href":"https:\/\/www.hoecker.eu\/blog\/wp-json\/wp\/v2\/users\/1"}],"replies":[{"embeddable":true,"href":"https:\/\/www.hoecker.eu\/blog\/wp-json\/wp\/v2\/comments?post=8113"}],"version-history":[{"count":1,"href":"https:\/\/www.hoecker.eu\/blog\/wp-json\/wp\/v2\/posts\/8113\/revisions"}],"predecessor-version":[{"id":9235,"href":"https:\/\/www.hoecker.eu\/blog\/wp-json\/wp\/v2\/posts\/8113\/revisions\/9235"}],"wp:attachment":[{"href":"https:\/\/www.hoecker.eu\/blog\/wp-json\/wp\/v2\/media?parent=8113"}],"wp:term":[{"taxonomy":"category","embeddable":true,"href":"https:\/\/www.hoecker.eu\/blog\/wp-json\/wp\/v2\/categories?post=8113"},{"taxonomy":"post_tag","embeddable":true,"href":"https:\/\/www.hoecker.eu\/blog\/wp-json\/wp\/v2\/tags?post=8113"},{"taxonomy":"hashtags","embeddable":true,"href":"https:\/\/www.hoecker.eu\/blog\/wp-json\/wp\/v2\/hashtags?post=8113"},{"taxonomy":"author","embeddable":true,"href":"https:\/\/www.hoecker.eu\/blog\/wp-json\/wp\/v2\/ppma_author?post=8113"}],"curies":[{"name":"wp","href":"https:\/\/api.w.org\/{rel}","templated":true}]}}