{"id":8110,"date":"2024-11-04T12:06:00","date_gmt":"2024-11-04T11:06:00","guid":{"rendered":"https:\/\/www.hoecker.eu\/blog\/keine-zeit-fuer-recherche-so-rechtfertigt-das-zdf-die-falsche-correctiv-berichterstattung\/"},"modified":"2025-02-17T14:53:08","modified_gmt":"2025-02-17T13:53:08","slug":"keine-zeit-fuer-recherche-so-rechtfertigt-das-zdf-die-falsche-correctiv-berichterstattung","status":"publish","type":"post","link":"https:\/\/www.hoecker.eu\/blog\/keine-zeit-fuer-recherche-so-rechtfertigt-das-zdf-die-falsche-correctiv-berichterstattung\/","title":{"rendered":"Keine Zeit f\u00fcr Recherche \u2013 so rechtfertigt das ZDF die falsche Correctiv-Berichterstattung"},"content":{"rendered":"<p>Am Mittwochabend des 10.01.2024 erfuhren die Zuschauer des heute journal im ZDF von aufsehenerregenden Rechercheergebnissen zum Potsdam-Treffen. Correctiv hatte morgens einen Bericht \u00fcber ein Treffen von Unternehmern, Politikern und politischen Aktivisten in Potsdam ver\u00f6ffentlicht. Tagesaktuell sendete das Nachrichten-Flaggschiff des ZDF, das heute journal, einen Beitrag zum Thema. Darin erfuhren die Zuschauer, in Potsdam sei die \u201eDeportation von Millionen Menschen auch mit deutscher Staatsb\u00fcrgerschaft\u201c geplant worden. Au\u00dferdem sei es dort um die Idee gegangen, Millionen Menschen \u201eabzuschieben\u201c, \u201eauch solche mit deutschem Pass\u201c. <\/p>\n<p><strong>Bericht zu Deportationspl\u00e4nen verboten <\/strong><\/p>\n<p>Doch diese Aussagen waren falsch! Das hat nun das Landgericht Hamburg festgestellt und dem ZDF mit einstweiliger Verf\u00fcgung (n.rk.) die falschen Behauptungen verboten. Die heute journal-Redaktion des ZDF ging dabei den nebul\u00f6sen Wertungen des Correctiv-Berichts auf den Leim, dass es in Potsdam um die Abschiebung von deutschen Staatsb\u00fcrgern gegangen sei. Damit ist das ZDF nicht allein, denn anderen Presseorganisationen unterliefen im \u00dcberbietungswettbewerb um die angsteinfl\u00f6\u00dfendste Schlagzeile zum Potsdam-Treffen \u00e4hnlich grobe journalistische Fehler, die von diversen Gerichten verboten wurden. Ein erheblicher Schaden entstand dabei den Teilnehmern des Treffens, die sich zwar gegen die falschen Darstellungen und Berichterstattungen in zahlreichen Verfahren erfolgreich vor Gericht wehrten, aber bis heute um ihren Ruf k\u00e4mpfen. <\/p>\n<p><strong>ZDF ignorierte Gerichtsentscheidungen<\/strong><\/p>\n<p>Auf die Idee, die Teilnehmer des Potsdam-Treffens vor einer derart rei\u00dferischen Berichterstattung anzuh\u00f6ren, um die irref\u00fchrenden Wertungen von Correctiv nachzurecherchieren, kam das ZDF nicht. Jedenfalls bei Dr. Ulrich Vosgerau (CDU) meldete sich vor der reichweitenstarken Berichterstattung des heute journal niemand. Das ist bereits ein journalistisches Versagen, aber auch nachtr\u00e4glich kam das ZDF seiner journalistischen Sorgfaltspflicht nicht nach: Das ZDF ignorierte \u00fcber zehn Monate lang die aktuellen Entwicklungen rund um das Potsdam-Treffen. Obwohl Dr. Vosgerau seit Monaten identische Falschdarstellungen gegen\u00fcber Dritten gerichtlich verbieten lie\u00df, verbreitete das ZDF seinen falschen Bericht online weiter. Dieses eklatante Fehlverhalten kritisierte das Landgericht Hamburg daher zus\u00e4tzlich in seiner Verbotsbegr\u00fcndung.<\/p>\n<p><strong>ZDF ist Zeitdruck nicht gewachsen<\/strong><\/p>\n<p>Aberwitzig war au\u00dferdem die Strategie der Verteidigung. Vor Gericht argumentierte das ZDF, dass ihm \u201eim Rahmen der tagesaktuellen Berichterstattung eigene Nachrecherchen aus Zeitgr\u00fcnden in aller Regel nicht m\u00f6glich seien\u201c. Dieser naive Einwand ist besonders bemerkenswert, da es m\u00fchelos m\u00f6glich gewesen w\u00e4re, Teilnehmer wie Dr. Vosgerau kurzfristig per E-Mail oder telefonisch zu befragen. Man hatte also beim ZDF offensichtlich kein Interesse daran, die rei\u00dferischen Wertungen von Correctiv kritisch zu hinterfragen.<\/p>\n<p>Carsten Brennecke<em>: \u201eIch empfehle dem ZDF dringend, einen Blick in den Pressekodex zu werfen. Darin hei\u00dft es: \u201eRecherche ist unverzichtbares Instrument journalistischer Sorgfalt. Zur Ver\u00f6ffentlichung bestimmte Informationen sind mit der nach den Umst\u00e4nden gebotenen Sorgfalt auf ihren Wahrheitsgehalt zu pr\u00fcfen und wahrheitsgetreu wiederzugeben.\u201c Wenn sich die Hauptnachrichtensendung des ZDF, das heute journal, nicht in der Lage sieht, den Wahrheitsgehalt tagesaktueller Berichte \u00fcber eine eigene Recherche zu \u00fcberpr\u00fcfen, ist dies eine Bankrotterkl\u00e4rung und besch\u00e4digt das Ansehen des ohnehin angeschlagenen \u00d6RR zus\u00e4tzlich.\u201c<\/em><\/p>\n","protected":false},"excerpt":{"rendered":"<p>Am Mittwochabend des 10.01.2024 erfuhren die Zuschauer des heute journal im ZDF von aufsehenerregenden Rechercheergebnissen zum Potsdam-Treffen. Correctiv hatte morgens einen Bericht \u00fcber ein Treffen von Unternehmern, Politikern und politischen Aktivisten in Potsdam ver\u00f6ffentlicht. Tagesaktuell sendete das Nachrichten-Flaggschiff des ZDF, das heute journal, einen Beitrag zum Thema. Darin erfuhren die Zuschauer, in Potsdam sei die [&hellip;]<\/p>\n","protected":false},"author":1,"featured_media":0,"comment_status":"closed","ping_status":"closed","sticky":false,"template":"","format":"standard","meta":{"_has_post_settings":[],"footnotes":""},"categories":[15],"tags":[],"hashtags":[],"ppma_author":[84],"class_list":["post-8110","post","type-post","status-publish","format-standard","hentry","category-news","author-hoecker_adm"],"yoast_head":"<!-- This site is optimized with the Yoast SEO Premium plugin v25.9 (Yoast SEO v27.0) - https:\/\/yoast.com\/product\/yoast-seo-premium-wordpress\/ -->\n<title>Keine Zeit f\u00fcr Recherche \u2013 so rechtfertigt das ZDF die falsche Correctiv-Berichterstattung - H\u00d6CKER - der Blog<\/title>\n<meta name=\"robots\" content=\"index, follow, max-snippet:-1, max-image-preview:large, max-video-preview:-1\" \/>\n<link rel=\"canonical\" href=\"https:\/\/www.hoecker.eu\/blog\/keine-zeit-fuer-recherche-so-rechtfertigt-das-zdf-die-falsche-correctiv-berichterstattung\/\" \/>\n<meta property=\"og:locale\" content=\"de_DE\" \/>\n<meta property=\"og:type\" content=\"article\" \/>\n<meta property=\"og:title\" content=\"Keine Zeit f\u00fcr Recherche \u2013 so rechtfertigt das ZDF die falsche Correctiv-Berichterstattung\" \/>\n<meta property=\"og:description\" content=\"Am Mittwochabend des 10.01.2024 erfuhren die Zuschauer des heute journal im ZDF von aufsehenerregenden Rechercheergebnissen zum Potsdam-Treffen. Correctiv hatte morgens einen Bericht \u00fcber ein Treffen von Unternehmern, Politikern und politischen Aktivisten in Potsdam ver\u00f6ffentlicht. Tagesaktuell sendete das Nachrichten-Flaggschiff des ZDF, das heute journal, einen Beitrag zum Thema. Darin erfuhren die Zuschauer, in Potsdam sei die [&hellip;]\" \/>\n<meta property=\"og:url\" content=\"https:\/\/www.hoecker.eu\/blog\/keine-zeit-fuer-recherche-so-rechtfertigt-das-zdf-die-falsche-correctiv-berichterstattung\/\" \/>\n<meta property=\"og:site_name\" content=\"H\u00d6CKER - der Blog\" \/>\n<meta property=\"article:publisher\" content=\"https:\/\/www.facebook.com\/HoeckerRAe\/\" \/>\n<meta property=\"article:author\" content=\"https:\/\/www.facebook.com\/ralf.hoecker\" \/>\n<meta property=\"article:published_time\" content=\"2024-11-04T11:06:00+00:00\" \/>\n<meta property=\"article:modified_time\" content=\"2025-02-17T13:53:08+00:00\" \/>\n<meta name=\"author\" content=\"Prof. Dr. Ralf H\u00f6cker\" \/>\n<meta name=\"twitter:card\" content=\"summary_large_image\" \/>\n<meta name=\"twitter:creator\" content=\"@Ralf_Hoecker\" \/>\n<meta name=\"twitter:site\" content=\"@hoecker_rae\" \/>\n<meta name=\"twitter:label1\" content=\"Verfasst von\" \/>\n\t<meta name=\"twitter:data1\" content=\"Prof. Dr. Ralf H\u00f6cker\" \/>\n\t<meta name=\"twitter:label2\" content=\"Gesch\u00e4tzte Lesezeit\" \/>\n\t<meta name=\"twitter:data2\" content=\"2\u00a0Minuten\" \/>\n<script type=\"application\/ld+json\" class=\"yoast-schema-graph\">{\"@context\":\"https:\/\/schema.org\",\"@graph\":[{\"@type\":\"Article\",\"@id\":\"https:\/\/www.hoecker.eu\/blog\/keine-zeit-fuer-recherche-so-rechtfertigt-das-zdf-die-falsche-correctiv-berichterstattung\/#article\",\"isPartOf\":{\"@id\":\"https:\/\/www.hoecker.eu\/blog\/keine-zeit-fuer-recherche-so-rechtfertigt-das-zdf-die-falsche-correctiv-berichterstattung\/\"},\"author\":{\"name\":\"Prof. Dr. Ralf H\u00f6cker\",\"@id\":\"https:\/\/www.hoecker.eu\/blog\/#\/schema\/person\/08f95581eed0534eccd0b2438f7a1cab\"},\"headline\":\"Keine Zeit f\u00fcr Recherche \u2013 so rechtfertigt das ZDF die falsche Correctiv-Berichterstattung\",\"datePublished\":\"2024-11-04T11:06:00+00:00\",\"dateModified\":\"2025-02-17T13:53:08+00:00\",\"mainEntityOfPage\":{\"@id\":\"https:\/\/www.hoecker.eu\/blog\/keine-zeit-fuer-recherche-so-rechtfertigt-das-zdf-die-falsche-correctiv-berichterstattung\/\"},\"wordCount\":498,\"publisher\":{\"@id\":\"https:\/\/www.hoecker.eu\/blog\/#organization\"},\"articleSection\":[\"News\"],\"inLanguage\":\"de\"},{\"@type\":\"WebPage\",\"@id\":\"https:\/\/www.hoecker.eu\/blog\/keine-zeit-fuer-recherche-so-rechtfertigt-das-zdf-die-falsche-correctiv-berichterstattung\/\",\"url\":\"https:\/\/www.hoecker.eu\/blog\/keine-zeit-fuer-recherche-so-rechtfertigt-das-zdf-die-falsche-correctiv-berichterstattung\/\",\"name\":\"Keine Zeit f\u00fcr Recherche \u2013 so rechtfertigt das ZDF die falsche Correctiv-Berichterstattung - H\u00d6CKER - der Blog\",\"isPartOf\":{\"@id\":\"https:\/\/www.hoecker.eu\/blog\/#website\"},\"datePublished\":\"2024-11-04T11:06:00+00:00\",\"dateModified\":\"2025-02-17T13:53:08+00:00\",\"breadcrumb\":{\"@id\":\"https:\/\/www.hoecker.eu\/blog\/keine-zeit-fuer-recherche-so-rechtfertigt-das-zdf-die-falsche-correctiv-berichterstattung\/#breadcrumb\"},\"inLanguage\":\"de\",\"potentialAction\":[{\"@type\":\"ReadAction\",\"target\":[\"https:\/\/www.hoecker.eu\/blog\/keine-zeit-fuer-recherche-so-rechtfertigt-das-zdf-die-falsche-correctiv-berichterstattung\/\"]}]},{\"@type\":\"BreadcrumbList\",\"@id\":\"https:\/\/www.hoecker.eu\/blog\/keine-zeit-fuer-recherche-so-rechtfertigt-das-zdf-die-falsche-correctiv-berichterstattung\/#breadcrumb\",\"itemListElement\":[{\"@type\":\"ListItem\",\"position\":1,\"name\":\"Startseite\",\"item\":\"https:\/\/dev.hoecker.eu\/blog\/\"},{\"@type\":\"ListItem\",\"position\":2,\"name\":\"Keine Zeit f\u00fcr Recherche \u2013 so rechtfertigt das ZDF die falsche Correctiv-Berichterstattung\"}]},{\"@type\":\"WebSite\",\"@id\":\"https:\/\/www.hoecker.eu\/blog\/#website\",\"url\":\"https:\/\/www.hoecker.eu\/blog\/\",\"name\":\"H\u00d6CKER - der Blog\",\"description\":\"Expertenblog f\u00fcr \u00c4u\u00dferungs-, Medien-, Marken-, Urheber- und Wettbewerbsrecht.\",\"publisher\":{\"@id\":\"https:\/\/www.hoecker.eu\/blog\/#organization\"},\"potentialAction\":[{\"@type\":\"SearchAction\",\"target\":{\"@type\":\"EntryPoint\",\"urlTemplate\":\"https:\/\/www.hoecker.eu\/blog\/?s={search_term_string}\"},\"query-input\":{\"@type\":\"PropertyValueSpecification\",\"valueRequired\":true,\"valueName\":\"search_term_string\"}}],\"inLanguage\":\"de\"},{\"@type\":\"Organization\",\"@id\":\"https:\/\/www.hoecker.eu\/blog\/#organization\",\"name\":\"H\u00d6CKER Rechtsanw\u00e4lte PartGmbB\",\"alternateName\":\"H\u00d6CKER\",\"url\":\"https:\/\/www.hoecker.eu\/blog\/\",\"logo\":{\"@type\":\"ImageObject\",\"inLanguage\":\"de\",\"@id\":\"https:\/\/www.hoecker.eu\/blog\/#\/schema\/logo\/image\/\",\"url\":\"https:\/\/www.hoecker.eu\/blog\/wp-content\/uploads\/2025\/03\/Blog-Logo.webp\",\"contentUrl\":\"https:\/\/www.hoecker.eu\/blog\/wp-content\/uploads\/2025\/03\/Blog-Logo.webp\",\"width\":500,\"height\":500,\"caption\":\"H\u00d6CKER Rechtsanw\u00e4lte PartGmbB\"},\"image\":{\"@id\":\"https:\/\/www.hoecker.eu\/blog\/#\/schema\/logo\/image\/\"},\"sameAs\":[\"https:\/\/www.facebook.com\/HoeckerRAe\/\",\"https:\/\/x.com\/hoecker_rae\",\"https:\/\/www.linkedin.com\/company\/hcker-rechtsanwlte\/\",\"https:\/\/www.instagram.com\/hoecker_rae\/\"],\"email\":\"contact@hoecker.eu\",\"telephone\":\"+ 49 (0)221-933 19-10\",\"legalName\":\"H\u00d6CKER Rechtsanw\u00e4lte PartGmbB\",\"numberOfEmployees\":{\"@type\":\"QuantitativeValue\",\"minValue\":\"11\",\"maxValue\":\"50\"}},{\"@type\":\"Person\",\"@id\":\"https:\/\/www.hoecker.eu\/blog\/#\/schema\/person\/08f95581eed0534eccd0b2438f7a1cab\",\"name\":\"Prof. Dr. Ralf H\u00f6cker\",\"description\":\"Medienanwalt. Besch\u00fctzer vor mieser Presse\",\"sameAs\":[\"https:\/\/www.hoecker.eu\/wer\/prof-dr-ralf-hoecker\",\"https:\/\/www.facebook.com\/ralf.hoecker\",\"https:\/\/www.linkedin.com\/in\/prof-dr-ralf-hcker-ll-m-london-17987826\/\",\"https:\/\/x.com\/Ralf_Hoecker\"],\"url\":\"https:\/\/www.hoecker.eu\/blog\/author\/hoecker_adm\/\"}]}<\/script>\n<!-- \/ Yoast SEO Premium plugin. -->","yoast_head_json":{"title":"Keine Zeit f\u00fcr Recherche \u2013 so rechtfertigt das ZDF die falsche Correctiv-Berichterstattung - H\u00d6CKER - der Blog","robots":{"index":"index","follow":"follow","max-snippet":"max-snippet:-1","max-image-preview":"max-image-preview:large","max-video-preview":"max-video-preview:-1"},"canonical":"https:\/\/www.hoecker.eu\/blog\/keine-zeit-fuer-recherche-so-rechtfertigt-das-zdf-die-falsche-correctiv-berichterstattung\/","og_locale":"de_DE","og_type":"article","og_title":"Keine Zeit f\u00fcr Recherche \u2013 so rechtfertigt das ZDF die falsche Correctiv-Berichterstattung","og_description":"Am Mittwochabend des 10.01.2024 erfuhren die Zuschauer des heute journal im ZDF von aufsehenerregenden Rechercheergebnissen zum Potsdam-Treffen. Correctiv hatte morgens einen Bericht \u00fcber ein Treffen von Unternehmern, Politikern und politischen Aktivisten in Potsdam ver\u00f6ffentlicht. Tagesaktuell sendete das Nachrichten-Flaggschiff des ZDF, das heute journal, einen Beitrag zum Thema. Darin erfuhren die Zuschauer, in Potsdam sei die [&hellip;]","og_url":"https:\/\/www.hoecker.eu\/blog\/keine-zeit-fuer-recherche-so-rechtfertigt-das-zdf-die-falsche-correctiv-berichterstattung\/","og_site_name":"H\u00d6CKER - der Blog","article_publisher":"https:\/\/www.facebook.com\/HoeckerRAe\/","article_author":"https:\/\/www.facebook.com\/ralf.hoecker","article_published_time":"2024-11-04T11:06:00+00:00","article_modified_time":"2025-02-17T13:53:08+00:00","author":"Prof. Dr. Ralf H\u00f6cker","twitter_card":"summary_large_image","twitter_creator":"@Ralf_Hoecker","twitter_site":"@hoecker_rae","twitter_misc":{"Verfasst von":"Prof. Dr. Ralf H\u00f6cker","Gesch\u00e4tzte Lesezeit":"2\u00a0Minuten"},"schema":{"@context":"https:\/\/schema.org","@graph":[{"@type":"Article","@id":"https:\/\/www.hoecker.eu\/blog\/keine-zeit-fuer-recherche-so-rechtfertigt-das-zdf-die-falsche-correctiv-berichterstattung\/#article","isPartOf":{"@id":"https:\/\/www.hoecker.eu\/blog\/keine-zeit-fuer-recherche-so-rechtfertigt-das-zdf-die-falsche-correctiv-berichterstattung\/"},"author":{"name":"Prof. Dr. Ralf H\u00f6cker","@id":"https:\/\/www.hoecker.eu\/blog\/#\/schema\/person\/08f95581eed0534eccd0b2438f7a1cab"},"headline":"Keine Zeit f\u00fcr Recherche \u2013 so rechtfertigt das ZDF die falsche Correctiv-Berichterstattung","datePublished":"2024-11-04T11:06:00+00:00","dateModified":"2025-02-17T13:53:08+00:00","mainEntityOfPage":{"@id":"https:\/\/www.hoecker.eu\/blog\/keine-zeit-fuer-recherche-so-rechtfertigt-das-zdf-die-falsche-correctiv-berichterstattung\/"},"wordCount":498,"publisher":{"@id":"https:\/\/www.hoecker.eu\/blog\/#organization"},"articleSection":["News"],"inLanguage":"de"},{"@type":"WebPage","@id":"https:\/\/www.hoecker.eu\/blog\/keine-zeit-fuer-recherche-so-rechtfertigt-das-zdf-die-falsche-correctiv-berichterstattung\/","url":"https:\/\/www.hoecker.eu\/blog\/keine-zeit-fuer-recherche-so-rechtfertigt-das-zdf-die-falsche-correctiv-berichterstattung\/","name":"Keine Zeit f\u00fcr Recherche \u2013 so rechtfertigt das ZDF die falsche Correctiv-Berichterstattung - H\u00d6CKER - der Blog","isPartOf":{"@id":"https:\/\/www.hoecker.eu\/blog\/#website"},"datePublished":"2024-11-04T11:06:00+00:00","dateModified":"2025-02-17T13:53:08+00:00","breadcrumb":{"@id":"https:\/\/www.hoecker.eu\/blog\/keine-zeit-fuer-recherche-so-rechtfertigt-das-zdf-die-falsche-correctiv-berichterstattung\/#breadcrumb"},"inLanguage":"de","potentialAction":[{"@type":"ReadAction","target":["https:\/\/www.hoecker.eu\/blog\/keine-zeit-fuer-recherche-so-rechtfertigt-das-zdf-die-falsche-correctiv-berichterstattung\/"]}]},{"@type":"BreadcrumbList","@id":"https:\/\/www.hoecker.eu\/blog\/keine-zeit-fuer-recherche-so-rechtfertigt-das-zdf-die-falsche-correctiv-berichterstattung\/#breadcrumb","itemListElement":[{"@type":"ListItem","position":1,"name":"Startseite","item":"https:\/\/dev.hoecker.eu\/blog\/"},{"@type":"ListItem","position":2,"name":"Keine Zeit f\u00fcr Recherche \u2013 so rechtfertigt das ZDF die falsche Correctiv-Berichterstattung"}]},{"@type":"WebSite","@id":"https:\/\/www.hoecker.eu\/blog\/#website","url":"https:\/\/www.hoecker.eu\/blog\/","name":"H\u00d6CKER - der Blog","description":"Expertenblog f\u00fcr \u00c4u\u00dferungs-, Medien-, Marken-, Urheber- und Wettbewerbsrecht.","publisher":{"@id":"https:\/\/www.hoecker.eu\/blog\/#organization"},"potentialAction":[{"@type":"SearchAction","target":{"@type":"EntryPoint","urlTemplate":"https:\/\/www.hoecker.eu\/blog\/?s={search_term_string}"},"query-input":{"@type":"PropertyValueSpecification","valueRequired":true,"valueName":"search_term_string"}}],"inLanguage":"de"},{"@type":"Organization","@id":"https:\/\/www.hoecker.eu\/blog\/#organization","name":"H\u00d6CKER Rechtsanw\u00e4lte PartGmbB","alternateName":"H\u00d6CKER","url":"https:\/\/www.hoecker.eu\/blog\/","logo":{"@type":"ImageObject","inLanguage":"de","@id":"https:\/\/www.hoecker.eu\/blog\/#\/schema\/logo\/image\/","url":"https:\/\/www.hoecker.eu\/blog\/wp-content\/uploads\/2025\/03\/Blog-Logo.webp","contentUrl":"https:\/\/www.hoecker.eu\/blog\/wp-content\/uploads\/2025\/03\/Blog-Logo.webp","width":500,"height":500,"caption":"H\u00d6CKER Rechtsanw\u00e4lte PartGmbB"},"image":{"@id":"https:\/\/www.hoecker.eu\/blog\/#\/schema\/logo\/image\/"},"sameAs":["https:\/\/www.facebook.com\/HoeckerRAe\/","https:\/\/x.com\/hoecker_rae","https:\/\/www.linkedin.com\/company\/hcker-rechtsanwlte\/","https:\/\/www.instagram.com\/hoecker_rae\/"],"email":"contact@hoecker.eu","telephone":"+ 49 (0)221-933 19-10","legalName":"H\u00d6CKER Rechtsanw\u00e4lte PartGmbB","numberOfEmployees":{"@type":"QuantitativeValue","minValue":"11","maxValue":"50"}},{"@type":"Person","@id":"https:\/\/www.hoecker.eu\/blog\/#\/schema\/person\/08f95581eed0534eccd0b2438f7a1cab","name":"Prof. Dr. Ralf H\u00f6cker","description":"Medienanwalt. Besch\u00fctzer vor mieser Presse","sameAs":["https:\/\/www.hoecker.eu\/wer\/prof-dr-ralf-hoecker","https:\/\/www.facebook.com\/ralf.hoecker","https:\/\/www.linkedin.com\/in\/prof-dr-ralf-hcker-ll-m-london-17987826\/","https:\/\/x.com\/Ralf_Hoecker"],"url":"https:\/\/www.hoecker.eu\/blog\/author\/hoecker_adm\/"}]}},"authors":[{"term_id":84,"user_id":1,"is_guest":0,"slug":"hoecker_adm","display_name":"Prof. Dr. Ralf H\u00f6cker","avatar_url":{"url":"https:\/\/www.hoecker.eu\/blog\/wp-content\/uploads\/2023\/12\/ProfDrRalfHoecker.jpg","url2x":"https:\/\/www.hoecker.eu\/blog\/wp-content\/uploads\/2023\/12\/ProfDrRalfHoecker.jpg"},"0":null,"1":"","2":"","3":"","4":"","5":"","6":"","7":"","8":"","9":"","10":"","11":""}],"_links":{"self":[{"href":"https:\/\/www.hoecker.eu\/blog\/wp-json\/wp\/v2\/posts\/8110","targetHints":{"allow":["GET"]}}],"collection":[{"href":"https:\/\/www.hoecker.eu\/blog\/wp-json\/wp\/v2\/posts"}],"about":[{"href":"https:\/\/www.hoecker.eu\/blog\/wp-json\/wp\/v2\/types\/post"}],"author":[{"embeddable":true,"href":"https:\/\/www.hoecker.eu\/blog\/wp-json\/wp\/v2\/users\/1"}],"replies":[{"embeddable":true,"href":"https:\/\/www.hoecker.eu\/blog\/wp-json\/wp\/v2\/comments?post=8110"}],"version-history":[{"count":1,"href":"https:\/\/www.hoecker.eu\/blog\/wp-json\/wp\/v2\/posts\/8110\/revisions"}],"predecessor-version":[{"id":9233,"href":"https:\/\/www.hoecker.eu\/blog\/wp-json\/wp\/v2\/posts\/8110\/revisions\/9233"}],"wp:attachment":[{"href":"https:\/\/www.hoecker.eu\/blog\/wp-json\/wp\/v2\/media?parent=8110"}],"wp:term":[{"taxonomy":"category","embeddable":true,"href":"https:\/\/www.hoecker.eu\/blog\/wp-json\/wp\/v2\/categories?post=8110"},{"taxonomy":"post_tag","embeddable":true,"href":"https:\/\/www.hoecker.eu\/blog\/wp-json\/wp\/v2\/tags?post=8110"},{"taxonomy":"hashtags","embeddable":true,"href":"https:\/\/www.hoecker.eu\/blog\/wp-json\/wp\/v2\/hashtags?post=8110"},{"taxonomy":"author","embeddable":true,"href":"https:\/\/www.hoecker.eu\/blog\/wp-json\/wp\/v2\/ppma_author?post=8110"}],"curies":[{"name":"wp","href":"https:\/\/api.w.org\/{rel}","templated":true}]}}