{"id":8109,"date":"2024-11-08T10:09:00","date_gmt":"2024-11-08T09:09:00","guid":{"rendered":"https:\/\/www.hoecker.eu\/blog\/verschleiern-verzoegern-verwirren-so-berichtet-der-swr-unwahr-zu-correctiv\/"},"modified":"2025-02-17T14:53:07","modified_gmt":"2025-02-17T13:53:07","slug":"verschleiern-verzoegern-verwirren-so-berichtet-der-swr-unwahr-zu-correctiv","status":"publish","type":"post","link":"https:\/\/www.hoecker.eu\/blog\/verschleiern-verzoegern-verwirren-so-berichtet-der-swr-unwahr-zu-correctiv\/","title":{"rendered":"Verschleiern, verz\u00f6gern, verwirren &#8211; so berichtet der SWR unwahr zu Correctiv"},"content":{"rendered":"<p><strong>Gericht verbietet SWR falsche Behauptungen in Correctiv-Bericht <\/strong><\/p>\n<p>Anfang Februar ver\u00f6ffentlicht der SWR einen Artikel \u00fcber den Correctiv-Bericht, der hunderttausende Menschen Anfang des Jahres zu Demos auf die Stra\u00dfen lockt. Unter dem Titel \u201e<em>Darum geht es in dem Correctiv-Bericht, das ist bekannt!\u201c<\/em> schreibt der SWR etwa drei Wochen nach Erscheinen des aufsehenerregenden Berichts zusammen, was seiner Meinung nach Fakt ist. Dabei unterlaufen dem \u00f6ffentlich-rechtlichen Sender zahlreiche Fehler, er verbreitet Falschmeldungen statt Fakten. Diese hat das Landgericht Hamburg jetzt mit einstweiliger Verf\u00fcgung verboten (n.rk.).<\/p>\n<p><strong>Die Fantasien des SWR<\/strong><\/p>\n<p>Und damit zur\u00fcck zum Artikel vom 04.02.2024: Darin fasst der SWR sein Verst\u00e4ndnis der im Correctiv-Bericht skizzierten Pl\u00e4ne des Potsdam-Treffens wie folgt zusammen: Die Regierungs\u00fcbernahme der AfD sei \u201eanvisiert\u201c worden. Der Plan habe den Erlass \u201ema\u00dfgeschneiderter Gesetze\u201c vorgesehen, mit denen \u201edeutsche Staatsb\u00fcrger mit Migrationshintergrund ausgewiesen\u201c werden sollten. Doch damit nicht genug, auch die Ausweisung von \u201eunliebsamen Deutschen\u201c sei geplant worden, wenn sie sich bspw. f\u00fcr Fl\u00fcchtlinge einsetzen. <\/p>\n<p>Das alles ist falsch! In Potsdam wurde keine Regierungs\u00fcbernahme der AfD anvisiert. Erst recht gab es keinen Plan, mit ma\u00dfgeschneiderten Gesetzen, deutsche Staatsb\u00fcrger mit Migrationshintergrund auszuweisen. Und auch ein Plan \u201eunliebsame Deutsche\u201c auszuweisen, wenn sie sich bspw. f\u00fcr Fl\u00fcchtlinge einsetzen, ist pure Erfindung. Der SWR hat damit ein Verbot zu gleich drei Falschbehauptungen kassiert.<\/p>\n<p><strong>SWR als schlechter Verlierer<\/strong><\/p>\n<\/p>\n<p>Mit der Korrektur der falschen Angaben hatte es der SWR nicht eilig. Der Sender ignoriert zuerst monatelang zahlreiche Berichte von kritischen Journalisten und Rechtsexperten, die fr\u00fch die Behauptungen im SWR-Artikel widerlegen: Mit Blick auf die Ausweisung deutscher Staatsb\u00fcrger hat Correctiv nie Tatsachen verbreitet, sondern lediglich irref\u00fchrende Wertungen zusammengeschrieben. Au\u00dferdem entgeht dem SWR das Einknicken von Correctiv vor Gericht: Correctiv gab zu, dass man nicht als Tatsache \u00fcber eine Ausweisung deutscher Staatsb\u00fcrger berichtet hat. Erst die Abmahnung des durch H\u00d6CKER vertretenen Teilnehmers am Potsdam-Treffen Dr. Ulrich Vosgerau (CDU) bringt Bewegung in die Sache. Der SWR korrigiert seinen Bericht im September, also sieben Monate nach Erscheinen des Artikels. <\/p>\n<p>Wir halten fest: Der SWR tut sich schwer, andere Texte zu verstehen und korrekt wiederzugeben. Damit ist er nicht allein, denn zahlreiche andere Journalisten hatten Probleme mit der Trennsch\u00e4rfe zwischen Fakt und Wertung im Correctiv-Bericht. Diese Schw\u00e4che h\u00e4tte der SWR allerdings durch einfaches journalistisches Handwerk ausgleichen k\u00f6nnen. Ein Anruf oder eine schriftliche Anfrage bei Dr. Vosgerau, in dessen Namen das Verbot gegen den SWR ergeht, h\u00e4tte Klarheit bringen k\u00f6nnen und eine falsche Berichterstattung vermieden. Doch auch hier blieb das Postfach leer und das Telefon stumm. <\/p>\n<p><strong>SWR vertuscht <\/strong><\/p>\n<p>Der SWR hat den Text inzwischen korrigiert. Gegen\u00fcber seinen Lesern verschleiert er aber die Gr\u00fcnde: Der SWR, spricht von einem \u201eTransparenzhinweis\u201c zur Textanpassung und von \u201emissverst\u00e4ndlichen Formulierungen\u201c, die man verwendet und nun \u201epr\u00e4zisiert\u201c habe. Damit l\u00e4sst er die Leserschaft im Unklaren dar\u00fcber, welche Informationen falsch waren und wie die richtigen Informationen lauten. Ein ordentlicher Transparenzhinweis benennt Fehler konkret und korrigiert.<\/p>\n<p>Dr. Carsten Brennecke: \u201e<em>Der SWR-Bericht ist ein Musterbeispiel f\u00fcr schlechten Journalismus. Er zeigt, dass die SWR-Journalisten nicht in der Lage waren, bei der Lekt\u00fcre des Correctiv-Berichts zwischen wolkigen Wertungen und tats\u00e4chlich recherchierten Fakten zu unterscheiden. Hinzu kommt, dass der SWR keine ordentliche und faire Nachrecherche durch Befragung der Teilnehmer durchf\u00fchrte. Auch die Verschleierungsversuche nach der Anpassung des Berichts st\u00e4rken nicht das Vertrauen in den SWR.\u201c<\/em><\/p>\n","protected":false},"excerpt":{"rendered":"<p>Gericht verbietet SWR falsche Behauptungen in Correctiv-Bericht Anfang Februar ver\u00f6ffentlicht der SWR einen Artikel \u00fcber den Correctiv-Bericht, der hunderttausende Menschen Anfang des Jahres zu Demos auf die Stra\u00dfen lockt. Unter dem Titel \u201eDarum geht es in dem Correctiv-Bericht, das ist bekannt!\u201c schreibt der SWR etwa drei Wochen nach Erscheinen des aufsehenerregenden Berichts zusammen, was seiner [&hellip;]<\/p>\n","protected":false},"author":1,"featured_media":0,"comment_status":"closed","ping_status":"closed","sticky":false,"template":"","format":"standard","meta":{"_has_post_settings":[],"footnotes":""},"categories":[15],"tags":[],"hashtags":[],"ppma_author":[84],"class_list":["post-8109","post","type-post","status-publish","format-standard","hentry","category-news","author-hoecker_adm"],"yoast_head":"<!-- This site is optimized with the Yoast SEO Premium plugin v25.9 (Yoast SEO v27.0) - https:\/\/yoast.com\/product\/yoast-seo-premium-wordpress\/ -->\n<title>Verschleiern, verz\u00f6gern, verwirren - so berichtet der SWR unwahr zu Correctiv - H\u00d6CKER - der Blog<\/title>\n<meta name=\"robots\" content=\"index, follow, max-snippet:-1, max-image-preview:large, max-video-preview:-1\" \/>\n<link rel=\"canonical\" href=\"https:\/\/www.hoecker.eu\/blog\/verschleiern-verzoegern-verwirren-so-berichtet-der-swr-unwahr-zu-correctiv\/\" \/>\n<meta property=\"og:locale\" content=\"de_DE\" \/>\n<meta property=\"og:type\" content=\"article\" \/>\n<meta property=\"og:title\" content=\"Verschleiern, verz\u00f6gern, verwirren - so berichtet der SWR unwahr zu Correctiv\" \/>\n<meta property=\"og:description\" content=\"Gericht verbietet SWR falsche Behauptungen in Correctiv-Bericht Anfang Februar ver\u00f6ffentlicht der SWR einen Artikel \u00fcber den Correctiv-Bericht, der hunderttausende Menschen Anfang des Jahres zu Demos auf die Stra\u00dfen lockt. Unter dem Titel \u201eDarum geht es in dem Correctiv-Bericht, das ist bekannt!\u201c schreibt der SWR etwa drei Wochen nach Erscheinen des aufsehenerregenden Berichts zusammen, was seiner [&hellip;]\" \/>\n<meta property=\"og:url\" content=\"https:\/\/www.hoecker.eu\/blog\/verschleiern-verzoegern-verwirren-so-berichtet-der-swr-unwahr-zu-correctiv\/\" \/>\n<meta property=\"og:site_name\" content=\"H\u00d6CKER - der Blog\" \/>\n<meta property=\"article:publisher\" content=\"https:\/\/www.facebook.com\/HoeckerRAe\/\" \/>\n<meta property=\"article:author\" content=\"https:\/\/www.facebook.com\/ralf.hoecker\" \/>\n<meta property=\"article:published_time\" content=\"2024-11-08T09:09:00+00:00\" \/>\n<meta property=\"article:modified_time\" content=\"2025-02-17T13:53:07+00:00\" \/>\n<meta name=\"author\" content=\"Prof. Dr. Ralf H\u00f6cker\" \/>\n<meta name=\"twitter:card\" content=\"summary_large_image\" \/>\n<meta name=\"twitter:creator\" content=\"@Ralf_Hoecker\" \/>\n<meta name=\"twitter:site\" content=\"@hoecker_rae\" \/>\n<meta name=\"twitter:label1\" content=\"Verfasst von\" \/>\n\t<meta name=\"twitter:data1\" content=\"Prof. Dr. Ralf H\u00f6cker\" \/>\n\t<meta name=\"twitter:label2\" content=\"Gesch\u00e4tzte Lesezeit\" \/>\n\t<meta name=\"twitter:data2\" content=\"3\u00a0Minuten\" \/>\n<script type=\"application\/ld+json\" class=\"yoast-schema-graph\">{\"@context\":\"https:\/\/schema.org\",\"@graph\":[{\"@type\":\"Article\",\"@id\":\"https:\/\/www.hoecker.eu\/blog\/verschleiern-verzoegern-verwirren-so-berichtet-der-swr-unwahr-zu-correctiv\/#article\",\"isPartOf\":{\"@id\":\"https:\/\/www.hoecker.eu\/blog\/verschleiern-verzoegern-verwirren-so-berichtet-der-swr-unwahr-zu-correctiv\/\"},\"author\":{\"name\":\"Prof. Dr. Ralf H\u00f6cker\",\"@id\":\"https:\/\/www.hoecker.eu\/blog\/#\/schema\/person\/08f95581eed0534eccd0b2438f7a1cab\"},\"headline\":\"Verschleiern, verz\u00f6gern, verwirren &#8211; so berichtet der SWR unwahr zu Correctiv\",\"datePublished\":\"2024-11-08T09:09:00+00:00\",\"dateModified\":\"2025-02-17T13:53:07+00:00\",\"mainEntityOfPage\":{\"@id\":\"https:\/\/www.hoecker.eu\/blog\/verschleiern-verzoegern-verwirren-so-berichtet-der-swr-unwahr-zu-correctiv\/\"},\"wordCount\":580,\"publisher\":{\"@id\":\"https:\/\/www.hoecker.eu\/blog\/#organization\"},\"articleSection\":[\"News\"],\"inLanguage\":\"de\"},{\"@type\":\"WebPage\",\"@id\":\"https:\/\/www.hoecker.eu\/blog\/verschleiern-verzoegern-verwirren-so-berichtet-der-swr-unwahr-zu-correctiv\/\",\"url\":\"https:\/\/www.hoecker.eu\/blog\/verschleiern-verzoegern-verwirren-so-berichtet-der-swr-unwahr-zu-correctiv\/\",\"name\":\"Verschleiern, verz\u00f6gern, verwirren - so berichtet der SWR unwahr zu Correctiv - H\u00d6CKER - der Blog\",\"isPartOf\":{\"@id\":\"https:\/\/www.hoecker.eu\/blog\/#website\"},\"datePublished\":\"2024-11-08T09:09:00+00:00\",\"dateModified\":\"2025-02-17T13:53:07+00:00\",\"breadcrumb\":{\"@id\":\"https:\/\/www.hoecker.eu\/blog\/verschleiern-verzoegern-verwirren-so-berichtet-der-swr-unwahr-zu-correctiv\/#breadcrumb\"},\"inLanguage\":\"de\",\"potentialAction\":[{\"@type\":\"ReadAction\",\"target\":[\"https:\/\/www.hoecker.eu\/blog\/verschleiern-verzoegern-verwirren-so-berichtet-der-swr-unwahr-zu-correctiv\/\"]}]},{\"@type\":\"BreadcrumbList\",\"@id\":\"https:\/\/www.hoecker.eu\/blog\/verschleiern-verzoegern-verwirren-so-berichtet-der-swr-unwahr-zu-correctiv\/#breadcrumb\",\"itemListElement\":[{\"@type\":\"ListItem\",\"position\":1,\"name\":\"Startseite\",\"item\":\"https:\/\/dev.hoecker.eu\/blog\/\"},{\"@type\":\"ListItem\",\"position\":2,\"name\":\"Verschleiern, verz\u00f6gern, verwirren &#8211; so berichtet der SWR unwahr zu Correctiv\"}]},{\"@type\":\"WebSite\",\"@id\":\"https:\/\/www.hoecker.eu\/blog\/#website\",\"url\":\"https:\/\/www.hoecker.eu\/blog\/\",\"name\":\"H\u00d6CKER - der Blog\",\"description\":\"Expertenblog f\u00fcr \u00c4u\u00dferungs-, Medien-, Marken-, Urheber- und Wettbewerbsrecht.\",\"publisher\":{\"@id\":\"https:\/\/www.hoecker.eu\/blog\/#organization\"},\"potentialAction\":[{\"@type\":\"SearchAction\",\"target\":{\"@type\":\"EntryPoint\",\"urlTemplate\":\"https:\/\/www.hoecker.eu\/blog\/?s={search_term_string}\"},\"query-input\":{\"@type\":\"PropertyValueSpecification\",\"valueRequired\":true,\"valueName\":\"search_term_string\"}}],\"inLanguage\":\"de\"},{\"@type\":\"Organization\",\"@id\":\"https:\/\/www.hoecker.eu\/blog\/#organization\",\"name\":\"H\u00d6CKER Rechtsanw\u00e4lte PartGmbB\",\"alternateName\":\"H\u00d6CKER\",\"url\":\"https:\/\/www.hoecker.eu\/blog\/\",\"logo\":{\"@type\":\"ImageObject\",\"inLanguage\":\"de\",\"@id\":\"https:\/\/www.hoecker.eu\/blog\/#\/schema\/logo\/image\/\",\"url\":\"https:\/\/www.hoecker.eu\/blog\/wp-content\/uploads\/2025\/03\/Blog-Logo.webp\",\"contentUrl\":\"https:\/\/www.hoecker.eu\/blog\/wp-content\/uploads\/2025\/03\/Blog-Logo.webp\",\"width\":500,\"height\":500,\"caption\":\"H\u00d6CKER Rechtsanw\u00e4lte PartGmbB\"},\"image\":{\"@id\":\"https:\/\/www.hoecker.eu\/blog\/#\/schema\/logo\/image\/\"},\"sameAs\":[\"https:\/\/www.facebook.com\/HoeckerRAe\/\",\"https:\/\/x.com\/hoecker_rae\",\"https:\/\/www.linkedin.com\/company\/hcker-rechtsanwlte\/\",\"https:\/\/www.instagram.com\/hoecker_rae\/\"],\"email\":\"contact@hoecker.eu\",\"telephone\":\"+ 49 (0)221-933 19-10\",\"legalName\":\"H\u00d6CKER Rechtsanw\u00e4lte PartGmbB\",\"numberOfEmployees\":{\"@type\":\"QuantitativeValue\",\"minValue\":\"11\",\"maxValue\":\"50\"}},{\"@type\":\"Person\",\"@id\":\"https:\/\/www.hoecker.eu\/blog\/#\/schema\/person\/08f95581eed0534eccd0b2438f7a1cab\",\"name\":\"Prof. Dr. Ralf H\u00f6cker\",\"description\":\"Medienanwalt. Besch\u00fctzer vor mieser Presse\",\"sameAs\":[\"https:\/\/www.hoecker.eu\/wer\/prof-dr-ralf-hoecker\",\"https:\/\/www.facebook.com\/ralf.hoecker\",\"https:\/\/www.linkedin.com\/in\/prof-dr-ralf-hcker-ll-m-london-17987826\/\",\"https:\/\/x.com\/Ralf_Hoecker\"],\"url\":\"https:\/\/www.hoecker.eu\/blog\/author\/hoecker_adm\/\"}]}<\/script>\n<!-- \/ Yoast SEO Premium plugin. -->","yoast_head_json":{"title":"Verschleiern, verz\u00f6gern, verwirren - so berichtet der SWR unwahr zu Correctiv - H\u00d6CKER - der Blog","robots":{"index":"index","follow":"follow","max-snippet":"max-snippet:-1","max-image-preview":"max-image-preview:large","max-video-preview":"max-video-preview:-1"},"canonical":"https:\/\/www.hoecker.eu\/blog\/verschleiern-verzoegern-verwirren-so-berichtet-der-swr-unwahr-zu-correctiv\/","og_locale":"de_DE","og_type":"article","og_title":"Verschleiern, verz\u00f6gern, verwirren - so berichtet der SWR unwahr zu Correctiv","og_description":"Gericht verbietet SWR falsche Behauptungen in Correctiv-Bericht Anfang Februar ver\u00f6ffentlicht der SWR einen Artikel \u00fcber den Correctiv-Bericht, der hunderttausende Menschen Anfang des Jahres zu Demos auf die Stra\u00dfen lockt. Unter dem Titel \u201eDarum geht es in dem Correctiv-Bericht, das ist bekannt!\u201c schreibt der SWR etwa drei Wochen nach Erscheinen des aufsehenerregenden Berichts zusammen, was seiner [&hellip;]","og_url":"https:\/\/www.hoecker.eu\/blog\/verschleiern-verzoegern-verwirren-so-berichtet-der-swr-unwahr-zu-correctiv\/","og_site_name":"H\u00d6CKER - der Blog","article_publisher":"https:\/\/www.facebook.com\/HoeckerRAe\/","article_author":"https:\/\/www.facebook.com\/ralf.hoecker","article_published_time":"2024-11-08T09:09:00+00:00","article_modified_time":"2025-02-17T13:53:07+00:00","author":"Prof. Dr. Ralf H\u00f6cker","twitter_card":"summary_large_image","twitter_creator":"@Ralf_Hoecker","twitter_site":"@hoecker_rae","twitter_misc":{"Verfasst von":"Prof. Dr. Ralf H\u00f6cker","Gesch\u00e4tzte Lesezeit":"3\u00a0Minuten"},"schema":{"@context":"https:\/\/schema.org","@graph":[{"@type":"Article","@id":"https:\/\/www.hoecker.eu\/blog\/verschleiern-verzoegern-verwirren-so-berichtet-der-swr-unwahr-zu-correctiv\/#article","isPartOf":{"@id":"https:\/\/www.hoecker.eu\/blog\/verschleiern-verzoegern-verwirren-so-berichtet-der-swr-unwahr-zu-correctiv\/"},"author":{"name":"Prof. Dr. Ralf H\u00f6cker","@id":"https:\/\/www.hoecker.eu\/blog\/#\/schema\/person\/08f95581eed0534eccd0b2438f7a1cab"},"headline":"Verschleiern, verz\u00f6gern, verwirren &#8211; so berichtet der SWR unwahr zu Correctiv","datePublished":"2024-11-08T09:09:00+00:00","dateModified":"2025-02-17T13:53:07+00:00","mainEntityOfPage":{"@id":"https:\/\/www.hoecker.eu\/blog\/verschleiern-verzoegern-verwirren-so-berichtet-der-swr-unwahr-zu-correctiv\/"},"wordCount":580,"publisher":{"@id":"https:\/\/www.hoecker.eu\/blog\/#organization"},"articleSection":["News"],"inLanguage":"de"},{"@type":"WebPage","@id":"https:\/\/www.hoecker.eu\/blog\/verschleiern-verzoegern-verwirren-so-berichtet-der-swr-unwahr-zu-correctiv\/","url":"https:\/\/www.hoecker.eu\/blog\/verschleiern-verzoegern-verwirren-so-berichtet-der-swr-unwahr-zu-correctiv\/","name":"Verschleiern, verz\u00f6gern, verwirren - so berichtet der SWR unwahr zu Correctiv - H\u00d6CKER - der Blog","isPartOf":{"@id":"https:\/\/www.hoecker.eu\/blog\/#website"},"datePublished":"2024-11-08T09:09:00+00:00","dateModified":"2025-02-17T13:53:07+00:00","breadcrumb":{"@id":"https:\/\/www.hoecker.eu\/blog\/verschleiern-verzoegern-verwirren-so-berichtet-der-swr-unwahr-zu-correctiv\/#breadcrumb"},"inLanguage":"de","potentialAction":[{"@type":"ReadAction","target":["https:\/\/www.hoecker.eu\/blog\/verschleiern-verzoegern-verwirren-so-berichtet-der-swr-unwahr-zu-correctiv\/"]}]},{"@type":"BreadcrumbList","@id":"https:\/\/www.hoecker.eu\/blog\/verschleiern-verzoegern-verwirren-so-berichtet-der-swr-unwahr-zu-correctiv\/#breadcrumb","itemListElement":[{"@type":"ListItem","position":1,"name":"Startseite","item":"https:\/\/dev.hoecker.eu\/blog\/"},{"@type":"ListItem","position":2,"name":"Verschleiern, verz\u00f6gern, verwirren &#8211; so berichtet der SWR unwahr zu Correctiv"}]},{"@type":"WebSite","@id":"https:\/\/www.hoecker.eu\/blog\/#website","url":"https:\/\/www.hoecker.eu\/blog\/","name":"H\u00d6CKER - der Blog","description":"Expertenblog f\u00fcr \u00c4u\u00dferungs-, Medien-, Marken-, Urheber- und Wettbewerbsrecht.","publisher":{"@id":"https:\/\/www.hoecker.eu\/blog\/#organization"},"potentialAction":[{"@type":"SearchAction","target":{"@type":"EntryPoint","urlTemplate":"https:\/\/www.hoecker.eu\/blog\/?s={search_term_string}"},"query-input":{"@type":"PropertyValueSpecification","valueRequired":true,"valueName":"search_term_string"}}],"inLanguage":"de"},{"@type":"Organization","@id":"https:\/\/www.hoecker.eu\/blog\/#organization","name":"H\u00d6CKER Rechtsanw\u00e4lte PartGmbB","alternateName":"H\u00d6CKER","url":"https:\/\/www.hoecker.eu\/blog\/","logo":{"@type":"ImageObject","inLanguage":"de","@id":"https:\/\/www.hoecker.eu\/blog\/#\/schema\/logo\/image\/","url":"https:\/\/www.hoecker.eu\/blog\/wp-content\/uploads\/2025\/03\/Blog-Logo.webp","contentUrl":"https:\/\/www.hoecker.eu\/blog\/wp-content\/uploads\/2025\/03\/Blog-Logo.webp","width":500,"height":500,"caption":"H\u00d6CKER Rechtsanw\u00e4lte PartGmbB"},"image":{"@id":"https:\/\/www.hoecker.eu\/blog\/#\/schema\/logo\/image\/"},"sameAs":["https:\/\/www.facebook.com\/HoeckerRAe\/","https:\/\/x.com\/hoecker_rae","https:\/\/www.linkedin.com\/company\/hcker-rechtsanwlte\/","https:\/\/www.instagram.com\/hoecker_rae\/"],"email":"contact@hoecker.eu","telephone":"+ 49 (0)221-933 19-10","legalName":"H\u00d6CKER Rechtsanw\u00e4lte PartGmbB","numberOfEmployees":{"@type":"QuantitativeValue","minValue":"11","maxValue":"50"}},{"@type":"Person","@id":"https:\/\/www.hoecker.eu\/blog\/#\/schema\/person\/08f95581eed0534eccd0b2438f7a1cab","name":"Prof. Dr. Ralf H\u00f6cker","description":"Medienanwalt. Besch\u00fctzer vor mieser Presse","sameAs":["https:\/\/www.hoecker.eu\/wer\/prof-dr-ralf-hoecker","https:\/\/www.facebook.com\/ralf.hoecker","https:\/\/www.linkedin.com\/in\/prof-dr-ralf-hcker-ll-m-london-17987826\/","https:\/\/x.com\/Ralf_Hoecker"],"url":"https:\/\/www.hoecker.eu\/blog\/author\/hoecker_adm\/"}]}},"authors":[{"term_id":84,"user_id":1,"is_guest":0,"slug":"hoecker_adm","display_name":"Prof. Dr. Ralf H\u00f6cker","avatar_url":{"url":"https:\/\/www.hoecker.eu\/blog\/wp-content\/uploads\/2023\/12\/ProfDrRalfHoecker.jpg","url2x":"https:\/\/www.hoecker.eu\/blog\/wp-content\/uploads\/2023\/12\/ProfDrRalfHoecker.jpg"},"0":null,"1":"","2":"","3":"","4":"","5":"","6":"","7":"","8":"","9":"","10":"","11":""}],"_links":{"self":[{"href":"https:\/\/www.hoecker.eu\/blog\/wp-json\/wp\/v2\/posts\/8109","targetHints":{"allow":["GET"]}}],"collection":[{"href":"https:\/\/www.hoecker.eu\/blog\/wp-json\/wp\/v2\/posts"}],"about":[{"href":"https:\/\/www.hoecker.eu\/blog\/wp-json\/wp\/v2\/types\/post"}],"author":[{"embeddable":true,"href":"https:\/\/www.hoecker.eu\/blog\/wp-json\/wp\/v2\/users\/1"}],"replies":[{"embeddable":true,"href":"https:\/\/www.hoecker.eu\/blog\/wp-json\/wp\/v2\/comments?post=8109"}],"version-history":[{"count":1,"href":"https:\/\/www.hoecker.eu\/blog\/wp-json\/wp\/v2\/posts\/8109\/revisions"}],"predecessor-version":[{"id":9232,"href":"https:\/\/www.hoecker.eu\/blog\/wp-json\/wp\/v2\/posts\/8109\/revisions\/9232"}],"wp:attachment":[{"href":"https:\/\/www.hoecker.eu\/blog\/wp-json\/wp\/v2\/media?parent=8109"}],"wp:term":[{"taxonomy":"category","embeddable":true,"href":"https:\/\/www.hoecker.eu\/blog\/wp-json\/wp\/v2\/categories?post=8109"},{"taxonomy":"post_tag","embeddable":true,"href":"https:\/\/www.hoecker.eu\/blog\/wp-json\/wp\/v2\/tags?post=8109"},{"taxonomy":"hashtags","embeddable":true,"href":"https:\/\/www.hoecker.eu\/blog\/wp-json\/wp\/v2\/hashtags?post=8109"},{"taxonomy":"author","embeddable":true,"href":"https:\/\/www.hoecker.eu\/blog\/wp-json\/wp\/v2\/ppma_author?post=8109"}],"curies":[{"name":"wp","href":"https:\/\/api.w.org\/{rel}","templated":true}]}}