{"id":8107,"date":"2024-11-25T09:34:00","date_gmt":"2024-11-25T08:34:00","guid":{"rendered":"https:\/\/www.hoecker.eu\/blog\/staatsrechtler-faellt-auf-correctiv-bericht-rein-und-fordert-deshalb-afd-verbot\/"},"modified":"2025-02-17T14:53:06","modified_gmt":"2025-02-17T13:53:06","slug":"staatsrechtler-faellt-auf-correctiv-bericht-rein-und-fordert-deshalb-afd-verbot","status":"publish","type":"post","link":"https:\/\/www.hoecker.eu\/blog\/staatsrechtler-faellt-auf-correctiv-bericht-rein-und-fordert-deshalb-afd-verbot\/","title":{"rendered":"Staatsrechtler f\u00e4llt auf Correctiv-Bericht rein und fordert deshalb AfD-Verbot"},"content":{"rendered":"<p><strong>Durch Correctiv in die Irre gef\u00fchrt<\/strong><\/p>\n<p>Prof. Dr. Mathias Hong, Professor f\u00fcr \u00d6ffentliches Recht an der Hochschule f\u00fcr \u00f6ffentliche Verwaltung in Kehl, ist einer der Bef\u00fcrworter und Vordenker eines AfD-Verbotsverfahrens. Auf der Seite Verfassungsblog.de hat sich Hong kurz nach Erscheinen des Correctiv-Berichts vom 10.01.2024 \u00f6ffentlich ge\u00e4u\u00dfert. Er forderte dort ein AfD-Verbot und schrieb alarmiert durch den Correctiv-Bericht:<\/p>\n<p><em>\u201eDas demokratische Haus in Deutschland brennt. Es ist h\u00f6chste Zeit, die Instrumente der streitbaren Demokratie gegen Landesverb\u00e4nde der AfD einzusetzen\u2026\u201c<\/em><\/p>\n<p>Hong sah sich best\u00e4tigt, dass es nun ausreichend Beweise gebe, die AfD zu verbieten. Sein Ziel ist, dass der Bundestag, der Bundesrat oder die Bundesregierung ein Parteiverbotsverfahren gegen mehrere AfD-Landesverb\u00e4nde einreichen. Der Juraprofessor st\u00fctzt sich dabei auf den Bericht von Correctiv. Daher schreibt er weiter:<\/p>\n<p><em>\u201eDie Enth\u00fcllungen von \u201eCorrectiv\u201c am 10. Januar \u00fcber Planungen f\u00fcr menschenw\u00fcrdeverletzende Massendeportationen <strong>auch von Deutschen mit Migrationshintergrund<\/strong> bei einem geheimen Treffen von Rechtsextremen veranschaulichen diese Bedrohungslage\u2026\u201c<\/em><\/p>\n<p><em>\u201eDer Rechtsextreme Martin Sellner, Mitgr\u00fcnder und langj\u00e4hriger Sprecher der \u201eIdentit\u00e4ren Bewegung \u00d6sterreich\u201c soll bei diesem Treffen einen so genannten \u201eMasterplan<strong>\u201c f\u00fcr eine massenhafte Abschiebung<\/strong> \u2026 <strong>auch von Deutschen mit Migrationshintergrund<\/strong>, vorgestellt haben.\u201c<\/em><\/p>\n<p><strong>Correctiv ist leider keine verl\u00e4ssliche Quelle<\/strong><\/p>\n<p>Doch leider hat Prof. Hong den Correctiv-Bericht nicht richtig gelesen bzw. nicht richtig verstanden. Bei den Darstellungen im Correctiv-Bericht handelt es sich fast ausschlie\u00dflich um Wertungen und Meinungs\u00e4u\u00dferungen der Autoren. Der Juraprofessor hielt diese aber f\u00fcr Tatsachenbehauptungen und begr\u00fcndete damit seine Forderung f\u00fcr ein AfD-Verbot. <\/p>\n<p>Daraufhin erhielt er Post von uns, da wir ihn im Namen unseres Mandanten, Dr. Ulrich Vosgerau (CDU), abgemahnt haben. Dieser hatte an dem Treffen in Potsdam teilgenommen und widerspricht, neben weiteren Teilnehmern, den Darstellungen von Correctiv vehement.<\/p>\n<p><strong>Vertrauen ist gut, Kontrolle ist besser<\/strong><\/p>\n<p>Tats\u00e4chlich sind die von Hong ver\u00f6ffentlichten Behauptungen, in Potsdam sei die Deportation bzw. massenhafte Abschiebung von Deutschen mit Migrationshintergrund vorgestellt und geplant worden, falsch. Das Landgericht Hamburg hat Behauptungen einer angeblichen Planung von Abschiebungen, Ausweisungen oder Deportationen deutscher Staatsb\u00fcrger dem NDR (Tagesschau), ZDF (heute journal) und dem SWR in unterschiedlichen Formulierungen verboten (n.rk.).<\/p>\n<p>Prof. Hong ruderte daraufhin zur\u00fcck und lie\u00df in seiner Antwort auf unsere Abmahnung ausdr\u00fccklich erkl\u00e4ren, dass er durch Correctiv in die Irre gef\u00fchrt wurde, Zitat:<\/p>\n<p><em>\u201eDes Weiteren sei angemerkt, dass unser Mandant auf die Berichterstattung des Recherchenetzwerks Correctiv vertraut hat. Dieses hat \u2026 den Eindruck von Tatsachenbehauptungen vermittelt. Dabei war f\u00fcr unseren Mandanten nicht ersichtlich, dass es sich m\u00f6glicherweise um eine Meinungs\u00e4u\u00dferung gehandelt haben soll.\u201c<\/em><\/p>\n<p>Hier w\u00e4re ein Quellencheck dringend erforderlich gewesen. Zum Beispiel h\u00e4tte eine Anfrage bei unserem Mandanten Prof. Hong vor einer Abmahnung und der Abgabe einer strafbewerten Unterlassungserkl\u00e4rung bewahrt, mit der er sich verpflichtet hat, die Falschbehauptung nicht erneut zu verbreiten. Er hat sie inzwischen gel\u00f6scht. Sein Vertrauen auf den Correctiv-Bericht hat er aber teuer bezahlt: Er musste fast 1.000 \u20ac Kosten erstatten.<\/p>\n<p><strong>Correctiv schadet der Demokratie<\/strong><\/p>\n<p>Und was bedeutet das f\u00fcr ein AfD-Verbotsverfahren? Die Antwort ist ganz einfach: Es steht auf t\u00f6nernen F\u00fc\u00dfen. Denn die angeblichen \u201eErkenntnisse\u201c aus dem Correctiv-Bericht spielen immer wieder eine wesentliche Rolle in den Forderungen f\u00fcr ein AfD-Verbotsverfahren. 113 Bundestagsabgeordnete haben im November 2024 einen Antrag im Bundestag eingereicht, mit dem Ziel die AfD verbieten zu lassen. Ein Einfluss f\u00fcr diesen Verbotsantrag ist der Correctiv-Bericht. <\/p>\n<p>Doch gerade die aufsehenerregenden Vorw\u00fcrfe, auf dem Treffen in Potsdam habe es Pl\u00e4ne f\u00fcr eine massenhafte Abschiebung von Deutschen mit Migrationshintergrund gegeben, sind falsch. Sollte es nun aufgrund falscher Behauptungen zu einem AfD-Verbotsverfahren kommen, m\u00fcssten die Informanten des Verfassungsschutzes, die sogenannten V-Leute, abgezogen werden, damit es keinerlei Verstrickung von V-Leuten im Laufe des Verfahrens gibt. Das bedeutet allerdings auch, dass ab diesem Zeitpunkt die Beh\u00f6rden keine Augen und Ohren mehr in der Partei oder in ihrem Umfeld haben. <\/p>\n<p>Der Correctiv-Bericht hat nicht nur Journalisten in ihrer Berichterstattung dazu gebracht, falsche Behauptungen zu dem Treffen in Potsdam zu verbreiten, sondern auch Juristen wie Prof. Hong. Guter Journalismus schafft es, Tatschen zu recherchieren, die Skandale und Missst\u00e4nde aufdecken \u2013 der schlechte \u201eJournalismus\u201c von Correctiv schafft Verunsicherung und ist eine Gefahr f\u00fcr die Gesellschaft.<\/p>\n<p>Dr. Carsten Brennecke: \u201eAm Ende tut mir Prof. Hong genauso leid, wie die Journalisten von NDR, ZDF und SWR, die Correctiv auf den Leim gegangen sind. Sicher, sie h\u00e4tten das Ganze sorgf\u00e4ltiger lesen und vor allem nachrecherchieren m\u00fcssen. Dann w\u00e4ren sie nicht \u00fcber Correctiv gestolpert. Aber am Ende liegt die Verantwortung bei Correctiv. H\u00e4tte man dort nur die Fakten \u00fcber das Potsdam-Treffen aufgeschrieben, w\u00e4re schnell klar geworden, dass die Geschichte sehr d\u00fcnn ist. Stattdessen hat sich Correctiv f\u00fcr eine irref\u00fchrende Kampagne entschieden, die neben vielen Falschberichten auch die Spaltung in der Gesellschaft vorangetrieben hat.\u201c<\/p>\n","protected":false},"excerpt":{"rendered":"<p>Durch Correctiv in die Irre gef\u00fchrt Prof. Dr. Mathias Hong, Professor f\u00fcr \u00d6ffentliches Recht an der Hochschule f\u00fcr \u00f6ffentliche Verwaltung in Kehl, ist einer der Bef\u00fcrworter und Vordenker eines AfD-Verbotsverfahrens. Auf der Seite Verfassungsblog.de hat sich Hong kurz nach Erscheinen des Correctiv-Berichts vom 10.01.2024 \u00f6ffentlich ge\u00e4u\u00dfert. Er forderte dort ein AfD-Verbot und schrieb alarmiert durch [&hellip;]<\/p>\n","protected":false},"author":1,"featured_media":0,"comment_status":"closed","ping_status":"closed","sticky":false,"template":"","format":"standard","meta":{"_has_post_settings":[],"footnotes":""},"categories":[15],"tags":[],"hashtags":[],"ppma_author":[84],"class_list":["post-8107","post","type-post","status-publish","format-standard","hentry","category-news","author-hoecker_adm"],"yoast_head":"<!-- This site is optimized with the Yoast SEO Premium plugin v25.9 (Yoast SEO v27.0) - https:\/\/yoast.com\/product\/yoast-seo-premium-wordpress\/ -->\n<title>Staatsrechtler f\u00e4llt auf Correctiv-Bericht rein und fordert deshalb AfD-Verbot - H\u00d6CKER - der Blog<\/title>\n<meta name=\"robots\" content=\"index, follow, max-snippet:-1, max-image-preview:large, max-video-preview:-1\" \/>\n<link rel=\"canonical\" href=\"https:\/\/www.hoecker.eu\/blog\/staatsrechtler-faellt-auf-correctiv-bericht-rein-und-fordert-deshalb-afd-verbot\/\" \/>\n<meta property=\"og:locale\" content=\"de_DE\" \/>\n<meta property=\"og:type\" content=\"article\" \/>\n<meta property=\"og:title\" content=\"Staatsrechtler f\u00e4llt auf Correctiv-Bericht rein und fordert deshalb AfD-Verbot\" \/>\n<meta property=\"og:description\" content=\"Durch Correctiv in die Irre gef\u00fchrt Prof. Dr. Mathias Hong, Professor f\u00fcr \u00d6ffentliches Recht an der Hochschule f\u00fcr \u00f6ffentliche Verwaltung in Kehl, ist einer der Bef\u00fcrworter und Vordenker eines AfD-Verbotsverfahrens. Auf der Seite Verfassungsblog.de hat sich Hong kurz nach Erscheinen des Correctiv-Berichts vom 10.01.2024 \u00f6ffentlich ge\u00e4u\u00dfert. Er forderte dort ein AfD-Verbot und schrieb alarmiert durch [&hellip;]\" \/>\n<meta property=\"og:url\" content=\"https:\/\/www.hoecker.eu\/blog\/staatsrechtler-faellt-auf-correctiv-bericht-rein-und-fordert-deshalb-afd-verbot\/\" \/>\n<meta property=\"og:site_name\" content=\"H\u00d6CKER - der Blog\" \/>\n<meta property=\"article:publisher\" content=\"https:\/\/www.facebook.com\/HoeckerRAe\/\" \/>\n<meta property=\"article:author\" content=\"https:\/\/www.facebook.com\/ralf.hoecker\" \/>\n<meta property=\"article:published_time\" content=\"2024-11-25T08:34:00+00:00\" \/>\n<meta property=\"article:modified_time\" content=\"2025-02-17T13:53:06+00:00\" \/>\n<meta name=\"author\" content=\"Prof. Dr. Ralf H\u00f6cker\" \/>\n<meta name=\"twitter:card\" content=\"summary_large_image\" \/>\n<meta name=\"twitter:creator\" content=\"@Ralf_Hoecker\" \/>\n<meta name=\"twitter:site\" content=\"@hoecker_rae\" \/>\n<meta name=\"twitter:label1\" content=\"Verfasst von\" \/>\n\t<meta name=\"twitter:data1\" content=\"Prof. Dr. Ralf H\u00f6cker\" \/>\n\t<meta name=\"twitter:label2\" content=\"Gesch\u00e4tzte Lesezeit\" \/>\n\t<meta name=\"twitter:data2\" content=\"4\u00a0Minuten\" \/>\n<script type=\"application\/ld+json\" class=\"yoast-schema-graph\">{\"@context\":\"https:\/\/schema.org\",\"@graph\":[{\"@type\":\"Article\",\"@id\":\"https:\/\/www.hoecker.eu\/blog\/staatsrechtler-faellt-auf-correctiv-bericht-rein-und-fordert-deshalb-afd-verbot\/#article\",\"isPartOf\":{\"@id\":\"https:\/\/www.hoecker.eu\/blog\/staatsrechtler-faellt-auf-correctiv-bericht-rein-und-fordert-deshalb-afd-verbot\/\"},\"author\":{\"name\":\"Prof. Dr. Ralf H\u00f6cker\",\"@id\":\"https:\/\/www.hoecker.eu\/blog\/#\/schema\/person\/08f95581eed0534eccd0b2438f7a1cab\"},\"headline\":\"Staatsrechtler f\u00e4llt auf Correctiv-Bericht rein und fordert deshalb AfD-Verbot\",\"datePublished\":\"2024-11-25T08:34:00+00:00\",\"dateModified\":\"2025-02-17T13:53:06+00:00\",\"mainEntityOfPage\":{\"@id\":\"https:\/\/www.hoecker.eu\/blog\/staatsrechtler-faellt-auf-correctiv-bericht-rein-und-fordert-deshalb-afd-verbot\/\"},\"wordCount\":809,\"publisher\":{\"@id\":\"https:\/\/www.hoecker.eu\/blog\/#organization\"},\"articleSection\":[\"News\"],\"inLanguage\":\"de\"},{\"@type\":\"WebPage\",\"@id\":\"https:\/\/www.hoecker.eu\/blog\/staatsrechtler-faellt-auf-correctiv-bericht-rein-und-fordert-deshalb-afd-verbot\/\",\"url\":\"https:\/\/www.hoecker.eu\/blog\/staatsrechtler-faellt-auf-correctiv-bericht-rein-und-fordert-deshalb-afd-verbot\/\",\"name\":\"Staatsrechtler f\u00e4llt auf Correctiv-Bericht rein und fordert deshalb AfD-Verbot - H\u00d6CKER - der Blog\",\"isPartOf\":{\"@id\":\"https:\/\/www.hoecker.eu\/blog\/#website\"},\"datePublished\":\"2024-11-25T08:34:00+00:00\",\"dateModified\":\"2025-02-17T13:53:06+00:00\",\"breadcrumb\":{\"@id\":\"https:\/\/www.hoecker.eu\/blog\/staatsrechtler-faellt-auf-correctiv-bericht-rein-und-fordert-deshalb-afd-verbot\/#breadcrumb\"},\"inLanguage\":\"de\",\"potentialAction\":[{\"@type\":\"ReadAction\",\"target\":[\"https:\/\/www.hoecker.eu\/blog\/staatsrechtler-faellt-auf-correctiv-bericht-rein-und-fordert-deshalb-afd-verbot\/\"]}]},{\"@type\":\"BreadcrumbList\",\"@id\":\"https:\/\/www.hoecker.eu\/blog\/staatsrechtler-faellt-auf-correctiv-bericht-rein-und-fordert-deshalb-afd-verbot\/#breadcrumb\",\"itemListElement\":[{\"@type\":\"ListItem\",\"position\":1,\"name\":\"Startseite\",\"item\":\"https:\/\/dev.hoecker.eu\/blog\/\"},{\"@type\":\"ListItem\",\"position\":2,\"name\":\"Staatsrechtler f\u00e4llt auf Correctiv-Bericht rein und fordert deshalb AfD-Verbot\"}]},{\"@type\":\"WebSite\",\"@id\":\"https:\/\/www.hoecker.eu\/blog\/#website\",\"url\":\"https:\/\/www.hoecker.eu\/blog\/\",\"name\":\"H\u00d6CKER - der Blog\",\"description\":\"Expertenblog f\u00fcr \u00c4u\u00dferungs-, Medien-, Marken-, Urheber- und Wettbewerbsrecht.\",\"publisher\":{\"@id\":\"https:\/\/www.hoecker.eu\/blog\/#organization\"},\"potentialAction\":[{\"@type\":\"SearchAction\",\"target\":{\"@type\":\"EntryPoint\",\"urlTemplate\":\"https:\/\/www.hoecker.eu\/blog\/?s={search_term_string}\"},\"query-input\":{\"@type\":\"PropertyValueSpecification\",\"valueRequired\":true,\"valueName\":\"search_term_string\"}}],\"inLanguage\":\"de\"},{\"@type\":\"Organization\",\"@id\":\"https:\/\/www.hoecker.eu\/blog\/#organization\",\"name\":\"H\u00d6CKER Rechtsanw\u00e4lte PartGmbB\",\"alternateName\":\"H\u00d6CKER\",\"url\":\"https:\/\/www.hoecker.eu\/blog\/\",\"logo\":{\"@type\":\"ImageObject\",\"inLanguage\":\"de\",\"@id\":\"https:\/\/www.hoecker.eu\/blog\/#\/schema\/logo\/image\/\",\"url\":\"https:\/\/www.hoecker.eu\/blog\/wp-content\/uploads\/2025\/03\/Blog-Logo.webp\",\"contentUrl\":\"https:\/\/www.hoecker.eu\/blog\/wp-content\/uploads\/2025\/03\/Blog-Logo.webp\",\"width\":500,\"height\":500,\"caption\":\"H\u00d6CKER Rechtsanw\u00e4lte PartGmbB\"},\"image\":{\"@id\":\"https:\/\/www.hoecker.eu\/blog\/#\/schema\/logo\/image\/\"},\"sameAs\":[\"https:\/\/www.facebook.com\/HoeckerRAe\/\",\"https:\/\/x.com\/hoecker_rae\",\"https:\/\/www.linkedin.com\/company\/hcker-rechtsanwlte\/\",\"https:\/\/www.instagram.com\/hoecker_rae\/\"],\"email\":\"contact@hoecker.eu\",\"telephone\":\"+ 49 (0)221-933 19-10\",\"legalName\":\"H\u00d6CKER Rechtsanw\u00e4lte PartGmbB\",\"numberOfEmployees\":{\"@type\":\"QuantitativeValue\",\"minValue\":\"11\",\"maxValue\":\"50\"}},{\"@type\":\"Person\",\"@id\":\"https:\/\/www.hoecker.eu\/blog\/#\/schema\/person\/08f95581eed0534eccd0b2438f7a1cab\",\"name\":\"Prof. Dr. Ralf H\u00f6cker\",\"description\":\"Medienanwalt. Besch\u00fctzer vor mieser Presse\",\"sameAs\":[\"https:\/\/www.hoecker.eu\/wer\/prof-dr-ralf-hoecker\",\"https:\/\/www.facebook.com\/ralf.hoecker\",\"https:\/\/www.linkedin.com\/in\/prof-dr-ralf-hcker-ll-m-london-17987826\/\",\"https:\/\/x.com\/Ralf_Hoecker\"],\"url\":\"https:\/\/www.hoecker.eu\/blog\/author\/hoecker_adm\/\"}]}<\/script>\n<!-- \/ Yoast SEO Premium plugin. -->","yoast_head_json":{"title":"Staatsrechtler f\u00e4llt auf Correctiv-Bericht rein und fordert deshalb AfD-Verbot - H\u00d6CKER - der Blog","robots":{"index":"index","follow":"follow","max-snippet":"max-snippet:-1","max-image-preview":"max-image-preview:large","max-video-preview":"max-video-preview:-1"},"canonical":"https:\/\/www.hoecker.eu\/blog\/staatsrechtler-faellt-auf-correctiv-bericht-rein-und-fordert-deshalb-afd-verbot\/","og_locale":"de_DE","og_type":"article","og_title":"Staatsrechtler f\u00e4llt auf Correctiv-Bericht rein und fordert deshalb AfD-Verbot","og_description":"Durch Correctiv in die Irre gef\u00fchrt Prof. Dr. Mathias Hong, Professor f\u00fcr \u00d6ffentliches Recht an der Hochschule f\u00fcr \u00f6ffentliche Verwaltung in Kehl, ist einer der Bef\u00fcrworter und Vordenker eines AfD-Verbotsverfahrens. Auf der Seite Verfassungsblog.de hat sich Hong kurz nach Erscheinen des Correctiv-Berichts vom 10.01.2024 \u00f6ffentlich ge\u00e4u\u00dfert. Er forderte dort ein AfD-Verbot und schrieb alarmiert durch [&hellip;]","og_url":"https:\/\/www.hoecker.eu\/blog\/staatsrechtler-faellt-auf-correctiv-bericht-rein-und-fordert-deshalb-afd-verbot\/","og_site_name":"H\u00d6CKER - der Blog","article_publisher":"https:\/\/www.facebook.com\/HoeckerRAe\/","article_author":"https:\/\/www.facebook.com\/ralf.hoecker","article_published_time":"2024-11-25T08:34:00+00:00","article_modified_time":"2025-02-17T13:53:06+00:00","author":"Prof. Dr. Ralf H\u00f6cker","twitter_card":"summary_large_image","twitter_creator":"@Ralf_Hoecker","twitter_site":"@hoecker_rae","twitter_misc":{"Verfasst von":"Prof. Dr. Ralf H\u00f6cker","Gesch\u00e4tzte Lesezeit":"4\u00a0Minuten"},"schema":{"@context":"https:\/\/schema.org","@graph":[{"@type":"Article","@id":"https:\/\/www.hoecker.eu\/blog\/staatsrechtler-faellt-auf-correctiv-bericht-rein-und-fordert-deshalb-afd-verbot\/#article","isPartOf":{"@id":"https:\/\/www.hoecker.eu\/blog\/staatsrechtler-faellt-auf-correctiv-bericht-rein-und-fordert-deshalb-afd-verbot\/"},"author":{"name":"Prof. Dr. Ralf H\u00f6cker","@id":"https:\/\/www.hoecker.eu\/blog\/#\/schema\/person\/08f95581eed0534eccd0b2438f7a1cab"},"headline":"Staatsrechtler f\u00e4llt auf Correctiv-Bericht rein und fordert deshalb AfD-Verbot","datePublished":"2024-11-25T08:34:00+00:00","dateModified":"2025-02-17T13:53:06+00:00","mainEntityOfPage":{"@id":"https:\/\/www.hoecker.eu\/blog\/staatsrechtler-faellt-auf-correctiv-bericht-rein-und-fordert-deshalb-afd-verbot\/"},"wordCount":809,"publisher":{"@id":"https:\/\/www.hoecker.eu\/blog\/#organization"},"articleSection":["News"],"inLanguage":"de"},{"@type":"WebPage","@id":"https:\/\/www.hoecker.eu\/blog\/staatsrechtler-faellt-auf-correctiv-bericht-rein-und-fordert-deshalb-afd-verbot\/","url":"https:\/\/www.hoecker.eu\/blog\/staatsrechtler-faellt-auf-correctiv-bericht-rein-und-fordert-deshalb-afd-verbot\/","name":"Staatsrechtler f\u00e4llt auf Correctiv-Bericht rein und fordert deshalb AfD-Verbot - H\u00d6CKER - der Blog","isPartOf":{"@id":"https:\/\/www.hoecker.eu\/blog\/#website"},"datePublished":"2024-11-25T08:34:00+00:00","dateModified":"2025-02-17T13:53:06+00:00","breadcrumb":{"@id":"https:\/\/www.hoecker.eu\/blog\/staatsrechtler-faellt-auf-correctiv-bericht-rein-und-fordert-deshalb-afd-verbot\/#breadcrumb"},"inLanguage":"de","potentialAction":[{"@type":"ReadAction","target":["https:\/\/www.hoecker.eu\/blog\/staatsrechtler-faellt-auf-correctiv-bericht-rein-und-fordert-deshalb-afd-verbot\/"]}]},{"@type":"BreadcrumbList","@id":"https:\/\/www.hoecker.eu\/blog\/staatsrechtler-faellt-auf-correctiv-bericht-rein-und-fordert-deshalb-afd-verbot\/#breadcrumb","itemListElement":[{"@type":"ListItem","position":1,"name":"Startseite","item":"https:\/\/dev.hoecker.eu\/blog\/"},{"@type":"ListItem","position":2,"name":"Staatsrechtler f\u00e4llt auf Correctiv-Bericht rein und fordert deshalb AfD-Verbot"}]},{"@type":"WebSite","@id":"https:\/\/www.hoecker.eu\/blog\/#website","url":"https:\/\/www.hoecker.eu\/blog\/","name":"H\u00d6CKER - der Blog","description":"Expertenblog f\u00fcr \u00c4u\u00dferungs-, Medien-, Marken-, Urheber- und Wettbewerbsrecht.","publisher":{"@id":"https:\/\/www.hoecker.eu\/blog\/#organization"},"potentialAction":[{"@type":"SearchAction","target":{"@type":"EntryPoint","urlTemplate":"https:\/\/www.hoecker.eu\/blog\/?s={search_term_string}"},"query-input":{"@type":"PropertyValueSpecification","valueRequired":true,"valueName":"search_term_string"}}],"inLanguage":"de"},{"@type":"Organization","@id":"https:\/\/www.hoecker.eu\/blog\/#organization","name":"H\u00d6CKER Rechtsanw\u00e4lte PartGmbB","alternateName":"H\u00d6CKER","url":"https:\/\/www.hoecker.eu\/blog\/","logo":{"@type":"ImageObject","inLanguage":"de","@id":"https:\/\/www.hoecker.eu\/blog\/#\/schema\/logo\/image\/","url":"https:\/\/www.hoecker.eu\/blog\/wp-content\/uploads\/2025\/03\/Blog-Logo.webp","contentUrl":"https:\/\/www.hoecker.eu\/blog\/wp-content\/uploads\/2025\/03\/Blog-Logo.webp","width":500,"height":500,"caption":"H\u00d6CKER Rechtsanw\u00e4lte PartGmbB"},"image":{"@id":"https:\/\/www.hoecker.eu\/blog\/#\/schema\/logo\/image\/"},"sameAs":["https:\/\/www.facebook.com\/HoeckerRAe\/","https:\/\/x.com\/hoecker_rae","https:\/\/www.linkedin.com\/company\/hcker-rechtsanwlte\/","https:\/\/www.instagram.com\/hoecker_rae\/"],"email":"contact@hoecker.eu","telephone":"+ 49 (0)221-933 19-10","legalName":"H\u00d6CKER Rechtsanw\u00e4lte PartGmbB","numberOfEmployees":{"@type":"QuantitativeValue","minValue":"11","maxValue":"50"}},{"@type":"Person","@id":"https:\/\/www.hoecker.eu\/blog\/#\/schema\/person\/08f95581eed0534eccd0b2438f7a1cab","name":"Prof. Dr. Ralf H\u00f6cker","description":"Medienanwalt. Besch\u00fctzer vor mieser Presse","sameAs":["https:\/\/www.hoecker.eu\/wer\/prof-dr-ralf-hoecker","https:\/\/www.facebook.com\/ralf.hoecker","https:\/\/www.linkedin.com\/in\/prof-dr-ralf-hcker-ll-m-london-17987826\/","https:\/\/x.com\/Ralf_Hoecker"],"url":"https:\/\/www.hoecker.eu\/blog\/author\/hoecker_adm\/"}]}},"authors":[{"term_id":84,"user_id":1,"is_guest":0,"slug":"hoecker_adm","display_name":"Prof. Dr. Ralf H\u00f6cker","avatar_url":{"url":"https:\/\/www.hoecker.eu\/blog\/wp-content\/uploads\/2023\/12\/ProfDrRalfHoecker.jpg","url2x":"https:\/\/www.hoecker.eu\/blog\/wp-content\/uploads\/2023\/12\/ProfDrRalfHoecker.jpg"},"0":null,"1":"","2":"","3":"","4":"","5":"","6":"","7":"","8":"","9":"","10":"","11":""}],"_links":{"self":[{"href":"https:\/\/www.hoecker.eu\/blog\/wp-json\/wp\/v2\/posts\/8107","targetHints":{"allow":["GET"]}}],"collection":[{"href":"https:\/\/www.hoecker.eu\/blog\/wp-json\/wp\/v2\/posts"}],"about":[{"href":"https:\/\/www.hoecker.eu\/blog\/wp-json\/wp\/v2\/types\/post"}],"author":[{"embeddable":true,"href":"https:\/\/www.hoecker.eu\/blog\/wp-json\/wp\/v2\/users\/1"}],"replies":[{"embeddable":true,"href":"https:\/\/www.hoecker.eu\/blog\/wp-json\/wp\/v2\/comments?post=8107"}],"version-history":[{"count":1,"href":"https:\/\/www.hoecker.eu\/blog\/wp-json\/wp\/v2\/posts\/8107\/revisions"}],"predecessor-version":[{"id":9227,"href":"https:\/\/www.hoecker.eu\/blog\/wp-json\/wp\/v2\/posts\/8107\/revisions\/9227"}],"wp:attachment":[{"href":"https:\/\/www.hoecker.eu\/blog\/wp-json\/wp\/v2\/media?parent=8107"}],"wp:term":[{"taxonomy":"category","embeddable":true,"href":"https:\/\/www.hoecker.eu\/blog\/wp-json\/wp\/v2\/categories?post=8107"},{"taxonomy":"post_tag","embeddable":true,"href":"https:\/\/www.hoecker.eu\/blog\/wp-json\/wp\/v2\/tags?post=8107"},{"taxonomy":"hashtags","embeddable":true,"href":"https:\/\/www.hoecker.eu\/blog\/wp-json\/wp\/v2\/hashtags?post=8107"},{"taxonomy":"author","embeddable":true,"href":"https:\/\/www.hoecker.eu\/blog\/wp-json\/wp\/v2\/ppma_author?post=8107"}],"curies":[{"name":"wp","href":"https:\/\/api.w.org\/{rel}","templated":true}]}}