{"id":8106,"date":"2024-11-28T12:18:00","date_gmt":"2024-11-28T11:18:00","guid":{"rendered":"https:\/\/www.hoecker.eu\/blog\/vosgerau-gewinnt-gegen-correctiv-spendenaufruf-zum-potsdam-treffen-erfolgreich-verteidigt\/"},"modified":"2025-02-17T14:53:06","modified_gmt":"2025-02-17T13:53:06","slug":"vosgerau-gewinnt-gegen-correctiv-spendenaufruf-zum-potsdam-treffen-erfolgreich-verteidigt","status":"publish","type":"post","link":"https:\/\/www.hoecker.eu\/blog\/vosgerau-gewinnt-gegen-correctiv-spendenaufruf-zum-potsdam-treffen-erfolgreich-verteidigt\/","title":{"rendered":"Vosgerau gewinnt gegen Correctiv \u2013 Spendenaufruf zum Potsdam-Treffen erfolgreich verteidigt"},"content":{"rendered":"<p>Dr. Ulrich Vosgerau hat vor dem Landgericht Berlin gegen Correctiv gewonnen. Die Ausf\u00fchrungen in seinem Spendenaufruf zum Potsdam-Treffen sind korrekt und nicht angreifbar. Konkret geht es um die irref\u00fchrende und durch die Teilnehmer widerlegte Darstellung, dass Martin Sellner in Potsdam Pl\u00e4ne zur Ausweisung deutscher Staatsb\u00fcrger vorgestellt haben soll.<\/p>\n<p><strong>Correctiv-Aussagen \u00fcber Sellner zur Ausweisung deutscher Staatsb\u00fcrger sind Wertungen:<\/strong><\/p>\n<p>Correctiv hat Formulierungen in einem Spendenaufruf von Dr. Ulrich Vosgerau beanstandet. Im Aufruf wirbt Vosgerau um Unterst\u00fctzung f\u00fcr sein juristisches Vorgehen gegen die Desinformationen im Correctiv-Bericht. Seit Monaten k\u00e4mpft der renommierte Verfassungsrechtler Vosgerau gegen irref\u00fchrende Wertungen im Correctiv-Bericht. Diese sind der N\u00e4hrboden f\u00fcr die gerichtlich verbotenen Falschbehauptungen in Folgeberichten z.B. von NDR, ZDF und SWR, in Potsdam sei es um die Ausweisung, Abschiebung oder Deportation Deutscher gegangen.<\/p>\n<p>In seinem Spendenaufruf fasste Vosgerau den Correctiv-Bericht zu Aussagen von Martin Sellner auf dem Potsdam-Treffen wie folgt zusammen. Die unterstrichenen Passagen greift Correctiv an:<\/p>\n<p><em><u>Correctiv schreibt sinngem\u00e4\u00df<\/u><\/em><em>: Der \u00f6sterreichische Autor und Aktivist Martin Sellner gebrauchte in seinem Vortrag mehrmals das Wort <u>\u201eRemigration\u201c. Unter diesem Begriff verstehen nicht wenige Rechtextremisten die millionenfache Ausweisung auch eigener Staatsb\u00fcrger etwa wegen ihrer Hautfarbe. Wie ist dies juristisch zu bewerten? Es ist eine nicht angreifbare Meinungs\u00e4u\u00dferung.<\/u> Denn <u>Correctiv (1) schreibt nicht, da\u00df Martin Sellner selber jemals diese Auffassung vertreten h\u00e4tte<\/u>, erst recht nicht (2) <u>da\u00df er dies ausgerechnet w\u00e4hrend des Potsdamer Treffens so gesagt haben soll. <\/u>Correctiv<u> schreibt letztlich (3) nicht einmal, da\u00df Martin Sellner selbst zu den \u201eRechtsextremisten\u201c z\u00e4hle<\/u>, von denen einige \u2013 aber nicht alle \u2013 das Wort angeblich in diesem Sinne gebrauchen sollen.\u201c;<\/em><\/p>\n<p>Vosgerau schreibt also: Bei den Aussagen im Correctiv-Bericht zu Sellners angeblichen Ausweisungspl\u00e4nen deutscher Staatsb\u00fcrger handelt es sich um Wertungen. Vosgerau sagt damit, dass Correctiv die angeblichen Aussagen Sellners zur Ausweisung Deutscher nicht als Tatsachen, sondern nur als Wertungen berichtet habe.<\/p>\n<p><strong>Correctiv geht gegen eigenes Narrativ vor und verliert, Vosgeraus Meinungs\u00e4u\u00dferung ist korrekt:<\/strong><\/p>\n<p>Dass Correctiv die Aussagen Vosgeraus verbieten m\u00f6chte, verwundert. Schlie\u00dflich hat selbst der Correctiv-Anwalt vor dem Landgericht Hamburg best\u00e4tigt, dass auf dem Treffen nicht er\u00f6rtert wurde, welche M\u00f6glichkeiten bestehen, deutsche Staatsb\u00fcrger auf Grundlage rassistischer Kriterien auszuweisen. Dazu stellte er klar, Zitat: \u201e<em>Eine derartige Tatsachenbehauptung, die dem Beweise oder der Glaubhaftmachung zug\u00e4nglich w\u00e4re, wird in dem streitgegenst\u00e4ndlichen Artikel nicht erhoben. Im Gegenteil: Die deutsche Staatsb\u00fcrgerschaft hat Sellner in seinen Ausf\u00fchrungen ausdr\u00fccklich als juristische Sperre f\u00fcr eine Ausweisung anerkannt. Und allen Anwesenden war bewusst, dass insbesondere die grundrechtlichen H\u00fcrden daf\u00fcr zu hoch sind. Dementsprechend entwickelte sich unter den Teilnehmern auch keine Diskussion dar\u00fcber.\u201c<\/em><\/p>\n<p>Was Vosgerau gesagt hat, ist schon lange bekannt und Gegenstand zahlreicher kritischer Betrachtungen des aufsehenerregenden Berichts: Die Correctiv-Geschichte zu angeblichen Ausweisungspl\u00e4nen deutscher Staatsb\u00fcrger besteht aus wolkigen Wertungen.<\/p>\n<p>Correctiv ist nun vor dem Landgericht Berlin gescheitert, seinen sch\u00e4rfsten Kritiker, Dr. Ulrich Vosgerau, mundtot zu machen. Das Landgericht Berlin hat den Verbotsantrag zur\u00fcckgewiesen, sodass Dr. Vosgerau weiterhin verbreiten darf, dass die Aussagen von Correctiv im Zusammenhang mit den angeblichen Ausweisungspl\u00e4nen von deutschen Staatsb\u00fcrgern durch Martin Sellner Wertungen sind und ihnen die Tatsachengrundlage fehlt. <\/p>\n<p><strong>Mehrere Verbote gegen Correctiv?<\/strong><\/p>\n<p>Mit einer anderen Kleinigkeit war Correctiv zwar erfolgreich: Vosgerau schrieb, dass Correctiv mehrere Tatsachenbehauptungen verboten wurden. Correctiv wendet ein, Correctiv selbst sei nur eine Tatsachenbehauptung des Berichts verboten worden. Das Landgericht Berlin hat Herrn Vosgerau diese Aussage verboten.<\/p>\n<p>Wir halten die Aussage, Correctiv seien mehrere Tatsachenbehauptungen verboten wurden, weiter f\u00fcr zul\u00e4ssig: Denn unter dem Begriff \u201eCorrectiv\u201c versteht der Leser nicht nur die Gesellschaft, sondern auch den Gesch\u00e4ftsf\u00fchrer. Und dem Correctiv-Gesch\u00e4ftsf\u00fchrer David Schraven wurde rechtskr\u00e4ftig eine irref\u00fchrende Litigation PR verboten: Er hat in der FAZ die gerichtlich verbotene Falschbehauptung verbreitet, das Landgericht Hamburg habe die Correctiv-Geschichte zu Remigrationsforderungen gerichtlich gepr\u00fcft und best\u00e4tigt. Bei wertender Betrachtung ist damit richtig, dass Correctiv mehrere Aussagen verboten wurden.<\/p>\n<p>Am Ende handelt es sich dabei aber um eine <strong>Randnotiz<\/strong>, die Herr Vosgerau schon lange korrigiert hat.<\/p>\n<p><strong>Kampf gegen Kritik kommt Correctiv teuer zu stehen:<\/strong><\/p>\n<p>Correctiv hat das Verfahren weit \u00fcberwiegend verloren und muss nach der Entscheidung des Landgerichts Berlin 2\/3 der Kosten zahlen. Dieses und andere erfolglose Verfahren gegen kritische Meinungs\u00e4u\u00dferungen haben Correctiv viele Tausend Euro gekostet.<\/p>\n<p>Dr. Carsten Brennecke: <em>Zur \u201eMethode Correctiv\u201c geh\u00f6rt nicht nur eine manipulative irref\u00fchrende Berichterstattung. Dazu geh\u00f6rt auch, die finanzielle St\u00e4rke daf\u00fcr einzusetzen, Kritiker mundtot zu machen. Das alles hat mit Journalismus nichts zu tun. Es ist wichtig, Correctiv als das zu bezeichnen, was sie sind: Aktivisten, die unter dem Deckmantel eines angeblichen Journalismus mit aller Macht Meinung machen und Kritik unterdr\u00fccken.<\/em><\/p>\n","protected":false},"excerpt":{"rendered":"<p>Dr. Ulrich Vosgerau hat vor dem Landgericht Berlin gegen Correctiv gewonnen. Die Ausf\u00fchrungen in seinem Spendenaufruf zum Potsdam-Treffen sind korrekt und nicht angreifbar. Konkret geht es um die irref\u00fchrende und durch die Teilnehmer widerlegte Darstellung, dass Martin Sellner in Potsdam Pl\u00e4ne zur Ausweisung deutscher Staatsb\u00fcrger vorgestellt haben soll. Correctiv-Aussagen \u00fcber Sellner zur Ausweisung deutscher Staatsb\u00fcrger [&hellip;]<\/p>\n","protected":false},"author":1,"featured_media":0,"comment_status":"closed","ping_status":"closed","sticky":false,"template":"","format":"standard","meta":{"_has_post_settings":[],"footnotes":""},"categories":[15],"tags":[],"hashtags":[],"ppma_author":[84],"class_list":["post-8106","post","type-post","status-publish","format-standard","hentry","category-news","author-hoecker_adm"],"yoast_head":"<!-- This site is optimized with the Yoast SEO Premium plugin v25.9 (Yoast SEO v27.0) - https:\/\/yoast.com\/product\/yoast-seo-premium-wordpress\/ -->\n<title>Vosgerau gewinnt gegen Correctiv \u2013 Spendenaufruf zum Potsdam-Treffen erfolgreich verteidigt - H\u00d6CKER - der Blog<\/title>\n<meta name=\"robots\" content=\"index, follow, max-snippet:-1, max-image-preview:large, max-video-preview:-1\" \/>\n<link rel=\"canonical\" href=\"https:\/\/www.hoecker.eu\/blog\/vosgerau-gewinnt-gegen-correctiv-spendenaufruf-zum-potsdam-treffen-erfolgreich-verteidigt\/\" \/>\n<meta property=\"og:locale\" content=\"de_DE\" \/>\n<meta property=\"og:type\" content=\"article\" \/>\n<meta property=\"og:title\" content=\"Vosgerau gewinnt gegen Correctiv \u2013 Spendenaufruf zum Potsdam-Treffen erfolgreich verteidigt\" \/>\n<meta property=\"og:description\" content=\"Dr. Ulrich Vosgerau hat vor dem Landgericht Berlin gegen Correctiv gewonnen. Die Ausf\u00fchrungen in seinem Spendenaufruf zum Potsdam-Treffen sind korrekt und nicht angreifbar. Konkret geht es um die irref\u00fchrende und durch die Teilnehmer widerlegte Darstellung, dass Martin Sellner in Potsdam Pl\u00e4ne zur Ausweisung deutscher Staatsb\u00fcrger vorgestellt haben soll. Correctiv-Aussagen \u00fcber Sellner zur Ausweisung deutscher Staatsb\u00fcrger [&hellip;]\" \/>\n<meta property=\"og:url\" content=\"https:\/\/www.hoecker.eu\/blog\/vosgerau-gewinnt-gegen-correctiv-spendenaufruf-zum-potsdam-treffen-erfolgreich-verteidigt\/\" \/>\n<meta property=\"og:site_name\" content=\"H\u00d6CKER - der Blog\" \/>\n<meta property=\"article:publisher\" content=\"https:\/\/www.facebook.com\/HoeckerRAe\/\" \/>\n<meta property=\"article:author\" content=\"https:\/\/www.facebook.com\/ralf.hoecker\" \/>\n<meta property=\"article:published_time\" content=\"2024-11-28T11:18:00+00:00\" \/>\n<meta property=\"article:modified_time\" content=\"2025-02-17T13:53:06+00:00\" \/>\n<meta name=\"author\" content=\"Prof. Dr. Ralf H\u00f6cker\" \/>\n<meta name=\"twitter:card\" content=\"summary_large_image\" \/>\n<meta name=\"twitter:creator\" content=\"@Ralf_Hoecker\" \/>\n<meta name=\"twitter:site\" content=\"@hoecker_rae\" \/>\n<meta name=\"twitter:label1\" content=\"Verfasst von\" \/>\n\t<meta name=\"twitter:data1\" content=\"Prof. Dr. Ralf H\u00f6cker\" \/>\n\t<meta name=\"twitter:label2\" content=\"Gesch\u00e4tzte Lesezeit\" \/>\n\t<meta name=\"twitter:data2\" content=\"4\u00a0Minuten\" \/>\n<script type=\"application\/ld+json\" class=\"yoast-schema-graph\">{\"@context\":\"https:\/\/schema.org\",\"@graph\":[{\"@type\":\"Article\",\"@id\":\"https:\/\/www.hoecker.eu\/blog\/vosgerau-gewinnt-gegen-correctiv-spendenaufruf-zum-potsdam-treffen-erfolgreich-verteidigt\/#article\",\"isPartOf\":{\"@id\":\"https:\/\/www.hoecker.eu\/blog\/vosgerau-gewinnt-gegen-correctiv-spendenaufruf-zum-potsdam-treffen-erfolgreich-verteidigt\/\"},\"author\":{\"name\":\"Prof. Dr. Ralf H\u00f6cker\",\"@id\":\"https:\/\/www.hoecker.eu\/blog\/#\/schema\/person\/08f95581eed0534eccd0b2438f7a1cab\"},\"headline\":\"Vosgerau gewinnt gegen Correctiv \u2013 Spendenaufruf zum Potsdam-Treffen erfolgreich verteidigt\",\"datePublished\":\"2024-11-28T11:18:00+00:00\",\"dateModified\":\"2025-02-17T13:53:06+00:00\",\"mainEntityOfPage\":{\"@id\":\"https:\/\/www.hoecker.eu\/blog\/vosgerau-gewinnt-gegen-correctiv-spendenaufruf-zum-potsdam-treffen-erfolgreich-verteidigt\/\"},\"wordCount\":788,\"publisher\":{\"@id\":\"https:\/\/www.hoecker.eu\/blog\/#organization\"},\"articleSection\":[\"News\"],\"inLanguage\":\"de\"},{\"@type\":\"WebPage\",\"@id\":\"https:\/\/www.hoecker.eu\/blog\/vosgerau-gewinnt-gegen-correctiv-spendenaufruf-zum-potsdam-treffen-erfolgreich-verteidigt\/\",\"url\":\"https:\/\/www.hoecker.eu\/blog\/vosgerau-gewinnt-gegen-correctiv-spendenaufruf-zum-potsdam-treffen-erfolgreich-verteidigt\/\",\"name\":\"Vosgerau gewinnt gegen Correctiv \u2013 Spendenaufruf zum Potsdam-Treffen erfolgreich verteidigt - H\u00d6CKER - der Blog\",\"isPartOf\":{\"@id\":\"https:\/\/www.hoecker.eu\/blog\/#website\"},\"datePublished\":\"2024-11-28T11:18:00+00:00\",\"dateModified\":\"2025-02-17T13:53:06+00:00\",\"breadcrumb\":{\"@id\":\"https:\/\/www.hoecker.eu\/blog\/vosgerau-gewinnt-gegen-correctiv-spendenaufruf-zum-potsdam-treffen-erfolgreich-verteidigt\/#breadcrumb\"},\"inLanguage\":\"de\",\"potentialAction\":[{\"@type\":\"ReadAction\",\"target\":[\"https:\/\/www.hoecker.eu\/blog\/vosgerau-gewinnt-gegen-correctiv-spendenaufruf-zum-potsdam-treffen-erfolgreich-verteidigt\/\"]}]},{\"@type\":\"BreadcrumbList\",\"@id\":\"https:\/\/www.hoecker.eu\/blog\/vosgerau-gewinnt-gegen-correctiv-spendenaufruf-zum-potsdam-treffen-erfolgreich-verteidigt\/#breadcrumb\",\"itemListElement\":[{\"@type\":\"ListItem\",\"position\":1,\"name\":\"Startseite\",\"item\":\"https:\/\/dev.hoecker.eu\/blog\/\"},{\"@type\":\"ListItem\",\"position\":2,\"name\":\"Vosgerau gewinnt gegen Correctiv \u2013 Spendenaufruf zum Potsdam-Treffen erfolgreich verteidigt\"}]},{\"@type\":\"WebSite\",\"@id\":\"https:\/\/www.hoecker.eu\/blog\/#website\",\"url\":\"https:\/\/www.hoecker.eu\/blog\/\",\"name\":\"H\u00d6CKER - der Blog\",\"description\":\"Expertenblog f\u00fcr \u00c4u\u00dferungs-, Medien-, Marken-, Urheber- und Wettbewerbsrecht.\",\"publisher\":{\"@id\":\"https:\/\/www.hoecker.eu\/blog\/#organization\"},\"potentialAction\":[{\"@type\":\"SearchAction\",\"target\":{\"@type\":\"EntryPoint\",\"urlTemplate\":\"https:\/\/www.hoecker.eu\/blog\/?s={search_term_string}\"},\"query-input\":{\"@type\":\"PropertyValueSpecification\",\"valueRequired\":true,\"valueName\":\"search_term_string\"}}],\"inLanguage\":\"de\"},{\"@type\":\"Organization\",\"@id\":\"https:\/\/www.hoecker.eu\/blog\/#organization\",\"name\":\"H\u00d6CKER Rechtsanw\u00e4lte PartGmbB\",\"alternateName\":\"H\u00d6CKER\",\"url\":\"https:\/\/www.hoecker.eu\/blog\/\",\"logo\":{\"@type\":\"ImageObject\",\"inLanguage\":\"de\",\"@id\":\"https:\/\/www.hoecker.eu\/blog\/#\/schema\/logo\/image\/\",\"url\":\"https:\/\/www.hoecker.eu\/blog\/wp-content\/uploads\/2025\/03\/Blog-Logo.webp\",\"contentUrl\":\"https:\/\/www.hoecker.eu\/blog\/wp-content\/uploads\/2025\/03\/Blog-Logo.webp\",\"width\":500,\"height\":500,\"caption\":\"H\u00d6CKER Rechtsanw\u00e4lte PartGmbB\"},\"image\":{\"@id\":\"https:\/\/www.hoecker.eu\/blog\/#\/schema\/logo\/image\/\"},\"sameAs\":[\"https:\/\/www.facebook.com\/HoeckerRAe\/\",\"https:\/\/x.com\/hoecker_rae\",\"https:\/\/www.linkedin.com\/company\/hcker-rechtsanwlte\/\",\"https:\/\/www.instagram.com\/hoecker_rae\/\"],\"email\":\"contact@hoecker.eu\",\"telephone\":\"+ 49 (0)221-933 19-10\",\"legalName\":\"H\u00d6CKER Rechtsanw\u00e4lte PartGmbB\",\"numberOfEmployees\":{\"@type\":\"QuantitativeValue\",\"minValue\":\"11\",\"maxValue\":\"50\"}},{\"@type\":\"Person\",\"@id\":\"https:\/\/www.hoecker.eu\/blog\/#\/schema\/person\/08f95581eed0534eccd0b2438f7a1cab\",\"name\":\"Prof. Dr. Ralf H\u00f6cker\",\"description\":\"Medienanwalt. Besch\u00fctzer vor mieser Presse\",\"sameAs\":[\"https:\/\/www.hoecker.eu\/wer\/prof-dr-ralf-hoecker\",\"https:\/\/www.facebook.com\/ralf.hoecker\",\"https:\/\/www.linkedin.com\/in\/prof-dr-ralf-hcker-ll-m-london-17987826\/\",\"https:\/\/x.com\/Ralf_Hoecker\"],\"url\":\"https:\/\/www.hoecker.eu\/blog\/author\/hoecker_adm\/\"}]}<\/script>\n<!-- \/ Yoast SEO Premium plugin. -->","yoast_head_json":{"title":"Vosgerau gewinnt gegen Correctiv \u2013 Spendenaufruf zum Potsdam-Treffen erfolgreich verteidigt - H\u00d6CKER - der Blog","robots":{"index":"index","follow":"follow","max-snippet":"max-snippet:-1","max-image-preview":"max-image-preview:large","max-video-preview":"max-video-preview:-1"},"canonical":"https:\/\/www.hoecker.eu\/blog\/vosgerau-gewinnt-gegen-correctiv-spendenaufruf-zum-potsdam-treffen-erfolgreich-verteidigt\/","og_locale":"de_DE","og_type":"article","og_title":"Vosgerau gewinnt gegen Correctiv \u2013 Spendenaufruf zum Potsdam-Treffen erfolgreich verteidigt","og_description":"Dr. Ulrich Vosgerau hat vor dem Landgericht Berlin gegen Correctiv gewonnen. Die Ausf\u00fchrungen in seinem Spendenaufruf zum Potsdam-Treffen sind korrekt und nicht angreifbar. Konkret geht es um die irref\u00fchrende und durch die Teilnehmer widerlegte Darstellung, dass Martin Sellner in Potsdam Pl\u00e4ne zur Ausweisung deutscher Staatsb\u00fcrger vorgestellt haben soll. Correctiv-Aussagen \u00fcber Sellner zur Ausweisung deutscher Staatsb\u00fcrger [&hellip;]","og_url":"https:\/\/www.hoecker.eu\/blog\/vosgerau-gewinnt-gegen-correctiv-spendenaufruf-zum-potsdam-treffen-erfolgreich-verteidigt\/","og_site_name":"H\u00d6CKER - der Blog","article_publisher":"https:\/\/www.facebook.com\/HoeckerRAe\/","article_author":"https:\/\/www.facebook.com\/ralf.hoecker","article_published_time":"2024-11-28T11:18:00+00:00","article_modified_time":"2025-02-17T13:53:06+00:00","author":"Prof. Dr. Ralf H\u00f6cker","twitter_card":"summary_large_image","twitter_creator":"@Ralf_Hoecker","twitter_site":"@hoecker_rae","twitter_misc":{"Verfasst von":"Prof. Dr. Ralf H\u00f6cker","Gesch\u00e4tzte Lesezeit":"4\u00a0Minuten"},"schema":{"@context":"https:\/\/schema.org","@graph":[{"@type":"Article","@id":"https:\/\/www.hoecker.eu\/blog\/vosgerau-gewinnt-gegen-correctiv-spendenaufruf-zum-potsdam-treffen-erfolgreich-verteidigt\/#article","isPartOf":{"@id":"https:\/\/www.hoecker.eu\/blog\/vosgerau-gewinnt-gegen-correctiv-spendenaufruf-zum-potsdam-treffen-erfolgreich-verteidigt\/"},"author":{"name":"Prof. Dr. Ralf H\u00f6cker","@id":"https:\/\/www.hoecker.eu\/blog\/#\/schema\/person\/08f95581eed0534eccd0b2438f7a1cab"},"headline":"Vosgerau gewinnt gegen Correctiv \u2013 Spendenaufruf zum Potsdam-Treffen erfolgreich verteidigt","datePublished":"2024-11-28T11:18:00+00:00","dateModified":"2025-02-17T13:53:06+00:00","mainEntityOfPage":{"@id":"https:\/\/www.hoecker.eu\/blog\/vosgerau-gewinnt-gegen-correctiv-spendenaufruf-zum-potsdam-treffen-erfolgreich-verteidigt\/"},"wordCount":788,"publisher":{"@id":"https:\/\/www.hoecker.eu\/blog\/#organization"},"articleSection":["News"],"inLanguage":"de"},{"@type":"WebPage","@id":"https:\/\/www.hoecker.eu\/blog\/vosgerau-gewinnt-gegen-correctiv-spendenaufruf-zum-potsdam-treffen-erfolgreich-verteidigt\/","url":"https:\/\/www.hoecker.eu\/blog\/vosgerau-gewinnt-gegen-correctiv-spendenaufruf-zum-potsdam-treffen-erfolgreich-verteidigt\/","name":"Vosgerau gewinnt gegen Correctiv \u2013 Spendenaufruf zum Potsdam-Treffen erfolgreich verteidigt - H\u00d6CKER - der Blog","isPartOf":{"@id":"https:\/\/www.hoecker.eu\/blog\/#website"},"datePublished":"2024-11-28T11:18:00+00:00","dateModified":"2025-02-17T13:53:06+00:00","breadcrumb":{"@id":"https:\/\/www.hoecker.eu\/blog\/vosgerau-gewinnt-gegen-correctiv-spendenaufruf-zum-potsdam-treffen-erfolgreich-verteidigt\/#breadcrumb"},"inLanguage":"de","potentialAction":[{"@type":"ReadAction","target":["https:\/\/www.hoecker.eu\/blog\/vosgerau-gewinnt-gegen-correctiv-spendenaufruf-zum-potsdam-treffen-erfolgreich-verteidigt\/"]}]},{"@type":"BreadcrumbList","@id":"https:\/\/www.hoecker.eu\/blog\/vosgerau-gewinnt-gegen-correctiv-spendenaufruf-zum-potsdam-treffen-erfolgreich-verteidigt\/#breadcrumb","itemListElement":[{"@type":"ListItem","position":1,"name":"Startseite","item":"https:\/\/dev.hoecker.eu\/blog\/"},{"@type":"ListItem","position":2,"name":"Vosgerau gewinnt gegen Correctiv \u2013 Spendenaufruf zum Potsdam-Treffen erfolgreich verteidigt"}]},{"@type":"WebSite","@id":"https:\/\/www.hoecker.eu\/blog\/#website","url":"https:\/\/www.hoecker.eu\/blog\/","name":"H\u00d6CKER - der Blog","description":"Expertenblog f\u00fcr \u00c4u\u00dferungs-, Medien-, Marken-, Urheber- und Wettbewerbsrecht.","publisher":{"@id":"https:\/\/www.hoecker.eu\/blog\/#organization"},"potentialAction":[{"@type":"SearchAction","target":{"@type":"EntryPoint","urlTemplate":"https:\/\/www.hoecker.eu\/blog\/?s={search_term_string}"},"query-input":{"@type":"PropertyValueSpecification","valueRequired":true,"valueName":"search_term_string"}}],"inLanguage":"de"},{"@type":"Organization","@id":"https:\/\/www.hoecker.eu\/blog\/#organization","name":"H\u00d6CKER Rechtsanw\u00e4lte PartGmbB","alternateName":"H\u00d6CKER","url":"https:\/\/www.hoecker.eu\/blog\/","logo":{"@type":"ImageObject","inLanguage":"de","@id":"https:\/\/www.hoecker.eu\/blog\/#\/schema\/logo\/image\/","url":"https:\/\/www.hoecker.eu\/blog\/wp-content\/uploads\/2025\/03\/Blog-Logo.webp","contentUrl":"https:\/\/www.hoecker.eu\/blog\/wp-content\/uploads\/2025\/03\/Blog-Logo.webp","width":500,"height":500,"caption":"H\u00d6CKER Rechtsanw\u00e4lte PartGmbB"},"image":{"@id":"https:\/\/www.hoecker.eu\/blog\/#\/schema\/logo\/image\/"},"sameAs":["https:\/\/www.facebook.com\/HoeckerRAe\/","https:\/\/x.com\/hoecker_rae","https:\/\/www.linkedin.com\/company\/hcker-rechtsanwlte\/","https:\/\/www.instagram.com\/hoecker_rae\/"],"email":"contact@hoecker.eu","telephone":"+ 49 (0)221-933 19-10","legalName":"H\u00d6CKER Rechtsanw\u00e4lte PartGmbB","numberOfEmployees":{"@type":"QuantitativeValue","minValue":"11","maxValue":"50"}},{"@type":"Person","@id":"https:\/\/www.hoecker.eu\/blog\/#\/schema\/person\/08f95581eed0534eccd0b2438f7a1cab","name":"Prof. Dr. Ralf H\u00f6cker","description":"Medienanwalt. Besch\u00fctzer vor mieser Presse","sameAs":["https:\/\/www.hoecker.eu\/wer\/prof-dr-ralf-hoecker","https:\/\/www.facebook.com\/ralf.hoecker","https:\/\/www.linkedin.com\/in\/prof-dr-ralf-hcker-ll-m-london-17987826\/","https:\/\/x.com\/Ralf_Hoecker"],"url":"https:\/\/www.hoecker.eu\/blog\/author\/hoecker_adm\/"}]}},"authors":[{"term_id":84,"user_id":1,"is_guest":0,"slug":"hoecker_adm","display_name":"Prof. Dr. Ralf H\u00f6cker","avatar_url":{"url":"https:\/\/www.hoecker.eu\/blog\/wp-content\/uploads\/2023\/12\/ProfDrRalfHoecker.jpg","url2x":"https:\/\/www.hoecker.eu\/blog\/wp-content\/uploads\/2023\/12\/ProfDrRalfHoecker.jpg"},"0":null,"1":"","2":"","3":"","4":"","5":"","6":"","7":"","8":"","9":"","10":"","11":""}],"_links":{"self":[{"href":"https:\/\/www.hoecker.eu\/blog\/wp-json\/wp\/v2\/posts\/8106","targetHints":{"allow":["GET"]}}],"collection":[{"href":"https:\/\/www.hoecker.eu\/blog\/wp-json\/wp\/v2\/posts"}],"about":[{"href":"https:\/\/www.hoecker.eu\/blog\/wp-json\/wp\/v2\/types\/post"}],"author":[{"embeddable":true,"href":"https:\/\/www.hoecker.eu\/blog\/wp-json\/wp\/v2\/users\/1"}],"replies":[{"embeddable":true,"href":"https:\/\/www.hoecker.eu\/blog\/wp-json\/wp\/v2\/comments?post=8106"}],"version-history":[{"count":1,"href":"https:\/\/www.hoecker.eu\/blog\/wp-json\/wp\/v2\/posts\/8106\/revisions"}],"predecessor-version":[{"id":9230,"href":"https:\/\/www.hoecker.eu\/blog\/wp-json\/wp\/v2\/posts\/8106\/revisions\/9230"}],"wp:attachment":[{"href":"https:\/\/www.hoecker.eu\/blog\/wp-json\/wp\/v2\/media?parent=8106"}],"wp:term":[{"taxonomy":"category","embeddable":true,"href":"https:\/\/www.hoecker.eu\/blog\/wp-json\/wp\/v2\/categories?post=8106"},{"taxonomy":"post_tag","embeddable":true,"href":"https:\/\/www.hoecker.eu\/blog\/wp-json\/wp\/v2\/tags?post=8106"},{"taxonomy":"hashtags","embeddable":true,"href":"https:\/\/www.hoecker.eu\/blog\/wp-json\/wp\/v2\/hashtags?post=8106"},{"taxonomy":"author","embeddable":true,"href":"https:\/\/www.hoecker.eu\/blog\/wp-json\/wp\/v2\/ppma_author?post=8106"}],"curies":[{"name":"wp","href":"https:\/\/api.w.org\/{rel}","templated":true}]}}