{"id":8104,"date":"2024-12-05T13:04:00","date_gmt":"2024-12-05T12:04:00","guid":{"rendered":"https:\/\/www.hoecker.eu\/blog\/widdewiddewitt-die-hamburger-gruenen-machen-sich-die-welt-wie-sie-ihnen-gefaellt\/"},"modified":"2025-02-17T14:53:04","modified_gmt":"2025-02-17T13:53:04","slug":"widdewiddewitt-die-hamburger-gruenen-machen-sich-die-welt-wie-sie-ihnen-gefaellt","status":"publish","type":"post","link":"https:\/\/www.hoecker.eu\/blog\/widdewiddewitt-die-hamburger-gruenen-machen-sich-die-welt-wie-sie-ihnen-gefaellt\/","title":{"rendered":"Widdewiddewitt \u2013 die Hamburger Gr\u00fcnen machen sich die Welt, wie sie ihnen gef\u00e4llt"},"content":{"rendered":"<p><strong>Hamburger Gr\u00fcne verbreiten Falschbehauptungen und berufen sich auf Correctiv<\/strong><\/p>\n<p>Was mit einem Antrag zur \u201eVerteidigung der Demokratie\u201c in der Hamburger B\u00fcrgerschaft begann, endet f\u00fcr die Gr\u00fcne B\u00fcrgerschaftsfraktion vor Gericht mit einem Verbot.<\/p>\n<p><strong>Wie kam es dazu?<\/strong><\/p>\n<p>In einer Pressemitteilung auf der Webseite der Hamburger B\u00fcrgerschaftsfraktion der Gr\u00fcnen war folgendes zu angeblichen Deportationspl\u00e4nen in Potsdam zu lesen:<\/p>\n<p><em>\u201eDas Entsetzen um das Geheimtreffen von Potsdam, auf dem Politiker*innen der AfD mit Rechtsextremen und Unternehmer*innen zusammengekommen sind, <u>um die Deportation von unliebsamen deutschen Staatsb\u00fcrger*innen ins afrikanische Ausland zu besprechen<\/u>, h\u00e4lt weiter an und motiviert Menschen in ganz Deutschland sich gegen Rechtsextremismus zu positionieren.\u201c<\/em><\/p>\n<p>Als Quelle f\u00fcr die Aussage f\u00fchrte der Anwalt der Gr\u00fcnen vor Gericht an, dass die Aussagen der Gr\u00fcnen \u201eauf den Feststellungen und Bewertungen der Correctiv-Recherche basieren\u201c. Damit ist die Gr\u00fcne B\u00fcrgerschaftsfraktion Hamburg ein weiteres Opfer der irref\u00fchrenden Wertungen des Correctiv-Berichts und reiht sich ein bei NDR, ZDF und SWR, die auch schon Verbote kassiert haben, weil sie sich auf den Correctiv-Bericht verlie\u00dfen.<\/p>\n<p><strong>Landgericht Hamburg verbietet Falschinformationen<\/strong><\/p>\n<p>Das Landgericht Hamburg hat in der einstweiligen Verf\u00fcgung festgestellt, dass die Behauptung, die Teilnehmer seien zusammengekommen, um die Deportation von Menschen mit deutscher Staatsangeh\u00f6rigkeit ins afrikanische Ausland zu besprechen, prozessual unwahr ist. Das bedeutet, dass das Gericht nach Pr\u00fcfung der Argumente keinen Nachweis gefunden hat, dass sich die Teilnehmer trafen, um \u00fcber Deportation von unliebsamen deutschen Staatsb\u00fcrger ins afrikanische Ausland zu sprechen. Dr. Ulrich Vosgerau (CDU) hat sich damit wieder erfolgreich gegen Fake News zum Potsdam-Treffen gewahrt.<\/p>\n<p><strong>Wenn ideologische Verblendung auf Unbelehrbarkeit trifft<\/strong><\/p>\n<p>Dabei h\u00e4tte es gar nicht so weit kommen m\u00fcssen. Vor dem Verfahren wurde die Gr\u00fcne B\u00fcrgerschaftsfraktion abgemahnt und ausdr\u00fccklich darauf hingewiesen, dass sie irref\u00fchrenden Wertungen Correctivs aufgesessen ist. Dennoch hielten die Gr\u00fcnen an ihrer Desinformation fest und wollten diese unbedingt weiterverbreiten. Im gerichtlichen Verfahren verteidigte der Anwalt der Gr\u00fcnen die mit Falschbehauptungen gespickte Desinformation der Gr\u00fcnen damit, dass die Fraktion ein \u201ema\u00dfgeblicher Faktor der politischen Willensbildung\u201c sei und es \u201enicht nur ihr Recht, sondern ihre Aufgabe sei, zur Willensbildung beizutragen\u201c.<\/p>\n<p>Die Gr\u00fcnen mutieren hier also endg\u00fcltig zu Pippi Langstrumpf: F\u00fcr die Gr\u00fcne B\u00fcrgerschaftsfraktion in Hamburg scheint es v\u00f6llig in Ordnung zu sein, die politische Willensbildung in der Bev\u00f6lkerung durch Falschinformationen \u00fcber politischen Gegner zu beeinflussen.<\/p>\n<p><strong>Anwalt der Gr\u00fcnen schie\u00dft Eigentor<\/strong><\/p>\n<p>Vor Gericht ging es aber noch weiter: Der Anwalt der Gr\u00fcnen trug au\u00dferdem vor, dass das, was in Potsdam besprochen wurde, bei wertender Betrachtung als \u201eDeportation\u201c deutscher Staatsb\u00fcrger bezeichnet werden d\u00fcrfe. Denn die angeblichen Planungen entspr\u00e4chen bei wertender Betrachtung Deportationspl\u00e4nen. Dem widerspricht das Landgericht Hamburg. Was sich in Potsdam zugetragen habe, \u201etr\u00e4gt die Bezeichnung als Deportation nicht\u201c.<\/p>\n<p><strong>Dank Correctiv im freien Fall<\/strong><\/p>\n<p>Als letzten Rettungsanker suchten die Hamburger Gr\u00fcnen ihr Heil ausgerechnet in zwei Correctiv-Redakteuren. Sie beriefen sich auf Jean Peters und Marcus Bensmann, wobei Ersterer von sich sagt, dass er auch gern Geschichten erfindet. Beide hatten eidesstattliche Versicherungen zu dem abgegeben, was sich angeblich in Potsdam zugetragen hat. Schade nur, dass sich in diesen Papieren auch keine Beweise f\u00fcr die steilen Thesen der Gr\u00fcnen fanden. Damit stellt das Verbot des Landgericht Hamburg gegen die Gr\u00fcnen auch Correctiv blo\u00df: Wer sich auf Correctiv verl\u00e4sst, ist verlassen.<\/p>\n<p>Dr. Carsten Brennecke: &#8220;<em>Die Gr\u00fcne B\u00fcrgerschaftsfraktion Hamburg reiht sich in die Reihe der Correctiv-Verlierer ein: NDR, ZDF, SWR, Campact und nun auch die Gr\u00fcnen in Hamburg. Und das, weil sie sich durch die irref\u00fchrenden Wertungen Correctivs zu Falschbehauptungen verleiten lie\u00dfen. Das Verbot gegen die Gr\u00fcnen zeigt einmal mehr, wie gef\u00e4hrlich die Correctiv-Berichterstattung f\u00fcr unsere Demokratie ist. Nun wurde sogar die Fraktion einer politischen Partei dazu verf\u00fchrt, die B\u00fcrger mit einer Desinformation zu verunsichern.\u201c<\/em><\/p>\n\n\n<p><\/p>\n","protected":false},"excerpt":{"rendered":"<p>Hamburger Gr\u00fcne verbreiten Falschbehauptungen und berufen sich auf Correctiv Was mit einem Antrag zur \u201eVerteidigung der Demokratie\u201c in der Hamburger B\u00fcrgerschaft begann, endet f\u00fcr die Gr\u00fcne B\u00fcrgerschaftsfraktion vor Gericht mit einem Verbot. Wie kam es dazu? In einer Pressemitteilung auf der Webseite der Hamburger B\u00fcrgerschaftsfraktion der Gr\u00fcnen war folgendes zu angeblichen Deportationspl\u00e4nen in Potsdam zu [&hellip;]<\/p>\n","protected":false},"author":3,"featured_media":0,"comment_status":"closed","ping_status":"closed","sticky":false,"template":"","format":"standard","meta":{"_has_post_settings":[],"footnotes":""},"categories":[15],"tags":[],"hashtags":[],"ppma_author":[51],"class_list":["post-8104","post","type-post","status-publish","format-standard","hentry","category-news","author-jgraebig"],"yoast_head":"<!-- This site is optimized with the Yoast SEO Premium plugin v25.9 (Yoast SEO v27.0) - https:\/\/yoast.com\/product\/yoast-seo-premium-wordpress\/ -->\n<title>Widdewiddewitt \u2013 die Hamburger Gr\u00fcnen machen sich die Welt, wie sie ihnen gef\u00e4llt - H\u00d6CKER - der Blog<\/title>\n<meta name=\"robots\" content=\"index, follow, max-snippet:-1, max-image-preview:large, max-video-preview:-1\" \/>\n<link rel=\"canonical\" href=\"https:\/\/www.hoecker.eu\/blog\/widdewiddewitt-die-hamburger-gruenen-machen-sich-die-welt-wie-sie-ihnen-gefaellt\/\" \/>\n<meta property=\"og:locale\" content=\"de_DE\" \/>\n<meta property=\"og:type\" content=\"article\" \/>\n<meta property=\"og:title\" content=\"Widdewiddewitt \u2013 die Hamburger Gr\u00fcnen machen sich die Welt, wie sie ihnen gef\u00e4llt\" \/>\n<meta property=\"og:description\" content=\"Hamburger Gr\u00fcne verbreiten Falschbehauptungen und berufen sich auf Correctiv Was mit einem Antrag zur \u201eVerteidigung der Demokratie\u201c in der Hamburger B\u00fcrgerschaft begann, endet f\u00fcr die Gr\u00fcne B\u00fcrgerschaftsfraktion vor Gericht mit einem Verbot. Wie kam es dazu? In einer Pressemitteilung auf der Webseite der Hamburger B\u00fcrgerschaftsfraktion der Gr\u00fcnen war folgendes zu angeblichen Deportationspl\u00e4nen in Potsdam zu [&hellip;]\" \/>\n<meta property=\"og:url\" content=\"https:\/\/www.hoecker.eu\/blog\/widdewiddewitt-die-hamburger-gruenen-machen-sich-die-welt-wie-sie-ihnen-gefaellt\/\" \/>\n<meta property=\"og:site_name\" content=\"H\u00d6CKER - der Blog\" \/>\n<meta property=\"article:publisher\" content=\"https:\/\/www.facebook.com\/HoeckerRAe\/\" \/>\n<meta property=\"article:published_time\" content=\"2024-12-05T12:04:00+00:00\" \/>\n<meta property=\"article:modified_time\" content=\"2025-02-17T13:53:04+00:00\" \/>\n<meta name=\"author\" content=\"Dr. Johannes Gr\u00e4big\" \/>\n<meta name=\"twitter:card\" content=\"summary_large_image\" \/>\n<meta name=\"twitter:creator\" content=\"@hoecker_rae\" \/>\n<meta name=\"twitter:site\" content=\"@hoecker_rae\" \/>\n<meta name=\"twitter:label1\" content=\"Verfasst von\" \/>\n\t<meta name=\"twitter:data1\" content=\"Dr. Johannes Gr\u00e4big\" \/>\n\t<meta name=\"twitter:label2\" content=\"Gesch\u00e4tzte Lesezeit\" \/>\n\t<meta name=\"twitter:data2\" content=\"4\u00a0Minuten\" \/>\n<script type=\"application\/ld+json\" class=\"yoast-schema-graph\">{\"@context\":\"https:\/\/schema.org\",\"@graph\":[{\"@type\":\"Article\",\"@id\":\"https:\/\/www.hoecker.eu\/blog\/widdewiddewitt-die-hamburger-gruenen-machen-sich-die-welt-wie-sie-ihnen-gefaellt\/#article\",\"isPartOf\":{\"@id\":\"https:\/\/www.hoecker.eu\/blog\/widdewiddewitt-die-hamburger-gruenen-machen-sich-die-welt-wie-sie-ihnen-gefaellt\/\"},\"author\":{\"name\":\"Dr. Johannes Gr\u00e4big\",\"@id\":\"https:\/\/www.hoecker.eu\/blog\/#\/schema\/person\/510665b1361609f5dfd1c142ca7a706f\"},\"headline\":\"Widdewiddewitt \u2013 die Hamburger Gr\u00fcnen machen sich die Welt, wie sie ihnen gef\u00e4llt\",\"datePublished\":\"2024-12-05T12:04:00+00:00\",\"dateModified\":\"2025-02-17T13:53:04+00:00\",\"mainEntityOfPage\":{\"@id\":\"https:\/\/www.hoecker.eu\/blog\/widdewiddewitt-die-hamburger-gruenen-machen-sich-die-welt-wie-sie-ihnen-gefaellt\/\"},\"wordCount\":668,\"publisher\":{\"@id\":\"https:\/\/www.hoecker.eu\/blog\/#organization\"},\"articleSection\":[\"News\"],\"inLanguage\":\"de\"},{\"@type\":\"WebPage\",\"@id\":\"https:\/\/www.hoecker.eu\/blog\/widdewiddewitt-die-hamburger-gruenen-machen-sich-die-welt-wie-sie-ihnen-gefaellt\/\",\"url\":\"https:\/\/www.hoecker.eu\/blog\/widdewiddewitt-die-hamburger-gruenen-machen-sich-die-welt-wie-sie-ihnen-gefaellt\/\",\"name\":\"Widdewiddewitt \u2013 die Hamburger Gr\u00fcnen machen sich die Welt, wie sie ihnen gef\u00e4llt - H\u00d6CKER - der Blog\",\"isPartOf\":{\"@id\":\"https:\/\/www.hoecker.eu\/blog\/#website\"},\"datePublished\":\"2024-12-05T12:04:00+00:00\",\"dateModified\":\"2025-02-17T13:53:04+00:00\",\"breadcrumb\":{\"@id\":\"https:\/\/www.hoecker.eu\/blog\/widdewiddewitt-die-hamburger-gruenen-machen-sich-die-welt-wie-sie-ihnen-gefaellt\/#breadcrumb\"},\"inLanguage\":\"de\",\"potentialAction\":[{\"@type\":\"ReadAction\",\"target\":[\"https:\/\/www.hoecker.eu\/blog\/widdewiddewitt-die-hamburger-gruenen-machen-sich-die-welt-wie-sie-ihnen-gefaellt\/\"]}]},{\"@type\":\"BreadcrumbList\",\"@id\":\"https:\/\/www.hoecker.eu\/blog\/widdewiddewitt-die-hamburger-gruenen-machen-sich-die-welt-wie-sie-ihnen-gefaellt\/#breadcrumb\",\"itemListElement\":[{\"@type\":\"ListItem\",\"position\":1,\"name\":\"Startseite\",\"item\":\"https:\/\/dev.hoecker.eu\/blog\/\"},{\"@type\":\"ListItem\",\"position\":2,\"name\":\"Widdewiddewitt \u2013 die Hamburger Gr\u00fcnen machen sich die Welt, wie sie ihnen gef\u00e4llt\"}]},{\"@type\":\"WebSite\",\"@id\":\"https:\/\/www.hoecker.eu\/blog\/#website\",\"url\":\"https:\/\/www.hoecker.eu\/blog\/\",\"name\":\"H\u00d6CKER - der Blog\",\"description\":\"Expertenblog f\u00fcr \u00c4u\u00dferungs-, Medien-, Marken-, Urheber- und Wettbewerbsrecht.\",\"publisher\":{\"@id\":\"https:\/\/www.hoecker.eu\/blog\/#organization\"},\"potentialAction\":[{\"@type\":\"SearchAction\",\"target\":{\"@type\":\"EntryPoint\",\"urlTemplate\":\"https:\/\/www.hoecker.eu\/blog\/?s={search_term_string}\"},\"query-input\":{\"@type\":\"PropertyValueSpecification\",\"valueRequired\":true,\"valueName\":\"search_term_string\"}}],\"inLanguage\":\"de\"},{\"@type\":\"Organization\",\"@id\":\"https:\/\/www.hoecker.eu\/blog\/#organization\",\"name\":\"H\u00d6CKER Rechtsanw\u00e4lte PartGmbB\",\"alternateName\":\"H\u00d6CKER\",\"url\":\"https:\/\/www.hoecker.eu\/blog\/\",\"logo\":{\"@type\":\"ImageObject\",\"inLanguage\":\"de\",\"@id\":\"https:\/\/www.hoecker.eu\/blog\/#\/schema\/logo\/image\/\",\"url\":\"https:\/\/www.hoecker.eu\/blog\/wp-content\/uploads\/2025\/03\/Blog-Logo.webp\",\"contentUrl\":\"https:\/\/www.hoecker.eu\/blog\/wp-content\/uploads\/2025\/03\/Blog-Logo.webp\",\"width\":500,\"height\":500,\"caption\":\"H\u00d6CKER Rechtsanw\u00e4lte PartGmbB\"},\"image\":{\"@id\":\"https:\/\/www.hoecker.eu\/blog\/#\/schema\/logo\/image\/\"},\"sameAs\":[\"https:\/\/www.facebook.com\/HoeckerRAe\/\",\"https:\/\/x.com\/hoecker_rae\",\"https:\/\/www.linkedin.com\/company\/hcker-rechtsanwlte\/\",\"https:\/\/www.instagram.com\/hoecker_rae\/\"],\"email\":\"contact@hoecker.eu\",\"telephone\":\"+ 49 (0)221-933 19-10\",\"legalName\":\"H\u00d6CKER Rechtsanw\u00e4lte PartGmbB\",\"numberOfEmployees\":{\"@type\":\"QuantitativeValue\",\"minValue\":\"11\",\"maxValue\":\"50\"}},{\"@type\":\"Person\",\"@id\":\"https:\/\/www.hoecker.eu\/blog\/#\/schema\/person\/510665b1361609f5dfd1c142ca7a706f\",\"name\":\"Dr. Johannes Gr\u00e4big\",\"description\":\"Rechtsanwalt f\u00fcr IP- und Medienrecht\",\"sameAs\":[\"https:\/\/www.hoecker.eu\/wer\/dr-johannes-gr%C3%A4big\",\"https:\/\/www.linkedin.com\/in\/johannes-grbig-4996a2144\/\"],\"honorificPrefix\":\"Dr.\",\"url\":\"https:\/\/www.hoecker.eu\/blog\/author\/jgraebig\/\"}]}<\/script>\n<!-- \/ Yoast SEO Premium plugin. -->","yoast_head_json":{"title":"Widdewiddewitt \u2013 die Hamburger Gr\u00fcnen machen sich die Welt, wie sie ihnen gef\u00e4llt - H\u00d6CKER - der Blog","robots":{"index":"index","follow":"follow","max-snippet":"max-snippet:-1","max-image-preview":"max-image-preview:large","max-video-preview":"max-video-preview:-1"},"canonical":"https:\/\/www.hoecker.eu\/blog\/widdewiddewitt-die-hamburger-gruenen-machen-sich-die-welt-wie-sie-ihnen-gefaellt\/","og_locale":"de_DE","og_type":"article","og_title":"Widdewiddewitt \u2013 die Hamburger Gr\u00fcnen machen sich die Welt, wie sie ihnen gef\u00e4llt","og_description":"Hamburger Gr\u00fcne verbreiten Falschbehauptungen und berufen sich auf Correctiv Was mit einem Antrag zur \u201eVerteidigung der Demokratie\u201c in der Hamburger B\u00fcrgerschaft begann, endet f\u00fcr die Gr\u00fcne B\u00fcrgerschaftsfraktion vor Gericht mit einem Verbot. Wie kam es dazu? In einer Pressemitteilung auf der Webseite der Hamburger B\u00fcrgerschaftsfraktion der Gr\u00fcnen war folgendes zu angeblichen Deportationspl\u00e4nen in Potsdam zu [&hellip;]","og_url":"https:\/\/www.hoecker.eu\/blog\/widdewiddewitt-die-hamburger-gruenen-machen-sich-die-welt-wie-sie-ihnen-gefaellt\/","og_site_name":"H\u00d6CKER - der Blog","article_publisher":"https:\/\/www.facebook.com\/HoeckerRAe\/","article_published_time":"2024-12-05T12:04:00+00:00","article_modified_time":"2025-02-17T13:53:04+00:00","author":"Dr. Johannes Gr\u00e4big","twitter_card":"summary_large_image","twitter_creator":"@hoecker_rae","twitter_site":"@hoecker_rae","twitter_misc":{"Verfasst von":"Dr. Johannes Gr\u00e4big","Gesch\u00e4tzte Lesezeit":"4\u00a0Minuten"},"schema":{"@context":"https:\/\/schema.org","@graph":[{"@type":"Article","@id":"https:\/\/www.hoecker.eu\/blog\/widdewiddewitt-die-hamburger-gruenen-machen-sich-die-welt-wie-sie-ihnen-gefaellt\/#article","isPartOf":{"@id":"https:\/\/www.hoecker.eu\/blog\/widdewiddewitt-die-hamburger-gruenen-machen-sich-die-welt-wie-sie-ihnen-gefaellt\/"},"author":{"name":"Dr. Johannes Gr\u00e4big","@id":"https:\/\/www.hoecker.eu\/blog\/#\/schema\/person\/510665b1361609f5dfd1c142ca7a706f"},"headline":"Widdewiddewitt \u2013 die Hamburger Gr\u00fcnen machen sich die Welt, wie sie ihnen gef\u00e4llt","datePublished":"2024-12-05T12:04:00+00:00","dateModified":"2025-02-17T13:53:04+00:00","mainEntityOfPage":{"@id":"https:\/\/www.hoecker.eu\/blog\/widdewiddewitt-die-hamburger-gruenen-machen-sich-die-welt-wie-sie-ihnen-gefaellt\/"},"wordCount":668,"publisher":{"@id":"https:\/\/www.hoecker.eu\/blog\/#organization"},"articleSection":["News"],"inLanguage":"de"},{"@type":"WebPage","@id":"https:\/\/www.hoecker.eu\/blog\/widdewiddewitt-die-hamburger-gruenen-machen-sich-die-welt-wie-sie-ihnen-gefaellt\/","url":"https:\/\/www.hoecker.eu\/blog\/widdewiddewitt-die-hamburger-gruenen-machen-sich-die-welt-wie-sie-ihnen-gefaellt\/","name":"Widdewiddewitt \u2013 die Hamburger Gr\u00fcnen machen sich die Welt, wie sie ihnen gef\u00e4llt - H\u00d6CKER - der Blog","isPartOf":{"@id":"https:\/\/www.hoecker.eu\/blog\/#website"},"datePublished":"2024-12-05T12:04:00+00:00","dateModified":"2025-02-17T13:53:04+00:00","breadcrumb":{"@id":"https:\/\/www.hoecker.eu\/blog\/widdewiddewitt-die-hamburger-gruenen-machen-sich-die-welt-wie-sie-ihnen-gefaellt\/#breadcrumb"},"inLanguage":"de","potentialAction":[{"@type":"ReadAction","target":["https:\/\/www.hoecker.eu\/blog\/widdewiddewitt-die-hamburger-gruenen-machen-sich-die-welt-wie-sie-ihnen-gefaellt\/"]}]},{"@type":"BreadcrumbList","@id":"https:\/\/www.hoecker.eu\/blog\/widdewiddewitt-die-hamburger-gruenen-machen-sich-die-welt-wie-sie-ihnen-gefaellt\/#breadcrumb","itemListElement":[{"@type":"ListItem","position":1,"name":"Startseite","item":"https:\/\/dev.hoecker.eu\/blog\/"},{"@type":"ListItem","position":2,"name":"Widdewiddewitt \u2013 die Hamburger Gr\u00fcnen machen sich die Welt, wie sie ihnen gef\u00e4llt"}]},{"@type":"WebSite","@id":"https:\/\/www.hoecker.eu\/blog\/#website","url":"https:\/\/www.hoecker.eu\/blog\/","name":"H\u00d6CKER - der Blog","description":"Expertenblog f\u00fcr \u00c4u\u00dferungs-, Medien-, Marken-, Urheber- und Wettbewerbsrecht.","publisher":{"@id":"https:\/\/www.hoecker.eu\/blog\/#organization"},"potentialAction":[{"@type":"SearchAction","target":{"@type":"EntryPoint","urlTemplate":"https:\/\/www.hoecker.eu\/blog\/?s={search_term_string}"},"query-input":{"@type":"PropertyValueSpecification","valueRequired":true,"valueName":"search_term_string"}}],"inLanguage":"de"},{"@type":"Organization","@id":"https:\/\/www.hoecker.eu\/blog\/#organization","name":"H\u00d6CKER Rechtsanw\u00e4lte PartGmbB","alternateName":"H\u00d6CKER","url":"https:\/\/www.hoecker.eu\/blog\/","logo":{"@type":"ImageObject","inLanguage":"de","@id":"https:\/\/www.hoecker.eu\/blog\/#\/schema\/logo\/image\/","url":"https:\/\/www.hoecker.eu\/blog\/wp-content\/uploads\/2025\/03\/Blog-Logo.webp","contentUrl":"https:\/\/www.hoecker.eu\/blog\/wp-content\/uploads\/2025\/03\/Blog-Logo.webp","width":500,"height":500,"caption":"H\u00d6CKER Rechtsanw\u00e4lte PartGmbB"},"image":{"@id":"https:\/\/www.hoecker.eu\/blog\/#\/schema\/logo\/image\/"},"sameAs":["https:\/\/www.facebook.com\/HoeckerRAe\/","https:\/\/x.com\/hoecker_rae","https:\/\/www.linkedin.com\/company\/hcker-rechtsanwlte\/","https:\/\/www.instagram.com\/hoecker_rae\/"],"email":"contact@hoecker.eu","telephone":"+ 49 (0)221-933 19-10","legalName":"H\u00d6CKER Rechtsanw\u00e4lte PartGmbB","numberOfEmployees":{"@type":"QuantitativeValue","minValue":"11","maxValue":"50"}},{"@type":"Person","@id":"https:\/\/www.hoecker.eu\/blog\/#\/schema\/person\/510665b1361609f5dfd1c142ca7a706f","name":"Dr. Johannes Gr\u00e4big","description":"Rechtsanwalt f\u00fcr IP- und Medienrecht","sameAs":["https:\/\/www.hoecker.eu\/wer\/dr-johannes-gr%C3%A4big","https:\/\/www.linkedin.com\/in\/johannes-grbig-4996a2144\/"],"honorificPrefix":"Dr.","url":"https:\/\/www.hoecker.eu\/blog\/author\/jgraebig\/"}]}},"authors":[{"term_id":51,"user_id":3,"is_guest":0,"slug":"jgraebig","display_name":"Dr. Johannes Gr\u00e4big","avatar_url":{"url":"https:\/\/www.hoecker.eu\/blog\/wp-content\/uploads\/2025\/01\/dr.johannes.graebig.webp","url2x":"https:\/\/www.hoecker.eu\/blog\/wp-content\/uploads\/2025\/01\/dr.johannes.graebig.webp"},"0":null,"1":"","2":"","3":"","4":"","5":"","6":"","7":"","8":"","9":"","10":"","11":""}],"_links":{"self":[{"href":"https:\/\/www.hoecker.eu\/blog\/wp-json\/wp\/v2\/posts\/8104","targetHints":{"allow":["GET"]}}],"collection":[{"href":"https:\/\/www.hoecker.eu\/blog\/wp-json\/wp\/v2\/posts"}],"about":[{"href":"https:\/\/www.hoecker.eu\/blog\/wp-json\/wp\/v2\/types\/post"}],"author":[{"embeddable":true,"href":"https:\/\/www.hoecker.eu\/blog\/wp-json\/wp\/v2\/users\/3"}],"replies":[{"embeddable":true,"href":"https:\/\/www.hoecker.eu\/blog\/wp-json\/wp\/v2\/comments?post=8104"}],"version-history":[{"count":1,"href":"https:\/\/www.hoecker.eu\/blog\/wp-json\/wp\/v2\/posts\/8104\/revisions"}],"predecessor-version":[{"id":8886,"href":"https:\/\/www.hoecker.eu\/blog\/wp-json\/wp\/v2\/posts\/8104\/revisions\/8886"}],"wp:attachment":[{"href":"https:\/\/www.hoecker.eu\/blog\/wp-json\/wp\/v2\/media?parent=8104"}],"wp:term":[{"taxonomy":"category","embeddable":true,"href":"https:\/\/www.hoecker.eu\/blog\/wp-json\/wp\/v2\/categories?post=8104"},{"taxonomy":"post_tag","embeddable":true,"href":"https:\/\/www.hoecker.eu\/blog\/wp-json\/wp\/v2\/tags?post=8104"},{"taxonomy":"hashtags","embeddable":true,"href":"https:\/\/www.hoecker.eu\/blog\/wp-json\/wp\/v2\/hashtags?post=8104"},{"taxonomy":"author","embeddable":true,"href":"https:\/\/www.hoecker.eu\/blog\/wp-json\/wp\/v2\/ppma_author?post=8104"}],"curies":[{"name":"wp","href":"https:\/\/api.w.org\/{rel}","templated":true}]}}