{"id":8103,"date":"2024-12-11T13:08:00","date_gmt":"2024-12-11T12:08:00","guid":{"rendered":"https:\/\/www.hoecker.eu\/blog\/wer-flunkert-verliert-anwalt-der-hamburger-gruenen-ertappt-jetzt-gibt-er-im-correctiv-streit-unterlassungserklaerung-ab\/"},"modified":"2025-02-17T14:53:04","modified_gmt":"2025-02-17T13:53:04","slug":"wer-flunkert-verliert-anwalt-der-hamburger-gruenen-ertappt-jetzt-gibt-er-im-correctiv-streit-unterlassungserklaerung-ab","status":"publish","type":"post","link":"https:\/\/www.hoecker.eu\/blog\/wer-flunkert-verliert-anwalt-der-hamburger-gruenen-ertappt-jetzt-gibt-er-im-correctiv-streit-unterlassungserklaerung-ab\/","title":{"rendered":"Wer flunkert verliert &#8211; Anwalt der Hamburger Gr\u00fcnen ertappt, jetzt gibt er im Correctiv-Streit Unterlassungserkl\u00e4rung ab"},"content":{"rendered":"<p>Die Hamburger Gr\u00fcnen haben gelogen: Sie haben behauptet, in Potsdam seien die Teilnehmer zusammengekommen, um Deportationen deutscher Staatsb\u00fcrger zu planen. Stimmt nicht. Damit hat sich Gr\u00fcne B\u00fcrgerschaftsfraktion in Hamburg vom LG Hamburg ruckzuck ein Verbot eingehandelt.<\/p>\n<p>Diese Schmach wollte der Anwalt der Gr\u00fcnen nicht auf sich sitzen lassen und verbreitete als Ablenkungsman\u00f6ver die n\u00e4chste fabelhafte &#8211; und wieder falsche \u2013 Geschichte:<\/p>\n<p>Das Landgericht Hamburg habe festgestellt, dass auf dem Potsdam-Treffen \u201e<em>doch vorgeschlagen wurde, minderassimilierte Staatsb\u00fcrger dazu zu bringen, das Land zu verlassen. Das soll geschehen durch ma\u00dfgeschneiderten Gesetzen und hohen Assimilations- und Anpassungsdruck.\u201c<\/em><\/p>\n<p>Wieder geflunkert &#8211; und das als Anwalt. Wie auch die Legal Tribune Online richtig analysiert, hat das Gericht dazu rein gar nichts festgestellt: <a href=\"https:\/\/www.lto.de\/recht\/hintergruende\/h\/lg-hamburg-324o52424-vosgerau-gruene-correctiv-remigration?s=08\" target=\"_blank\" rel=\"noreferrer noopener\">https:\/\/www.lto.de\/recht\/hintergruende\/h\/lg-hamburg-324o52424-vosgerau-gruene-correctiv-remigration?s=08<\/a><\/p>\n<p>Daher wurde der Anwalt der Gr\u00fcnen im Namen von Dr. Ulrich Vosgerau (CDU) abgemahnt.<\/p>\n<p>Gerade noch rechtzeitig gab er zu dieser Aussage noch eine Unterlassungserkl\u00e4rung ab. Sonst h\u00e4tte er das n\u00e4chste Verbot kassiert. <\/p>\n<p>Dr. Carsten Brennecke: <em>\u201eSeine Flunkergeschichten darf er nun nicht mehr verbreiten. Die Fake News hat er immerhin umgehend gel\u00f6scht. L\u00fcgen haben kurze Beine und damit kommen auch Anw\u00e4lte nicht weit.\u201c <\/em><\/p>\n","protected":false},"excerpt":{"rendered":"<p>Die Hamburger Gr\u00fcnen haben gelogen: Sie haben behauptet, in Potsdam seien die Teilnehmer zusammengekommen, um Deportationen deutscher Staatsb\u00fcrger zu planen. Stimmt nicht. Damit hat sich Gr\u00fcne B\u00fcrgerschaftsfraktion in Hamburg vom LG Hamburg ruckzuck ein Verbot eingehandelt. Diese Schmach wollte der Anwalt der Gr\u00fcnen nicht auf sich sitzen lassen und verbreitete als Ablenkungsman\u00f6ver die n\u00e4chste fabelhafte [&hellip;]<\/p>\n","protected":false},"author":1,"featured_media":0,"comment_status":"closed","ping_status":"closed","sticky":false,"template":"","format":"standard","meta":{"_has_post_settings":[],"footnotes":""},"categories":[15],"tags":[],"hashtags":[],"ppma_author":[84],"class_list":["post-8103","post","type-post","status-publish","format-standard","hentry","category-news","author-hoecker_adm"],"yoast_head":"<!-- This site is optimized with the Yoast SEO Premium plugin v25.9 (Yoast SEO v27.0) - https:\/\/yoast.com\/product\/yoast-seo-premium-wordpress\/ -->\n<title>Wer flunkert verliert - Anwalt der Hamburger Gr\u00fcnen ertappt, jetzt gibt er im Correctiv-Streit Unterlassungserkl\u00e4rung ab - H\u00d6CKER - der Blog<\/title>\n<meta name=\"robots\" content=\"index, follow, max-snippet:-1, max-image-preview:large, max-video-preview:-1\" \/>\n<link rel=\"canonical\" href=\"https:\/\/www.hoecker.eu\/blog\/wer-flunkert-verliert-anwalt-der-hamburger-gruenen-ertappt-jetzt-gibt-er-im-correctiv-streit-unterlassungserklaerung-ab\/\" \/>\n<meta property=\"og:locale\" content=\"de_DE\" \/>\n<meta property=\"og:type\" content=\"article\" \/>\n<meta property=\"og:title\" content=\"Wer flunkert verliert - Anwalt der Hamburger Gr\u00fcnen ertappt, jetzt gibt er im Correctiv-Streit Unterlassungserkl\u00e4rung ab\" \/>\n<meta property=\"og:description\" content=\"Die Hamburger Gr\u00fcnen haben gelogen: Sie haben behauptet, in Potsdam seien die Teilnehmer zusammengekommen, um Deportationen deutscher Staatsb\u00fcrger zu planen. Stimmt nicht. Damit hat sich Gr\u00fcne B\u00fcrgerschaftsfraktion in Hamburg vom LG Hamburg ruckzuck ein Verbot eingehandelt. Diese Schmach wollte der Anwalt der Gr\u00fcnen nicht auf sich sitzen lassen und verbreitete als Ablenkungsman\u00f6ver die n\u00e4chste fabelhafte [&hellip;]\" \/>\n<meta property=\"og:url\" content=\"https:\/\/www.hoecker.eu\/blog\/wer-flunkert-verliert-anwalt-der-hamburger-gruenen-ertappt-jetzt-gibt-er-im-correctiv-streit-unterlassungserklaerung-ab\/\" \/>\n<meta property=\"og:site_name\" content=\"H\u00d6CKER - der Blog\" \/>\n<meta property=\"article:publisher\" content=\"https:\/\/www.facebook.com\/HoeckerRAe\/\" \/>\n<meta property=\"article:author\" content=\"https:\/\/www.facebook.com\/ralf.hoecker\" \/>\n<meta property=\"article:published_time\" content=\"2024-12-11T12:08:00+00:00\" \/>\n<meta property=\"article:modified_time\" content=\"2025-02-17T13:53:04+00:00\" \/>\n<meta name=\"author\" content=\"Prof. Dr. Ralf H\u00f6cker\" \/>\n<meta name=\"twitter:card\" content=\"summary_large_image\" \/>\n<meta name=\"twitter:creator\" content=\"@Ralf_Hoecker\" \/>\n<meta name=\"twitter:site\" content=\"@hoecker_rae\" \/>\n<meta name=\"twitter:label1\" content=\"Verfasst von\" \/>\n\t<meta name=\"twitter:data1\" content=\"Prof. Dr. Ralf H\u00f6cker\" \/>\n\t<meta name=\"twitter:label2\" content=\"Gesch\u00e4tzte Lesezeit\" \/>\n\t<meta name=\"twitter:data2\" content=\"1\u00a0Minute\" \/>\n<script type=\"application\/ld+json\" class=\"yoast-schema-graph\">{\"@context\":\"https:\/\/schema.org\",\"@graph\":[{\"@type\":\"Article\",\"@id\":\"https:\/\/www.hoecker.eu\/blog\/wer-flunkert-verliert-anwalt-der-hamburger-gruenen-ertappt-jetzt-gibt-er-im-correctiv-streit-unterlassungserklaerung-ab\/#article\",\"isPartOf\":{\"@id\":\"https:\/\/www.hoecker.eu\/blog\/wer-flunkert-verliert-anwalt-der-hamburger-gruenen-ertappt-jetzt-gibt-er-im-correctiv-streit-unterlassungserklaerung-ab\/\"},\"author\":{\"name\":\"Prof. Dr. Ralf H\u00f6cker\",\"@id\":\"https:\/\/www.hoecker.eu\/blog\/#\/schema\/person\/08f95581eed0534eccd0b2438f7a1cab\"},\"headline\":\"Wer flunkert verliert &#8211; Anwalt der Hamburger Gr\u00fcnen ertappt, jetzt gibt er im Correctiv-Streit Unterlassungserkl\u00e4rung ab\",\"datePublished\":\"2024-12-11T12:08:00+00:00\",\"dateModified\":\"2025-02-17T13:53:04+00:00\",\"mainEntityOfPage\":{\"@id\":\"https:\/\/www.hoecker.eu\/blog\/wer-flunkert-verliert-anwalt-der-hamburger-gruenen-ertappt-jetzt-gibt-er-im-correctiv-streit-unterlassungserklaerung-ab\/\"},\"wordCount\":223,\"publisher\":{\"@id\":\"https:\/\/www.hoecker.eu\/blog\/#organization\"},\"articleSection\":[\"News\"],\"inLanguage\":\"de\"},{\"@type\":\"WebPage\",\"@id\":\"https:\/\/www.hoecker.eu\/blog\/wer-flunkert-verliert-anwalt-der-hamburger-gruenen-ertappt-jetzt-gibt-er-im-correctiv-streit-unterlassungserklaerung-ab\/\",\"url\":\"https:\/\/www.hoecker.eu\/blog\/wer-flunkert-verliert-anwalt-der-hamburger-gruenen-ertappt-jetzt-gibt-er-im-correctiv-streit-unterlassungserklaerung-ab\/\",\"name\":\"Wer flunkert verliert - Anwalt der Hamburger Gr\u00fcnen ertappt, jetzt gibt er im Correctiv-Streit Unterlassungserkl\u00e4rung ab - H\u00d6CKER - der Blog\",\"isPartOf\":{\"@id\":\"https:\/\/www.hoecker.eu\/blog\/#website\"},\"datePublished\":\"2024-12-11T12:08:00+00:00\",\"dateModified\":\"2025-02-17T13:53:04+00:00\",\"breadcrumb\":{\"@id\":\"https:\/\/www.hoecker.eu\/blog\/wer-flunkert-verliert-anwalt-der-hamburger-gruenen-ertappt-jetzt-gibt-er-im-correctiv-streit-unterlassungserklaerung-ab\/#breadcrumb\"},\"inLanguage\":\"de\",\"potentialAction\":[{\"@type\":\"ReadAction\",\"target\":[\"https:\/\/www.hoecker.eu\/blog\/wer-flunkert-verliert-anwalt-der-hamburger-gruenen-ertappt-jetzt-gibt-er-im-correctiv-streit-unterlassungserklaerung-ab\/\"]}]},{\"@type\":\"BreadcrumbList\",\"@id\":\"https:\/\/www.hoecker.eu\/blog\/wer-flunkert-verliert-anwalt-der-hamburger-gruenen-ertappt-jetzt-gibt-er-im-correctiv-streit-unterlassungserklaerung-ab\/#breadcrumb\",\"itemListElement\":[{\"@type\":\"ListItem\",\"position\":1,\"name\":\"Startseite\",\"item\":\"https:\/\/dev.hoecker.eu\/blog\/\"},{\"@type\":\"ListItem\",\"position\":2,\"name\":\"Wer flunkert verliert &#8211; Anwalt der Hamburger Gr\u00fcnen ertappt, jetzt gibt er im Correctiv-Streit Unterlassungserkl\u00e4rung ab\"}]},{\"@type\":\"WebSite\",\"@id\":\"https:\/\/www.hoecker.eu\/blog\/#website\",\"url\":\"https:\/\/www.hoecker.eu\/blog\/\",\"name\":\"H\u00d6CKER - der Blog\",\"description\":\"Expertenblog f\u00fcr \u00c4u\u00dferungs-, Medien-, Marken-, Urheber- und Wettbewerbsrecht.\",\"publisher\":{\"@id\":\"https:\/\/www.hoecker.eu\/blog\/#organization\"},\"potentialAction\":[{\"@type\":\"SearchAction\",\"target\":{\"@type\":\"EntryPoint\",\"urlTemplate\":\"https:\/\/www.hoecker.eu\/blog\/?s={search_term_string}\"},\"query-input\":{\"@type\":\"PropertyValueSpecification\",\"valueRequired\":true,\"valueName\":\"search_term_string\"}}],\"inLanguage\":\"de\"},{\"@type\":\"Organization\",\"@id\":\"https:\/\/www.hoecker.eu\/blog\/#organization\",\"name\":\"H\u00d6CKER Rechtsanw\u00e4lte PartGmbB\",\"alternateName\":\"H\u00d6CKER\",\"url\":\"https:\/\/www.hoecker.eu\/blog\/\",\"logo\":{\"@type\":\"ImageObject\",\"inLanguage\":\"de\",\"@id\":\"https:\/\/www.hoecker.eu\/blog\/#\/schema\/logo\/image\/\",\"url\":\"https:\/\/www.hoecker.eu\/blog\/wp-content\/uploads\/2025\/03\/Blog-Logo.webp\",\"contentUrl\":\"https:\/\/www.hoecker.eu\/blog\/wp-content\/uploads\/2025\/03\/Blog-Logo.webp\",\"width\":500,\"height\":500,\"caption\":\"H\u00d6CKER Rechtsanw\u00e4lte PartGmbB\"},\"image\":{\"@id\":\"https:\/\/www.hoecker.eu\/blog\/#\/schema\/logo\/image\/\"},\"sameAs\":[\"https:\/\/www.facebook.com\/HoeckerRAe\/\",\"https:\/\/x.com\/hoecker_rae\",\"https:\/\/www.linkedin.com\/company\/hcker-rechtsanwlte\/\",\"https:\/\/www.instagram.com\/hoecker_rae\/\"],\"email\":\"contact@hoecker.eu\",\"telephone\":\"+ 49 (0)221-933 19-10\",\"legalName\":\"H\u00d6CKER Rechtsanw\u00e4lte PartGmbB\",\"numberOfEmployees\":{\"@type\":\"QuantitativeValue\",\"minValue\":\"11\",\"maxValue\":\"50\"}},{\"@type\":\"Person\",\"@id\":\"https:\/\/www.hoecker.eu\/blog\/#\/schema\/person\/08f95581eed0534eccd0b2438f7a1cab\",\"name\":\"Prof. Dr. Ralf H\u00f6cker\",\"description\":\"Medienanwalt. Besch\u00fctzer vor mieser Presse\",\"sameAs\":[\"https:\/\/www.hoecker.eu\/wer\/prof-dr-ralf-hoecker\",\"https:\/\/www.facebook.com\/ralf.hoecker\",\"https:\/\/www.linkedin.com\/in\/prof-dr-ralf-hcker-ll-m-london-17987826\/\",\"https:\/\/x.com\/Ralf_Hoecker\"],\"url\":\"https:\/\/www.hoecker.eu\/blog\/author\/hoecker_adm\/\"}]}<\/script>\n<!-- \/ Yoast SEO Premium plugin. -->","yoast_head_json":{"title":"Wer flunkert verliert - Anwalt der Hamburger Gr\u00fcnen ertappt, jetzt gibt er im Correctiv-Streit Unterlassungserkl\u00e4rung ab - H\u00d6CKER - der Blog","robots":{"index":"index","follow":"follow","max-snippet":"max-snippet:-1","max-image-preview":"max-image-preview:large","max-video-preview":"max-video-preview:-1"},"canonical":"https:\/\/www.hoecker.eu\/blog\/wer-flunkert-verliert-anwalt-der-hamburger-gruenen-ertappt-jetzt-gibt-er-im-correctiv-streit-unterlassungserklaerung-ab\/","og_locale":"de_DE","og_type":"article","og_title":"Wer flunkert verliert - Anwalt der Hamburger Gr\u00fcnen ertappt, jetzt gibt er im Correctiv-Streit Unterlassungserkl\u00e4rung ab","og_description":"Die Hamburger Gr\u00fcnen haben gelogen: Sie haben behauptet, in Potsdam seien die Teilnehmer zusammengekommen, um Deportationen deutscher Staatsb\u00fcrger zu planen. Stimmt nicht. Damit hat sich Gr\u00fcne B\u00fcrgerschaftsfraktion in Hamburg vom LG Hamburg ruckzuck ein Verbot eingehandelt. Diese Schmach wollte der Anwalt der Gr\u00fcnen nicht auf sich sitzen lassen und verbreitete als Ablenkungsman\u00f6ver die n\u00e4chste fabelhafte [&hellip;]","og_url":"https:\/\/www.hoecker.eu\/blog\/wer-flunkert-verliert-anwalt-der-hamburger-gruenen-ertappt-jetzt-gibt-er-im-correctiv-streit-unterlassungserklaerung-ab\/","og_site_name":"H\u00d6CKER - der Blog","article_publisher":"https:\/\/www.facebook.com\/HoeckerRAe\/","article_author":"https:\/\/www.facebook.com\/ralf.hoecker","article_published_time":"2024-12-11T12:08:00+00:00","article_modified_time":"2025-02-17T13:53:04+00:00","author":"Prof. Dr. Ralf H\u00f6cker","twitter_card":"summary_large_image","twitter_creator":"@Ralf_Hoecker","twitter_site":"@hoecker_rae","twitter_misc":{"Verfasst von":"Prof. Dr. Ralf H\u00f6cker","Gesch\u00e4tzte Lesezeit":"1\u00a0Minute"},"schema":{"@context":"https:\/\/schema.org","@graph":[{"@type":"Article","@id":"https:\/\/www.hoecker.eu\/blog\/wer-flunkert-verliert-anwalt-der-hamburger-gruenen-ertappt-jetzt-gibt-er-im-correctiv-streit-unterlassungserklaerung-ab\/#article","isPartOf":{"@id":"https:\/\/www.hoecker.eu\/blog\/wer-flunkert-verliert-anwalt-der-hamburger-gruenen-ertappt-jetzt-gibt-er-im-correctiv-streit-unterlassungserklaerung-ab\/"},"author":{"name":"Prof. Dr. Ralf H\u00f6cker","@id":"https:\/\/www.hoecker.eu\/blog\/#\/schema\/person\/08f95581eed0534eccd0b2438f7a1cab"},"headline":"Wer flunkert verliert &#8211; Anwalt der Hamburger Gr\u00fcnen ertappt, jetzt gibt er im Correctiv-Streit Unterlassungserkl\u00e4rung ab","datePublished":"2024-12-11T12:08:00+00:00","dateModified":"2025-02-17T13:53:04+00:00","mainEntityOfPage":{"@id":"https:\/\/www.hoecker.eu\/blog\/wer-flunkert-verliert-anwalt-der-hamburger-gruenen-ertappt-jetzt-gibt-er-im-correctiv-streit-unterlassungserklaerung-ab\/"},"wordCount":223,"publisher":{"@id":"https:\/\/www.hoecker.eu\/blog\/#organization"},"articleSection":["News"],"inLanguage":"de"},{"@type":"WebPage","@id":"https:\/\/www.hoecker.eu\/blog\/wer-flunkert-verliert-anwalt-der-hamburger-gruenen-ertappt-jetzt-gibt-er-im-correctiv-streit-unterlassungserklaerung-ab\/","url":"https:\/\/www.hoecker.eu\/blog\/wer-flunkert-verliert-anwalt-der-hamburger-gruenen-ertappt-jetzt-gibt-er-im-correctiv-streit-unterlassungserklaerung-ab\/","name":"Wer flunkert verliert - Anwalt der Hamburger Gr\u00fcnen ertappt, jetzt gibt er im Correctiv-Streit Unterlassungserkl\u00e4rung ab - H\u00d6CKER - der Blog","isPartOf":{"@id":"https:\/\/www.hoecker.eu\/blog\/#website"},"datePublished":"2024-12-11T12:08:00+00:00","dateModified":"2025-02-17T13:53:04+00:00","breadcrumb":{"@id":"https:\/\/www.hoecker.eu\/blog\/wer-flunkert-verliert-anwalt-der-hamburger-gruenen-ertappt-jetzt-gibt-er-im-correctiv-streit-unterlassungserklaerung-ab\/#breadcrumb"},"inLanguage":"de","potentialAction":[{"@type":"ReadAction","target":["https:\/\/www.hoecker.eu\/blog\/wer-flunkert-verliert-anwalt-der-hamburger-gruenen-ertappt-jetzt-gibt-er-im-correctiv-streit-unterlassungserklaerung-ab\/"]}]},{"@type":"BreadcrumbList","@id":"https:\/\/www.hoecker.eu\/blog\/wer-flunkert-verliert-anwalt-der-hamburger-gruenen-ertappt-jetzt-gibt-er-im-correctiv-streit-unterlassungserklaerung-ab\/#breadcrumb","itemListElement":[{"@type":"ListItem","position":1,"name":"Startseite","item":"https:\/\/dev.hoecker.eu\/blog\/"},{"@type":"ListItem","position":2,"name":"Wer flunkert verliert &#8211; Anwalt der Hamburger Gr\u00fcnen ertappt, jetzt gibt er im Correctiv-Streit Unterlassungserkl\u00e4rung ab"}]},{"@type":"WebSite","@id":"https:\/\/www.hoecker.eu\/blog\/#website","url":"https:\/\/www.hoecker.eu\/blog\/","name":"H\u00d6CKER - der Blog","description":"Expertenblog f\u00fcr \u00c4u\u00dferungs-, Medien-, Marken-, Urheber- und Wettbewerbsrecht.","publisher":{"@id":"https:\/\/www.hoecker.eu\/blog\/#organization"},"potentialAction":[{"@type":"SearchAction","target":{"@type":"EntryPoint","urlTemplate":"https:\/\/www.hoecker.eu\/blog\/?s={search_term_string}"},"query-input":{"@type":"PropertyValueSpecification","valueRequired":true,"valueName":"search_term_string"}}],"inLanguage":"de"},{"@type":"Organization","@id":"https:\/\/www.hoecker.eu\/blog\/#organization","name":"H\u00d6CKER Rechtsanw\u00e4lte PartGmbB","alternateName":"H\u00d6CKER","url":"https:\/\/www.hoecker.eu\/blog\/","logo":{"@type":"ImageObject","inLanguage":"de","@id":"https:\/\/www.hoecker.eu\/blog\/#\/schema\/logo\/image\/","url":"https:\/\/www.hoecker.eu\/blog\/wp-content\/uploads\/2025\/03\/Blog-Logo.webp","contentUrl":"https:\/\/www.hoecker.eu\/blog\/wp-content\/uploads\/2025\/03\/Blog-Logo.webp","width":500,"height":500,"caption":"H\u00d6CKER Rechtsanw\u00e4lte PartGmbB"},"image":{"@id":"https:\/\/www.hoecker.eu\/blog\/#\/schema\/logo\/image\/"},"sameAs":["https:\/\/www.facebook.com\/HoeckerRAe\/","https:\/\/x.com\/hoecker_rae","https:\/\/www.linkedin.com\/company\/hcker-rechtsanwlte\/","https:\/\/www.instagram.com\/hoecker_rae\/"],"email":"contact@hoecker.eu","telephone":"+ 49 (0)221-933 19-10","legalName":"H\u00d6CKER Rechtsanw\u00e4lte PartGmbB","numberOfEmployees":{"@type":"QuantitativeValue","minValue":"11","maxValue":"50"}},{"@type":"Person","@id":"https:\/\/www.hoecker.eu\/blog\/#\/schema\/person\/08f95581eed0534eccd0b2438f7a1cab","name":"Prof. Dr. Ralf H\u00f6cker","description":"Medienanwalt. Besch\u00fctzer vor mieser Presse","sameAs":["https:\/\/www.hoecker.eu\/wer\/prof-dr-ralf-hoecker","https:\/\/www.facebook.com\/ralf.hoecker","https:\/\/www.linkedin.com\/in\/prof-dr-ralf-hcker-ll-m-london-17987826\/","https:\/\/x.com\/Ralf_Hoecker"],"url":"https:\/\/www.hoecker.eu\/blog\/author\/hoecker_adm\/"}]}},"authors":[{"term_id":84,"user_id":1,"is_guest":0,"slug":"hoecker_adm","display_name":"Prof. Dr. Ralf H\u00f6cker","avatar_url":{"url":"https:\/\/www.hoecker.eu\/blog\/wp-content\/uploads\/2023\/12\/ProfDrRalfHoecker.jpg","url2x":"https:\/\/www.hoecker.eu\/blog\/wp-content\/uploads\/2023\/12\/ProfDrRalfHoecker.jpg"},"0":null,"1":"","2":"","3":"","4":"","5":"","6":"","7":"","8":"","9":"","10":"","11":""}],"_links":{"self":[{"href":"https:\/\/www.hoecker.eu\/blog\/wp-json\/wp\/v2\/posts\/8103","targetHints":{"allow":["GET"]}}],"collection":[{"href":"https:\/\/www.hoecker.eu\/blog\/wp-json\/wp\/v2\/posts"}],"about":[{"href":"https:\/\/www.hoecker.eu\/blog\/wp-json\/wp\/v2\/types\/post"}],"author":[{"embeddable":true,"href":"https:\/\/www.hoecker.eu\/blog\/wp-json\/wp\/v2\/users\/1"}],"replies":[{"embeddable":true,"href":"https:\/\/www.hoecker.eu\/blog\/wp-json\/wp\/v2\/comments?post=8103"}],"version-history":[{"count":2,"href":"https:\/\/www.hoecker.eu\/blog\/wp-json\/wp\/v2\/posts\/8103\/revisions"}],"predecessor-version":[{"id":9229,"href":"https:\/\/www.hoecker.eu\/blog\/wp-json\/wp\/v2\/posts\/8103\/revisions\/9229"}],"wp:attachment":[{"href":"https:\/\/www.hoecker.eu\/blog\/wp-json\/wp\/v2\/media?parent=8103"}],"wp:term":[{"taxonomy":"category","embeddable":true,"href":"https:\/\/www.hoecker.eu\/blog\/wp-json\/wp\/v2\/categories?post=8103"},{"taxonomy":"post_tag","embeddable":true,"href":"https:\/\/www.hoecker.eu\/blog\/wp-json\/wp\/v2\/tags?post=8103"},{"taxonomy":"hashtags","embeddable":true,"href":"https:\/\/www.hoecker.eu\/blog\/wp-json\/wp\/v2\/hashtags?post=8103"},{"taxonomy":"author","embeddable":true,"href":"https:\/\/www.hoecker.eu\/blog\/wp-json\/wp\/v2\/ppma_author?post=8103"}],"curies":[{"name":"wp","href":"https:\/\/api.w.org\/{rel}","templated":true}]}}