{"id":10381,"date":"2026-04-28T12:48:53","date_gmt":"2026-04-28T10:48:53","guid":{"rendered":"https:\/\/www.hoecker.eu\/blog\/?p=10381"},"modified":"2026-04-28T12:48:53","modified_gmt":"2026-04-28T10:48:53","slug":"correctiv-bericht-zum-potsdam-treffen-desinformation-durch-systematische-auslassungen","status":"publish","type":"post","link":"https:\/\/www.hoecker.eu\/blog\/correctiv-bericht-zum-potsdam-treffen-desinformation-durch-systematische-auslassungen\/","title":{"rendered":"Neuer Correctiv-Bericht zum Potsdam-Treffen: Desinformation durch systematische Auslassungen:"},"content":{"rendered":"\n<p>Wir hatten \u00fcber eine Anfrage Correctivs an Teilnehmer des Potsdam-Treffens berichtet, die mit falschen Tatsachenbehauptungen gespickt war: <a href=\"https:\/\/x.com\/RABrennecke\/status\/2048758784269455811\">https:\/\/x.com\/RABrennecke\/status\/2048758784269455811<\/a><\/p>\n\n\n\n<p>Danach war zu bef\u00fcrchten, dass Correctiv die L\u00fcgengeschichte zum Potsdam-Treffen dadurch kaschieren will, dass Teilnehmer des Treffens durch neue Falschdarstellungen in ein schlechtes Licht ger\u00fcckt werden.<\/p>\n\n\n\n<p>Nach unserer Intervention hat Correctiv auf diverse mutma\u00dflich geplante L\u00fcgen verzichtet. Herausgekommen ist eine zahnlose Geschichte mit dem bedeutungsschwangeren Titel \u201e<a href=\"https:\/\/correctiv.org\/aktuelles\/neue-rechte\/2026\/04\/28\/dies-unser-volk-bislang-unveroeffentlichte-inhalte-der-potsdam-konferenz\/\">Dies unser Volk! \u2013 Bislang unver\u00f6ffentlichte Inhalte der Potsdam-Konferenz<\/a>\u201c, die erneut alle irref\u00fchrenden Merkmale des \u201eSystems Correctiv\u201c aufweist.<\/p>\n\n\n\n<h2 class=\"wp-block-heading\" id=\"h-nichtigkeiten-durch-meinungsausserungen-aufgebauscht-wesentliche-informationen-verschwiegen\"><strong>Nichtigkeiten durch Meinungs\u00e4u\u00dferungen aufgebauscht, wesentliche Informationen verschwiegen:<\/strong><\/h2>\n\n\n\n<p>Der neue Bericht erf\u00fcllt alle Merkmale des \u201eSystems Correctiv\u201c: Nichtigkeiten werden durch Meinungs\u00e4u\u00dferungen aufgebauscht. Wesentliche Hintergr\u00fcnde werden dem Leser verschwiegen.<\/p>\n\n\n\n<p>Hier eine Analyse des Correctiv-Berichts:<\/p>\n\n\n\n<h2 class=\"wp-block-heading\" id=\"h-volkische-ideologie-als-aufgebauschte-meinung\"><strong>V\u00f6lkische Ideologie als aufgebauschte Meinung<\/strong><\/h2>\n\n\n\n<p>Die vermeintlich bahnbrechende \u201eEnth\u00fcllung\u201c des Correctiv-Berichts besteht darin, dass ein Teilnehmer des Potsdam-Treffens den Vortrag einer Strophe eines Gedichts von Konrad Windisch abspielt, in dem das \u2013 aus Sicht von Correctiv \u2013 b\u00f6se Reizwort \u201eVolk\u201c verwendet wird! Correctiv bem\u00fcht eine Kulturwissenschaftlerin, die dem Gedicht freih\u00e4ndig eine \u201ev\u00f6lkische Ideologie\u201c unterschiebt. Gleichzeitig wird darauf hingewiesen, dass der Autor des Gedichts auch noch das \u201eR\u201c gerollt habe!<\/p>\n\n\n\n<p>Was Correctiv damit erreichen m\u00f6chte, ist klar: Dem Leser soll suggeriert werden, dass der Autor das \u201eR\u201c rollte wie Adolf Hitler und damit nat\u00fcrlich mit diesem im Geiste &nbsp;wesensverwandt sein muss. Abermals versucht Correctiv \u2013 wie schon mit dem Begriff der \u201eWannsee-Konferenz\u201c in der verbotenen L\u00fcgengeschichte zum Potsdam-Treffen \u2013 einen aufbauschenden Bogen zum Nationalsozialismus zu schlagen.<\/p>\n\n\n\n<p>Tats\u00e4chlich hat die in Potsdam vorgetragene erste Strophe des Gedichts mit v\u00f6lkischem Gedankengut nichts zu tun. Correctiv wurde mitgeteilt, dass die erste Strophe&nbsp; eine pathetische Aufforderung zu nationalstaatlichem Denken und eine Werbung f\u00fcr einen gesamteurop\u00e4ischen v\u00f6lkerverst\u00e4ndigenden Gedanken enth\u00e4lt. Immerhin hat Correctiv diese entlastende Aussage auch niederschwellig in den Bericht aufgenommen.<\/p>\n\n\n\n<p>Was Correctiv den Lesern <strong>verschwiegen<\/strong> hat: In der Beantwortung der Presseanfrage wurde Correctiv darauf hingewiesen, dass es keine einzige recherchierbare Stimme gibt, dass die vorgetragene erste Strophe des Gedichts ein v\u00f6lkisches Denken transportiere. Diese Gegenrede hat Correctiv verschwiegen und erweckt durch die fragw\u00fcrdige und ergebnisorientierte Auslegung einer \u201eKulturwissenschaftlerin\u201c den falschen Eindruck, die breite Wissenschaft habe sich mit dem Gedicht auseinandergesetzt und dieses habe eine anerkannt abtr\u00e4gliche Bedeutung.&nbsp;<\/p>\n\n\n\n<p>Auch wenn Correctiv betont, der Autor habe beim vorgetragenen Gedicht das \u201eR\u201c gerollt, <strong>verschweigt<\/strong> Correctiv dem Leser in der bekannt l\u00fcckenhaften Darstellung einen entscheidenden Punkt:<\/p>\n\n\n\n<p>Der \u00d6sterreicher Windisch hat die Aufnahmen des abgespielten Gedichts zu einer Zeit eingesprochen, zu der es in \u00d6sterreich v\u00f6llig \u00fcblich war, dass \u201eR\u201c zu rollen. Das gerollte \u201eR\u201c war damals eine weit verbreitete Modeerscheinung. Im damaligen sogenannten \u201eB\u00fchnendeutsch\u201c wurde das \u201eR\u201c als k\u00fcnstlerisches Stilmittel gerollt, und zwar von weiten Teilen der \u00f6sterreichischen Bev\u00f6lkerung, insbesondere von K\u00fcnstlern und Intellektuellen, h\u00e4ufig auch beim Vortrag von Gedichten auf der B\u00fchne, Quelle hier:<\/p>\n\n\n\n<p><a href=\"https:\/\/en.wikipedia.org\/wiki\/B%C3%BChnendeutsch\">https:\/\/en.wikipedia.org\/wiki\/B%C3%BChnendeutsch<\/a><\/p>\n\n\n\n<p>Dass Windisch somit das \u201eR\u201c gerollt hat, hatte nichts mit einer N\u00e4he zum Nationalsozialismus zu tun, sondern das war ein sprachtypisches Ph\u00e4nomen der \u00f6sterreichischen Bev\u00f6lkerung zu dieser Zeit, insbesondere im Kreis von Intellektuellen und Literaten.<\/p>\n\n\n\n<p>Correctiv l\u00e4sst diese Einordnung nat\u00fcrlich weg, damit schlecht informierte Leser den Eindruck gewinnen, Windisch sei aufgrund des gerollten \u201eR\u201c ein \u00fcberf\u00fchrter Nationalsozialist.<\/p>\n\n\n\n<h2 class=\"wp-block-heading\" id=\"h-kontaktschuld-auch-45-jahre-spater\"><strong>Kontaktschuld auch 45 Jahre sp\u00e4ter<\/strong><\/h2>\n\n\n\n<p>Correctiv berichtet, ein Teilnehmer habe den Autoren des Gedichts kennengelernt. Immerhin stellt Correctiv klar, dass der letzte Kontakt rund 45 Jahre zur\u00fcckliegt und der Teilnehmer nicht die Ansichten Windischs geteilt hat. Dass sich die beiden einmal \u00fcber den Weg gelaufen sind, ist also bei n\u00e4herer Betrachtung eine Nichtigkeit. Correctiv berichtet \u00fcber das fast ein halbes Jahrzehnt zur\u00fcckliegende Zusammentreffen dennoch, um \u00fcber eine \u201eKontaktschuld\u201c Abtr\u00e4gliches raunen zu k\u00f6nnen.<\/p>\n\n\n\n<h2 class=\"wp-block-heading\" id=\"h-haltlose-darstellungen-zum-potsdam-treffen\"><strong>Haltlose Darstellungen zum Potsdam-Treffen<\/strong><\/h2>\n\n\n\n<p>Mit seinem aktuellen Bericht zum Potsdamer Treffen vom 28.04.2026 reagiert Correctiv erneut auf die gerichtlichen Niederlagen, die mehrere Teilnehmer gegen die Falschbehauptungen des Ursprungsberichts erstritten haben. Die nachfolgende Analyse legt dar, was Correctiv diesmal richtiggestellt hat \u2013 und was gezielt verschwiegen wurde.<\/p>\n\n\n\n<p>So bringt Correctiv einige Zitate des angeblich in Potsdam Gesagten, diesmal aber mit der klaren Gegenrede der Teilnehmer, insbesondere auch von Martin Sellner, die diese Aussagen als frei erfunden zur\u00fcckweisen.<\/p>\n\n\n\n<p>Correctiv berichtet weiter davon, dass ein Teilnehmer ein Expertengremium gefordert habe. Die Falschberichterstattung im ersten Bericht zum Potsdam-Treffen, der Teilnehmer habe das Expertengremium auf eine \u201eVertreibung deutscher Staatsb\u00fcrger\u201c bezogen, wird nun erst mit der Gegenrede des Teilnehmers versehen, dass er lediglich die Ausweisung ausreisepflichtiger Ausl\u00e4nder gefordert hat. Correctiv teilt jetzt erstmals wahrheitsgem\u00e4\u00df mit, dass der Teilnehmer gegen die vormalige Falschbehauptung im Ursprungsbericht klagt.<\/p>\n\n\n\n<h2 class=\"wp-block-heading\" id=\"h-die-liebe-zur-lucke-was-correctiv-verschwiegen-hat\"><strong>Die Liebe zur L\u00fccke: Was Correctiv verschwiegen hat:<\/strong><\/h2>\n\n\n\n<p>Interessant ist, welche Informationen Correctiv dem Leser bewusst verschwiegen hat:<\/p>\n\n\n\n<p>Correctiv hatte in der Anfrage behauptet, mehrere Verwaltungsgerichte h\u00e4tten das, was Martin Sellner in Potsdam gesagt hat, als verfassungswidrig bewertet. Correctiv wurde mitgeteilt, dass diese Tatsachenbehauptung falsch ist. Kein Verwaltungsgericht hat das bewertet, was in Potsdam gesagt wurde. Correctiv hat nach dem Hinweis auf die Verbreitung der Falschbehauptung verzichtet.<\/p>\n\n\n\n<p>Correctiv wurde zudem dar\u00fcber informiert, dass die deutschen Verwaltungsgerichte einschlie\u00dflich des Bundesverwaltungsgerichts mittlerweile entschieden haben, dass der in Potsdam verwendete Begriff der \u201eRemigration\u201c v\u00f6llig harmlos, weil wertneutral, insbesondere nicht verfassungswidrig ist. Das hat Correctiv den Lesern <strong>absichtlich verschwiegen<\/strong>. Eine solche vollst\u00e4ndige Berichterstattung h\u00e4tte nat\u00fcrlich nicht in das Narrativ Correctivs gepasst.<\/p>\n\n\n\n<p>Correctiv hatte in der Anfrage die potenzielle Falschberichterstattung angelegt, in Potsdam sei von einem Teilnehmer nur zu deutschen, wei\u00dfen Frauen gefordert worden, dass diese mehr Kinder haben sollten. Die dahinter angelegte Idee war klar: Dem Leser sollte suggeriert werden, dass v\u00f6lkische Ideale Gegenstand des Potsdam-Treffens waren. Correctiv wurde in Beantwortung der Presseanfrage mitgeteilt, dass der Teilnehmer auch zu mehreren Frauen mit Migrationshintergrund gelobt hatte, dass diese viele Kinder bekommen haben. Grund war, dass die deutschen Sozialsysteme, insbesondere das Rentensystem, durch eine zunehmende Kinderarmut unter Druck geraten. Der Teilnehmer des Potsdam-Treffens zielte mit seinem Lob also nicht auf eine v\u00f6lkische Ideologie ab, sondern nur darauf, dass wir in Deutschland mehr Kinder ben\u00f6tigen, um unsere Sozialsysteme am Laufen zu halten, wobei er ausdr\u00fccklich auch die Kinder mit Migrationshintergrund gelobt hat. Correctiv wurde klar, dass die mutma\u00dflich geplante R\u00e4uberpistole nicht haltbar ist, sodass auf diesem Aspekt in der Berichterstattung g\u00e4nzlich verzichtet wurde. Eine seri\u00f6se und vollst\u00e4ndige Berichterstattung h\u00e4tte nat\u00fcrlich so ausgesehen, dass Correctiv vollst\u00e4ndig berichtet h\u00e4tte, dass in Potsdam mit Blick auf Probleme des Geburtenr\u00fcckgangs auch Nachwuchs mit Migrationshintergrund bef\u00fcrwortet wurde. Das h\u00e4tte aber nicht in das Narrativ Correctivs gepasst.<\/p>\n\n\n\n<h2 class=\"wp-block-heading\" id=\"h-fazit-correctiv-wie-gewohnt-tauschen-tricksen-tarnen\"><strong>Fazit: Correctiv wie gewohnt: \u201eT\u00e4uschen, Tricksen, Tarnen\u201c:<\/strong><\/h2>\n\n\n\n<p>Correctiv hat erneut eine \u201ebahnbrechende&#8221; Recherche ver\u00f6ffentlicht, deren \u201esensationelle&#8221; Erkenntnis sich auf das gerollte \u201eR&#8221; eines \u00d6sterreichers und ein Gedicht reduziert, das gesamteurop\u00e4ische V\u00f6lkerverst\u00e4ndigung fordert.<\/p>\n\n\n\n<p>Das Muster dahinter ist bekannt und bleibt unver\u00e4ndert \u2013 das ist das \u201eSystem Correctiv: Nichtigkeiten werden aufgebauscht und unvollst\u00e4ndig dargestellt, relevante entlastende Gesichtspunkte werden gezielt verschwiegen. Dass Correctiv solche Recherchen \u00fcberhaupt noch ver\u00f6ffentlicht, zeigt vor allem eines: Die Glaubw\u00fcrdigkeit ist hin.<\/p>\n\n\n\n<p>Das ist Aktivismus \u2013 kein Journalismus.<\/p>\n","protected":false},"excerpt":{"rendered":"<p>Wir hatten \u00fcber eine Anfrage Correctivs an Teilnehmer des Potsdam-Treffens berichtet, die mit falschen Tatsachenbehauptungen gespickt war: https:\/\/x.com\/RABrennecke\/status\/2048758784269455811 Danach war zu bef\u00fcrchten, dass Correctiv die L\u00fcgengeschichte zum Potsdam-Treffen dadurch kaschieren will, dass Teilnehmer des Treffens durch neue Falschdarstellungen in ein schlechtes Licht ger\u00fcckt werden. Nach unserer Intervention hat Correctiv auf diverse mutma\u00dflich geplante L\u00fcgen verzichtet. [&hellip;]<\/p>\n","protected":false},"author":2,"featured_media":0,"comment_status":"closed","ping_status":"closed","sticky":false,"template":"","format":"standard","meta":{"_has_post_settings":[],"footnotes":""},"categories":[41],"tags":[],"hashtags":[],"ppma_author":[40],"class_list":["post-10381","post","type-post","status-publish","format-standard","hentry","category-service-und-knowhow","author-cbrennecke"],"yoast_head":"<!-- This site is optimized with the Yoast SEO Premium plugin v25.9 (Yoast SEO v27.0) - https:\/\/yoast.com\/product\/yoast-seo-premium-wordpress\/ -->\n<title>Neuer Correctiv-Bericht zum Potsdam-Treffen: Desinformation durch systematische Auslassungen: - H\u00d6CKER - der Blog<\/title>\n<meta name=\"robots\" content=\"index, follow, max-snippet:-1, max-image-preview:large, max-video-preview:-1\" \/>\n<link rel=\"canonical\" href=\"https:\/\/www.hoecker.eu\/blog\/correctiv-bericht-zum-potsdam-treffen-desinformation-durch-systematische-auslassungen\/\" \/>\n<meta property=\"og:locale\" content=\"de_DE\" \/>\n<meta property=\"og:type\" content=\"article\" \/>\n<meta property=\"og:title\" content=\"Neuer Correctiv-Bericht zum Potsdam-Treffen: Desinformation durch systematische Auslassungen:\" \/>\n<meta property=\"og:description\" content=\"Wir hatten \u00fcber eine Anfrage Correctivs an Teilnehmer des Potsdam-Treffens berichtet, die mit falschen Tatsachenbehauptungen gespickt war: https:\/\/x.com\/RABrennecke\/status\/2048758784269455811 Danach war zu bef\u00fcrchten, dass Correctiv die L\u00fcgengeschichte zum Potsdam-Treffen dadurch kaschieren will, dass Teilnehmer des Treffens durch neue Falschdarstellungen in ein schlechtes Licht ger\u00fcckt werden. Nach unserer Intervention hat Correctiv auf diverse mutma\u00dflich geplante L\u00fcgen verzichtet. [&hellip;]\" \/>\n<meta property=\"og:url\" content=\"https:\/\/www.hoecker.eu\/blog\/correctiv-bericht-zum-potsdam-treffen-desinformation-durch-systematische-auslassungen\/\" \/>\n<meta property=\"og:site_name\" content=\"H\u00d6CKER - der Blog\" \/>\n<meta property=\"article:publisher\" content=\"https:\/\/www.facebook.com\/HoeckerRAe\/\" \/>\n<meta property=\"article:published_time\" content=\"2026-04-28T10:48:53+00:00\" \/>\n<meta name=\"author\" content=\"Dr. Carsten Brennecke\" \/>\n<meta name=\"twitter:card\" content=\"summary_large_image\" \/>\n<meta name=\"twitter:creator\" content=\"@RABrennecke\" \/>\n<meta name=\"twitter:site\" content=\"@hoecker_rae\" \/>\n<meta name=\"twitter:label1\" content=\"Verfasst von\" \/>\n\t<meta name=\"twitter:data1\" content=\"Dr. Carsten Brennecke\" \/>\n\t<meta name=\"twitter:label2\" content=\"Gesch\u00e4tzte Lesezeit\" \/>\n\t<meta name=\"twitter:data2\" content=\"7\u00a0Minuten\" \/>\n<script type=\"application\/ld+json\" class=\"yoast-schema-graph\">{\"@context\":\"https:\/\/schema.org\",\"@graph\":[{\"@type\":\"Article\",\"@id\":\"https:\/\/www.hoecker.eu\/blog\/correctiv-bericht-zum-potsdam-treffen-desinformation-durch-systematische-auslassungen\/#article\",\"isPartOf\":{\"@id\":\"https:\/\/www.hoecker.eu\/blog\/correctiv-bericht-zum-potsdam-treffen-desinformation-durch-systematische-auslassungen\/\"},\"author\":{\"name\":\"Dr. Carsten Brennecke\",\"@id\":\"https:\/\/www.hoecker.eu\/blog\/#\/schema\/person\/816be6ceb7fc41c0368b2869f0d5d9e5\"},\"headline\":\"Neuer Correctiv-Bericht zum Potsdam-Treffen: Desinformation durch systematische Auslassungen:\",\"datePublished\":\"2026-04-28T10:48:53+00:00\",\"mainEntityOfPage\":{\"@id\":\"https:\/\/www.hoecker.eu\/blog\/correctiv-bericht-zum-potsdam-treffen-desinformation-durch-systematische-auslassungen\/\"},\"wordCount\":1202,\"publisher\":{\"@id\":\"https:\/\/www.hoecker.eu\/blog\/#organization\"},\"articleSection\":[\"Service &amp; Knowhow\"],\"inLanguage\":\"de\"},{\"@type\":\"WebPage\",\"@id\":\"https:\/\/www.hoecker.eu\/blog\/correctiv-bericht-zum-potsdam-treffen-desinformation-durch-systematische-auslassungen\/\",\"url\":\"https:\/\/www.hoecker.eu\/blog\/correctiv-bericht-zum-potsdam-treffen-desinformation-durch-systematische-auslassungen\/\",\"name\":\"Neuer Correctiv-Bericht zum Potsdam-Treffen: Desinformation durch systematische Auslassungen: - H\u00d6CKER - der Blog\",\"isPartOf\":{\"@id\":\"https:\/\/www.hoecker.eu\/blog\/#website\"},\"datePublished\":\"2026-04-28T10:48:53+00:00\",\"breadcrumb\":{\"@id\":\"https:\/\/www.hoecker.eu\/blog\/correctiv-bericht-zum-potsdam-treffen-desinformation-durch-systematische-auslassungen\/#breadcrumb\"},\"inLanguage\":\"de\",\"potentialAction\":[{\"@type\":\"ReadAction\",\"target\":[\"https:\/\/www.hoecker.eu\/blog\/correctiv-bericht-zum-potsdam-treffen-desinformation-durch-systematische-auslassungen\/\"]}]},{\"@type\":\"BreadcrumbList\",\"@id\":\"https:\/\/www.hoecker.eu\/blog\/correctiv-bericht-zum-potsdam-treffen-desinformation-durch-systematische-auslassungen\/#breadcrumb\",\"itemListElement\":[{\"@type\":\"ListItem\",\"position\":1,\"name\":\"Startseite\",\"item\":\"https:\/\/dev.hoecker.eu\/blog\/\"},{\"@type\":\"ListItem\",\"position\":2,\"name\":\"Neuer Correctiv-Bericht zum Potsdam-Treffen: Desinformation durch systematische Auslassungen:\"}]},{\"@type\":\"WebSite\",\"@id\":\"https:\/\/www.hoecker.eu\/blog\/#website\",\"url\":\"https:\/\/www.hoecker.eu\/blog\/\",\"name\":\"H\u00d6CKER - der Blog\",\"description\":\"Expertenblog f\u00fcr \u00c4u\u00dferungs-, Medien-, Marken-, Urheber- und Wettbewerbsrecht.\",\"publisher\":{\"@id\":\"https:\/\/www.hoecker.eu\/blog\/#organization\"},\"potentialAction\":[{\"@type\":\"SearchAction\",\"target\":{\"@type\":\"EntryPoint\",\"urlTemplate\":\"https:\/\/www.hoecker.eu\/blog\/?s={search_term_string}\"},\"query-input\":{\"@type\":\"PropertyValueSpecification\",\"valueRequired\":true,\"valueName\":\"search_term_string\"}}],\"inLanguage\":\"de\"},{\"@type\":\"Organization\",\"@id\":\"https:\/\/www.hoecker.eu\/blog\/#organization\",\"name\":\"H\u00d6CKER Rechtsanw\u00e4lte PartGmbB\",\"alternateName\":\"H\u00d6CKER\",\"url\":\"https:\/\/www.hoecker.eu\/blog\/\",\"logo\":{\"@type\":\"ImageObject\",\"inLanguage\":\"de\",\"@id\":\"https:\/\/www.hoecker.eu\/blog\/#\/schema\/logo\/image\/\",\"url\":\"https:\/\/www.hoecker.eu\/blog\/wp-content\/uploads\/2025\/03\/Blog-Logo.webp\",\"contentUrl\":\"https:\/\/www.hoecker.eu\/blog\/wp-content\/uploads\/2025\/03\/Blog-Logo.webp\",\"width\":500,\"height\":500,\"caption\":\"H\u00d6CKER Rechtsanw\u00e4lte PartGmbB\"},\"image\":{\"@id\":\"https:\/\/www.hoecker.eu\/blog\/#\/schema\/logo\/image\/\"},\"sameAs\":[\"https:\/\/www.facebook.com\/HoeckerRAe\/\",\"https:\/\/x.com\/hoecker_rae\",\"https:\/\/www.linkedin.com\/company\/hcker-rechtsanwlte\/\",\"https:\/\/www.instagram.com\/hoecker_rae\/\"],\"email\":\"contact@hoecker.eu\",\"telephone\":\"+ 49 (0)221-933 19-10\",\"legalName\":\"H\u00d6CKER Rechtsanw\u00e4lte PartGmbB\",\"numberOfEmployees\":{\"@type\":\"QuantitativeValue\",\"minValue\":\"11\",\"maxValue\":\"50\"}},{\"@type\":\"Person\",\"@id\":\"https:\/\/www.hoecker.eu\/blog\/#\/schema\/person\/816be6ceb7fc41c0368b2869f0d5d9e5\",\"name\":\"Dr. Carsten Brennecke\",\"description\":\"Rechtsanwalt f\u00fcr Presserecht, Spezialist f\u00fcr Litigation PR\",\"sameAs\":[\"https:\/\/www.hoecker.eu\/wer\/dr-carsten-brennecke\",\"https:\/\/www.linkedin.com\/in\/carsten-dr-brennecke-401b54b7\/\",\"https:\/\/x.com\/RABrennecke\"],\"url\":\"https:\/\/www.hoecker.eu\/blog\/author\/cbrennecke\/\"}]}<\/script>\n<!-- \/ Yoast SEO Premium plugin. -->","yoast_head_json":{"title":"Neuer Correctiv-Bericht zum Potsdam-Treffen: Desinformation durch systematische Auslassungen: - H\u00d6CKER - der Blog","robots":{"index":"index","follow":"follow","max-snippet":"max-snippet:-1","max-image-preview":"max-image-preview:large","max-video-preview":"max-video-preview:-1"},"canonical":"https:\/\/www.hoecker.eu\/blog\/correctiv-bericht-zum-potsdam-treffen-desinformation-durch-systematische-auslassungen\/","og_locale":"de_DE","og_type":"article","og_title":"Neuer Correctiv-Bericht zum Potsdam-Treffen: Desinformation durch systematische Auslassungen:","og_description":"Wir hatten \u00fcber eine Anfrage Correctivs an Teilnehmer des Potsdam-Treffens berichtet, die mit falschen Tatsachenbehauptungen gespickt war: https:\/\/x.com\/RABrennecke\/status\/2048758784269455811 Danach war zu bef\u00fcrchten, dass Correctiv die L\u00fcgengeschichte zum Potsdam-Treffen dadurch kaschieren will, dass Teilnehmer des Treffens durch neue Falschdarstellungen in ein schlechtes Licht ger\u00fcckt werden. Nach unserer Intervention hat Correctiv auf diverse mutma\u00dflich geplante L\u00fcgen verzichtet. [&hellip;]","og_url":"https:\/\/www.hoecker.eu\/blog\/correctiv-bericht-zum-potsdam-treffen-desinformation-durch-systematische-auslassungen\/","og_site_name":"H\u00d6CKER - der Blog","article_publisher":"https:\/\/www.facebook.com\/HoeckerRAe\/","article_published_time":"2026-04-28T10:48:53+00:00","author":"Dr. Carsten Brennecke","twitter_card":"summary_large_image","twitter_creator":"@RABrennecke","twitter_site":"@hoecker_rae","twitter_misc":{"Verfasst von":"Dr. Carsten Brennecke","Gesch\u00e4tzte Lesezeit":"7\u00a0Minuten"},"schema":{"@context":"https:\/\/schema.org","@graph":[{"@type":"Article","@id":"https:\/\/www.hoecker.eu\/blog\/correctiv-bericht-zum-potsdam-treffen-desinformation-durch-systematische-auslassungen\/#article","isPartOf":{"@id":"https:\/\/www.hoecker.eu\/blog\/correctiv-bericht-zum-potsdam-treffen-desinformation-durch-systematische-auslassungen\/"},"author":{"name":"Dr. Carsten Brennecke","@id":"https:\/\/www.hoecker.eu\/blog\/#\/schema\/person\/816be6ceb7fc41c0368b2869f0d5d9e5"},"headline":"Neuer Correctiv-Bericht zum Potsdam-Treffen: Desinformation durch systematische Auslassungen:","datePublished":"2026-04-28T10:48:53+00:00","mainEntityOfPage":{"@id":"https:\/\/www.hoecker.eu\/blog\/correctiv-bericht-zum-potsdam-treffen-desinformation-durch-systematische-auslassungen\/"},"wordCount":1202,"publisher":{"@id":"https:\/\/www.hoecker.eu\/blog\/#organization"},"articleSection":["Service &amp; Knowhow"],"inLanguage":"de"},{"@type":"WebPage","@id":"https:\/\/www.hoecker.eu\/blog\/correctiv-bericht-zum-potsdam-treffen-desinformation-durch-systematische-auslassungen\/","url":"https:\/\/www.hoecker.eu\/blog\/correctiv-bericht-zum-potsdam-treffen-desinformation-durch-systematische-auslassungen\/","name":"Neuer Correctiv-Bericht zum Potsdam-Treffen: Desinformation durch systematische Auslassungen: - H\u00d6CKER - der Blog","isPartOf":{"@id":"https:\/\/www.hoecker.eu\/blog\/#website"},"datePublished":"2026-04-28T10:48:53+00:00","breadcrumb":{"@id":"https:\/\/www.hoecker.eu\/blog\/correctiv-bericht-zum-potsdam-treffen-desinformation-durch-systematische-auslassungen\/#breadcrumb"},"inLanguage":"de","potentialAction":[{"@type":"ReadAction","target":["https:\/\/www.hoecker.eu\/blog\/correctiv-bericht-zum-potsdam-treffen-desinformation-durch-systematische-auslassungen\/"]}]},{"@type":"BreadcrumbList","@id":"https:\/\/www.hoecker.eu\/blog\/correctiv-bericht-zum-potsdam-treffen-desinformation-durch-systematische-auslassungen\/#breadcrumb","itemListElement":[{"@type":"ListItem","position":1,"name":"Startseite","item":"https:\/\/dev.hoecker.eu\/blog\/"},{"@type":"ListItem","position":2,"name":"Neuer Correctiv-Bericht zum Potsdam-Treffen: Desinformation durch systematische Auslassungen:"}]},{"@type":"WebSite","@id":"https:\/\/www.hoecker.eu\/blog\/#website","url":"https:\/\/www.hoecker.eu\/blog\/","name":"H\u00d6CKER - der Blog","description":"Expertenblog f\u00fcr \u00c4u\u00dferungs-, Medien-, Marken-, Urheber- und Wettbewerbsrecht.","publisher":{"@id":"https:\/\/www.hoecker.eu\/blog\/#organization"},"potentialAction":[{"@type":"SearchAction","target":{"@type":"EntryPoint","urlTemplate":"https:\/\/www.hoecker.eu\/blog\/?s={search_term_string}"},"query-input":{"@type":"PropertyValueSpecification","valueRequired":true,"valueName":"search_term_string"}}],"inLanguage":"de"},{"@type":"Organization","@id":"https:\/\/www.hoecker.eu\/blog\/#organization","name":"H\u00d6CKER Rechtsanw\u00e4lte PartGmbB","alternateName":"H\u00d6CKER","url":"https:\/\/www.hoecker.eu\/blog\/","logo":{"@type":"ImageObject","inLanguage":"de","@id":"https:\/\/www.hoecker.eu\/blog\/#\/schema\/logo\/image\/","url":"https:\/\/www.hoecker.eu\/blog\/wp-content\/uploads\/2025\/03\/Blog-Logo.webp","contentUrl":"https:\/\/www.hoecker.eu\/blog\/wp-content\/uploads\/2025\/03\/Blog-Logo.webp","width":500,"height":500,"caption":"H\u00d6CKER Rechtsanw\u00e4lte PartGmbB"},"image":{"@id":"https:\/\/www.hoecker.eu\/blog\/#\/schema\/logo\/image\/"},"sameAs":["https:\/\/www.facebook.com\/HoeckerRAe\/","https:\/\/x.com\/hoecker_rae","https:\/\/www.linkedin.com\/company\/hcker-rechtsanwlte\/","https:\/\/www.instagram.com\/hoecker_rae\/"],"email":"contact@hoecker.eu","telephone":"+ 49 (0)221-933 19-10","legalName":"H\u00d6CKER Rechtsanw\u00e4lte PartGmbB","numberOfEmployees":{"@type":"QuantitativeValue","minValue":"11","maxValue":"50"}},{"@type":"Person","@id":"https:\/\/www.hoecker.eu\/blog\/#\/schema\/person\/816be6ceb7fc41c0368b2869f0d5d9e5","name":"Dr. Carsten Brennecke","description":"Rechtsanwalt f\u00fcr Presserecht, Spezialist f\u00fcr Litigation PR","sameAs":["https:\/\/www.hoecker.eu\/wer\/dr-carsten-brennecke","https:\/\/www.linkedin.com\/in\/carsten-dr-brennecke-401b54b7\/","https:\/\/x.com\/RABrennecke"],"url":"https:\/\/www.hoecker.eu\/blog\/author\/cbrennecke\/"}]}},"authors":[{"term_id":40,"user_id":2,"is_guest":0,"slug":"cbrennecke","display_name":"Dr. Carsten Brennecke","avatar_url":{"url":"https:\/\/www.hoecker.eu\/blog\/wp-content\/uploads\/2024\/03\/cbrennecke.jpg","url2x":"https:\/\/www.hoecker.eu\/blog\/wp-content\/uploads\/2024\/03\/cbrennecke.jpg"},"0":null,"1":"","2":"","3":"","4":"","5":"","6":"","7":"","8":"","9":"","10":"","11":""}],"_links":{"self":[{"href":"https:\/\/www.hoecker.eu\/blog\/wp-json\/wp\/v2\/posts\/10381","targetHints":{"allow":["GET"]}}],"collection":[{"href":"https:\/\/www.hoecker.eu\/blog\/wp-json\/wp\/v2\/posts"}],"about":[{"href":"https:\/\/www.hoecker.eu\/blog\/wp-json\/wp\/v2\/types\/post"}],"author":[{"embeddable":true,"href":"https:\/\/www.hoecker.eu\/blog\/wp-json\/wp\/v2\/users\/2"}],"replies":[{"embeddable":true,"href":"https:\/\/www.hoecker.eu\/blog\/wp-json\/wp\/v2\/comments?post=10381"}],"version-history":[{"count":1,"href":"https:\/\/www.hoecker.eu\/blog\/wp-json\/wp\/v2\/posts\/10381\/revisions"}],"predecessor-version":[{"id":10382,"href":"https:\/\/www.hoecker.eu\/blog\/wp-json\/wp\/v2\/posts\/10381\/revisions\/10382"}],"wp:attachment":[{"href":"https:\/\/www.hoecker.eu\/blog\/wp-json\/wp\/v2\/media?parent=10381"}],"wp:term":[{"taxonomy":"category","embeddable":true,"href":"https:\/\/www.hoecker.eu\/blog\/wp-json\/wp\/v2\/categories?post=10381"},{"taxonomy":"post_tag","embeddable":true,"href":"https:\/\/www.hoecker.eu\/blog\/wp-json\/wp\/v2\/tags?post=10381"},{"taxonomy":"hashtags","embeddable":true,"href":"https:\/\/www.hoecker.eu\/blog\/wp-json\/wp\/v2\/hashtags?post=10381"},{"taxonomy":"author","embeddable":true,"href":"https:\/\/www.hoecker.eu\/blog\/wp-json\/wp\/v2\/ppma_author?post=10381"}],"curies":[{"name":"wp","href":"https:\/\/api.w.org\/{rel}","templated":true}]}}