{"id":10359,"date":"2026-01-23T11:13:17","date_gmt":"2026-01-23T10:13:17","guid":{"rendered":"https:\/\/www.hoecker.eu\/blog\/?p=10359"},"modified":"2026-01-23T11:13:18","modified_gmt":"2026-01-23T10:13:18","slug":"erfolg-vor-gericht-saarlaendischer-rundfunk-aendert-berichterstattung-und-entfernt-zentrale-vorwuerfe","status":"publish","type":"post","link":"https:\/\/www.hoecker.eu\/blog\/erfolg-vor-gericht-saarlaendischer-rundfunk-aendert-berichterstattung-und-entfernt-zentrale-vorwuerfe\/","title":{"rendered":"Erfolg vor Gericht: Saarl\u00e4ndischer Rundfunk \u00e4ndert Berichterstattung und entfernt zentrale Vorw\u00fcrfe"},"content":{"rendered":"\n<p>F\u00fcr unseren Mandanten Herrn Johannes Engel, den ehrenamtlichen CDU-Beigeordneten der Stadt Blieskastel, haben wir einen presserechtlichen Erfolg gegen den Saarl\u00e4ndischen Rundfunk (SR) erzielt. Gegenstand des Verfahrens war ein Online-Beitrag des SR vom 13.11.2025, der auch unter tagesschau.de ver\u00f6ffentlicht worden war, welcher den Mandanten mit schwerwiegenden Vorw\u00fcrfen in Verbindung brachte.<\/p>\n\n\n\n<p>Nach dem im einstweiligen Verf\u00fcgungsverfahren geschlossenen Vergleich vom 08.01.2026 hat der SR mehrere zentrale und besonders hervorgehobene Passagen in seiner Berichterstattung ge\u00e4ndert. So ist eine prominent platzierte Unter\u00fcberschrift, die den Eindruck einer Aktenmanipulation erweckt hatte, durch eine sachliche Beschreibung des tats\u00e4chlichen Vorgangs ersetzt worden. Dar\u00fcber hinaus sind weitere \u00dcberschriften und Textpassagen angepasst worden, die zuvor einen unmittelbar kausalen Zusammenhang zwischen internen Vorg\u00e4ngen in der Stadtverwaltung und der Person unseres Mandanten hergestellt hatten. Ein wesentlicher Kernpunkt unserer Argumentation war neben der Unwahrheit der erhobenen Vorw\u00fcrfe, dass unser Mandant zu diesen Vorw\u00fcrfen vor der Ver\u00f6ffentlichung gar nicht oder nur in unzureichendem Ma\u00df angeh\u00f6rt worden war. Die Vorw\u00fcrfe sind nun aus dem Bericht entfernt.&nbsp;<\/p>\n\n\n\n<p>Rechtsanw\u00e4lte Dr. Marcel Leeser und Rafael Sarlak: \u201eDer \u00f6ffentlich-rechtliche Rundfunk hat einen besonderen Auftrag zur sorgf\u00e4ltigen, ausgewogenen und fairen Berichterstattung. Wer mit zugespitzten \u00dcberschriften arbeitet und schwerwiegende Vorw\u00fcrfe in den Raum stellen will, muss zuvor sauber recherchieren und die Betroffenen umfassend anh\u00f6ren. Dass der SR seine Berichterstattung nun in zentralen Punkten ge\u00e4ndert hat, spricht f\u00fcr sich. Qualit\u00e4tsjournalismus misst sich nicht an Schlagzeilen, sondern an Genauigkeit. Der Fall unterstreicht einmal mehr, dass auch der \u00f6ffentlich-rechtliche Rundfunk nicht au\u00dferhalb der presserechtlichen Grenzen steht.\u201c<\/p>\n","protected":false},"excerpt":{"rendered":"<p>F\u00fcr unseren Mandanten Herrn Johannes Engel, den ehrenamtlichen CDU-Beigeordneten der Stadt Blieskastel, haben wir einen presserechtlichen Erfolg gegen den Saarl\u00e4ndischen Rundfunk (SR) erzielt. Gegenstand des Verfahrens war ein Online-Beitrag des SR vom 13.11.2025, der auch unter tagesschau.de ver\u00f6ffentlicht worden war, welcher den Mandanten mit schwerwiegenden Vorw\u00fcrfen in Verbindung brachte. Nach dem im einstweiligen Verf\u00fcgungsverfahren geschlossenen [&hellip;]<\/p>\n","protected":false},"author":4,"featured_media":0,"comment_status":"closed","ping_status":"closed","sticky":false,"template":"","format":"standard","meta":{"_has_post_settings":[],"footnotes":""},"categories":[15],"tags":[46],"hashtags":[],"ppma_author":[75,182],"class_list":["post-10359","post","type-post","status-publish","format-standard","hentry","category-news","tag-reputationsmanagement","author-mleeser","author-rsarlak"],"yoast_head":"<!-- This site is optimized with the Yoast SEO Premium plugin v25.9 (Yoast SEO v27.0) - https:\/\/yoast.com\/product\/yoast-seo-premium-wordpress\/ -->\n<title>Erfolg vor Gericht: Saarl\u00e4ndischer Rundfunk \u00e4ndert Berichterstattung und entfernt zentrale Vorw\u00fcrfe - H\u00d6CKER - der Blog<\/title>\n<meta name=\"robots\" content=\"index, follow, max-snippet:-1, max-image-preview:large, max-video-preview:-1\" \/>\n<link rel=\"canonical\" href=\"https:\/\/www.hoecker.eu\/blog\/erfolg-vor-gericht-saarlaendischer-rundfunk-aendert-berichterstattung-und-entfernt-zentrale-vorwuerfe\/\" \/>\n<meta property=\"og:locale\" content=\"de_DE\" \/>\n<meta property=\"og:type\" content=\"article\" \/>\n<meta property=\"og:title\" content=\"Erfolg vor Gericht: Saarl\u00e4ndischer Rundfunk \u00e4ndert Berichterstattung und entfernt zentrale Vorw\u00fcrfe\" \/>\n<meta property=\"og:description\" content=\"F\u00fcr unseren Mandanten Herrn Johannes Engel, den ehrenamtlichen CDU-Beigeordneten der Stadt Blieskastel, haben wir einen presserechtlichen Erfolg gegen den Saarl\u00e4ndischen Rundfunk (SR) erzielt. Gegenstand des Verfahrens war ein Online-Beitrag des SR vom 13.11.2025, der auch unter tagesschau.de ver\u00f6ffentlicht worden war, welcher den Mandanten mit schwerwiegenden Vorw\u00fcrfen in Verbindung brachte. Nach dem im einstweiligen Verf\u00fcgungsverfahren geschlossenen [&hellip;]\" \/>\n<meta property=\"og:url\" content=\"https:\/\/www.hoecker.eu\/blog\/erfolg-vor-gericht-saarlaendischer-rundfunk-aendert-berichterstattung-und-entfernt-zentrale-vorwuerfe\/\" \/>\n<meta property=\"og:site_name\" content=\"H\u00d6CKER - der Blog\" \/>\n<meta property=\"article:publisher\" content=\"https:\/\/www.facebook.com\/HoeckerRAe\/\" \/>\n<meta property=\"article:author\" content=\"https:\/\/www.facebook.com\/marcel.leeser\" \/>\n<meta property=\"article:published_time\" content=\"2026-01-23T10:13:17+00:00\" \/>\n<meta property=\"article:modified_time\" content=\"2026-01-23T10:13:18+00:00\" \/>\n<meta name=\"author\" content=\"Dr. Marcel Leeser, Rafael Sarlak\" \/>\n<meta name=\"twitter:card\" content=\"summary_large_image\" \/>\n<meta name=\"twitter:creator\" content=\"@m_leeser\" \/>\n<meta name=\"twitter:site\" content=\"@hoecker_rae\" \/>\n<meta name=\"twitter:label1\" content=\"Verfasst von\" \/>\n\t<meta name=\"twitter:data1\" content=\"Dr. Marcel Leeser\" \/>\n\t<meta name=\"twitter:label2\" content=\"Gesch\u00e4tzte Lesezeit\" \/>\n\t<meta name=\"twitter:data2\" content=\"2\u00a0Minuten\" \/>\n<script type=\"application\/ld+json\" class=\"yoast-schema-graph\">{\"@context\":\"https:\/\/schema.org\",\"@graph\":[{\"@type\":\"Article\",\"@id\":\"https:\/\/www.hoecker.eu\/blog\/erfolg-vor-gericht-saarlaendischer-rundfunk-aendert-berichterstattung-und-entfernt-zentrale-vorwuerfe\/#article\",\"isPartOf\":{\"@id\":\"https:\/\/www.hoecker.eu\/blog\/erfolg-vor-gericht-saarlaendischer-rundfunk-aendert-berichterstattung-und-entfernt-zentrale-vorwuerfe\/\"},\"author\":{\"name\":\"Dr. Marcel Leeser\",\"@id\":\"https:\/\/www.hoecker.eu\/blog\/#\/schema\/person\/7d076dfe91cca6d64e8b05cce775ced0\"},\"headline\":\"Erfolg vor Gericht: Saarl\u00e4ndischer Rundfunk \u00e4ndert Berichterstattung und entfernt zentrale Vorw\u00fcrfe\",\"datePublished\":\"2026-01-23T10:13:17+00:00\",\"dateModified\":\"2026-01-23T10:13:18+00:00\",\"mainEntityOfPage\":{\"@id\":\"https:\/\/www.hoecker.eu\/blog\/erfolg-vor-gericht-saarlaendischer-rundfunk-aendert-berichterstattung-und-entfernt-zentrale-vorwuerfe\/\"},\"wordCount\":277,\"publisher\":{\"@id\":\"https:\/\/www.hoecker.eu\/blog\/#organization\"},\"keywords\":[\"Reputationsmanagement\"],\"articleSection\":[\"News\"],\"inLanguage\":\"de\"},{\"@type\":\"WebPage\",\"@id\":\"https:\/\/www.hoecker.eu\/blog\/erfolg-vor-gericht-saarlaendischer-rundfunk-aendert-berichterstattung-und-entfernt-zentrale-vorwuerfe\/\",\"url\":\"https:\/\/www.hoecker.eu\/blog\/erfolg-vor-gericht-saarlaendischer-rundfunk-aendert-berichterstattung-und-entfernt-zentrale-vorwuerfe\/\",\"name\":\"Erfolg vor Gericht: Saarl\u00e4ndischer Rundfunk \u00e4ndert Berichterstattung und entfernt zentrale Vorw\u00fcrfe - H\u00d6CKER - der Blog\",\"isPartOf\":{\"@id\":\"https:\/\/www.hoecker.eu\/blog\/#website\"},\"datePublished\":\"2026-01-23T10:13:17+00:00\",\"dateModified\":\"2026-01-23T10:13:18+00:00\",\"breadcrumb\":{\"@id\":\"https:\/\/www.hoecker.eu\/blog\/erfolg-vor-gericht-saarlaendischer-rundfunk-aendert-berichterstattung-und-entfernt-zentrale-vorwuerfe\/#breadcrumb\"},\"inLanguage\":\"de\",\"potentialAction\":[{\"@type\":\"ReadAction\",\"target\":[\"https:\/\/www.hoecker.eu\/blog\/erfolg-vor-gericht-saarlaendischer-rundfunk-aendert-berichterstattung-und-entfernt-zentrale-vorwuerfe\/\"]}]},{\"@type\":\"BreadcrumbList\",\"@id\":\"https:\/\/www.hoecker.eu\/blog\/erfolg-vor-gericht-saarlaendischer-rundfunk-aendert-berichterstattung-und-entfernt-zentrale-vorwuerfe\/#breadcrumb\",\"itemListElement\":[{\"@type\":\"ListItem\",\"position\":1,\"name\":\"Startseite\",\"item\":\"https:\/\/dev.hoecker.eu\/blog\/\"},{\"@type\":\"ListItem\",\"position\":2,\"name\":\"Erfolg vor Gericht: Saarl\u00e4ndischer Rundfunk \u00e4ndert Berichterstattung und entfernt zentrale Vorw\u00fcrfe\"}]},{\"@type\":\"WebSite\",\"@id\":\"https:\/\/www.hoecker.eu\/blog\/#website\",\"url\":\"https:\/\/www.hoecker.eu\/blog\/\",\"name\":\"H\u00d6CKER - der Blog\",\"description\":\"Expertenblog f\u00fcr \u00c4u\u00dferungs-, Medien-, Marken-, Urheber- und Wettbewerbsrecht.\",\"publisher\":{\"@id\":\"https:\/\/www.hoecker.eu\/blog\/#organization\"},\"potentialAction\":[{\"@type\":\"SearchAction\",\"target\":{\"@type\":\"EntryPoint\",\"urlTemplate\":\"https:\/\/www.hoecker.eu\/blog\/?s={search_term_string}\"},\"query-input\":{\"@type\":\"PropertyValueSpecification\",\"valueRequired\":true,\"valueName\":\"search_term_string\"}}],\"inLanguage\":\"de\"},{\"@type\":\"Organization\",\"@id\":\"https:\/\/www.hoecker.eu\/blog\/#organization\",\"name\":\"H\u00d6CKER Rechtsanw\u00e4lte PartGmbB\",\"alternateName\":\"H\u00d6CKER\",\"url\":\"https:\/\/www.hoecker.eu\/blog\/\",\"logo\":{\"@type\":\"ImageObject\",\"inLanguage\":\"de\",\"@id\":\"https:\/\/www.hoecker.eu\/blog\/#\/schema\/logo\/image\/\",\"url\":\"https:\/\/www.hoecker.eu\/blog\/wp-content\/uploads\/2025\/03\/Blog-Logo.webp\",\"contentUrl\":\"https:\/\/www.hoecker.eu\/blog\/wp-content\/uploads\/2025\/03\/Blog-Logo.webp\",\"width\":500,\"height\":500,\"caption\":\"H\u00d6CKER Rechtsanw\u00e4lte PartGmbB\"},\"image\":{\"@id\":\"https:\/\/www.hoecker.eu\/blog\/#\/schema\/logo\/image\/\"},\"sameAs\":[\"https:\/\/www.facebook.com\/HoeckerRAe\/\",\"https:\/\/x.com\/hoecker_rae\",\"https:\/\/www.linkedin.com\/company\/hcker-rechtsanwlte\/\",\"https:\/\/www.instagram.com\/hoecker_rae\/\"],\"email\":\"contact@hoecker.eu\",\"telephone\":\"+ 49 (0)221-933 19-10\",\"legalName\":\"H\u00d6CKER Rechtsanw\u00e4lte PartGmbB\",\"numberOfEmployees\":{\"@type\":\"QuantitativeValue\",\"minValue\":\"11\",\"maxValue\":\"50\"}},{\"@type\":\"Person\",\"@id\":\"https:\/\/www.hoecker.eu\/blog\/#\/schema\/person\/7d076dfe91cca6d64e8b05cce775ced0\",\"name\":\"Dr. Marcel Leeser\",\"description\":\"Rechtsanwalt, Partner, Fachanwalt f\u00fcr gewerblichen Rechtsschutz. Hilft gegen schlechte Presse. Sch\u00fctzt Marken.\",\"sameAs\":[\"https:\/\/www.hoecker.eu\/wer\/dr-marcel-leeser\",\"https:\/\/www.facebook.com\/marcel.leeser\",\"https:\/\/www.instagram.com\/marcel_leeser\/\",\"https:\/\/www.linkedin.com\/in\/dr-marcel-leeser-8030b9b2\",\"https:\/\/x.com\/m_leeser\"],\"url\":\"https:\/\/www.hoecker.eu\/blog\/author\/mleeser\/\"}]}<\/script>\n<!-- \/ Yoast SEO Premium plugin. -->","yoast_head_json":{"title":"Erfolg vor Gericht: Saarl\u00e4ndischer Rundfunk \u00e4ndert Berichterstattung und entfernt zentrale Vorw\u00fcrfe - H\u00d6CKER - der Blog","robots":{"index":"index","follow":"follow","max-snippet":"max-snippet:-1","max-image-preview":"max-image-preview:large","max-video-preview":"max-video-preview:-1"},"canonical":"https:\/\/www.hoecker.eu\/blog\/erfolg-vor-gericht-saarlaendischer-rundfunk-aendert-berichterstattung-und-entfernt-zentrale-vorwuerfe\/","og_locale":"de_DE","og_type":"article","og_title":"Erfolg vor Gericht: Saarl\u00e4ndischer Rundfunk \u00e4ndert Berichterstattung und entfernt zentrale Vorw\u00fcrfe","og_description":"F\u00fcr unseren Mandanten Herrn Johannes Engel, den ehrenamtlichen CDU-Beigeordneten der Stadt Blieskastel, haben wir einen presserechtlichen Erfolg gegen den Saarl\u00e4ndischen Rundfunk (SR) erzielt. Gegenstand des Verfahrens war ein Online-Beitrag des SR vom 13.11.2025, der auch unter tagesschau.de ver\u00f6ffentlicht worden war, welcher den Mandanten mit schwerwiegenden Vorw\u00fcrfen in Verbindung brachte. Nach dem im einstweiligen Verf\u00fcgungsverfahren geschlossenen [&hellip;]","og_url":"https:\/\/www.hoecker.eu\/blog\/erfolg-vor-gericht-saarlaendischer-rundfunk-aendert-berichterstattung-und-entfernt-zentrale-vorwuerfe\/","og_site_name":"H\u00d6CKER - der Blog","article_publisher":"https:\/\/www.facebook.com\/HoeckerRAe\/","article_author":"https:\/\/www.facebook.com\/marcel.leeser","article_published_time":"2026-01-23T10:13:17+00:00","article_modified_time":"2026-01-23T10:13:18+00:00","author":"Dr. Marcel Leeser, Rafael Sarlak","twitter_card":"summary_large_image","twitter_creator":"@m_leeser","twitter_site":"@hoecker_rae","twitter_misc":{"Verfasst von":"Dr. Marcel Leeser","Gesch\u00e4tzte Lesezeit":"2\u00a0Minuten"},"schema":{"@context":"https:\/\/schema.org","@graph":[{"@type":"Article","@id":"https:\/\/www.hoecker.eu\/blog\/erfolg-vor-gericht-saarlaendischer-rundfunk-aendert-berichterstattung-und-entfernt-zentrale-vorwuerfe\/#article","isPartOf":{"@id":"https:\/\/www.hoecker.eu\/blog\/erfolg-vor-gericht-saarlaendischer-rundfunk-aendert-berichterstattung-und-entfernt-zentrale-vorwuerfe\/"},"author":{"name":"Dr. Marcel Leeser","@id":"https:\/\/www.hoecker.eu\/blog\/#\/schema\/person\/7d076dfe91cca6d64e8b05cce775ced0"},"headline":"Erfolg vor Gericht: Saarl\u00e4ndischer Rundfunk \u00e4ndert Berichterstattung und entfernt zentrale Vorw\u00fcrfe","datePublished":"2026-01-23T10:13:17+00:00","dateModified":"2026-01-23T10:13:18+00:00","mainEntityOfPage":{"@id":"https:\/\/www.hoecker.eu\/blog\/erfolg-vor-gericht-saarlaendischer-rundfunk-aendert-berichterstattung-und-entfernt-zentrale-vorwuerfe\/"},"wordCount":277,"publisher":{"@id":"https:\/\/www.hoecker.eu\/blog\/#organization"},"keywords":["Reputationsmanagement"],"articleSection":["News"],"inLanguage":"de"},{"@type":"WebPage","@id":"https:\/\/www.hoecker.eu\/blog\/erfolg-vor-gericht-saarlaendischer-rundfunk-aendert-berichterstattung-und-entfernt-zentrale-vorwuerfe\/","url":"https:\/\/www.hoecker.eu\/blog\/erfolg-vor-gericht-saarlaendischer-rundfunk-aendert-berichterstattung-und-entfernt-zentrale-vorwuerfe\/","name":"Erfolg vor Gericht: Saarl\u00e4ndischer Rundfunk \u00e4ndert Berichterstattung und entfernt zentrale Vorw\u00fcrfe - H\u00d6CKER - der Blog","isPartOf":{"@id":"https:\/\/www.hoecker.eu\/blog\/#website"},"datePublished":"2026-01-23T10:13:17+00:00","dateModified":"2026-01-23T10:13:18+00:00","breadcrumb":{"@id":"https:\/\/www.hoecker.eu\/blog\/erfolg-vor-gericht-saarlaendischer-rundfunk-aendert-berichterstattung-und-entfernt-zentrale-vorwuerfe\/#breadcrumb"},"inLanguage":"de","potentialAction":[{"@type":"ReadAction","target":["https:\/\/www.hoecker.eu\/blog\/erfolg-vor-gericht-saarlaendischer-rundfunk-aendert-berichterstattung-und-entfernt-zentrale-vorwuerfe\/"]}]},{"@type":"BreadcrumbList","@id":"https:\/\/www.hoecker.eu\/blog\/erfolg-vor-gericht-saarlaendischer-rundfunk-aendert-berichterstattung-und-entfernt-zentrale-vorwuerfe\/#breadcrumb","itemListElement":[{"@type":"ListItem","position":1,"name":"Startseite","item":"https:\/\/dev.hoecker.eu\/blog\/"},{"@type":"ListItem","position":2,"name":"Erfolg vor Gericht: Saarl\u00e4ndischer Rundfunk \u00e4ndert Berichterstattung und entfernt zentrale Vorw\u00fcrfe"}]},{"@type":"WebSite","@id":"https:\/\/www.hoecker.eu\/blog\/#website","url":"https:\/\/www.hoecker.eu\/blog\/","name":"H\u00d6CKER - der Blog","description":"Expertenblog f\u00fcr \u00c4u\u00dferungs-, Medien-, Marken-, Urheber- und Wettbewerbsrecht.","publisher":{"@id":"https:\/\/www.hoecker.eu\/blog\/#organization"},"potentialAction":[{"@type":"SearchAction","target":{"@type":"EntryPoint","urlTemplate":"https:\/\/www.hoecker.eu\/blog\/?s={search_term_string}"},"query-input":{"@type":"PropertyValueSpecification","valueRequired":true,"valueName":"search_term_string"}}],"inLanguage":"de"},{"@type":"Organization","@id":"https:\/\/www.hoecker.eu\/blog\/#organization","name":"H\u00d6CKER Rechtsanw\u00e4lte PartGmbB","alternateName":"H\u00d6CKER","url":"https:\/\/www.hoecker.eu\/blog\/","logo":{"@type":"ImageObject","inLanguage":"de","@id":"https:\/\/www.hoecker.eu\/blog\/#\/schema\/logo\/image\/","url":"https:\/\/www.hoecker.eu\/blog\/wp-content\/uploads\/2025\/03\/Blog-Logo.webp","contentUrl":"https:\/\/www.hoecker.eu\/blog\/wp-content\/uploads\/2025\/03\/Blog-Logo.webp","width":500,"height":500,"caption":"H\u00d6CKER Rechtsanw\u00e4lte PartGmbB"},"image":{"@id":"https:\/\/www.hoecker.eu\/blog\/#\/schema\/logo\/image\/"},"sameAs":["https:\/\/www.facebook.com\/HoeckerRAe\/","https:\/\/x.com\/hoecker_rae","https:\/\/www.linkedin.com\/company\/hcker-rechtsanwlte\/","https:\/\/www.instagram.com\/hoecker_rae\/"],"email":"contact@hoecker.eu","telephone":"+ 49 (0)221-933 19-10","legalName":"H\u00d6CKER Rechtsanw\u00e4lte PartGmbB","numberOfEmployees":{"@type":"QuantitativeValue","minValue":"11","maxValue":"50"}},{"@type":"Person","@id":"https:\/\/www.hoecker.eu\/blog\/#\/schema\/person\/7d076dfe91cca6d64e8b05cce775ced0","name":"Dr. Marcel Leeser","description":"Rechtsanwalt, Partner, Fachanwalt f\u00fcr gewerblichen Rechtsschutz. Hilft gegen schlechte Presse. Sch\u00fctzt Marken.","sameAs":["https:\/\/www.hoecker.eu\/wer\/dr-marcel-leeser","https:\/\/www.facebook.com\/marcel.leeser","https:\/\/www.instagram.com\/marcel_leeser\/","https:\/\/www.linkedin.com\/in\/dr-marcel-leeser-8030b9b2","https:\/\/x.com\/m_leeser"],"url":"https:\/\/www.hoecker.eu\/blog\/author\/mleeser\/"}]}},"authors":[{"term_id":75,"user_id":4,"is_guest":0,"slug":"mleeser","display_name":"Dr. Marcel Leeser","avatar_url":{"url":"https:\/\/www.hoecker.eu\/blog\/wp-content\/uploads\/2025\/02\/MLeeser.webp","url2x":"https:\/\/www.hoecker.eu\/blog\/wp-content\/uploads\/2025\/02\/MLeeser.webp"},"0":null,"1":"","2":"","3":"","4":"","5":"","6":"","7":"","8":"","9":"","10":"","11":""},{"term_id":182,"user_id":21,"is_guest":0,"slug":"rsarlak","display_name":"Rafael Sarlak","avatar_url":{"url":"https:\/\/www.hoecker.eu\/blog\/wp-content\/uploads\/2025\/09\/rsalak.jpg","url2x":"https:\/\/www.hoecker.eu\/blog\/wp-content\/uploads\/2025\/09\/rsalak.jpg"},"0":null,"1":"","2":"","3":"","4":"","5":"","6":"","7":"","8":"","9":"","10":"","11":""}],"_links":{"self":[{"href":"https:\/\/www.hoecker.eu\/blog\/wp-json\/wp\/v2\/posts\/10359","targetHints":{"allow":["GET"]}}],"collection":[{"href":"https:\/\/www.hoecker.eu\/blog\/wp-json\/wp\/v2\/posts"}],"about":[{"href":"https:\/\/www.hoecker.eu\/blog\/wp-json\/wp\/v2\/types\/post"}],"author":[{"embeddable":true,"href":"https:\/\/www.hoecker.eu\/blog\/wp-json\/wp\/v2\/users\/4"}],"replies":[{"embeddable":true,"href":"https:\/\/www.hoecker.eu\/blog\/wp-json\/wp\/v2\/comments?post=10359"}],"version-history":[{"count":1,"href":"https:\/\/www.hoecker.eu\/blog\/wp-json\/wp\/v2\/posts\/10359\/revisions"}],"predecessor-version":[{"id":10360,"href":"https:\/\/www.hoecker.eu\/blog\/wp-json\/wp\/v2\/posts\/10359\/revisions\/10360"}],"wp:attachment":[{"href":"https:\/\/www.hoecker.eu\/blog\/wp-json\/wp\/v2\/media?parent=10359"}],"wp:term":[{"taxonomy":"category","embeddable":true,"href":"https:\/\/www.hoecker.eu\/blog\/wp-json\/wp\/v2\/categories?post=10359"},{"taxonomy":"post_tag","embeddable":true,"href":"https:\/\/www.hoecker.eu\/blog\/wp-json\/wp\/v2\/tags?post=10359"},{"taxonomy":"hashtags","embeddable":true,"href":"https:\/\/www.hoecker.eu\/blog\/wp-json\/wp\/v2\/hashtags?post=10359"},{"taxonomy":"author","embeddable":true,"href":"https:\/\/www.hoecker.eu\/blog\/wp-json\/wp\/v2\/ppma_author?post=10359"}],"curies":[{"name":"wp","href":"https:\/\/api.w.org\/{rel}","templated":true}]}}