{"id":10337,"date":"2025-12-12T13:30:00","date_gmt":"2025-12-12T12:30:00","guid":{"rendered":"https:\/\/www.hoecker.eu\/blog\/?p=10337"},"modified":"2025-12-12T13:02:09","modified_gmt":"2025-12-12T12:02:09","slug":"verbot-gegen-zentrum-fuer-politische-schoenheit-keine-ausweisungsplaene-in-potsdam-unterstellung-eines-meineids-gegenueber-dr-vosgerau-ist-rechtswidrig","status":"publish","type":"post","link":"https:\/\/www.hoecker.eu\/blog\/verbot-gegen-zentrum-fuer-politische-schoenheit-keine-ausweisungsplaene-in-potsdam-unterstellung-eines-meineids-gegenueber-dr-vosgerau-ist-rechtswidrig\/","title":{"rendered":"Verbot gegen Zentrum f\u00fcr politische Sch\u00f6nheit \u2013 Keine Ausweisungspl\u00e4ne in Potsdam &#8211; Unterstellung eines Meineids gegen\u00fcber Dr. Vosgerau ist rechtswidrig"},"content":{"rendered":"\n<p>Dem Zentrum f\u00fcr politische Sch\u00f6nheit wurde im Namen von Dr. Ulrich Vosgerau (CDU) durch das Landgericht Berlin eine Desinformation zum Potsdam-Treffen verboten.<\/p>\n\n\n\n<p><strong>Wer ist das Zentrum f\u00fcr politische Sch\u00f6nheit?<\/strong><\/p>\n\n\n\n<p>Das Zentrum f\u00fcr politische Sch\u00f6nheit, hinter dem der Berliner Philipp Ruch steckt, ger\u00e4t immer wieder durch grenzwertige bis rechtswidrige linksradikale Aktionen negativ in die Schlagzeilen. Gerade erst wurde die Instrumentalisierung des Tods von Walter L\u00fcbcke, dessen Statue das Zentrum f\u00fcr politische Sch\u00f6nheit vor der CDU-Parteizentrale in Berlin aufgestellt hat, nicht nur durch Bundeskanzler Merz kritisiert, sondern auch durch die Familie L\u00fcbcke: Diese kritisierte, es sei der falsche Anschein vermittelt worden, die Familie L\u00fcbcke sei in die Planung der Aktion eingebunden gewesen.<\/p>\n\n\n\n<p><strong>LG Berlin verbietet Desinformation des Zentrums f\u00fcr Politische Sch\u00f6nheit:<\/strong><\/p>\n\n\n\n<p>Nun ist dem Zentrum f\u00fcr politische Sch\u00f6nheit, namentlich Philipp Ruch, durch das Landgericht Berlin eine Desinformation zum Potsdam-Treffen verboten worden (n.rk.).<\/p>\n\n\n\n<p>Das Zentrum f\u00fcr politische Sch\u00f6nheit hatte auf X die folgende Nachricht verbreitet:<\/p>\n\n\n\n<p>\u201e<em>BREAKING: <strong>Der erste Teilnehmer der Potsdamer Deportationskonferenz ist bereit, vor Gericht zu bezeugen, dass es um die Ausweisung deutscher Staatsb\u00fcrger ging! Damit verliert @UlrichVosgerau nicht nur seine Anwaltslizenz, sondern wird wegen Meineids im Knast landen!<\/strong><\/em>\u201c<\/p>\n\n\n\n<p>Das Landgericht Berlin hat dem Zentrum f\u00fcr politische Sch\u00f6nheit diese Aussage verboten.<\/p>\n\n\n\n<p>Mit dieser \u00c4u\u00dferung behauptet das Zentrum nach Feststellung des Landgerichts Berlin ein angeblich straf- und berufsrechtlich relevantes Fehlverhalten des Herrn Dr. Vosgerau mit der vermeintlichen Konsequenz eines Widerrufs der Anwaltszulassung und der Verurteilung zu einer Freiheitsstrafe. Dieses angebliche Fehlverhalten begr\u00fcndet das Zentrum f\u00fcr politische Sch\u00f6nheit f\u00e4lschlich mit dem Vorwurf, Dr. Vosgerau habe wahrheitswidrig und in strafrechtlich relevanter Weise behauptet, es sei auf dem Potsdam-Treffen nicht um die Ausweisung deutscher Staatsb\u00fcrger gegangen.<\/p>\n\n\n\n<p>Tats\u00e4chlich sind die Vorw\u00fcrfe des Zentrums best\u00e4tigt durch das LG Berlin unbegr\u00fcndet:<\/p>\n\n\n\n<p>Das Landgericht Berlin hat im Verfahren als unstreitige Tatsache festgestellt, dass in Potsdam <strong>keine<\/strong> Ausweisung deutscher Staatsb\u00fcrger geplant wurde, sondern vielmehr umgekehrt ausdr\u00fccklich festgestellt wurde, dass eine Abschiebung von Menschen mit deutschem Pass gar nicht m\u00f6glich ist, Zitat:<\/p>\n\n\n\n<p><em>\u201eAuf eine R\u00fcckfrage der Teilnehmerin Silke Schr\u00f6der in einer Diskussionsrunde im Anschluss an seinen Vortrag antwortete Martin Sellner, dass bei auff\u00e4lligen Personen mit deutschem Pass keine Abschiebung m\u00f6glich sei.\u201c<\/em><\/p>\n\n\n\n<p>Sein gerichtliches Verbot begr\u00fcndet das LG Berlin wir folgt: Der Leser k\u00f6nne die Aussage des Zentrums so verstehen, dass Dr. Vosgerau in seiner eidesstattlichen Versicherung eine falsche Angabe zu Ausweisungspl\u00e4nen gemacht habe.<\/p>\n\n\n\n<p>Tats\u00e4chlich sei der gegen\u00fcber Herrn Dr. Vosgerau erhobene Vorwurf, er habe in seiner eidesstattlichen Versicherung eine falsche Angabe gemacht, nicht gerechtfertigt: Denn dieser habe in seinen eidesstattlichen Versicherungen richtigerweise angegeben, dass die Ausweisung deutscher Staatsb\u00fcrger in Potsdam zwar thematisiert wurde, dies aber so, dass eine Ausweisung deutscher Staatsb\u00fcrger nicht m\u00f6glich ist. Da diese Angabe stimmt, sei der gegen\u00fcber Herrn Dr. Vosgerau erhobene Vorwurf, er habe eine falsche eidesstattliche Versicherung abgegeben, sachlich nicht gerechtfertigt.<\/p>\n\n\n\n<p>Dr. Carsten Brennecke:<\/p>\n\n\n\n<p>\u201e<em>Das Verfahren f\u00fchrt zu mehreren erfreulichen Klarstellungen: Das Gericht hat im unstreitigen Tatbestand festgehalten, dass in Potsdam keine Ausweisung deutscher Staatsb\u00fcrger besprochen wurde, sondern umgekehrt durch Martin Sellner ausdr\u00fccklich ge\u00e4u\u00dfert wurde, dass eine solche Ausweisung gar nicht m\u00f6glich ist.<\/em><\/p>\n\n\n\n<p><em>Immer wieder hatten linke Aktivisten im Anschluss an die zahlreichen, durch Dr. Vosgerau erfolgreich gef\u00fchrten Gerichtsverfahren haltlose Verd\u00e4chtigungen erhoben, er k\u00f6nne in seinen eidesstattlichen Versicherungen etwas Falsches gesagt haben. Auch diesen Anschuldigungen wurden mit der Entscheidung des Landgerichts Berlin einmal mehr der N\u00e4hrboden entzogen: Das Landgericht stellt fest, dass Dr. Vosgerau im Hinblick auf seine Versicherungen, dass es in Potsdam keine Abschiebungspl\u00e4ne gab, keine falsche eidesstattliche Versicherung vorgeworfen werden kann und darf.<\/em><\/p>\n\n\n\n<p><em>Das Verfahren gegen das Zentrum f\u00fcr politische Sch\u00f6nheit reiht sich ein in die zahlreichen erfolgreichen Gerichtsverfahren, mit denen sich Dr. Ulrich Vosgerau gegen die Desinformation im Correctiv-Bericht zum Potsdam-Treffen und dadurch ausgel\u00f6ste, vielfach gerichtlich verbotene Falschberichterstattungen zu diesem Treffen gewehrt hat. Doch obwohl sich Dr. Vosgerau in vielen Dutzend F\u00e4llen gegen falsche Berichte durchgesetzt hat, ist er unver\u00e4ndert mit ganz erheblichen Prozess- und Anwaltskosten belastet. Dies liegt darin, dass nach deutschem Recht nur ein Bruchteil der entstandenen Anwaltskosten durch den Gegner zu erstatten ist. Trotz zahlloser gewonnener Verfahren besteht momentan eine Finanzierungsl\u00fccke von \u00fcber 100.000 \u20ac. Aus diesem Grund wirbt Herr Dr. Vosgerau erneut um Spenden. Wer Herrn Dr. Vosgerau im Kampf gegen die Desinformation zum Potsdam-Treffen unterst\u00fctzen m\u00f6chte, kann hier spenden: <\/em><a href=\"https:\/\/www.gofundme.com\/f\/Prozesskostenhilfe-nach-dem-Potsdam-Treffen\" target=\"_blank\" rel=\"noreferrer noopener\"><em>https:\/\/www.gofundme.com\/f\/Prozesskostenhilfe-nach-dem-Potsdam-Treffen<\/em><\/a><\/p>\n","protected":false},"excerpt":{"rendered":"<p>Dem Zentrum f\u00fcr politische Sch\u00f6nheit wurde im Namen von Dr. Ulrich Vosgerau (CDU) durch das Landgericht Berlin eine Desinformation zum Potsdam-Treffen verboten. Wer ist das Zentrum f\u00fcr politische Sch\u00f6nheit? Das Zentrum f\u00fcr politische Sch\u00f6nheit, hinter dem der Berliner Philipp Ruch steckt, ger\u00e4t immer wieder durch grenzwertige bis rechtswidrige linksradikale Aktionen negativ in die Schlagzeilen. Gerade [&hellip;]<\/p>\n","protected":false},"author":2,"featured_media":0,"comment_status":"closed","ping_status":"closed","sticky":false,"template":"","format":"standard","meta":{"_has_post_settings":[],"footnotes":""},"categories":[15],"tags":[139,155,138],"hashtags":[],"ppma_author":[40],"class_list":["post-10337","post","type-post","status-publish","format-standard","hentry","category-news","tag-correctiv","tag-potsdam-treffen","tag-vosgerau","author-cbrennecke"],"yoast_head":"<!-- This site is optimized with the Yoast SEO Premium plugin v25.9 (Yoast SEO v27.0) - https:\/\/yoast.com\/product\/yoast-seo-premium-wordpress\/ -->\n<title>Verbot gegen Zentrum f\u00fcr politische Sch\u00f6nheit \u2013 Keine Ausweisungspl\u00e4ne in Potsdam - Unterstellung eines Meineids gegen\u00fcber Dr. Vosgerau ist rechtswidrig - H\u00d6CKER - der Blog<\/title>\n<meta name=\"robots\" content=\"index, follow, max-snippet:-1, max-image-preview:large, max-video-preview:-1\" \/>\n<link rel=\"canonical\" href=\"https:\/\/www.hoecker.eu\/blog\/verbot-gegen-zentrum-fuer-politische-schoenheit-keine-ausweisungsplaene-in-potsdam-unterstellung-eines-meineids-gegenueber-dr-vosgerau-ist-rechtswidrig\/\" \/>\n<meta property=\"og:locale\" content=\"de_DE\" \/>\n<meta property=\"og:type\" content=\"article\" \/>\n<meta property=\"og:title\" content=\"Verbot gegen Zentrum f\u00fcr politische Sch\u00f6nheit \u2013 Keine Ausweisungspl\u00e4ne in Potsdam - Unterstellung eines Meineids gegen\u00fcber Dr. Vosgerau ist rechtswidrig\" \/>\n<meta property=\"og:description\" content=\"Dem Zentrum f\u00fcr politische Sch\u00f6nheit wurde im Namen von Dr. Ulrich Vosgerau (CDU) durch das Landgericht Berlin eine Desinformation zum Potsdam-Treffen verboten. Wer ist das Zentrum f\u00fcr politische Sch\u00f6nheit? Das Zentrum f\u00fcr politische Sch\u00f6nheit, hinter dem der Berliner Philipp Ruch steckt, ger\u00e4t immer wieder durch grenzwertige bis rechtswidrige linksradikale Aktionen negativ in die Schlagzeilen. Gerade [&hellip;]\" \/>\n<meta property=\"og:url\" content=\"https:\/\/www.hoecker.eu\/blog\/verbot-gegen-zentrum-fuer-politische-schoenheit-keine-ausweisungsplaene-in-potsdam-unterstellung-eines-meineids-gegenueber-dr-vosgerau-ist-rechtswidrig\/\" \/>\n<meta property=\"og:site_name\" content=\"H\u00d6CKER - der Blog\" \/>\n<meta property=\"article:publisher\" content=\"https:\/\/www.facebook.com\/HoeckerRAe\/\" \/>\n<meta property=\"article:published_time\" content=\"2025-12-12T12:30:00+00:00\" \/>\n<meta name=\"author\" content=\"Dr. Carsten Brennecke\" \/>\n<meta name=\"twitter:card\" content=\"summary_large_image\" \/>\n<meta name=\"twitter:creator\" content=\"@RABrennecke\" \/>\n<meta name=\"twitter:site\" content=\"@hoecker_rae\" \/>\n<meta name=\"twitter:label1\" content=\"Verfasst von\" \/>\n\t<meta name=\"twitter:data1\" content=\"Dr. Carsten Brennecke\" \/>\n\t<meta name=\"twitter:label2\" content=\"Gesch\u00e4tzte Lesezeit\" \/>\n\t<meta name=\"twitter:data2\" content=\"4\u00a0Minuten\" \/>\n<script type=\"application\/ld+json\" class=\"yoast-schema-graph\">{\"@context\":\"https:\/\/schema.org\",\"@graph\":[{\"@type\":\"Article\",\"@id\":\"https:\/\/www.hoecker.eu\/blog\/verbot-gegen-zentrum-fuer-politische-schoenheit-keine-ausweisungsplaene-in-potsdam-unterstellung-eines-meineids-gegenueber-dr-vosgerau-ist-rechtswidrig\/#article\",\"isPartOf\":{\"@id\":\"https:\/\/www.hoecker.eu\/blog\/verbot-gegen-zentrum-fuer-politische-schoenheit-keine-ausweisungsplaene-in-potsdam-unterstellung-eines-meineids-gegenueber-dr-vosgerau-ist-rechtswidrig\/\"},\"author\":{\"name\":\"Dr. Carsten Brennecke\",\"@id\":\"https:\/\/www.hoecker.eu\/blog\/#\/schema\/person\/816be6ceb7fc41c0368b2869f0d5d9e5\"},\"headline\":\"Verbot gegen Zentrum f\u00fcr politische Sch\u00f6nheit \u2013 Keine Ausweisungspl\u00e4ne in Potsdam &#8211; Unterstellung eines Meineids gegen\u00fcber Dr. Vosgerau ist rechtswidrig\",\"datePublished\":\"2025-12-12T12:30:00+00:00\",\"mainEntityOfPage\":{\"@id\":\"https:\/\/www.hoecker.eu\/blog\/verbot-gegen-zentrum-fuer-politische-schoenheit-keine-ausweisungsplaene-in-potsdam-unterstellung-eines-meineids-gegenueber-dr-vosgerau-ist-rechtswidrig\/\"},\"wordCount\":784,\"publisher\":{\"@id\":\"https:\/\/www.hoecker.eu\/blog\/#organization\"},\"keywords\":[\"Correctiv\",\"Potsdam-Treffen\",\"Vosgerau\"],\"articleSection\":[\"News\"],\"inLanguage\":\"de\"},{\"@type\":\"WebPage\",\"@id\":\"https:\/\/www.hoecker.eu\/blog\/verbot-gegen-zentrum-fuer-politische-schoenheit-keine-ausweisungsplaene-in-potsdam-unterstellung-eines-meineids-gegenueber-dr-vosgerau-ist-rechtswidrig\/\",\"url\":\"https:\/\/www.hoecker.eu\/blog\/verbot-gegen-zentrum-fuer-politische-schoenheit-keine-ausweisungsplaene-in-potsdam-unterstellung-eines-meineids-gegenueber-dr-vosgerau-ist-rechtswidrig\/\",\"name\":\"Verbot gegen Zentrum f\u00fcr politische Sch\u00f6nheit \u2013 Keine Ausweisungspl\u00e4ne in Potsdam - Unterstellung eines Meineids gegen\u00fcber Dr. Vosgerau ist rechtswidrig - H\u00d6CKER - der Blog\",\"isPartOf\":{\"@id\":\"https:\/\/www.hoecker.eu\/blog\/#website\"},\"datePublished\":\"2025-12-12T12:30:00+00:00\",\"breadcrumb\":{\"@id\":\"https:\/\/www.hoecker.eu\/blog\/verbot-gegen-zentrum-fuer-politische-schoenheit-keine-ausweisungsplaene-in-potsdam-unterstellung-eines-meineids-gegenueber-dr-vosgerau-ist-rechtswidrig\/#breadcrumb\"},\"inLanguage\":\"de\",\"potentialAction\":[{\"@type\":\"ReadAction\",\"target\":[\"https:\/\/www.hoecker.eu\/blog\/verbot-gegen-zentrum-fuer-politische-schoenheit-keine-ausweisungsplaene-in-potsdam-unterstellung-eines-meineids-gegenueber-dr-vosgerau-ist-rechtswidrig\/\"]}]},{\"@type\":\"BreadcrumbList\",\"@id\":\"https:\/\/www.hoecker.eu\/blog\/verbot-gegen-zentrum-fuer-politische-schoenheit-keine-ausweisungsplaene-in-potsdam-unterstellung-eines-meineids-gegenueber-dr-vosgerau-ist-rechtswidrig\/#breadcrumb\",\"itemListElement\":[{\"@type\":\"ListItem\",\"position\":1,\"name\":\"Startseite\",\"item\":\"https:\/\/dev.hoecker.eu\/blog\/\"},{\"@type\":\"ListItem\",\"position\":2,\"name\":\"Verbot gegen Zentrum f\u00fcr politische Sch\u00f6nheit \u2013 Keine Ausweisungspl\u00e4ne in Potsdam &#8211; Unterstellung eines Meineids gegen\u00fcber Dr. Vosgerau ist rechtswidrig\"}]},{\"@type\":\"WebSite\",\"@id\":\"https:\/\/www.hoecker.eu\/blog\/#website\",\"url\":\"https:\/\/www.hoecker.eu\/blog\/\",\"name\":\"H\u00d6CKER - der Blog\",\"description\":\"Expertenblog f\u00fcr \u00c4u\u00dferungs-, Medien-, Marken-, Urheber- und Wettbewerbsrecht.\",\"publisher\":{\"@id\":\"https:\/\/www.hoecker.eu\/blog\/#organization\"},\"potentialAction\":[{\"@type\":\"SearchAction\",\"target\":{\"@type\":\"EntryPoint\",\"urlTemplate\":\"https:\/\/www.hoecker.eu\/blog\/?s={search_term_string}\"},\"query-input\":{\"@type\":\"PropertyValueSpecification\",\"valueRequired\":true,\"valueName\":\"search_term_string\"}}],\"inLanguage\":\"de\"},{\"@type\":\"Organization\",\"@id\":\"https:\/\/www.hoecker.eu\/blog\/#organization\",\"name\":\"H\u00d6CKER Rechtsanw\u00e4lte PartGmbB\",\"alternateName\":\"H\u00d6CKER\",\"url\":\"https:\/\/www.hoecker.eu\/blog\/\",\"logo\":{\"@type\":\"ImageObject\",\"inLanguage\":\"de\",\"@id\":\"https:\/\/www.hoecker.eu\/blog\/#\/schema\/logo\/image\/\",\"url\":\"https:\/\/www.hoecker.eu\/blog\/wp-content\/uploads\/2025\/03\/Blog-Logo.webp\",\"contentUrl\":\"https:\/\/www.hoecker.eu\/blog\/wp-content\/uploads\/2025\/03\/Blog-Logo.webp\",\"width\":500,\"height\":500,\"caption\":\"H\u00d6CKER Rechtsanw\u00e4lte PartGmbB\"},\"image\":{\"@id\":\"https:\/\/www.hoecker.eu\/blog\/#\/schema\/logo\/image\/\"},\"sameAs\":[\"https:\/\/www.facebook.com\/HoeckerRAe\/\",\"https:\/\/x.com\/hoecker_rae\",\"https:\/\/www.linkedin.com\/company\/hcker-rechtsanwlte\/\",\"https:\/\/www.instagram.com\/hoecker_rae\/\"],\"email\":\"contact@hoecker.eu\",\"telephone\":\"+ 49 (0)221-933 19-10\",\"legalName\":\"H\u00d6CKER Rechtsanw\u00e4lte PartGmbB\",\"numberOfEmployees\":{\"@type\":\"QuantitativeValue\",\"minValue\":\"11\",\"maxValue\":\"50\"}},{\"@type\":\"Person\",\"@id\":\"https:\/\/www.hoecker.eu\/blog\/#\/schema\/person\/816be6ceb7fc41c0368b2869f0d5d9e5\",\"name\":\"Dr. Carsten Brennecke\",\"description\":\"Rechtsanwalt f\u00fcr Presserecht, Spezialist f\u00fcr Litigation PR\",\"sameAs\":[\"https:\/\/www.hoecker.eu\/wer\/dr-carsten-brennecke\",\"https:\/\/www.linkedin.com\/in\/carsten-dr-brennecke-401b54b7\/\",\"https:\/\/x.com\/RABrennecke\"],\"url\":\"https:\/\/www.hoecker.eu\/blog\/author\/cbrennecke\/\"}]}<\/script>\n<!-- \/ Yoast SEO Premium plugin. -->","yoast_head_json":{"title":"Verbot gegen Zentrum f\u00fcr politische Sch\u00f6nheit \u2013 Keine Ausweisungspl\u00e4ne in Potsdam - Unterstellung eines Meineids gegen\u00fcber Dr. Vosgerau ist rechtswidrig - H\u00d6CKER - der Blog","robots":{"index":"index","follow":"follow","max-snippet":"max-snippet:-1","max-image-preview":"max-image-preview:large","max-video-preview":"max-video-preview:-1"},"canonical":"https:\/\/www.hoecker.eu\/blog\/verbot-gegen-zentrum-fuer-politische-schoenheit-keine-ausweisungsplaene-in-potsdam-unterstellung-eines-meineids-gegenueber-dr-vosgerau-ist-rechtswidrig\/","og_locale":"de_DE","og_type":"article","og_title":"Verbot gegen Zentrum f\u00fcr politische Sch\u00f6nheit \u2013 Keine Ausweisungspl\u00e4ne in Potsdam - Unterstellung eines Meineids gegen\u00fcber Dr. Vosgerau ist rechtswidrig","og_description":"Dem Zentrum f\u00fcr politische Sch\u00f6nheit wurde im Namen von Dr. Ulrich Vosgerau (CDU) durch das Landgericht Berlin eine Desinformation zum Potsdam-Treffen verboten. Wer ist das Zentrum f\u00fcr politische Sch\u00f6nheit? Das Zentrum f\u00fcr politische Sch\u00f6nheit, hinter dem der Berliner Philipp Ruch steckt, ger\u00e4t immer wieder durch grenzwertige bis rechtswidrige linksradikale Aktionen negativ in die Schlagzeilen. Gerade [&hellip;]","og_url":"https:\/\/www.hoecker.eu\/blog\/verbot-gegen-zentrum-fuer-politische-schoenheit-keine-ausweisungsplaene-in-potsdam-unterstellung-eines-meineids-gegenueber-dr-vosgerau-ist-rechtswidrig\/","og_site_name":"H\u00d6CKER - der Blog","article_publisher":"https:\/\/www.facebook.com\/HoeckerRAe\/","article_published_time":"2025-12-12T12:30:00+00:00","author":"Dr. Carsten Brennecke","twitter_card":"summary_large_image","twitter_creator":"@RABrennecke","twitter_site":"@hoecker_rae","twitter_misc":{"Verfasst von":"Dr. Carsten Brennecke","Gesch\u00e4tzte Lesezeit":"4\u00a0Minuten"},"schema":{"@context":"https:\/\/schema.org","@graph":[{"@type":"Article","@id":"https:\/\/www.hoecker.eu\/blog\/verbot-gegen-zentrum-fuer-politische-schoenheit-keine-ausweisungsplaene-in-potsdam-unterstellung-eines-meineids-gegenueber-dr-vosgerau-ist-rechtswidrig\/#article","isPartOf":{"@id":"https:\/\/www.hoecker.eu\/blog\/verbot-gegen-zentrum-fuer-politische-schoenheit-keine-ausweisungsplaene-in-potsdam-unterstellung-eines-meineids-gegenueber-dr-vosgerau-ist-rechtswidrig\/"},"author":{"name":"Dr. Carsten Brennecke","@id":"https:\/\/www.hoecker.eu\/blog\/#\/schema\/person\/816be6ceb7fc41c0368b2869f0d5d9e5"},"headline":"Verbot gegen Zentrum f\u00fcr politische Sch\u00f6nheit \u2013 Keine Ausweisungspl\u00e4ne in Potsdam &#8211; Unterstellung eines Meineids gegen\u00fcber Dr. Vosgerau ist rechtswidrig","datePublished":"2025-12-12T12:30:00+00:00","mainEntityOfPage":{"@id":"https:\/\/www.hoecker.eu\/blog\/verbot-gegen-zentrum-fuer-politische-schoenheit-keine-ausweisungsplaene-in-potsdam-unterstellung-eines-meineids-gegenueber-dr-vosgerau-ist-rechtswidrig\/"},"wordCount":784,"publisher":{"@id":"https:\/\/www.hoecker.eu\/blog\/#organization"},"keywords":["Correctiv","Potsdam-Treffen","Vosgerau"],"articleSection":["News"],"inLanguage":"de"},{"@type":"WebPage","@id":"https:\/\/www.hoecker.eu\/blog\/verbot-gegen-zentrum-fuer-politische-schoenheit-keine-ausweisungsplaene-in-potsdam-unterstellung-eines-meineids-gegenueber-dr-vosgerau-ist-rechtswidrig\/","url":"https:\/\/www.hoecker.eu\/blog\/verbot-gegen-zentrum-fuer-politische-schoenheit-keine-ausweisungsplaene-in-potsdam-unterstellung-eines-meineids-gegenueber-dr-vosgerau-ist-rechtswidrig\/","name":"Verbot gegen Zentrum f\u00fcr politische Sch\u00f6nheit \u2013 Keine Ausweisungspl\u00e4ne in Potsdam - Unterstellung eines Meineids gegen\u00fcber Dr. Vosgerau ist rechtswidrig - H\u00d6CKER - der Blog","isPartOf":{"@id":"https:\/\/www.hoecker.eu\/blog\/#website"},"datePublished":"2025-12-12T12:30:00+00:00","breadcrumb":{"@id":"https:\/\/www.hoecker.eu\/blog\/verbot-gegen-zentrum-fuer-politische-schoenheit-keine-ausweisungsplaene-in-potsdam-unterstellung-eines-meineids-gegenueber-dr-vosgerau-ist-rechtswidrig\/#breadcrumb"},"inLanguage":"de","potentialAction":[{"@type":"ReadAction","target":["https:\/\/www.hoecker.eu\/blog\/verbot-gegen-zentrum-fuer-politische-schoenheit-keine-ausweisungsplaene-in-potsdam-unterstellung-eines-meineids-gegenueber-dr-vosgerau-ist-rechtswidrig\/"]}]},{"@type":"BreadcrumbList","@id":"https:\/\/www.hoecker.eu\/blog\/verbot-gegen-zentrum-fuer-politische-schoenheit-keine-ausweisungsplaene-in-potsdam-unterstellung-eines-meineids-gegenueber-dr-vosgerau-ist-rechtswidrig\/#breadcrumb","itemListElement":[{"@type":"ListItem","position":1,"name":"Startseite","item":"https:\/\/dev.hoecker.eu\/blog\/"},{"@type":"ListItem","position":2,"name":"Verbot gegen Zentrum f\u00fcr politische Sch\u00f6nheit \u2013 Keine Ausweisungspl\u00e4ne in Potsdam &#8211; Unterstellung eines Meineids gegen\u00fcber Dr. Vosgerau ist rechtswidrig"}]},{"@type":"WebSite","@id":"https:\/\/www.hoecker.eu\/blog\/#website","url":"https:\/\/www.hoecker.eu\/blog\/","name":"H\u00d6CKER - der Blog","description":"Expertenblog f\u00fcr \u00c4u\u00dferungs-, Medien-, Marken-, Urheber- und Wettbewerbsrecht.","publisher":{"@id":"https:\/\/www.hoecker.eu\/blog\/#organization"},"potentialAction":[{"@type":"SearchAction","target":{"@type":"EntryPoint","urlTemplate":"https:\/\/www.hoecker.eu\/blog\/?s={search_term_string}"},"query-input":{"@type":"PropertyValueSpecification","valueRequired":true,"valueName":"search_term_string"}}],"inLanguage":"de"},{"@type":"Organization","@id":"https:\/\/www.hoecker.eu\/blog\/#organization","name":"H\u00d6CKER Rechtsanw\u00e4lte PartGmbB","alternateName":"H\u00d6CKER","url":"https:\/\/www.hoecker.eu\/blog\/","logo":{"@type":"ImageObject","inLanguage":"de","@id":"https:\/\/www.hoecker.eu\/blog\/#\/schema\/logo\/image\/","url":"https:\/\/www.hoecker.eu\/blog\/wp-content\/uploads\/2025\/03\/Blog-Logo.webp","contentUrl":"https:\/\/www.hoecker.eu\/blog\/wp-content\/uploads\/2025\/03\/Blog-Logo.webp","width":500,"height":500,"caption":"H\u00d6CKER Rechtsanw\u00e4lte PartGmbB"},"image":{"@id":"https:\/\/www.hoecker.eu\/blog\/#\/schema\/logo\/image\/"},"sameAs":["https:\/\/www.facebook.com\/HoeckerRAe\/","https:\/\/x.com\/hoecker_rae","https:\/\/www.linkedin.com\/company\/hcker-rechtsanwlte\/","https:\/\/www.instagram.com\/hoecker_rae\/"],"email":"contact@hoecker.eu","telephone":"+ 49 (0)221-933 19-10","legalName":"H\u00d6CKER Rechtsanw\u00e4lte PartGmbB","numberOfEmployees":{"@type":"QuantitativeValue","minValue":"11","maxValue":"50"}},{"@type":"Person","@id":"https:\/\/www.hoecker.eu\/blog\/#\/schema\/person\/816be6ceb7fc41c0368b2869f0d5d9e5","name":"Dr. Carsten Brennecke","description":"Rechtsanwalt f\u00fcr Presserecht, Spezialist f\u00fcr Litigation PR","sameAs":["https:\/\/www.hoecker.eu\/wer\/dr-carsten-brennecke","https:\/\/www.linkedin.com\/in\/carsten-dr-brennecke-401b54b7\/","https:\/\/x.com\/RABrennecke"],"url":"https:\/\/www.hoecker.eu\/blog\/author\/cbrennecke\/"}]}},"authors":[{"term_id":40,"user_id":2,"is_guest":0,"slug":"cbrennecke","display_name":"Dr. Carsten Brennecke","avatar_url":{"url":"https:\/\/www.hoecker.eu\/blog\/wp-content\/uploads\/2024\/03\/cbrennecke.jpg","url2x":"https:\/\/www.hoecker.eu\/blog\/wp-content\/uploads\/2024\/03\/cbrennecke.jpg"},"0":null,"1":"","2":"","3":"","4":"","5":"","6":"","7":"","8":"","9":"","10":"","11":""}],"_links":{"self":[{"href":"https:\/\/www.hoecker.eu\/blog\/wp-json\/wp\/v2\/posts\/10337","targetHints":{"allow":["GET"]}}],"collection":[{"href":"https:\/\/www.hoecker.eu\/blog\/wp-json\/wp\/v2\/posts"}],"about":[{"href":"https:\/\/www.hoecker.eu\/blog\/wp-json\/wp\/v2\/types\/post"}],"author":[{"embeddable":true,"href":"https:\/\/www.hoecker.eu\/blog\/wp-json\/wp\/v2\/users\/2"}],"replies":[{"embeddable":true,"href":"https:\/\/www.hoecker.eu\/blog\/wp-json\/wp\/v2\/comments?post=10337"}],"version-history":[{"count":1,"href":"https:\/\/www.hoecker.eu\/blog\/wp-json\/wp\/v2\/posts\/10337\/revisions"}],"predecessor-version":[{"id":10338,"href":"https:\/\/www.hoecker.eu\/blog\/wp-json\/wp\/v2\/posts\/10337\/revisions\/10338"}],"wp:attachment":[{"href":"https:\/\/www.hoecker.eu\/blog\/wp-json\/wp\/v2\/media?parent=10337"}],"wp:term":[{"taxonomy":"category","embeddable":true,"href":"https:\/\/www.hoecker.eu\/blog\/wp-json\/wp\/v2\/categories?post=10337"},{"taxonomy":"post_tag","embeddable":true,"href":"https:\/\/www.hoecker.eu\/blog\/wp-json\/wp\/v2\/tags?post=10337"},{"taxonomy":"hashtags","embeddable":true,"href":"https:\/\/www.hoecker.eu\/blog\/wp-json\/wp\/v2\/hashtags?post=10337"},{"taxonomy":"author","embeddable":true,"href":"https:\/\/www.hoecker.eu\/blog\/wp-json\/wp\/v2\/ppma_author?post=10337"}],"curies":[{"name":"wp","href":"https:\/\/api.w.org\/{rel}","templated":true}]}}