{"id":10332,"date":"2025-11-12T16:09:59","date_gmt":"2025-11-12T15:09:59","guid":{"rendered":"https:\/\/www.hoecker.eu\/blog\/?p=10332"},"modified":"2025-11-12T16:10:00","modified_gmt":"2025-11-12T15:10:00","slug":"karoline-preisler-gewinnt-vor-kg-gegen-jakob-reimann-berufung-gegen-verbotsurteil-des-lg-berlin-ii-wegen-falschzitat-in-x-post-einstimmig-zurueckgewiesen","status":"publish","type":"post","link":"https:\/\/www.hoecker.eu\/blog\/karoline-preisler-gewinnt-vor-kg-gegen-jakob-reimann-berufung-gegen-verbotsurteil-des-lg-berlin-ii-wegen-falschzitat-in-x-post-einstimmig-zurueckgewiesen\/","title":{"rendered":"Karoline Preisler gewinnt vor KG gegen Jakob Reimann: Berufung gegen Verbotsurteil des LG Berlin II wegen Falschzitat in X-Post einstimmig zur\u00fcckgewiesen"},"content":{"rendered":"\n<p>Am 24.07.2025 hatten wir dar\u00fcber berichtet, dass die FDP-Politikerin und Juristin Karoline Preisler mit H\u00d6CKER am LG Berlin II erfolgreich war. Das Gericht hatte dem \u201eJunge Welt\u201c \u2013 Journalisten und Aktivisten per Urteil verboten, die H\u00d6CKER-Mandantin in einem Beitrag auf der Plattform X falsch zu zitieren, vgl. <a href=\"https:\/\/www.hoecker.eu\/blog\/karoline-preisler-mit-naechstem-gerichtlichem-erfolg-lg-berlin-ii-untersagt-falschzitat-in-aktivistischem-x-post-eines-jungewelt-journalisten\/\" target=\"_blank\" rel=\"noreferrer noopener\">https:\/\/www.hoecker.eu\/blog\/karoline-preisler-mit-naechstem-gerichtlichem-erfolg-lg-berlin-ii-untersagt-falschzitat-in-aktivistischem-x-post-eines-jungewelt-journalisten\/<\/a>.<\/p>\n\n\n\n<p>Reimann hatte im September 2024 auf X geschrieben: <\/p>\n\n\n\n<blockquote class=\"wp-block-quote is-layout-flow wp-block-quote-is-layout-flow\">\n<p>\u201e<em>Karoline Preisler (FDP), bekannt durch ihre \u203aRape is not Resistance\u2039-Schilder, hat auch zu den massenhaften Vergewaltigungen pal\u00e4stinensischer Gefangener durch israelische Soldaten was zu sagen: \u201aselbst da ist Israel noch der menschlichere Akteur\u2018.<\/em>\u201c<\/p>\n<\/blockquote>\n\n\n\n<p>Hintergrund seines Posts war ein Video-Interview von Karoline Preisler zur Lage in Israel und Gaza, in dem sie ausdr\u00fccklich jede Form sexueller Gewalt verurteilt und den Unterschied im rechtsstaatlichen Umgang Israels mit derartigen Vorw\u00fcrfen im Gegensatz zur Praxis der Hamas hervorgehoben hatte. Reimann zerrte den o.g. Satz der H\u00d6CKER-Mandantin aus dem Kontext und konstruierte daraus in seinem Post eine unhaltbare Aussage, die sie nie get\u00e4tigt hatte. Denn entgegen der Darstellung von Reimann hatte sich Karoline Preisler in dem Video-Interview gerade nicht dahingehend ge\u00e4u\u00dfert, dass sie eine Vergewaltigung durch Israelis oder israelische Soldaten f\u00fcr menschlicher halte als Vergewaltigungen durch die Hamas-Terroristen. Stattdessen hatte sie klar zum Ausdruck gebracht, dass sie ausschlie\u00dflich den Umgang mit F\u00e4llen sexualisierter Gewalt in Israel f\u00fcr menschlicher halte, da Israel ein Rechtsstaat sei und deshalb gegen die Beschuldigten vorgehe. Diesen wesentlichen Bezug hatte Reimann seinen Lesern verschwiegen.<\/p>\n\n\n\n<p>Gegen das Urteil vom 22.07.2025 legte Reimann, der sich schon in der m\u00fcndlichen Verhandlung immun gegen eine sachliche und juristische Argumentation zeigte, Berufung ein.<\/p>\n\n\n\n<p><strong>KG best\u00e4tigt einstimmig: H\u00d6CKER-Mandantin Karoline Preisler im Recht<\/strong><\/p>\n\n\n\n<p>In seinem Zur\u00fcckweisungsbeschluss vom 10.11.2025 entscheidet das KG einstimmig:<\/p>\n\n\n\n<ol class=\"wp-block-list\">\n<li>Die Berufung Reimanns hat offensichtlich keine Aussicht auf Erfolg.<br><\/li>\n\n\n\n<li>Der Beklagte Reimann hatte \u00fcber die H\u00d6CKER-Mandantin eine unwahre Tatsachenbehauptung ver\u00f6ffentlicht, die nicht vom Grundrecht auf Meinungs\u00e4u\u00dferungsfreiheit gedeckt ist und die Kl\u00e4gerin in ihrem Pers\u00f6nlichkeitsrecht verletzt. Denn der Beklagte zitierte die Kl\u00e4gerin durch seine bewusste Verk\u00fcrzung ihres Zitats falsch (Fehlzitat).<br><\/li>\n\n\n\n<li>Ma\u00dfgebend f\u00fcr die Feststellung der Frage, ob eine \u00c4u\u00dferung zutreffend wiedergegeben wurde oder nicht, ist (\u2026) das, was der Zitierte gemessen an seiner Wortwahl, dem Kontext seiner Gedankenf\u00fchrung und dem darin erkennbar gemachten Anliegen zum Ausdruck gebracht hat (BGH 21.06.2011 \u2013 VI ZR 262\/09, juris Rn.\u00a012).<br><\/li>\n\n\n\n<li>Der Beklagte hatte in seiner Kurznachricht nicht gekennzeichnet, dass es sich bei seiner \u00c4u\u00dferung um eine (blo\u00dfe) Interpretation des durch die Kl\u00e4gerin gegebenen Interviews handelt.<\/li>\n<\/ol>\n\n\n\n<p>Reimann muss nun \u2013 wie von uns angek\u00fcndigt \u2013 die Gerichts- und Rechtsanwaltskosten beider Instanzen tragen.<\/p>\n\n\n\n<p>Die gerichtlichen Entscheidungen, die Karoline Preisler gegen israelfeindliche Pro-Pal\u00e4stina-Aktivisten erwirkt hat, bleiben ein wichtiges Signal gegen bewusste Falschdarstellungen im Netz.<\/p>\n\n\n\n<p>Rechtsanwalt Dr. Marcel Leeser: \u201e<em>Am 24.07.2025 sprach ich noch eine gut gemeinte Warnung an Menschen aus, die Reimann f\u00fcr \u201aseine\u2018 Berufung spenden wollten: \u201aSie sollten wissen, dass die Berufung aussichtslos ist.\u2018. Reimann zog seine Berufung mangels Einsicht und gegen jede Vernunft durch, spendenbasiert. Nun zahlen die Spender seine vermeidbare Zeche. Diese h\u00e4tten ihr Geld sicher sinnvoller investieren k\u00f6nnen.<\/em>\u201c<\/p>\n\n\n\n<p>Rechtsanw\u00e4ltin Anna Lina Saage: \u201e<em>Der BGH sagt schon lange, dass nicht nur vollst\u00e4ndig untergeschobene Aussagen rechtswidrige Falschzitate sind, sondern auch die unrichtige, verf\u00e4lschte oder entstellte Wiedergabe von tats\u00e4chlichen \u00c4u\u00dferungen in der Form eines Zitats. In diesem Verfahren ging es um den klassischen Fall einer solchen bewussten und sinnentstellenden Verk\u00fcrzung eines Zitats unserer Mandantin.<\/em>\u201c<\/p>\n\n\n\n<p>&#8212;&#8212;&#8212;&#8212;&#8212;&#8212;&#8212;&#8212;&#8212;&#8212;&#8212;&#8212;&#8212;&#8212;&#8212;&#8212;&#8212;&#8212;&#8212;&#8212;&#8212;&#8212;&#8212;&#8212;&#8212;&#8212;&#8212;&#8212;&#8212;&#8212;&#8212;&#8212;&#8212;&#8212;&#8212;&#8212;&#8212;&#8212;&#8211;<strong>Karoline Preisler wins against Jakob Reimann before the Court of Appeal: Appeal against the Berlin Regional Court II&#8217;s injunction for misquoting in X-Post unanimously dismissed<\/strong><\/p>\n\n\n\n<p>On 24 July 2025, we reported that FDP politician and lawyer Karoline Preisler had been successful with H\u00d6CKER at the Berlin Regional Court II. The court had issued a ruling prohibiting the \u2018Junge Welt\u2019 journalist and activist from misquoting H\u00d6CKER&#8217;s client in a post on the X platform. see <a href=\"https:\/\/www.hoecker.eu\/blog\/karoline-preisler-mit-naechstem-gerichtlichem-erfolg-lg-berlin-ii-untersagt-falschzitat-in-aktivistischem-x-post-eines-jungewelt-journalisten\/\" target=\"_blank\" rel=\"noreferrer noopener\">https:\/\/www.hoecker.eu\/blog\/karoline-preisler-mit-naechstem-gerichtlichem-erfolg-lg-berlin-ii-untersagt-falschzitat-in-aktivistischem-x-post-eines-jungewelt-journalisten\/<\/a>.<\/p>\n\n\n\n<p>In September 2024, Reimann wrote on X: \u2018<em>Karoline Preisler (FDP), known for her \u201cRape is not Resistance\u201d signs, also has something to say about the mass rape of Palestinian prisoners by Israeli soldiers: \u201ceven there, Israel is still the more humane actor\u201d.<\/em>\u2019<\/p>\n\n\n\n<p>The background to his post was a video interview with Karoline Preisler on the situation in Israel and Gaza, in which she explicitly condemned all forms of sexual violence and highlighted the difference between Israel&#8217;s constitutional approach to such allegations and the practices of Hamas. Reimann took the above sentence from H\u00d6CKER&#8217;s client out of context and used it in his post to construct an untenable statement that she had never made. Contrary to Reimann&#8217;s portrayal, Karoline Preisler had not said in the video interview that she considered rape by Israelis or Israeli soldiers to be more humane than rape by Hamas terrorists. Instead, she had clearly stated that she considered the handling of cases of sexualised violence in Israel to be more humane because Israel is a constitutional state and therefore takes action against the accused. Reimann had concealed this essential reference from his readers.<\/p>\n\n\n\n<p>Reimann, who had already shown himself to be immune to factual and legal arguments during the oral hearing, appealed against the ruling of 22 July 2025.<\/p>\n\n\n\n<p><strong>KG unanimously confirms: H\u00d6CKER client Karoline Preisler is in the right<\/strong><\/p>\n\n\n\n<p>In its dismissal order of 10 November 2025, the KG unanimously decides:<\/p>\n\n\n\n<ol class=\"wp-block-list\">\n<li>Reimann&#8217;s appeal clearly has no prospect of success.<br><\/li>\n\n\n\n<li>The defendant Reimann had published an untrue factual claim about the H\u00d6CKER client, which is not covered by the fundamental right to freedom of expression and violates the plaintiff&#8217;s personal rights. This is because the defendant misquoted the plaintiff by deliberately shortening her quote (incorrect quotation).<br><\/li>\n\n\n\n<li>The decisive factor in determining whether a statement has been accurately reproduced or not is (&#8230;) what the person quoted has expressed in terms of their choice of words, the context of their train of thought and the concerns made apparent therein (BGH 21 June 2011 \u2013 VI ZR 262\/09, juris Rn. 12).<br><\/li>\n\n\n\n<li>In his short message, the defendant did not indicate that his statement was (merely) an interpretation of the interview given by the plaintiff.<\/li>\n<\/ol>\n\n\n\n<p>As we announced, Reimann must now bear the court and legal costs of both instances.<\/p>\n\n\n\n<p>The court decisions obtained by Karoline Preisler against anti-Israel pro-Palestinian activists remain an important signal against deliberate misrepresentations on the internet.<\/p>\n\n\n\n<p>Lawyer Dr Marcel Leeser: &#8220;<em>On 24 July 2025, I issued a well-intentioned warning to people who wanted to donate to Reimann for \u201chis\u201d appeal: &#8216;You should know that the appeal is futile. Reimann pursued his appeal despite a lack of insight and against all reason, based on donations. Now the donors are footing his avoidable bill. They could certainly have invested their money more wisely.<\/em>&#8220;<\/p>\n\n\n\n<p>Lawyer Anna Lina Saage: \u2018<em>The Federal Court of Justice has long held that not only completely fabricated statements are unlawful misquotes, but also the incorrect, falsified or distorted reproduction of actual statements in the form of a quote. This case concerned a classic example of such a deliberate and misleading abridgement of a quote from our client.<\/em>\u2019<\/p>\n","protected":false},"excerpt":{"rendered":"<p>Am 24.07.2025 hatten wir dar\u00fcber berichtet, dass die FDP-Politikerin und Juristin Karoline Preisler mit H\u00d6CKER am LG Berlin II erfolgreich war. Das Gericht hatte dem \u201eJunge Welt\u201c \u2013 Journalisten und Aktivisten per Urteil verboten, die H\u00d6CKER-Mandantin in einem Beitrag auf der Plattform X falsch zu zitieren, vgl. https:\/\/www.hoecker.eu\/blog\/karoline-preisler-mit-naechstem-gerichtlichem-erfolg-lg-berlin-ii-untersagt-falschzitat-in-aktivistischem-x-post-eines-jungewelt-journalisten\/. Reimann hatte im September 2024 auf X [&hellip;]<\/p>\n","protected":false},"author":4,"featured_media":0,"comment_status":"closed","ping_status":"closed","sticky":false,"template":"","format":"standard","meta":{"_has_post_settings":[],"footnotes":""},"categories":[15],"tags":[205,163,165],"hashtags":[],"ppma_author":[75,77],"class_list":["post-10332","post","type-post","status-publish","format-standard","hentry","category-news","tag-falschzitat","tag-preisler","tag-zitat","author-mleeser","author-asaage"],"yoast_head":"<!-- This site is optimized with the Yoast SEO Premium plugin v25.9 (Yoast SEO v27.0) - https:\/\/yoast.com\/product\/yoast-seo-premium-wordpress\/ -->\n<title>Karoline Preisler gewinnt vor KG gegen Jakob Reimann: Berufung gegen Verbotsurteil des LG Berlin II wegen Falschzitat in X-Post einstimmig zur\u00fcckgewiesen - H\u00d6CKER - der Blog<\/title>\n<meta name=\"robots\" content=\"index, follow, max-snippet:-1, max-image-preview:large, max-video-preview:-1\" \/>\n<link rel=\"canonical\" href=\"https:\/\/www.hoecker.eu\/blog\/karoline-preisler-gewinnt-vor-kg-gegen-jakob-reimann-berufung-gegen-verbotsurteil-des-lg-berlin-ii-wegen-falschzitat-in-x-post-einstimmig-zurueckgewiesen\/\" \/>\n<meta property=\"og:locale\" content=\"de_DE\" \/>\n<meta property=\"og:type\" content=\"article\" \/>\n<meta property=\"og:title\" content=\"Karoline Preisler gewinnt vor KG gegen Jakob Reimann: Berufung gegen Verbotsurteil des LG Berlin II wegen Falschzitat in X-Post einstimmig zur\u00fcckgewiesen\" \/>\n<meta property=\"og:description\" content=\"Am 24.07.2025 hatten wir dar\u00fcber berichtet, dass die FDP-Politikerin und Juristin Karoline Preisler mit H\u00d6CKER am LG Berlin II erfolgreich war. Das Gericht hatte dem \u201eJunge Welt\u201c \u2013 Journalisten und Aktivisten per Urteil verboten, die H\u00d6CKER-Mandantin in einem Beitrag auf der Plattform X falsch zu zitieren, vgl. https:\/\/www.hoecker.eu\/blog\/karoline-preisler-mit-naechstem-gerichtlichem-erfolg-lg-berlin-ii-untersagt-falschzitat-in-aktivistischem-x-post-eines-jungewelt-journalisten\/. Reimann hatte im September 2024 auf X [&hellip;]\" \/>\n<meta property=\"og:url\" content=\"https:\/\/www.hoecker.eu\/blog\/karoline-preisler-gewinnt-vor-kg-gegen-jakob-reimann-berufung-gegen-verbotsurteil-des-lg-berlin-ii-wegen-falschzitat-in-x-post-einstimmig-zurueckgewiesen\/\" \/>\n<meta property=\"og:site_name\" content=\"H\u00d6CKER - der Blog\" \/>\n<meta property=\"article:publisher\" content=\"https:\/\/www.facebook.com\/HoeckerRAe\/\" \/>\n<meta property=\"article:author\" content=\"https:\/\/www.facebook.com\/marcel.leeser\" \/>\n<meta property=\"article:published_time\" content=\"2025-11-12T15:09:59+00:00\" \/>\n<meta property=\"article:modified_time\" content=\"2025-11-12T15:10:00+00:00\" \/>\n<meta name=\"author\" content=\"Dr. Marcel Leeser, Ana Lina Saage\" \/>\n<meta name=\"twitter:card\" content=\"summary_large_image\" \/>\n<meta name=\"twitter:creator\" content=\"@m_leeser\" \/>\n<meta name=\"twitter:site\" content=\"@hoecker_rae\" \/>\n<meta name=\"twitter:label1\" content=\"Verfasst von\" \/>\n\t<meta name=\"twitter:data1\" content=\"Dr. Marcel Leeser\" \/>\n\t<meta name=\"twitter:label2\" content=\"Gesch\u00e4tzte Lesezeit\" \/>\n\t<meta name=\"twitter:data2\" content=\"7\u00a0Minuten\" \/>\n<script type=\"application\/ld+json\" class=\"yoast-schema-graph\">{\"@context\":\"https:\/\/schema.org\",\"@graph\":[{\"@type\":\"Article\",\"@id\":\"https:\/\/www.hoecker.eu\/blog\/karoline-preisler-gewinnt-vor-kg-gegen-jakob-reimann-berufung-gegen-verbotsurteil-des-lg-berlin-ii-wegen-falschzitat-in-x-post-einstimmig-zurueckgewiesen\/#article\",\"isPartOf\":{\"@id\":\"https:\/\/www.hoecker.eu\/blog\/karoline-preisler-gewinnt-vor-kg-gegen-jakob-reimann-berufung-gegen-verbotsurteil-des-lg-berlin-ii-wegen-falschzitat-in-x-post-einstimmig-zurueckgewiesen\/\"},\"author\":{\"name\":\"Dr. Marcel Leeser\",\"@id\":\"https:\/\/www.hoecker.eu\/blog\/#\/schema\/person\/7d076dfe91cca6d64e8b05cce775ced0\"},\"headline\":\"Karoline Preisler gewinnt vor KG gegen Jakob Reimann: Berufung gegen Verbotsurteil des LG Berlin II wegen Falschzitat in X-Post einstimmig zur\u00fcckgewiesen\",\"datePublished\":\"2025-11-12T15:09:59+00:00\",\"dateModified\":\"2025-11-12T15:10:00+00:00\",\"mainEntityOfPage\":{\"@id\":\"https:\/\/www.hoecker.eu\/blog\/karoline-preisler-gewinnt-vor-kg-gegen-jakob-reimann-berufung-gegen-verbotsurteil-des-lg-berlin-ii-wegen-falschzitat-in-x-post-einstimmig-zurueckgewiesen\/\"},\"wordCount\":1199,\"publisher\":{\"@id\":\"https:\/\/www.hoecker.eu\/blog\/#organization\"},\"keywords\":[\"Falschzitat;\",\"Preisler\",\"Zitat\"],\"articleSection\":[\"News\"],\"inLanguage\":\"de\"},{\"@type\":\"WebPage\",\"@id\":\"https:\/\/www.hoecker.eu\/blog\/karoline-preisler-gewinnt-vor-kg-gegen-jakob-reimann-berufung-gegen-verbotsurteil-des-lg-berlin-ii-wegen-falschzitat-in-x-post-einstimmig-zurueckgewiesen\/\",\"url\":\"https:\/\/www.hoecker.eu\/blog\/karoline-preisler-gewinnt-vor-kg-gegen-jakob-reimann-berufung-gegen-verbotsurteil-des-lg-berlin-ii-wegen-falschzitat-in-x-post-einstimmig-zurueckgewiesen\/\",\"name\":\"Karoline Preisler gewinnt vor KG gegen Jakob Reimann: Berufung gegen Verbotsurteil des LG Berlin II wegen Falschzitat in X-Post einstimmig zur\u00fcckgewiesen - H\u00d6CKER - der Blog\",\"isPartOf\":{\"@id\":\"https:\/\/www.hoecker.eu\/blog\/#website\"},\"datePublished\":\"2025-11-12T15:09:59+00:00\",\"dateModified\":\"2025-11-12T15:10:00+00:00\",\"breadcrumb\":{\"@id\":\"https:\/\/www.hoecker.eu\/blog\/karoline-preisler-gewinnt-vor-kg-gegen-jakob-reimann-berufung-gegen-verbotsurteil-des-lg-berlin-ii-wegen-falschzitat-in-x-post-einstimmig-zurueckgewiesen\/#breadcrumb\"},\"inLanguage\":\"de\",\"potentialAction\":[{\"@type\":\"ReadAction\",\"target\":[\"https:\/\/www.hoecker.eu\/blog\/karoline-preisler-gewinnt-vor-kg-gegen-jakob-reimann-berufung-gegen-verbotsurteil-des-lg-berlin-ii-wegen-falschzitat-in-x-post-einstimmig-zurueckgewiesen\/\"]}]},{\"@type\":\"BreadcrumbList\",\"@id\":\"https:\/\/www.hoecker.eu\/blog\/karoline-preisler-gewinnt-vor-kg-gegen-jakob-reimann-berufung-gegen-verbotsurteil-des-lg-berlin-ii-wegen-falschzitat-in-x-post-einstimmig-zurueckgewiesen\/#breadcrumb\",\"itemListElement\":[{\"@type\":\"ListItem\",\"position\":1,\"name\":\"Startseite\",\"item\":\"https:\/\/dev.hoecker.eu\/blog\/\"},{\"@type\":\"ListItem\",\"position\":2,\"name\":\"Karoline Preisler gewinnt vor KG gegen Jakob Reimann: Berufung gegen Verbotsurteil des LG Berlin II wegen Falschzitat in X-Post einstimmig zur\u00fcckgewiesen\"}]},{\"@type\":\"WebSite\",\"@id\":\"https:\/\/www.hoecker.eu\/blog\/#website\",\"url\":\"https:\/\/www.hoecker.eu\/blog\/\",\"name\":\"H\u00d6CKER - der Blog\",\"description\":\"Expertenblog f\u00fcr \u00c4u\u00dferungs-, Medien-, Marken-, Urheber- und Wettbewerbsrecht.\",\"publisher\":{\"@id\":\"https:\/\/www.hoecker.eu\/blog\/#organization\"},\"potentialAction\":[{\"@type\":\"SearchAction\",\"target\":{\"@type\":\"EntryPoint\",\"urlTemplate\":\"https:\/\/www.hoecker.eu\/blog\/?s={search_term_string}\"},\"query-input\":{\"@type\":\"PropertyValueSpecification\",\"valueRequired\":true,\"valueName\":\"search_term_string\"}}],\"inLanguage\":\"de\"},{\"@type\":\"Organization\",\"@id\":\"https:\/\/www.hoecker.eu\/blog\/#organization\",\"name\":\"H\u00d6CKER Rechtsanw\u00e4lte PartGmbB\",\"alternateName\":\"H\u00d6CKER\",\"url\":\"https:\/\/www.hoecker.eu\/blog\/\",\"logo\":{\"@type\":\"ImageObject\",\"inLanguage\":\"de\",\"@id\":\"https:\/\/www.hoecker.eu\/blog\/#\/schema\/logo\/image\/\",\"url\":\"https:\/\/www.hoecker.eu\/blog\/wp-content\/uploads\/2025\/03\/Blog-Logo.webp\",\"contentUrl\":\"https:\/\/www.hoecker.eu\/blog\/wp-content\/uploads\/2025\/03\/Blog-Logo.webp\",\"width\":500,\"height\":500,\"caption\":\"H\u00d6CKER Rechtsanw\u00e4lte PartGmbB\"},\"image\":{\"@id\":\"https:\/\/www.hoecker.eu\/blog\/#\/schema\/logo\/image\/\"},\"sameAs\":[\"https:\/\/www.facebook.com\/HoeckerRAe\/\",\"https:\/\/x.com\/hoecker_rae\",\"https:\/\/www.linkedin.com\/company\/hcker-rechtsanwlte\/\",\"https:\/\/www.instagram.com\/hoecker_rae\/\"],\"email\":\"contact@hoecker.eu\",\"telephone\":\"+ 49 (0)221-933 19-10\",\"legalName\":\"H\u00d6CKER Rechtsanw\u00e4lte PartGmbB\",\"numberOfEmployees\":{\"@type\":\"QuantitativeValue\",\"minValue\":\"11\",\"maxValue\":\"50\"}},{\"@type\":\"Person\",\"@id\":\"https:\/\/www.hoecker.eu\/blog\/#\/schema\/person\/7d076dfe91cca6d64e8b05cce775ced0\",\"name\":\"Dr. Marcel Leeser\",\"description\":\"Rechtsanwalt, Partner, Fachanwalt f\u00fcr gewerblichen Rechtsschutz. Hilft gegen schlechte Presse. Sch\u00fctzt Marken.\",\"sameAs\":[\"https:\/\/www.hoecker.eu\/wer\/dr-marcel-leeser\",\"https:\/\/www.facebook.com\/marcel.leeser\",\"https:\/\/www.instagram.com\/marcel_leeser\/\",\"https:\/\/www.linkedin.com\/in\/dr-marcel-leeser-8030b9b2\",\"https:\/\/x.com\/m_leeser\"],\"url\":\"https:\/\/www.hoecker.eu\/blog\/author\/mleeser\/\"}]}<\/script>\n<!-- \/ Yoast SEO Premium plugin. -->","yoast_head_json":{"title":"Karoline Preisler gewinnt vor KG gegen Jakob Reimann: Berufung gegen Verbotsurteil des LG Berlin II wegen Falschzitat in X-Post einstimmig zur\u00fcckgewiesen - H\u00d6CKER - der Blog","robots":{"index":"index","follow":"follow","max-snippet":"max-snippet:-1","max-image-preview":"max-image-preview:large","max-video-preview":"max-video-preview:-1"},"canonical":"https:\/\/www.hoecker.eu\/blog\/karoline-preisler-gewinnt-vor-kg-gegen-jakob-reimann-berufung-gegen-verbotsurteil-des-lg-berlin-ii-wegen-falschzitat-in-x-post-einstimmig-zurueckgewiesen\/","og_locale":"de_DE","og_type":"article","og_title":"Karoline Preisler gewinnt vor KG gegen Jakob Reimann: Berufung gegen Verbotsurteil des LG Berlin II wegen Falschzitat in X-Post einstimmig zur\u00fcckgewiesen","og_description":"Am 24.07.2025 hatten wir dar\u00fcber berichtet, dass die FDP-Politikerin und Juristin Karoline Preisler mit H\u00d6CKER am LG Berlin II erfolgreich war. Das Gericht hatte dem \u201eJunge Welt\u201c \u2013 Journalisten und Aktivisten per Urteil verboten, die H\u00d6CKER-Mandantin in einem Beitrag auf der Plattform X falsch zu zitieren, vgl. https:\/\/www.hoecker.eu\/blog\/karoline-preisler-mit-naechstem-gerichtlichem-erfolg-lg-berlin-ii-untersagt-falschzitat-in-aktivistischem-x-post-eines-jungewelt-journalisten\/. Reimann hatte im September 2024 auf X [&hellip;]","og_url":"https:\/\/www.hoecker.eu\/blog\/karoline-preisler-gewinnt-vor-kg-gegen-jakob-reimann-berufung-gegen-verbotsurteil-des-lg-berlin-ii-wegen-falschzitat-in-x-post-einstimmig-zurueckgewiesen\/","og_site_name":"H\u00d6CKER - der Blog","article_publisher":"https:\/\/www.facebook.com\/HoeckerRAe\/","article_author":"https:\/\/www.facebook.com\/marcel.leeser","article_published_time":"2025-11-12T15:09:59+00:00","article_modified_time":"2025-11-12T15:10:00+00:00","author":"Dr. Marcel Leeser, Ana Lina Saage","twitter_card":"summary_large_image","twitter_creator":"@m_leeser","twitter_site":"@hoecker_rae","twitter_misc":{"Verfasst von":"Dr. Marcel Leeser","Gesch\u00e4tzte Lesezeit":"7\u00a0Minuten"},"schema":{"@context":"https:\/\/schema.org","@graph":[{"@type":"Article","@id":"https:\/\/www.hoecker.eu\/blog\/karoline-preisler-gewinnt-vor-kg-gegen-jakob-reimann-berufung-gegen-verbotsurteil-des-lg-berlin-ii-wegen-falschzitat-in-x-post-einstimmig-zurueckgewiesen\/#article","isPartOf":{"@id":"https:\/\/www.hoecker.eu\/blog\/karoline-preisler-gewinnt-vor-kg-gegen-jakob-reimann-berufung-gegen-verbotsurteil-des-lg-berlin-ii-wegen-falschzitat-in-x-post-einstimmig-zurueckgewiesen\/"},"author":{"name":"Dr. Marcel Leeser","@id":"https:\/\/www.hoecker.eu\/blog\/#\/schema\/person\/7d076dfe91cca6d64e8b05cce775ced0"},"headline":"Karoline Preisler gewinnt vor KG gegen Jakob Reimann: Berufung gegen Verbotsurteil des LG Berlin II wegen Falschzitat in X-Post einstimmig zur\u00fcckgewiesen","datePublished":"2025-11-12T15:09:59+00:00","dateModified":"2025-11-12T15:10:00+00:00","mainEntityOfPage":{"@id":"https:\/\/www.hoecker.eu\/blog\/karoline-preisler-gewinnt-vor-kg-gegen-jakob-reimann-berufung-gegen-verbotsurteil-des-lg-berlin-ii-wegen-falschzitat-in-x-post-einstimmig-zurueckgewiesen\/"},"wordCount":1199,"publisher":{"@id":"https:\/\/www.hoecker.eu\/blog\/#organization"},"keywords":["Falschzitat;","Preisler","Zitat"],"articleSection":["News"],"inLanguage":"de"},{"@type":"WebPage","@id":"https:\/\/www.hoecker.eu\/blog\/karoline-preisler-gewinnt-vor-kg-gegen-jakob-reimann-berufung-gegen-verbotsurteil-des-lg-berlin-ii-wegen-falschzitat-in-x-post-einstimmig-zurueckgewiesen\/","url":"https:\/\/www.hoecker.eu\/blog\/karoline-preisler-gewinnt-vor-kg-gegen-jakob-reimann-berufung-gegen-verbotsurteil-des-lg-berlin-ii-wegen-falschzitat-in-x-post-einstimmig-zurueckgewiesen\/","name":"Karoline Preisler gewinnt vor KG gegen Jakob Reimann: Berufung gegen Verbotsurteil des LG Berlin II wegen Falschzitat in X-Post einstimmig zur\u00fcckgewiesen - H\u00d6CKER - der Blog","isPartOf":{"@id":"https:\/\/www.hoecker.eu\/blog\/#website"},"datePublished":"2025-11-12T15:09:59+00:00","dateModified":"2025-11-12T15:10:00+00:00","breadcrumb":{"@id":"https:\/\/www.hoecker.eu\/blog\/karoline-preisler-gewinnt-vor-kg-gegen-jakob-reimann-berufung-gegen-verbotsurteil-des-lg-berlin-ii-wegen-falschzitat-in-x-post-einstimmig-zurueckgewiesen\/#breadcrumb"},"inLanguage":"de","potentialAction":[{"@type":"ReadAction","target":["https:\/\/www.hoecker.eu\/blog\/karoline-preisler-gewinnt-vor-kg-gegen-jakob-reimann-berufung-gegen-verbotsurteil-des-lg-berlin-ii-wegen-falschzitat-in-x-post-einstimmig-zurueckgewiesen\/"]}]},{"@type":"BreadcrumbList","@id":"https:\/\/www.hoecker.eu\/blog\/karoline-preisler-gewinnt-vor-kg-gegen-jakob-reimann-berufung-gegen-verbotsurteil-des-lg-berlin-ii-wegen-falschzitat-in-x-post-einstimmig-zurueckgewiesen\/#breadcrumb","itemListElement":[{"@type":"ListItem","position":1,"name":"Startseite","item":"https:\/\/dev.hoecker.eu\/blog\/"},{"@type":"ListItem","position":2,"name":"Karoline Preisler gewinnt vor KG gegen Jakob Reimann: Berufung gegen Verbotsurteil des LG Berlin II wegen Falschzitat in X-Post einstimmig zur\u00fcckgewiesen"}]},{"@type":"WebSite","@id":"https:\/\/www.hoecker.eu\/blog\/#website","url":"https:\/\/www.hoecker.eu\/blog\/","name":"H\u00d6CKER - der Blog","description":"Expertenblog f\u00fcr \u00c4u\u00dferungs-, Medien-, Marken-, Urheber- und Wettbewerbsrecht.","publisher":{"@id":"https:\/\/www.hoecker.eu\/blog\/#organization"},"potentialAction":[{"@type":"SearchAction","target":{"@type":"EntryPoint","urlTemplate":"https:\/\/www.hoecker.eu\/blog\/?s={search_term_string}"},"query-input":{"@type":"PropertyValueSpecification","valueRequired":true,"valueName":"search_term_string"}}],"inLanguage":"de"},{"@type":"Organization","@id":"https:\/\/www.hoecker.eu\/blog\/#organization","name":"H\u00d6CKER Rechtsanw\u00e4lte PartGmbB","alternateName":"H\u00d6CKER","url":"https:\/\/www.hoecker.eu\/blog\/","logo":{"@type":"ImageObject","inLanguage":"de","@id":"https:\/\/www.hoecker.eu\/blog\/#\/schema\/logo\/image\/","url":"https:\/\/www.hoecker.eu\/blog\/wp-content\/uploads\/2025\/03\/Blog-Logo.webp","contentUrl":"https:\/\/www.hoecker.eu\/blog\/wp-content\/uploads\/2025\/03\/Blog-Logo.webp","width":500,"height":500,"caption":"H\u00d6CKER Rechtsanw\u00e4lte PartGmbB"},"image":{"@id":"https:\/\/www.hoecker.eu\/blog\/#\/schema\/logo\/image\/"},"sameAs":["https:\/\/www.facebook.com\/HoeckerRAe\/","https:\/\/x.com\/hoecker_rae","https:\/\/www.linkedin.com\/company\/hcker-rechtsanwlte\/","https:\/\/www.instagram.com\/hoecker_rae\/"],"email":"contact@hoecker.eu","telephone":"+ 49 (0)221-933 19-10","legalName":"H\u00d6CKER Rechtsanw\u00e4lte PartGmbB","numberOfEmployees":{"@type":"QuantitativeValue","minValue":"11","maxValue":"50"}},{"@type":"Person","@id":"https:\/\/www.hoecker.eu\/blog\/#\/schema\/person\/7d076dfe91cca6d64e8b05cce775ced0","name":"Dr. Marcel Leeser","description":"Rechtsanwalt, Partner, Fachanwalt f\u00fcr gewerblichen Rechtsschutz. Hilft gegen schlechte Presse. Sch\u00fctzt Marken.","sameAs":["https:\/\/www.hoecker.eu\/wer\/dr-marcel-leeser","https:\/\/www.facebook.com\/marcel.leeser","https:\/\/www.instagram.com\/marcel_leeser\/","https:\/\/www.linkedin.com\/in\/dr-marcel-leeser-8030b9b2","https:\/\/x.com\/m_leeser"],"url":"https:\/\/www.hoecker.eu\/blog\/author\/mleeser\/"}]}},"authors":[{"term_id":75,"user_id":4,"is_guest":0,"slug":"mleeser","display_name":"Dr. Marcel Leeser","avatar_url":{"url":"https:\/\/www.hoecker.eu\/blog\/wp-content\/uploads\/2025\/02\/MLeeser.webp","url2x":"https:\/\/www.hoecker.eu\/blog\/wp-content\/uploads\/2025\/02\/MLeeser.webp"},"0":null,"1":"","2":"","3":"","4":"","5":"","6":"","7":"","8":"","9":"","10":"","11":""},{"term_id":77,"user_id":8,"is_guest":0,"slug":"asaage","display_name":"Ana Lina Saage","avatar_url":{"url":"https:\/\/www.hoecker.eu\/blog\/wp-content\/uploads\/2025\/02\/ASaage.webp","url2x":"https:\/\/www.hoecker.eu\/blog\/wp-content\/uploads\/2025\/02\/ASaage.webp"},"0":null,"1":"","2":"","3":"","4":"","5":"","6":"","7":"","8":"","9":"","10":"","11":""}],"_links":{"self":[{"href":"https:\/\/www.hoecker.eu\/blog\/wp-json\/wp\/v2\/posts\/10332","targetHints":{"allow":["GET"]}}],"collection":[{"href":"https:\/\/www.hoecker.eu\/blog\/wp-json\/wp\/v2\/posts"}],"about":[{"href":"https:\/\/www.hoecker.eu\/blog\/wp-json\/wp\/v2\/types\/post"}],"author":[{"embeddable":true,"href":"https:\/\/www.hoecker.eu\/blog\/wp-json\/wp\/v2\/users\/4"}],"replies":[{"embeddable":true,"href":"https:\/\/www.hoecker.eu\/blog\/wp-json\/wp\/v2\/comments?post=10332"}],"version-history":[{"count":1,"href":"https:\/\/www.hoecker.eu\/blog\/wp-json\/wp\/v2\/posts\/10332\/revisions"}],"predecessor-version":[{"id":10333,"href":"https:\/\/www.hoecker.eu\/blog\/wp-json\/wp\/v2\/posts\/10332\/revisions\/10333"}],"wp:attachment":[{"href":"https:\/\/www.hoecker.eu\/blog\/wp-json\/wp\/v2\/media?parent=10332"}],"wp:term":[{"taxonomy":"category","embeddable":true,"href":"https:\/\/www.hoecker.eu\/blog\/wp-json\/wp\/v2\/categories?post=10332"},{"taxonomy":"post_tag","embeddable":true,"href":"https:\/\/www.hoecker.eu\/blog\/wp-json\/wp\/v2\/tags?post=10332"},{"taxonomy":"hashtags","embeddable":true,"href":"https:\/\/www.hoecker.eu\/blog\/wp-json\/wp\/v2\/hashtags?post=10332"},{"taxonomy":"author","embeddable":true,"href":"https:\/\/www.hoecker.eu\/blog\/wp-json\/wp\/v2\/ppma_author?post=10332"}],"curies":[{"name":"wp","href":"https:\/\/api.w.org\/{rel}","templated":true}]}}