{"id":10330,"date":"2025-11-07T15:34:39","date_gmt":"2025-11-07T14:34:39","guid":{"rendered":"https:\/\/www.hoecker.eu\/blog\/?p=10330"},"modified":"2025-11-07T15:34:40","modified_gmt":"2025-11-07T14:34:40","slug":"zdf-und-bayerischer-rundfunk-verbreiten-falsche-correctiv-geschichte-trotz-verbot-und-der-beitragszahler-hat-den-schaden","status":"publish","type":"post","link":"https:\/\/www.hoecker.eu\/blog\/zdf-und-bayerischer-rundfunk-verbreiten-falsche-correctiv-geschichte-trotz-verbot-und-der-beitragszahler-hat-den-schaden\/","title":{"rendered":"ZDF und Bayerischer Rundfunk verbreiten falsche Correctiv-Geschichte trotz Verbot und der Beitragszahler hat den Schaden"},"content":{"rendered":"\n<p>Das ZDF und der Bayerische Rundfunk haben in einer Dokumentation zum Potsdam-Treffen eine Falschbehauptung \u00fcber Dr. Ulrich Vosgerau verbreitet. Die falsche Dokumentation musste gel\u00f6scht werden und jetzt musste der \u00f6ffentlich-rechtliche Rundfunk auch noch vier-stellige Rechtsanwaltsgeb\u00fchren erstatten \u2013 zum Nachteil des Beitragszahlers.<\/p>\n\n\n\n<p>Was ist passiert?<\/p>\n\n\n\n<p>Der \u00f6ffentlich rechtliche Rundfunk hat sich im Umgang mit der irref\u00fchrenden und falschen Correctiv-Berichterstattung zum Potsdam-Treffen wahrlich nicht mit Ruhm bekleckert: Mit dem NDR (Tagesschau), ZDF (heute journal) und dem SWR haben sich gleich drei gro\u00dfe Sendeanstalten durch den Correctiv-Bericht zum Potsdam-Treffen zu Falschbehauptungen verleiten lassen, die ihnen gerichtlich verboten wurden.<\/p>\n\n\n\n<p>Doch auch in der Aufarbeitung des irref\u00fchrenden Correctiv-Bericht haperte es: Dem NDR und dem SWR wurden tragende Aussagen ihrer sogenannten \u201eDokumentation\u201c zur Correctiv-Berichterstattung verboten, eine Dokumentation, die nicht nur durch ihre Einseitigkeit aufh\u00e4lt, sondern auch dadurch, dass sie die irref\u00fchrenden und falschen Darstellungen Correctivs kaum hinterfragt.<\/p>\n\n\n\n<p>In dieser Dokumentation wurde zum von uns vertretenen Teilnehmer des Potsdam-Treffens Dr. Ulrich Vosgerau falsch berichtet: Durch einen verf\u00e4lschenden Zusammenschnitt seiner Interview-\u00c4u\u00dferungen wurde der falsche Eindruck erweckt, er habe dem Verfassungsschutz unterstellt, dass dieser die Gespr\u00e4chsinhalte von Potsdam an Correctiv weitergegeben hat.<\/p>\n\n\n\n<p>Das Verbot dieser Falschbehauptung wurde durch das Oberlandesgericht Hamburg erlassen und ist rechtskr\u00e4ftig, weil NDR und SWR dieses anerkannt hat.<\/p>\n\n\n\n<p>Eigentlich sollte man meinen, dass der \u00f6ffentlich-rechtliche Rundfunk dann, wenn er ein gegen ihn ergangenes gerichtliches Verbot anerkennt, auch daf\u00fcr sorgt, dass seine Desinformations-Dokumentation nicht erneut mit der verbotenen Passage verbreitet wird.<\/p>\n\n\n\n<p>Doch weit gefehlt: Wir trauten unseren Augen kaum, als exakt die verbotene Fassung der Dokumentation kurz darauf auf 3sat gesendet und in der Mediathek verbreitet wurde, also erneut im \u00f6ffentlich-rechtlichen Rundfunk in einem Programm, f\u00fcr das der Bayerische Rundfunk und das ZDF verantwortlich sind.<\/p>\n\n\n\n<p>Der Bayerische Rundfunk und das ZDF wurden im Namen von Dr. Ulrich Vosgerau abgemahnt. Nun wurde die verbotene Dokumentation gel\u00f6scht. ZDF und der Bayerische Rundfunk haben sich gegen\u00fcber Herrn Dr. Vosgerau zur Unterlassung verpflichtet.<\/p>\n\n\n\n<p>Dabei gibt es kein einziges Wort des Bedauerns oder der Entschuldigung, geschweige denn einer Erkl\u00e4rung, wie es dem \u00f6ffentlich-rechtlichen Rundfunk passieren kann, dass eine gerichtlich verbotene Dokumentation weitergegeben und erneut ausgestrahlt wird.<\/p>\n\n\n\n<p>\u00c4rgerlich ist das Ganze vor allem f\u00fcr den Beitragszahler: Denn der Bayerische Rundfunk und das ZDF mussten Rechtsanwaltsgeb\u00fchren in insgesamt vierstelliger H\u00f6he erstatten. Beide finanzieren sich im Wesentlichen aus den Geb\u00fchren der Beitragszahler, so dass die Zeche am Ende der Beitragszahler zahlt.<\/p>\n\n\n\n<p>Dr. Carsten Brennecke: \u201e<em>Der NDR und SWR dokumentieren, dass sie entweder gegen\u00fcber gerichtlichen Verboten ignorant sind und mit dem Rechtsstaat fremdeln, weil sie diese erneut durch BR und ZDF auf 3sat ausstrahlen lassen. Oder aber sie dokumentieren damit, dass sie v\u00f6llig desorganisiert und organisatorisch nicht in der Lage sind, daf\u00fcr zu sorgen, dass eine verbotene Dokumentation nicht von anderen Sendern des \u00f6ffentlich-rechtlichen Rundfunks erneut ausgestrahlt wird. Welche Variante auch immer zum Zuge kommt: Beide Varianten stellen dem \u00f6ffentlich-rechtlichen Rundfunk ein vernichtendes Zeugnis aus.<\/em><\/p>\n","protected":false},"excerpt":{"rendered":"<p>Das ZDF und der Bayerische Rundfunk haben in einer Dokumentation zum Potsdam-Treffen eine Falschbehauptung \u00fcber Dr. Ulrich Vosgerau verbreitet. Die falsche Dokumentation musste gel\u00f6scht werden und jetzt musste der \u00f6ffentlich-rechtliche Rundfunk auch noch vier-stellige Rechtsanwaltsgeb\u00fchren erstatten \u2013 zum Nachteil des Beitragszahlers. Was ist passiert? Der \u00f6ffentlich rechtliche Rundfunk hat sich im Umgang mit der irref\u00fchrenden [&hellip;]<\/p>\n","protected":false},"author":2,"featured_media":0,"comment_status":"closed","ping_status":"closed","sticky":false,"template":"","format":"standard","meta":{"_has_post_settings":[],"footnotes":""},"categories":[15],"tags":[139,155,138],"hashtags":[],"ppma_author":[40],"class_list":["post-10330","post","type-post","status-publish","format-standard","hentry","category-news","tag-correctiv","tag-potsdam-treffen","tag-vosgerau","author-cbrennecke"],"yoast_head":"<!-- This site is optimized with the Yoast SEO Premium plugin v25.9 (Yoast SEO v27.0) - https:\/\/yoast.com\/product\/yoast-seo-premium-wordpress\/ -->\n<title>ZDF und Bayerischer Rundfunk verbreiten falsche Correctiv-Geschichte trotz Verbot und der Beitragszahler hat den Schaden - H\u00d6CKER - der Blog<\/title>\n<meta name=\"robots\" content=\"index, follow, max-snippet:-1, max-image-preview:large, max-video-preview:-1\" \/>\n<link rel=\"canonical\" href=\"https:\/\/www.hoecker.eu\/blog\/zdf-und-bayerischer-rundfunk-verbreiten-falsche-correctiv-geschichte-trotz-verbot-und-der-beitragszahler-hat-den-schaden\/\" \/>\n<meta property=\"og:locale\" content=\"de_DE\" \/>\n<meta property=\"og:type\" content=\"article\" \/>\n<meta property=\"og:title\" content=\"ZDF und Bayerischer Rundfunk verbreiten falsche Correctiv-Geschichte trotz Verbot und der Beitragszahler hat den Schaden\" \/>\n<meta property=\"og:description\" content=\"Das ZDF und der Bayerische Rundfunk haben in einer Dokumentation zum Potsdam-Treffen eine Falschbehauptung \u00fcber Dr. Ulrich Vosgerau verbreitet. Die falsche Dokumentation musste gel\u00f6scht werden und jetzt musste der \u00f6ffentlich-rechtliche Rundfunk auch noch vier-stellige Rechtsanwaltsgeb\u00fchren erstatten \u2013 zum Nachteil des Beitragszahlers. Was ist passiert? Der \u00f6ffentlich rechtliche Rundfunk hat sich im Umgang mit der irref\u00fchrenden [&hellip;]\" \/>\n<meta property=\"og:url\" content=\"https:\/\/www.hoecker.eu\/blog\/zdf-und-bayerischer-rundfunk-verbreiten-falsche-correctiv-geschichte-trotz-verbot-und-der-beitragszahler-hat-den-schaden\/\" \/>\n<meta property=\"og:site_name\" content=\"H\u00d6CKER - der Blog\" \/>\n<meta property=\"article:publisher\" content=\"https:\/\/www.facebook.com\/HoeckerRAe\/\" \/>\n<meta property=\"article:published_time\" content=\"2025-11-07T14:34:39+00:00\" \/>\n<meta property=\"article:modified_time\" content=\"2025-11-07T14:34:40+00:00\" \/>\n<meta name=\"author\" content=\"Dr. Carsten Brennecke\" \/>\n<meta name=\"twitter:card\" content=\"summary_large_image\" \/>\n<meta name=\"twitter:creator\" content=\"@RABrennecke\" \/>\n<meta name=\"twitter:site\" content=\"@hoecker_rae\" \/>\n<meta name=\"twitter:label1\" content=\"Verfasst von\" \/>\n\t<meta name=\"twitter:data1\" content=\"Dr. Carsten Brennecke\" \/>\n\t<meta name=\"twitter:label2\" content=\"Gesch\u00e4tzte Lesezeit\" \/>\n\t<meta name=\"twitter:data2\" content=\"3\u00a0Minuten\" \/>\n<script type=\"application\/ld+json\" class=\"yoast-schema-graph\">{\"@context\":\"https:\/\/schema.org\",\"@graph\":[{\"@type\":\"Article\",\"@id\":\"https:\/\/www.hoecker.eu\/blog\/zdf-und-bayerischer-rundfunk-verbreiten-falsche-correctiv-geschichte-trotz-verbot-und-der-beitragszahler-hat-den-schaden\/#article\",\"isPartOf\":{\"@id\":\"https:\/\/www.hoecker.eu\/blog\/zdf-und-bayerischer-rundfunk-verbreiten-falsche-correctiv-geschichte-trotz-verbot-und-der-beitragszahler-hat-den-schaden\/\"},\"author\":{\"name\":\"Dr. Carsten Brennecke\",\"@id\":\"https:\/\/www.hoecker.eu\/blog\/#\/schema\/person\/816be6ceb7fc41c0368b2869f0d5d9e5\"},\"headline\":\"ZDF und Bayerischer Rundfunk verbreiten falsche Correctiv-Geschichte trotz Verbot und der Beitragszahler hat den Schaden\",\"datePublished\":\"2025-11-07T14:34:39+00:00\",\"dateModified\":\"2025-11-07T14:34:40+00:00\",\"mainEntityOfPage\":{\"@id\":\"https:\/\/www.hoecker.eu\/blog\/zdf-und-bayerischer-rundfunk-verbreiten-falsche-correctiv-geschichte-trotz-verbot-und-der-beitragszahler-hat-den-schaden\/\"},\"wordCount\":508,\"publisher\":{\"@id\":\"https:\/\/www.hoecker.eu\/blog\/#organization\"},\"keywords\":[\"Correctiv\",\"Potsdam-Treffen\",\"Vosgerau\"],\"articleSection\":[\"News\"],\"inLanguage\":\"de\"},{\"@type\":\"WebPage\",\"@id\":\"https:\/\/www.hoecker.eu\/blog\/zdf-und-bayerischer-rundfunk-verbreiten-falsche-correctiv-geschichte-trotz-verbot-und-der-beitragszahler-hat-den-schaden\/\",\"url\":\"https:\/\/www.hoecker.eu\/blog\/zdf-und-bayerischer-rundfunk-verbreiten-falsche-correctiv-geschichte-trotz-verbot-und-der-beitragszahler-hat-den-schaden\/\",\"name\":\"ZDF und Bayerischer Rundfunk verbreiten falsche Correctiv-Geschichte trotz Verbot und der Beitragszahler hat den Schaden - H\u00d6CKER - der Blog\",\"isPartOf\":{\"@id\":\"https:\/\/www.hoecker.eu\/blog\/#website\"},\"datePublished\":\"2025-11-07T14:34:39+00:00\",\"dateModified\":\"2025-11-07T14:34:40+00:00\",\"breadcrumb\":{\"@id\":\"https:\/\/www.hoecker.eu\/blog\/zdf-und-bayerischer-rundfunk-verbreiten-falsche-correctiv-geschichte-trotz-verbot-und-der-beitragszahler-hat-den-schaden\/#breadcrumb\"},\"inLanguage\":\"de\",\"potentialAction\":[{\"@type\":\"ReadAction\",\"target\":[\"https:\/\/www.hoecker.eu\/blog\/zdf-und-bayerischer-rundfunk-verbreiten-falsche-correctiv-geschichte-trotz-verbot-und-der-beitragszahler-hat-den-schaden\/\"]}]},{\"@type\":\"BreadcrumbList\",\"@id\":\"https:\/\/www.hoecker.eu\/blog\/zdf-und-bayerischer-rundfunk-verbreiten-falsche-correctiv-geschichte-trotz-verbot-und-der-beitragszahler-hat-den-schaden\/#breadcrumb\",\"itemListElement\":[{\"@type\":\"ListItem\",\"position\":1,\"name\":\"Startseite\",\"item\":\"https:\/\/dev.hoecker.eu\/blog\/\"},{\"@type\":\"ListItem\",\"position\":2,\"name\":\"ZDF und Bayerischer Rundfunk verbreiten falsche Correctiv-Geschichte trotz Verbot und der Beitragszahler hat den Schaden\"}]},{\"@type\":\"WebSite\",\"@id\":\"https:\/\/www.hoecker.eu\/blog\/#website\",\"url\":\"https:\/\/www.hoecker.eu\/blog\/\",\"name\":\"H\u00d6CKER - der Blog\",\"description\":\"Expertenblog f\u00fcr \u00c4u\u00dferungs-, Medien-, Marken-, Urheber- und Wettbewerbsrecht.\",\"publisher\":{\"@id\":\"https:\/\/www.hoecker.eu\/blog\/#organization\"},\"potentialAction\":[{\"@type\":\"SearchAction\",\"target\":{\"@type\":\"EntryPoint\",\"urlTemplate\":\"https:\/\/www.hoecker.eu\/blog\/?s={search_term_string}\"},\"query-input\":{\"@type\":\"PropertyValueSpecification\",\"valueRequired\":true,\"valueName\":\"search_term_string\"}}],\"inLanguage\":\"de\"},{\"@type\":\"Organization\",\"@id\":\"https:\/\/www.hoecker.eu\/blog\/#organization\",\"name\":\"H\u00d6CKER Rechtsanw\u00e4lte PartGmbB\",\"alternateName\":\"H\u00d6CKER\",\"url\":\"https:\/\/www.hoecker.eu\/blog\/\",\"logo\":{\"@type\":\"ImageObject\",\"inLanguage\":\"de\",\"@id\":\"https:\/\/www.hoecker.eu\/blog\/#\/schema\/logo\/image\/\",\"url\":\"https:\/\/www.hoecker.eu\/blog\/wp-content\/uploads\/2025\/03\/Blog-Logo.webp\",\"contentUrl\":\"https:\/\/www.hoecker.eu\/blog\/wp-content\/uploads\/2025\/03\/Blog-Logo.webp\",\"width\":500,\"height\":500,\"caption\":\"H\u00d6CKER Rechtsanw\u00e4lte PartGmbB\"},\"image\":{\"@id\":\"https:\/\/www.hoecker.eu\/blog\/#\/schema\/logo\/image\/\"},\"sameAs\":[\"https:\/\/www.facebook.com\/HoeckerRAe\/\",\"https:\/\/x.com\/hoecker_rae\",\"https:\/\/www.linkedin.com\/company\/hcker-rechtsanwlte\/\",\"https:\/\/www.instagram.com\/hoecker_rae\/\"],\"email\":\"contact@hoecker.eu\",\"telephone\":\"+ 49 (0)221-933 19-10\",\"legalName\":\"H\u00d6CKER Rechtsanw\u00e4lte PartGmbB\",\"numberOfEmployees\":{\"@type\":\"QuantitativeValue\",\"minValue\":\"11\",\"maxValue\":\"50\"}},{\"@type\":\"Person\",\"@id\":\"https:\/\/www.hoecker.eu\/blog\/#\/schema\/person\/816be6ceb7fc41c0368b2869f0d5d9e5\",\"name\":\"Dr. Carsten Brennecke\",\"description\":\"Rechtsanwalt f\u00fcr Presserecht, Spezialist f\u00fcr Litigation PR\",\"sameAs\":[\"https:\/\/www.hoecker.eu\/wer\/dr-carsten-brennecke\",\"https:\/\/www.linkedin.com\/in\/carsten-dr-brennecke-401b54b7\/\",\"https:\/\/x.com\/RABrennecke\"],\"url\":\"https:\/\/www.hoecker.eu\/blog\/author\/cbrennecke\/\"}]}<\/script>\n<!-- \/ Yoast SEO Premium plugin. -->","yoast_head_json":{"title":"ZDF und Bayerischer Rundfunk verbreiten falsche Correctiv-Geschichte trotz Verbot und der Beitragszahler hat den Schaden - H\u00d6CKER - der Blog","robots":{"index":"index","follow":"follow","max-snippet":"max-snippet:-1","max-image-preview":"max-image-preview:large","max-video-preview":"max-video-preview:-1"},"canonical":"https:\/\/www.hoecker.eu\/blog\/zdf-und-bayerischer-rundfunk-verbreiten-falsche-correctiv-geschichte-trotz-verbot-und-der-beitragszahler-hat-den-schaden\/","og_locale":"de_DE","og_type":"article","og_title":"ZDF und Bayerischer Rundfunk verbreiten falsche Correctiv-Geschichte trotz Verbot und der Beitragszahler hat den Schaden","og_description":"Das ZDF und der Bayerische Rundfunk haben in einer Dokumentation zum Potsdam-Treffen eine Falschbehauptung \u00fcber Dr. Ulrich Vosgerau verbreitet. Die falsche Dokumentation musste gel\u00f6scht werden und jetzt musste der \u00f6ffentlich-rechtliche Rundfunk auch noch vier-stellige Rechtsanwaltsgeb\u00fchren erstatten \u2013 zum Nachteil des Beitragszahlers. Was ist passiert? Der \u00f6ffentlich rechtliche Rundfunk hat sich im Umgang mit der irref\u00fchrenden [&hellip;]","og_url":"https:\/\/www.hoecker.eu\/blog\/zdf-und-bayerischer-rundfunk-verbreiten-falsche-correctiv-geschichte-trotz-verbot-und-der-beitragszahler-hat-den-schaden\/","og_site_name":"H\u00d6CKER - der Blog","article_publisher":"https:\/\/www.facebook.com\/HoeckerRAe\/","article_published_time":"2025-11-07T14:34:39+00:00","article_modified_time":"2025-11-07T14:34:40+00:00","author":"Dr. Carsten Brennecke","twitter_card":"summary_large_image","twitter_creator":"@RABrennecke","twitter_site":"@hoecker_rae","twitter_misc":{"Verfasst von":"Dr. Carsten Brennecke","Gesch\u00e4tzte Lesezeit":"3\u00a0Minuten"},"schema":{"@context":"https:\/\/schema.org","@graph":[{"@type":"Article","@id":"https:\/\/www.hoecker.eu\/blog\/zdf-und-bayerischer-rundfunk-verbreiten-falsche-correctiv-geschichte-trotz-verbot-und-der-beitragszahler-hat-den-schaden\/#article","isPartOf":{"@id":"https:\/\/www.hoecker.eu\/blog\/zdf-und-bayerischer-rundfunk-verbreiten-falsche-correctiv-geschichte-trotz-verbot-und-der-beitragszahler-hat-den-schaden\/"},"author":{"name":"Dr. Carsten Brennecke","@id":"https:\/\/www.hoecker.eu\/blog\/#\/schema\/person\/816be6ceb7fc41c0368b2869f0d5d9e5"},"headline":"ZDF und Bayerischer Rundfunk verbreiten falsche Correctiv-Geschichte trotz Verbot und der Beitragszahler hat den Schaden","datePublished":"2025-11-07T14:34:39+00:00","dateModified":"2025-11-07T14:34:40+00:00","mainEntityOfPage":{"@id":"https:\/\/www.hoecker.eu\/blog\/zdf-und-bayerischer-rundfunk-verbreiten-falsche-correctiv-geschichte-trotz-verbot-und-der-beitragszahler-hat-den-schaden\/"},"wordCount":508,"publisher":{"@id":"https:\/\/www.hoecker.eu\/blog\/#organization"},"keywords":["Correctiv","Potsdam-Treffen","Vosgerau"],"articleSection":["News"],"inLanguage":"de"},{"@type":"WebPage","@id":"https:\/\/www.hoecker.eu\/blog\/zdf-und-bayerischer-rundfunk-verbreiten-falsche-correctiv-geschichte-trotz-verbot-und-der-beitragszahler-hat-den-schaden\/","url":"https:\/\/www.hoecker.eu\/blog\/zdf-und-bayerischer-rundfunk-verbreiten-falsche-correctiv-geschichte-trotz-verbot-und-der-beitragszahler-hat-den-schaden\/","name":"ZDF und Bayerischer Rundfunk verbreiten falsche Correctiv-Geschichte trotz Verbot und der Beitragszahler hat den Schaden - H\u00d6CKER - der Blog","isPartOf":{"@id":"https:\/\/www.hoecker.eu\/blog\/#website"},"datePublished":"2025-11-07T14:34:39+00:00","dateModified":"2025-11-07T14:34:40+00:00","breadcrumb":{"@id":"https:\/\/www.hoecker.eu\/blog\/zdf-und-bayerischer-rundfunk-verbreiten-falsche-correctiv-geschichte-trotz-verbot-und-der-beitragszahler-hat-den-schaden\/#breadcrumb"},"inLanguage":"de","potentialAction":[{"@type":"ReadAction","target":["https:\/\/www.hoecker.eu\/blog\/zdf-und-bayerischer-rundfunk-verbreiten-falsche-correctiv-geschichte-trotz-verbot-und-der-beitragszahler-hat-den-schaden\/"]}]},{"@type":"BreadcrumbList","@id":"https:\/\/www.hoecker.eu\/blog\/zdf-und-bayerischer-rundfunk-verbreiten-falsche-correctiv-geschichte-trotz-verbot-und-der-beitragszahler-hat-den-schaden\/#breadcrumb","itemListElement":[{"@type":"ListItem","position":1,"name":"Startseite","item":"https:\/\/dev.hoecker.eu\/blog\/"},{"@type":"ListItem","position":2,"name":"ZDF und Bayerischer Rundfunk verbreiten falsche Correctiv-Geschichte trotz Verbot und der Beitragszahler hat den Schaden"}]},{"@type":"WebSite","@id":"https:\/\/www.hoecker.eu\/blog\/#website","url":"https:\/\/www.hoecker.eu\/blog\/","name":"H\u00d6CKER - der Blog","description":"Expertenblog f\u00fcr \u00c4u\u00dferungs-, Medien-, Marken-, Urheber- und Wettbewerbsrecht.","publisher":{"@id":"https:\/\/www.hoecker.eu\/blog\/#organization"},"potentialAction":[{"@type":"SearchAction","target":{"@type":"EntryPoint","urlTemplate":"https:\/\/www.hoecker.eu\/blog\/?s={search_term_string}"},"query-input":{"@type":"PropertyValueSpecification","valueRequired":true,"valueName":"search_term_string"}}],"inLanguage":"de"},{"@type":"Organization","@id":"https:\/\/www.hoecker.eu\/blog\/#organization","name":"H\u00d6CKER Rechtsanw\u00e4lte PartGmbB","alternateName":"H\u00d6CKER","url":"https:\/\/www.hoecker.eu\/blog\/","logo":{"@type":"ImageObject","inLanguage":"de","@id":"https:\/\/www.hoecker.eu\/blog\/#\/schema\/logo\/image\/","url":"https:\/\/www.hoecker.eu\/blog\/wp-content\/uploads\/2025\/03\/Blog-Logo.webp","contentUrl":"https:\/\/www.hoecker.eu\/blog\/wp-content\/uploads\/2025\/03\/Blog-Logo.webp","width":500,"height":500,"caption":"H\u00d6CKER Rechtsanw\u00e4lte PartGmbB"},"image":{"@id":"https:\/\/www.hoecker.eu\/blog\/#\/schema\/logo\/image\/"},"sameAs":["https:\/\/www.facebook.com\/HoeckerRAe\/","https:\/\/x.com\/hoecker_rae","https:\/\/www.linkedin.com\/company\/hcker-rechtsanwlte\/","https:\/\/www.instagram.com\/hoecker_rae\/"],"email":"contact@hoecker.eu","telephone":"+ 49 (0)221-933 19-10","legalName":"H\u00d6CKER Rechtsanw\u00e4lte PartGmbB","numberOfEmployees":{"@type":"QuantitativeValue","minValue":"11","maxValue":"50"}},{"@type":"Person","@id":"https:\/\/www.hoecker.eu\/blog\/#\/schema\/person\/816be6ceb7fc41c0368b2869f0d5d9e5","name":"Dr. Carsten Brennecke","description":"Rechtsanwalt f\u00fcr Presserecht, Spezialist f\u00fcr Litigation PR","sameAs":["https:\/\/www.hoecker.eu\/wer\/dr-carsten-brennecke","https:\/\/www.linkedin.com\/in\/carsten-dr-brennecke-401b54b7\/","https:\/\/x.com\/RABrennecke"],"url":"https:\/\/www.hoecker.eu\/blog\/author\/cbrennecke\/"}]}},"authors":[{"term_id":40,"user_id":2,"is_guest":0,"slug":"cbrennecke","display_name":"Dr. Carsten Brennecke","avatar_url":{"url":"https:\/\/www.hoecker.eu\/blog\/wp-content\/uploads\/2024\/03\/cbrennecke.jpg","url2x":"https:\/\/www.hoecker.eu\/blog\/wp-content\/uploads\/2024\/03\/cbrennecke.jpg"},"0":null,"1":"","2":"","3":"","4":"","5":"","6":"","7":"","8":"","9":"","10":"","11":""}],"_links":{"self":[{"href":"https:\/\/www.hoecker.eu\/blog\/wp-json\/wp\/v2\/posts\/10330","targetHints":{"allow":["GET"]}}],"collection":[{"href":"https:\/\/www.hoecker.eu\/blog\/wp-json\/wp\/v2\/posts"}],"about":[{"href":"https:\/\/www.hoecker.eu\/blog\/wp-json\/wp\/v2\/types\/post"}],"author":[{"embeddable":true,"href":"https:\/\/www.hoecker.eu\/blog\/wp-json\/wp\/v2\/users\/2"}],"replies":[{"embeddable":true,"href":"https:\/\/www.hoecker.eu\/blog\/wp-json\/wp\/v2\/comments?post=10330"}],"version-history":[{"count":1,"href":"https:\/\/www.hoecker.eu\/blog\/wp-json\/wp\/v2\/posts\/10330\/revisions"}],"predecessor-version":[{"id":10331,"href":"https:\/\/www.hoecker.eu\/blog\/wp-json\/wp\/v2\/posts\/10330\/revisions\/10331"}],"wp:attachment":[{"href":"https:\/\/www.hoecker.eu\/blog\/wp-json\/wp\/v2\/media?parent=10330"}],"wp:term":[{"taxonomy":"category","embeddable":true,"href":"https:\/\/www.hoecker.eu\/blog\/wp-json\/wp\/v2\/categories?post=10330"},{"taxonomy":"post_tag","embeddable":true,"href":"https:\/\/www.hoecker.eu\/blog\/wp-json\/wp\/v2\/tags?post=10330"},{"taxonomy":"hashtags","embeddable":true,"href":"https:\/\/www.hoecker.eu\/blog\/wp-json\/wp\/v2\/hashtags?post=10330"},{"taxonomy":"author","embeddable":true,"href":"https:\/\/www.hoecker.eu\/blog\/wp-json\/wp\/v2\/ppma_author?post=10330"}],"curies":[{"name":"wp","href":"https:\/\/api.w.org\/{rel}","templated":true}]}}