{"id":10278,"date":"2025-09-30T12:36:35","date_gmt":"2025-09-30T10:36:35","guid":{"rendered":"https:\/\/www.hoecker.eu\/blog\/?p=10278"},"modified":"2025-10-02T12:50:00","modified_gmt":"2025-10-02T10:50:00","slug":"nach-konzert-absage-jan-boehmermanns-doppelmoral-fliegt-auf","status":"publish","type":"post","link":"https:\/\/www.hoecker.eu\/blog\/nach-konzert-absage-jan-boehmermanns-doppelmoral-fliegt-auf\/","title":{"rendered":"Nach Konzert-Absage: Jan B\u00f6hmermanns Doppelmoral fliegt auf"},"content":{"rendered":"\n<p>Die kognitive Dissonanz in Jan B\u00f6hmermanns Kopf muss aktuell unertr\u00e4glich sein. Einerseits h\u00e4lt der ZDF-Moderator Cancel-Culture f\u00fcr eine blo\u00dfe Verschw\u00f6rungstheorie von rechtskonservativen Snowflakes, andererseits musste er aufgrund \u00f6ffentlichen Drucks gerade\u00a0<a href=\"https:\/\/www.berliner-zeitung.de\/news\/haus-der-kulturen-der-welt-sagt-konzert-von-jan-boehmermann-ab-li.2359835\" target=\"_blank\" rel=\"noreferrer noopener\">ein Konzert im Berliner Haus der Kulturen der Welt absagen<\/a>. Vermutlich zerrei\u00dft es ihn innerlich: Darf er sich eigentlich noch beschweren oder ist er dann selbst ein verschw\u00f6rungsideologisches Schneefl\u00f6ckchen?<\/p>\n\n\n\n<p>B\u00f6hmermann wollte ausgerechnet am 2. Jahrestag des Hamas-Massakers\u00a0<a href=\"https:\/\/www.berliner-zeitung.de\/kultur-vergnuegen\/debatte\/antisemitismus-wolfram-weimer-chefket-wer-ist-der-rapper-den-jan-boehmermann-gecancelt-hat-und-was-bedeutet-sein-trikot-li.2359896\" target=\"_blank\" rel=\"noreferrer noopener\">einen judenfeindlichen Rapper<\/a>\u00a0auftreten lassen, der das Existenzrecht Israels leugnet, und hatte Kritik an dieser Idee zun\u00e4chst gut gelaunt zur\u00fcckgewiesen:<\/p>\n\n\n\n<p><em>\u201eWenn hier das Existenzrecht Israels geleugnet wird oder der Holocaust, dann schnappe ich mir\u00a0Wolfram Weimer, hake mich ein und boxe die von der B\u00fchne.\u201c<\/em><\/p>\n\n\n\n<p>Nun, das wird nicht mehr n\u00f6tig sein. Dem Judenhass wird auch aufgrund der Proteste aus der j\u00fcdischen Gemeinschaft in Berlin gar nicht erst eine B\u00fchne bereitet werden. Die Show findet nicht statt und B\u00f6hmermann erlebt erstaunt, dass er sich au\u00dferhalb seines ideologischen \u201eSafe Space ZDF\u201c durchaus nicht jeden antisemitischen Ausfall erlauben kann. Bislang hielt ZDF-Intendant Himmler (psst, keine platten Witze, wir sind hier nicht bei B\u00f6hmermann!) stets seine sch\u00fctzende Hand \u00fcber den Moderator des \u201eZDF Magazin Royale\u201c. Man fragt sich, wie lange noch, wenn man sich B\u00f6hmermanns antisemitischen Track Record ansieht, der ganz beeindruckend ist.<\/p>\n\n\n\n<h2 class=\"wp-block-heading\" id=\"h-fixierung-auf-das-judischsein\">Fixierung auf das J\u00fcdischsein<\/h2>\n\n\n\n<p>Den j\u00fcdischen Comedian Oliver Polak jagte B\u00f6hmermann nach dessen Einf\u00fchrung mit Worten wie&nbsp;<em>\u201eApropos T\u00fcrke, hier ist ein Jude!\u201c<\/em>&nbsp;und&nbsp;<em>\u201eGib Gas!\u201c&nbsp;<\/em>einmal von der B\u00fchne und desinfizierte sich \u201eangewidert\u201c die H\u00e4nde, weil er Polak zuvor per Handschlag begr\u00fc\u00dft hatte. Nat\u00fcrlich nur im Spa\u00df! Die Pointe: Juden fasst man nicht an. Hahaha!<\/p>\n\n\n\n<p>Polak kommentierte diesen \u201eSpa\u00df\u201c sp\u00e4ter so:\u00a0<em>\u201eSollte das Ironie sein? Wem genau galt sie? Imitierte er mit seiner Geste einen Antisemiten, oder sprach einer aus ihm? Fakt ist: Sein Gag war keiner, denn er hatte keine Pointe. Er bildete lediglich den\u00a0Antisemitismus\u00a0des Dritten Reiches ab.\u201c<\/em><\/p>\n\n\n\n<p>Oliver Polak hatte die Gr\u00f6\u00dfe, nicht zu fragen, was eigentlich mit&nbsp;<em>\u201eGib Gas!\u201c&nbsp;<\/em>gemeint war.<\/p>\n\n\n\n<p>Nun ist es nichts Ungew\u00f6hnliches, dass B\u00f6hmermanns Gags keine Pointe haben. Wenn es um Juden geht, ist sein g\u00e4nzlich humorbefreiter Humor jedoch besonders auff\u00e4llig. In einem Tweet des \u201eZDF Magazin Royale\u201c wurde der j\u00fcdische Unternehmer Mark Zuckerberg einmal als der<em>&nbsp;\u201ef\u00fcnftreichste \u201aMensch\u2018 der Welt\u201c<\/em>&nbsp;bezeichnet. Mit dem Wort \u201eMensch\u201c in Anf\u00fchrungszeichen. Auch hier: keine humoristische Metaebene, keine Pointe, nichts. Einem \u2013 nat\u00fcrlich steinreichen \u2013 Juden wird ganz einfach die Menschqualit\u00e4t abgesprochen und Punkt.<\/p>\n\n\n\n<p>Eine Kamera fing einmal folgende Situation ein: W\u00e4hrend sich Polak und Moderator Klaas Heufer-Umlauf unterhalten, schleicht B\u00f6hmermann ins Bild, zeigt auf Polak und fl\u00fcstert immer wieder:&nbsp;<em>\u201eJude! Jude!\u201c<\/em>&nbsp;Polak kommentierte dies sp\u00e4ter als&nbsp;<em>\u201ekrank, so richtig besessen\u201c<\/em>. Aber nicht doch! Man wird wohl annehmen d\u00fcrfen, dass auch dies nur feine Ironie war. Was haben wir gelacht!<\/p>\n\n\n\n<p>Ein anderes Mal k\u00fcndigte B\u00f6hmermann Polak mit den Worten an:&nbsp;<em>\u201eN\u00e4chste Woche kommt Oliver Polak, weil der Mossad das will.\u201c<\/em><\/p>\n\n\n\n<p>Polak verwahrte sich gegen die st\u00e4ndige Fixierung auf sein J\u00fcdischsein, B\u00f6hmermann aber soll nur gelacht haben:&nbsp;<em>\u201eSorry, aber dein Judentum ist dein Unique Selling Point, da musste jetzt durch.\u201c<\/em><\/p>\n\n\n\n<p>Jan B\u00f6hmermanns Unique Selling Point ist ganz offensichtlich ein kaum verhohlener Antisemitismus. Er blitzt immer wieder durch. Wer Juden nicht ausstehen kann, kann dies nun einmal nicht dauerhaft verbergen. Wenn der Druck zu gro\u00df wird, m\u00fcssen sie raus, die schmutzigen kleinen Gedanken. Nat\u00fcrlich nur im Spa\u00df, haha! Oder man schickt einen judenfeindlichen Rapper vor, der in vollem Ernst sagt, was B\u00f6hmermann nur hinter der Maske des pointenfreien Clowns \u00e4u\u00dfert.<\/p>\n\n\n\n<p>Nun wurden Jan B\u00f6hmermann einmal seine Grenzen aufgezeigt. Tja, Jan: \u201eDa musste jetzt durch!\u201c<\/p>\n\n\n\n<p>Hinweis: Dieser Artikel erschien zuerst am 30.9.2025 in der\u00a0<a href=\"https:\/\/www.berliner-zeitung.de\/kultur-vergnuegen\/tv-medien\/nach-konzert-absage-jan-boehmermanns-doppelmoral-fliegt-auf-li.2359994\" target=\"_blank\" rel=\"noreferrer noopener\">Berliner Zeitung<\/a>.<\/p>\n","protected":false},"excerpt":{"rendered":"<p>Die kognitive Dissonanz in Jan B\u00f6hmermanns Kopf muss aktuell unertr\u00e4glich sein. Einerseits h\u00e4lt der ZDF-Moderator Cancel-Culture f\u00fcr eine blo\u00dfe Verschw\u00f6rungstheorie von rechtskonservativen Snowflakes, andererseits musste er aufgrund \u00f6ffentlichen Drucks gerade\u00a0ein Konzert im Berliner Haus der Kulturen der Welt absagen. Vermutlich zerrei\u00dft es ihn innerlich: Darf er sich eigentlich noch beschweren oder ist er dann selbst [&hellip;]<\/p>\n","protected":false},"author":1,"featured_media":0,"comment_status":"closed","ping_status":"closed","sticky":false,"template":"","format":"standard","meta":{"_has_post_settings":[],"footnotes":""},"categories":[42],"tags":[190,191],"hashtags":[],"ppma_author":[84],"class_list":["post-10278","post","type-post","status-publish","format-standard","hentry","category-was-uns-bewegt","tag-boehmermann","tag-cancel-culture","author-hoecker_adm"],"yoast_head":"<!-- This site is optimized with the Yoast SEO Premium plugin v25.9 (Yoast SEO v27.0) - https:\/\/yoast.com\/product\/yoast-seo-premium-wordpress\/ -->\n<title>Nach Konzert-Absage: Jan B\u00f6hmermanns Doppelmoral fliegt auf - H\u00d6CKER - der Blog<\/title>\n<meta name=\"robots\" content=\"index, follow, max-snippet:-1, max-image-preview:large, max-video-preview:-1\" \/>\n<link rel=\"canonical\" href=\"https:\/\/www.hoecker.eu\/blog\/nach-konzert-absage-jan-boehmermanns-doppelmoral-fliegt-auf\/\" \/>\n<meta property=\"og:locale\" content=\"de_DE\" \/>\n<meta property=\"og:type\" content=\"article\" \/>\n<meta property=\"og:title\" content=\"Nach Konzert-Absage: Jan B\u00f6hmermanns Doppelmoral fliegt auf\" \/>\n<meta property=\"og:description\" content=\"Die kognitive Dissonanz in Jan B\u00f6hmermanns Kopf muss aktuell unertr\u00e4glich sein. Einerseits h\u00e4lt der ZDF-Moderator Cancel-Culture f\u00fcr eine blo\u00dfe Verschw\u00f6rungstheorie von rechtskonservativen Snowflakes, andererseits musste er aufgrund \u00f6ffentlichen Drucks gerade\u00a0ein Konzert im Berliner Haus der Kulturen der Welt absagen. Vermutlich zerrei\u00dft es ihn innerlich: Darf er sich eigentlich noch beschweren oder ist er dann selbst [&hellip;]\" \/>\n<meta property=\"og:url\" content=\"https:\/\/www.hoecker.eu\/blog\/nach-konzert-absage-jan-boehmermanns-doppelmoral-fliegt-auf\/\" \/>\n<meta property=\"og:site_name\" content=\"H\u00d6CKER - der Blog\" \/>\n<meta property=\"article:publisher\" content=\"https:\/\/www.facebook.com\/HoeckerRAe\/\" \/>\n<meta property=\"article:author\" content=\"https:\/\/www.facebook.com\/ralf.hoecker\" \/>\n<meta property=\"article:published_time\" content=\"2025-09-30T10:36:35+00:00\" \/>\n<meta property=\"article:modified_time\" content=\"2025-10-02T10:50:00+00:00\" \/>\n<meta name=\"author\" content=\"Prof. Dr. Ralf H\u00f6cker\" \/>\n<meta name=\"twitter:card\" content=\"summary_large_image\" \/>\n<meta name=\"twitter:creator\" content=\"@Ralf_Hoecker\" \/>\n<meta name=\"twitter:site\" content=\"@hoecker_rae\" \/>\n<meta name=\"twitter:label1\" content=\"Verfasst von\" \/>\n\t<meta name=\"twitter:data1\" content=\"Prof. Dr. Ralf H\u00f6cker\" \/>\n\t<meta name=\"twitter:label2\" content=\"Gesch\u00e4tzte Lesezeit\" \/>\n\t<meta name=\"twitter:data2\" content=\"4\u00a0Minuten\" \/>\n<script type=\"application\/ld+json\" class=\"yoast-schema-graph\">{\"@context\":\"https:\/\/schema.org\",\"@graph\":[{\"@type\":\"Article\",\"@id\":\"https:\/\/www.hoecker.eu\/blog\/nach-konzert-absage-jan-boehmermanns-doppelmoral-fliegt-auf\/#article\",\"isPartOf\":{\"@id\":\"https:\/\/www.hoecker.eu\/blog\/nach-konzert-absage-jan-boehmermanns-doppelmoral-fliegt-auf\/\"},\"author\":{\"name\":\"Prof. Dr. Ralf H\u00f6cker\",\"@id\":\"https:\/\/www.hoecker.eu\/blog\/#\/schema\/person\/08f95581eed0534eccd0b2438f7a1cab\"},\"headline\":\"Nach Konzert-Absage: Jan B\u00f6hmermanns Doppelmoral fliegt auf\",\"datePublished\":\"2025-09-30T10:36:35+00:00\",\"dateModified\":\"2025-10-02T10:50:00+00:00\",\"mainEntityOfPage\":{\"@id\":\"https:\/\/www.hoecker.eu\/blog\/nach-konzert-absage-jan-boehmermanns-doppelmoral-fliegt-auf\/\"},\"wordCount\":671,\"publisher\":{\"@id\":\"https:\/\/www.hoecker.eu\/blog\/#organization\"},\"keywords\":[\"B\u00f6hmermann\",\"Cancel Culture\"],\"articleSection\":[\"Was uns bewegt\"],\"inLanguage\":\"de\"},{\"@type\":\"WebPage\",\"@id\":\"https:\/\/www.hoecker.eu\/blog\/nach-konzert-absage-jan-boehmermanns-doppelmoral-fliegt-auf\/\",\"url\":\"https:\/\/www.hoecker.eu\/blog\/nach-konzert-absage-jan-boehmermanns-doppelmoral-fliegt-auf\/\",\"name\":\"Nach Konzert-Absage: Jan B\u00f6hmermanns Doppelmoral fliegt auf - H\u00d6CKER - der Blog\",\"isPartOf\":{\"@id\":\"https:\/\/www.hoecker.eu\/blog\/#website\"},\"datePublished\":\"2025-09-30T10:36:35+00:00\",\"dateModified\":\"2025-10-02T10:50:00+00:00\",\"breadcrumb\":{\"@id\":\"https:\/\/www.hoecker.eu\/blog\/nach-konzert-absage-jan-boehmermanns-doppelmoral-fliegt-auf\/#breadcrumb\"},\"inLanguage\":\"de\",\"potentialAction\":[{\"@type\":\"ReadAction\",\"target\":[\"https:\/\/www.hoecker.eu\/blog\/nach-konzert-absage-jan-boehmermanns-doppelmoral-fliegt-auf\/\"]}]},{\"@type\":\"BreadcrumbList\",\"@id\":\"https:\/\/www.hoecker.eu\/blog\/nach-konzert-absage-jan-boehmermanns-doppelmoral-fliegt-auf\/#breadcrumb\",\"itemListElement\":[{\"@type\":\"ListItem\",\"position\":1,\"name\":\"Startseite\",\"item\":\"https:\/\/dev.hoecker.eu\/blog\/\"},{\"@type\":\"ListItem\",\"position\":2,\"name\":\"Nach Konzert-Absage: Jan B\u00f6hmermanns Doppelmoral fliegt auf\"}]},{\"@type\":\"WebSite\",\"@id\":\"https:\/\/www.hoecker.eu\/blog\/#website\",\"url\":\"https:\/\/www.hoecker.eu\/blog\/\",\"name\":\"H\u00d6CKER - der Blog\",\"description\":\"Expertenblog f\u00fcr \u00c4u\u00dferungs-, Medien-, Marken-, Urheber- und Wettbewerbsrecht.\",\"publisher\":{\"@id\":\"https:\/\/www.hoecker.eu\/blog\/#organization\"},\"potentialAction\":[{\"@type\":\"SearchAction\",\"target\":{\"@type\":\"EntryPoint\",\"urlTemplate\":\"https:\/\/www.hoecker.eu\/blog\/?s={search_term_string}\"},\"query-input\":{\"@type\":\"PropertyValueSpecification\",\"valueRequired\":true,\"valueName\":\"search_term_string\"}}],\"inLanguage\":\"de\"},{\"@type\":\"Organization\",\"@id\":\"https:\/\/www.hoecker.eu\/blog\/#organization\",\"name\":\"H\u00d6CKER Rechtsanw\u00e4lte PartGmbB\",\"alternateName\":\"H\u00d6CKER\",\"url\":\"https:\/\/www.hoecker.eu\/blog\/\",\"logo\":{\"@type\":\"ImageObject\",\"inLanguage\":\"de\",\"@id\":\"https:\/\/www.hoecker.eu\/blog\/#\/schema\/logo\/image\/\",\"url\":\"https:\/\/www.hoecker.eu\/blog\/wp-content\/uploads\/2025\/03\/Blog-Logo.webp\",\"contentUrl\":\"https:\/\/www.hoecker.eu\/blog\/wp-content\/uploads\/2025\/03\/Blog-Logo.webp\",\"width\":500,\"height\":500,\"caption\":\"H\u00d6CKER Rechtsanw\u00e4lte PartGmbB\"},\"image\":{\"@id\":\"https:\/\/www.hoecker.eu\/blog\/#\/schema\/logo\/image\/\"},\"sameAs\":[\"https:\/\/www.facebook.com\/HoeckerRAe\/\",\"https:\/\/x.com\/hoecker_rae\",\"https:\/\/www.linkedin.com\/company\/hcker-rechtsanwlte\/\",\"https:\/\/www.instagram.com\/hoecker_rae\/\"],\"email\":\"contact@hoecker.eu\",\"telephone\":\"+ 49 (0)221-933 19-10\",\"legalName\":\"H\u00d6CKER Rechtsanw\u00e4lte PartGmbB\",\"numberOfEmployees\":{\"@type\":\"QuantitativeValue\",\"minValue\":\"11\",\"maxValue\":\"50\"}},{\"@type\":\"Person\",\"@id\":\"https:\/\/www.hoecker.eu\/blog\/#\/schema\/person\/08f95581eed0534eccd0b2438f7a1cab\",\"name\":\"Prof. Dr. Ralf H\u00f6cker\",\"description\":\"Medienanwalt. Besch\u00fctzer vor mieser Presse\",\"sameAs\":[\"https:\/\/www.hoecker.eu\/wer\/prof-dr-ralf-hoecker\",\"https:\/\/www.facebook.com\/ralf.hoecker\",\"https:\/\/www.linkedin.com\/in\/prof-dr-ralf-hcker-ll-m-london-17987826\/\",\"https:\/\/x.com\/Ralf_Hoecker\"],\"url\":\"https:\/\/www.hoecker.eu\/blog\/author\/hoecker_adm\/\"}]}<\/script>\n<!-- \/ Yoast SEO Premium plugin. -->","yoast_head_json":{"title":"Nach Konzert-Absage: Jan B\u00f6hmermanns Doppelmoral fliegt auf - H\u00d6CKER - der Blog","robots":{"index":"index","follow":"follow","max-snippet":"max-snippet:-1","max-image-preview":"max-image-preview:large","max-video-preview":"max-video-preview:-1"},"canonical":"https:\/\/www.hoecker.eu\/blog\/nach-konzert-absage-jan-boehmermanns-doppelmoral-fliegt-auf\/","og_locale":"de_DE","og_type":"article","og_title":"Nach Konzert-Absage: Jan B\u00f6hmermanns Doppelmoral fliegt auf","og_description":"Die kognitive Dissonanz in Jan B\u00f6hmermanns Kopf muss aktuell unertr\u00e4glich sein. Einerseits h\u00e4lt der ZDF-Moderator Cancel-Culture f\u00fcr eine blo\u00dfe Verschw\u00f6rungstheorie von rechtskonservativen Snowflakes, andererseits musste er aufgrund \u00f6ffentlichen Drucks gerade\u00a0ein Konzert im Berliner Haus der Kulturen der Welt absagen. Vermutlich zerrei\u00dft es ihn innerlich: Darf er sich eigentlich noch beschweren oder ist er dann selbst [&hellip;]","og_url":"https:\/\/www.hoecker.eu\/blog\/nach-konzert-absage-jan-boehmermanns-doppelmoral-fliegt-auf\/","og_site_name":"H\u00d6CKER - der Blog","article_publisher":"https:\/\/www.facebook.com\/HoeckerRAe\/","article_author":"https:\/\/www.facebook.com\/ralf.hoecker","article_published_time":"2025-09-30T10:36:35+00:00","article_modified_time":"2025-10-02T10:50:00+00:00","author":"Prof. Dr. Ralf H\u00f6cker","twitter_card":"summary_large_image","twitter_creator":"@Ralf_Hoecker","twitter_site":"@hoecker_rae","twitter_misc":{"Verfasst von":"Prof. Dr. Ralf H\u00f6cker","Gesch\u00e4tzte Lesezeit":"4\u00a0Minuten"},"schema":{"@context":"https:\/\/schema.org","@graph":[{"@type":"Article","@id":"https:\/\/www.hoecker.eu\/blog\/nach-konzert-absage-jan-boehmermanns-doppelmoral-fliegt-auf\/#article","isPartOf":{"@id":"https:\/\/www.hoecker.eu\/blog\/nach-konzert-absage-jan-boehmermanns-doppelmoral-fliegt-auf\/"},"author":{"name":"Prof. Dr. Ralf H\u00f6cker","@id":"https:\/\/www.hoecker.eu\/blog\/#\/schema\/person\/08f95581eed0534eccd0b2438f7a1cab"},"headline":"Nach Konzert-Absage: Jan B\u00f6hmermanns Doppelmoral fliegt auf","datePublished":"2025-09-30T10:36:35+00:00","dateModified":"2025-10-02T10:50:00+00:00","mainEntityOfPage":{"@id":"https:\/\/www.hoecker.eu\/blog\/nach-konzert-absage-jan-boehmermanns-doppelmoral-fliegt-auf\/"},"wordCount":671,"publisher":{"@id":"https:\/\/www.hoecker.eu\/blog\/#organization"},"keywords":["B\u00f6hmermann","Cancel Culture"],"articleSection":["Was uns bewegt"],"inLanguage":"de"},{"@type":"WebPage","@id":"https:\/\/www.hoecker.eu\/blog\/nach-konzert-absage-jan-boehmermanns-doppelmoral-fliegt-auf\/","url":"https:\/\/www.hoecker.eu\/blog\/nach-konzert-absage-jan-boehmermanns-doppelmoral-fliegt-auf\/","name":"Nach Konzert-Absage: Jan B\u00f6hmermanns Doppelmoral fliegt auf - H\u00d6CKER - der Blog","isPartOf":{"@id":"https:\/\/www.hoecker.eu\/blog\/#website"},"datePublished":"2025-09-30T10:36:35+00:00","dateModified":"2025-10-02T10:50:00+00:00","breadcrumb":{"@id":"https:\/\/www.hoecker.eu\/blog\/nach-konzert-absage-jan-boehmermanns-doppelmoral-fliegt-auf\/#breadcrumb"},"inLanguage":"de","potentialAction":[{"@type":"ReadAction","target":["https:\/\/www.hoecker.eu\/blog\/nach-konzert-absage-jan-boehmermanns-doppelmoral-fliegt-auf\/"]}]},{"@type":"BreadcrumbList","@id":"https:\/\/www.hoecker.eu\/blog\/nach-konzert-absage-jan-boehmermanns-doppelmoral-fliegt-auf\/#breadcrumb","itemListElement":[{"@type":"ListItem","position":1,"name":"Startseite","item":"https:\/\/dev.hoecker.eu\/blog\/"},{"@type":"ListItem","position":2,"name":"Nach Konzert-Absage: Jan B\u00f6hmermanns Doppelmoral fliegt auf"}]},{"@type":"WebSite","@id":"https:\/\/www.hoecker.eu\/blog\/#website","url":"https:\/\/www.hoecker.eu\/blog\/","name":"H\u00d6CKER - der Blog","description":"Expertenblog f\u00fcr \u00c4u\u00dferungs-, Medien-, Marken-, Urheber- und Wettbewerbsrecht.","publisher":{"@id":"https:\/\/www.hoecker.eu\/blog\/#organization"},"potentialAction":[{"@type":"SearchAction","target":{"@type":"EntryPoint","urlTemplate":"https:\/\/www.hoecker.eu\/blog\/?s={search_term_string}"},"query-input":{"@type":"PropertyValueSpecification","valueRequired":true,"valueName":"search_term_string"}}],"inLanguage":"de"},{"@type":"Organization","@id":"https:\/\/www.hoecker.eu\/blog\/#organization","name":"H\u00d6CKER Rechtsanw\u00e4lte PartGmbB","alternateName":"H\u00d6CKER","url":"https:\/\/www.hoecker.eu\/blog\/","logo":{"@type":"ImageObject","inLanguage":"de","@id":"https:\/\/www.hoecker.eu\/blog\/#\/schema\/logo\/image\/","url":"https:\/\/www.hoecker.eu\/blog\/wp-content\/uploads\/2025\/03\/Blog-Logo.webp","contentUrl":"https:\/\/www.hoecker.eu\/blog\/wp-content\/uploads\/2025\/03\/Blog-Logo.webp","width":500,"height":500,"caption":"H\u00d6CKER Rechtsanw\u00e4lte PartGmbB"},"image":{"@id":"https:\/\/www.hoecker.eu\/blog\/#\/schema\/logo\/image\/"},"sameAs":["https:\/\/www.facebook.com\/HoeckerRAe\/","https:\/\/x.com\/hoecker_rae","https:\/\/www.linkedin.com\/company\/hcker-rechtsanwlte\/","https:\/\/www.instagram.com\/hoecker_rae\/"],"email":"contact@hoecker.eu","telephone":"+ 49 (0)221-933 19-10","legalName":"H\u00d6CKER Rechtsanw\u00e4lte PartGmbB","numberOfEmployees":{"@type":"QuantitativeValue","minValue":"11","maxValue":"50"}},{"@type":"Person","@id":"https:\/\/www.hoecker.eu\/blog\/#\/schema\/person\/08f95581eed0534eccd0b2438f7a1cab","name":"Prof. Dr. Ralf H\u00f6cker","description":"Medienanwalt. Besch\u00fctzer vor mieser Presse","sameAs":["https:\/\/www.hoecker.eu\/wer\/prof-dr-ralf-hoecker","https:\/\/www.facebook.com\/ralf.hoecker","https:\/\/www.linkedin.com\/in\/prof-dr-ralf-hcker-ll-m-london-17987826\/","https:\/\/x.com\/Ralf_Hoecker"],"url":"https:\/\/www.hoecker.eu\/blog\/author\/hoecker_adm\/"}]}},"authors":[{"term_id":84,"user_id":1,"is_guest":0,"slug":"hoecker_adm","display_name":"Prof. Dr. Ralf H\u00f6cker","avatar_url":{"url":"https:\/\/www.hoecker.eu\/blog\/wp-content\/uploads\/2023\/12\/ProfDrRalfHoecker.jpg","url2x":"https:\/\/www.hoecker.eu\/blog\/wp-content\/uploads\/2023\/12\/ProfDrRalfHoecker.jpg"},"0":null,"1":"","2":"","3":"","4":"","5":"","6":"","7":"","8":"","9":"","10":"","11":""}],"_links":{"self":[{"href":"https:\/\/www.hoecker.eu\/blog\/wp-json\/wp\/v2\/posts\/10278","targetHints":{"allow":["GET"]}}],"collection":[{"href":"https:\/\/www.hoecker.eu\/blog\/wp-json\/wp\/v2\/posts"}],"about":[{"href":"https:\/\/www.hoecker.eu\/blog\/wp-json\/wp\/v2\/types\/post"}],"author":[{"embeddable":true,"href":"https:\/\/www.hoecker.eu\/blog\/wp-json\/wp\/v2\/users\/1"}],"replies":[{"embeddable":true,"href":"https:\/\/www.hoecker.eu\/blog\/wp-json\/wp\/v2\/comments?post=10278"}],"version-history":[{"count":1,"href":"https:\/\/www.hoecker.eu\/blog\/wp-json\/wp\/v2\/posts\/10278\/revisions"}],"predecessor-version":[{"id":10279,"href":"https:\/\/www.hoecker.eu\/blog\/wp-json\/wp\/v2\/posts\/10278\/revisions\/10279"}],"wp:attachment":[{"href":"https:\/\/www.hoecker.eu\/blog\/wp-json\/wp\/v2\/media?parent=10278"}],"wp:term":[{"taxonomy":"category","embeddable":true,"href":"https:\/\/www.hoecker.eu\/blog\/wp-json\/wp\/v2\/categories?post=10278"},{"taxonomy":"post_tag","embeddable":true,"href":"https:\/\/www.hoecker.eu\/blog\/wp-json\/wp\/v2\/tags?post=10278"},{"taxonomy":"hashtags","embeddable":true,"href":"https:\/\/www.hoecker.eu\/blog\/wp-json\/wp\/v2\/hashtags?post=10278"},{"taxonomy":"author","embeddable":true,"href":"https:\/\/www.hoecker.eu\/blog\/wp-json\/wp\/v2\/ppma_author?post=10278"}],"curies":[{"name":"wp","href":"https:\/\/api.w.org\/{rel}","templated":true}]}}