{"id":10270,"date":"2025-10-01T16:19:28","date_gmt":"2025-10-01T14:19:28","guid":{"rendered":"https:\/\/www.hoecker.eu\/blog\/?p=10270"},"modified":"2025-10-01T16:27:55","modified_gmt":"2025-10-01T14:27:55","slug":"elmar-thevessen-raeumt-die-verbreitung-von-falschbehauptung-zu-charlie-kirk-ein-das-muss-weckruf-und-ansporn-fuer-einen-agendawechsel-im-oeffentlich-rechtlichen-rundfunk-sein","status":"publish","type":"post","link":"https:\/\/www.hoecker.eu\/blog\/elmar-thevessen-raeumt-die-verbreitung-von-falschbehauptung-zu-charlie-kirk-ein-das-muss-weckruf-und-ansporn-fuer-einen-agendawechsel-im-oeffentlich-rechtlichen-rundfunk-sein\/","title":{"rendered":"Elmar Theve\u00dfen r\u00e4umt die Verbreitung von Falschbehauptung zu Charlie Kirk ein &#8211; Das muss Weckruf und Ansporn f\u00fcr einen Agendawechsel im \u00f6ffentlich-rechtlichen Rundfunk sein:"},"content":{"rendered":"\n<p>Elmar #Theve\u00dfen, Leiter des ZDF-Studios in Washington, hat ausdr\u00fccklich einger\u00e4umt, dass er im Fernsehen zur besten Sendezeit Falschaussagen \u00fcber den ermordeten Charlie #Kirk verbreitet hat: Falsch ist seine Behauptung, Kirk habe gesagt, dass Homosexuelle gesteinigt werden m\u00fcssen. Daf\u00fcr hat sich Theve\u00dfen nun <a href=\"https:\/\/www.nius.de\/medien\/news\/falschbehauptung-ueber-ermordeten-charlie-kirk-bei-lanz-zdf-korrespondent-thevessen-bittet-um-entschuldigung\/0b4b6fb8-b53b-44b1-aceb-d49f943966a3\">entschuldigt<\/a>, wenn auch erst nach relativ langer Bedenkzeit und fortw\u00e4hrender Kritik.<\/p>\n\n\n\n<p><strong>Mangelhafte Fehlerkultur der \u00f6ffentlich-rechtlichen Sender<\/strong><\/p>\n\n\n\n<p>Obwohl das Eingest\u00e4ndnis und die Entschuldigung reichlich sp\u00e4t kommen, ziehe ich davor meinen Hut. Denn das, was Theve\u00dfen hier macht, suchen wir beim \u00f6ffentlich-rechtlichen Rundfunk vergeblich: Eine Fehlerkultur, in der zeitnah, transparent und eindeutig, sowie da, wo es geboten ist, auch mit einer Entschuldigung, Fehler benannt und einger\u00e4umt werden.<\/p>\n\n\n\n<p>In der j\u00fcngeren Vergangenheit gab es zahllose schwerwiegende Falschberichterstattungen des \u00f6ffentlich-rechtlichen Rundfunks. Ein sch\u00f6nes Beispiel daf\u00fcr ist die Falschberichterstattung des #ZDF, #NDR und #SWR zum #Potsdam-Treffen. Durch #Correctiv in die Irre gef\u00fchrt, haben diese Sender falsch berichtet, in Potsdam sei die Abschiebung, Ausweisung oder Deportation deutscher Staatsb\u00fcrger mit Migrationshintergrund geplant worden. Das ist ihnen gerichtlich verboten worden.<\/p>\n\n\n\n<p>Dass dies in Potsdam nicht geschehen ist, ist mittlerweile unstreitig. Niemand behauptet, dass dort Solches geschehen ist. Dennoch gibt es von ZDF, NDR und SWR bis heute keine \u00f6ffentliche Klarstellung oder Richtigstellung, keine Erl\u00e4uterung und keine Entschuldigung f\u00fcr die Desinformation.<\/p>\n\n\n\n<p>Das Verhalten von Elmar Theve\u00dfen ist vorbildlich und eine solche Fehlerkultur \u2013 die k\u00fcnftig etwas zeitnaher gelebt werden sollte \u2013 st\u00e4rkt das Vertrauen in den angeschlagenen \u00f6ffentlich-rechtlichen Rundfunk. Fehler passieren. Aber immer dann, wenn Fehler nicht benannt, nicht erl\u00e4utert und nicht richtiggestellt werden, besch\u00e4digen sie das Vertrauen.<\/p>\n\n\n\n<p>Ich hoffe, dass sich der \u00f6ffentlich-rechtliche Rundfunk ein Beispiel an Elmar Theve\u00dfen nimmt und k\u00fcnftig schnell und klar Fehler benennt, richtigstellt und da, wo schuldhaft geschlampt wurde, auch eine Entschuldigung ver\u00f6ffentlicht.<\/p>\n\n\n\n<p>Eine gute Gelegenheit, dies zu \u00fcben, w\u00e4re f\u00fcr SWR, ZDF und NDR eine Entschuldigung und Richtigstellung zur falschen Berichterstattung zum Potsdam-Treffen.<\/p>\n\n\n\n<p><strong>Weniger Haltung und Framing<\/strong><\/p>\n\n\n\n<p>Theve\u00dfen gibt auch eine Antwort auf die Frage, wie er mit der Erfahrung seiner Falschberichterstattung umgeht. Theve\u00dfen spricht dabei \u2013 bewusst oder unbewusst \u2013 das &nbsp;Problemen des Haltungsjournalismus an. Er sagt, die Erfahrung sei Ansporn, \u201e<em>dass man sich vorsichtiger \u00e4u\u00dfert und nicht \u00fcberall ein Label draufklebt\u201c<\/em>.<\/p>\n\n\n\n<p>Theve\u00dfen scheint bewusst geworden zu sein, dass er \u201eim Eifer des Gefechts\u201c journalistisches Handwerk, n\u00e4mlich die Mitteilung von Fakten, mit einer \u00fcberbordenden h\u00f6chstpers\u00f6nlichen Meinungseinordnung \u00fcberlagert hat, in seinen Worten \u201eein Label drauf geklebt\u201c hat.<\/p>\n\n\n\n<p>Diese Aussage legt den Finger in eine weitere Wunde: Der \u00f6ffentlich-rechtliche Rundfunk krankt daran, dass ihm bei vielen Themen keine Berichterstattung mehr gelingt, die eine faktenbasierte nachrichtliche Berichterstattung von der \u00dcbermittlung von Haltung und Meinung trennt. Viel zu oft gleichen Moderationen und Anmoderationen im \u00f6ffentlich-rechtlichen Rundfunk, auch und gerade in Nachrichtensendungen, mehr einem Meinungskommentar als seri\u00f6sem journalistischem Handwerk.<\/p>\n\n\n\n<p>Der Fall Theve\u00dfen sollte auch hier Anlass f\u00fcr den \u00f6ffentlich-rechtlichen Rundfunk sein, sein Sendekonzept und die Art und Weise der Moderationen kritisch zu pr\u00fcfen und zu den alten journalistischen Sorgfaltspflichten zur\u00fcckzukehren: Nachrichten sollten daraus bestehen, dass Fakten pr\u00e4sentiert werden. Eine Meinung bilden kann sich der m\u00fcndige Zuschauer alleine. Meinungen der Journalisten sollten deutlich von der Nachrichten\u00fcbermittlung getrennt und als pers\u00f6nlicher Kommentar gekennzeichnet werden.<\/p>\n\n\n\n<p>Auch eine solche deutliche Trennung von Nachrichten und Haltung\/Kommentar, w\u00e4re \u2013 neben einer gr\u00f6\u00dferen Meinungsvielfalt \u2013 geeignet, den angeschlagenen Ruf des \u00f6ffentlich-rechtlichen Rundfunks zu verbessern. <\/p>\n\n\n\n<p>Video\/Quelle zur Entschuldigung von Elmar Theve\u00dfen hier: <a href=\"https:\/\/www.nius.de\/medien\/news\/falschbehauptung-ueber-ermordeten-charlie-kirk-bei-lanz-zdf-korrespondent-thevessen-bittet-um-entschuldigung\/0b4b6fb8-b53b-44b1-aceb-d49f943966a3\">https:\/\/www.nius.de\/medien\/news\/falschbehauptung-ueber-ermordeten-charlie-kirk-bei-lanz-zdf-korrespondent-thevessen-bittet-um-entschuldigung\/0b4b6fb8-b53b-44b1-aceb-d49f943966a3<\/a><\/p>\n\n\n\n<p><\/p>\n\n\n\n<p><\/p>\n","protected":false},"excerpt":{"rendered":"<p>Elmar #Theve\u00dfen, Leiter des ZDF-Studios in Washington, hat ausdr\u00fccklich einger\u00e4umt, dass er im Fernsehen zur besten Sendezeit Falschaussagen \u00fcber den ermordeten Charlie #Kirk verbreitet hat: Falsch ist seine Behauptung, Kirk habe gesagt, dass Homosexuelle gesteinigt werden m\u00fcssen. Daf\u00fcr hat sich Theve\u00dfen nun entschuldigt, wenn auch erst nach relativ langer Bedenkzeit und fortw\u00e4hrender Kritik. Mangelhafte Fehlerkultur [&hellip;]<\/p>\n","protected":false},"author":2,"featured_media":10271,"comment_status":"closed","ping_status":"closed","sticky":false,"template":"","format":"standard","meta":{"_has_post_settings":[],"footnotes":""},"categories":[41],"tags":[139,187,155,185,189,188],"hashtags":[],"ppma_author":[40],"class_list":["post-10270","post","type-post","status-publish","format-standard","has-post-thumbnail","hentry","category-service-und-knowhow","tag-correctiv","tag-ndr","tag-potsdam-treffen","tag-swr","tag-thevessen","tag-zdf","author-cbrennecke"],"yoast_head":"<!-- This site is optimized with the Yoast SEO Premium plugin v25.9 (Yoast SEO v27.0) - https:\/\/yoast.com\/product\/yoast-seo-premium-wordpress\/ -->\n<title>Elmar Theve\u00dfen r\u00e4umt die Verbreitung von Falschbehauptung zu Charlie Kirk ein - Das muss Weckruf und Ansporn f\u00fcr einen Agendawechsel im \u00f6ffentlich-rechtlichen Rundfunk sein: - H\u00d6CKER - der Blog<\/title>\n<meta name=\"robots\" content=\"index, follow, max-snippet:-1, max-image-preview:large, max-video-preview:-1\" \/>\n<link rel=\"canonical\" href=\"https:\/\/www.hoecker.eu\/blog\/elmar-thevessen-raeumt-die-verbreitung-von-falschbehauptung-zu-charlie-kirk-ein-das-muss-weckruf-und-ansporn-fuer-einen-agendawechsel-im-oeffentlich-rechtlichen-rundfunk-sein\/\" \/>\n<meta property=\"og:locale\" content=\"de_DE\" \/>\n<meta property=\"og:type\" content=\"article\" \/>\n<meta property=\"og:title\" content=\"Elmar Theve\u00dfen r\u00e4umt die Verbreitung von Falschbehauptung zu Charlie Kirk ein - Das muss Weckruf und Ansporn f\u00fcr einen Agendawechsel im \u00f6ffentlich-rechtlichen Rundfunk sein:\" \/>\n<meta property=\"og:description\" content=\"Elmar #Theve\u00dfen, Leiter des ZDF-Studios in Washington, hat ausdr\u00fccklich einger\u00e4umt, dass er im Fernsehen zur besten Sendezeit Falschaussagen \u00fcber den ermordeten Charlie #Kirk verbreitet hat: Falsch ist seine Behauptung, Kirk habe gesagt, dass Homosexuelle gesteinigt werden m\u00fcssen. Daf\u00fcr hat sich Theve\u00dfen nun entschuldigt, wenn auch erst nach relativ langer Bedenkzeit und fortw\u00e4hrender Kritik. Mangelhafte Fehlerkultur [&hellip;]\" \/>\n<meta property=\"og:url\" content=\"https:\/\/www.hoecker.eu\/blog\/elmar-thevessen-raeumt-die-verbreitung-von-falschbehauptung-zu-charlie-kirk-ein-das-muss-weckruf-und-ansporn-fuer-einen-agendawechsel-im-oeffentlich-rechtlichen-rundfunk-sein\/\" \/>\n<meta property=\"og:site_name\" content=\"H\u00d6CKER - der Blog\" \/>\n<meta property=\"article:publisher\" content=\"https:\/\/www.facebook.com\/HoeckerRAe\/\" \/>\n<meta property=\"article:published_time\" content=\"2025-10-01T14:19:28+00:00\" \/>\n<meta property=\"article:modified_time\" content=\"2025-10-01T14:27:55+00:00\" \/>\n<meta property=\"og:image\" content=\"https:\/\/www.hoecker.eu\/blog\/wp-content\/uploads\/2025\/10\/ChatGPT-Image-1.-Okt.-2025-16_16_03-1024x683.png\" \/>\n\t<meta property=\"og:image:width\" content=\"1024\" \/>\n\t<meta property=\"og:image:height\" content=\"683\" \/>\n\t<meta property=\"og:image:type\" content=\"image\/png\" \/>\n<meta name=\"author\" content=\"Dr. Carsten Brennecke\" \/>\n<meta name=\"twitter:card\" content=\"summary_large_image\" \/>\n<meta name=\"twitter:creator\" content=\"@RABrennecke\" \/>\n<meta name=\"twitter:site\" content=\"@hoecker_rae\" \/>\n<meta name=\"twitter:label1\" content=\"Verfasst von\" \/>\n\t<meta name=\"twitter:data1\" content=\"Dr. Carsten Brennecke\" \/>\n\t<meta name=\"twitter:label2\" content=\"Gesch\u00e4tzte Lesezeit\" \/>\n\t<meta name=\"twitter:data2\" content=\"4\u00a0Minuten\" \/>\n<script type=\"application\/ld+json\" class=\"yoast-schema-graph\">{\"@context\":\"https:\/\/schema.org\",\"@graph\":[{\"@type\":\"Article\",\"@id\":\"https:\/\/www.hoecker.eu\/blog\/elmar-thevessen-raeumt-die-verbreitung-von-falschbehauptung-zu-charlie-kirk-ein-das-muss-weckruf-und-ansporn-fuer-einen-agendawechsel-im-oeffentlich-rechtlichen-rundfunk-sein\/#article\",\"isPartOf\":{\"@id\":\"https:\/\/www.hoecker.eu\/blog\/elmar-thevessen-raeumt-die-verbreitung-von-falschbehauptung-zu-charlie-kirk-ein-das-muss-weckruf-und-ansporn-fuer-einen-agendawechsel-im-oeffentlich-rechtlichen-rundfunk-sein\/\"},\"author\":{\"name\":\"Dr. Carsten Brennecke\",\"@id\":\"https:\/\/www.hoecker.eu\/blog\/#\/schema\/person\/816be6ceb7fc41c0368b2869f0d5d9e5\"},\"headline\":\"Elmar Theve\u00dfen r\u00e4umt die Verbreitung von Falschbehauptung zu Charlie Kirk ein &#8211; Das muss Weckruf und Ansporn f\u00fcr einen Agendawechsel im \u00f6ffentlich-rechtlichen Rundfunk sein:\",\"datePublished\":\"2025-10-01T14:19:28+00:00\",\"dateModified\":\"2025-10-01T14:27:55+00:00\",\"mainEntityOfPage\":{\"@id\":\"https:\/\/www.hoecker.eu\/blog\/elmar-thevessen-raeumt-die-verbreitung-von-falschbehauptung-zu-charlie-kirk-ein-das-muss-weckruf-und-ansporn-fuer-einen-agendawechsel-im-oeffentlich-rechtlichen-rundfunk-sein\/\"},\"wordCount\":627,\"publisher\":{\"@id\":\"https:\/\/www.hoecker.eu\/blog\/#organization\"},\"image\":{\"@id\":\"https:\/\/www.hoecker.eu\/blog\/elmar-thevessen-raeumt-die-verbreitung-von-falschbehauptung-zu-charlie-kirk-ein-das-muss-weckruf-und-ansporn-fuer-einen-agendawechsel-im-oeffentlich-rechtlichen-rundfunk-sein\/#primaryimage\"},\"thumbnailUrl\":\"https:\/\/www.hoecker.eu\/blog\/wp-content\/uploads\/2025\/10\/ChatGPT-Image-1.-Okt.-2025-16_16_03.png\",\"keywords\":[\"Correctiv\",\"NDR\",\"Potsdam-Treffen\",\"SWR\",\"Theve\u00dfen\",\"ZDF\"],\"articleSection\":[\"Service &amp; Knowhow\"],\"inLanguage\":\"de\"},{\"@type\":\"WebPage\",\"@id\":\"https:\/\/www.hoecker.eu\/blog\/elmar-thevessen-raeumt-die-verbreitung-von-falschbehauptung-zu-charlie-kirk-ein-das-muss-weckruf-und-ansporn-fuer-einen-agendawechsel-im-oeffentlich-rechtlichen-rundfunk-sein\/\",\"url\":\"https:\/\/www.hoecker.eu\/blog\/elmar-thevessen-raeumt-die-verbreitung-von-falschbehauptung-zu-charlie-kirk-ein-das-muss-weckruf-und-ansporn-fuer-einen-agendawechsel-im-oeffentlich-rechtlichen-rundfunk-sein\/\",\"name\":\"Elmar Theve\u00dfen r\u00e4umt die Verbreitung von Falschbehauptung zu Charlie Kirk ein - Das muss Weckruf und Ansporn f\u00fcr einen Agendawechsel im \u00f6ffentlich-rechtlichen Rundfunk sein: - H\u00d6CKER - der Blog\",\"isPartOf\":{\"@id\":\"https:\/\/www.hoecker.eu\/blog\/#website\"},\"primaryImageOfPage\":{\"@id\":\"https:\/\/www.hoecker.eu\/blog\/elmar-thevessen-raeumt-die-verbreitung-von-falschbehauptung-zu-charlie-kirk-ein-das-muss-weckruf-und-ansporn-fuer-einen-agendawechsel-im-oeffentlich-rechtlichen-rundfunk-sein\/#primaryimage\"},\"image\":{\"@id\":\"https:\/\/www.hoecker.eu\/blog\/elmar-thevessen-raeumt-die-verbreitung-von-falschbehauptung-zu-charlie-kirk-ein-das-muss-weckruf-und-ansporn-fuer-einen-agendawechsel-im-oeffentlich-rechtlichen-rundfunk-sein\/#primaryimage\"},\"thumbnailUrl\":\"https:\/\/www.hoecker.eu\/blog\/wp-content\/uploads\/2025\/10\/ChatGPT-Image-1.-Okt.-2025-16_16_03.png\",\"datePublished\":\"2025-10-01T14:19:28+00:00\",\"dateModified\":\"2025-10-01T14:27:55+00:00\",\"breadcrumb\":{\"@id\":\"https:\/\/www.hoecker.eu\/blog\/elmar-thevessen-raeumt-die-verbreitung-von-falschbehauptung-zu-charlie-kirk-ein-das-muss-weckruf-und-ansporn-fuer-einen-agendawechsel-im-oeffentlich-rechtlichen-rundfunk-sein\/#breadcrumb\"},\"inLanguage\":\"de\",\"potentialAction\":[{\"@type\":\"ReadAction\",\"target\":[\"https:\/\/www.hoecker.eu\/blog\/elmar-thevessen-raeumt-die-verbreitung-von-falschbehauptung-zu-charlie-kirk-ein-das-muss-weckruf-und-ansporn-fuer-einen-agendawechsel-im-oeffentlich-rechtlichen-rundfunk-sein\/\"]}]},{\"@type\":\"ImageObject\",\"inLanguage\":\"de\",\"@id\":\"https:\/\/www.hoecker.eu\/blog\/elmar-thevessen-raeumt-die-verbreitung-von-falschbehauptung-zu-charlie-kirk-ein-das-muss-weckruf-und-ansporn-fuer-einen-agendawechsel-im-oeffentlich-rechtlichen-rundfunk-sein\/#primaryimage\",\"url\":\"https:\/\/www.hoecker.eu\/blog\/wp-content\/uploads\/2025\/10\/ChatGPT-Image-1.-Okt.-2025-16_16_03.png\",\"contentUrl\":\"https:\/\/www.hoecker.eu\/blog\/wp-content\/uploads\/2025\/10\/ChatGPT-Image-1.-Okt.-2025-16_16_03.png\",\"width\":1536,\"height\":1024},{\"@type\":\"BreadcrumbList\",\"@id\":\"https:\/\/www.hoecker.eu\/blog\/elmar-thevessen-raeumt-die-verbreitung-von-falschbehauptung-zu-charlie-kirk-ein-das-muss-weckruf-und-ansporn-fuer-einen-agendawechsel-im-oeffentlich-rechtlichen-rundfunk-sein\/#breadcrumb\",\"itemListElement\":[{\"@type\":\"ListItem\",\"position\":1,\"name\":\"Startseite\",\"item\":\"https:\/\/dev.hoecker.eu\/blog\/\"},{\"@type\":\"ListItem\",\"position\":2,\"name\":\"Elmar Theve\u00dfen r\u00e4umt die Verbreitung von Falschbehauptung zu Charlie Kirk ein &#8211; Das muss Weckruf und Ansporn f\u00fcr einen Agendawechsel im \u00f6ffentlich-rechtlichen Rundfunk sein:\"}]},{\"@type\":\"WebSite\",\"@id\":\"https:\/\/www.hoecker.eu\/blog\/#website\",\"url\":\"https:\/\/www.hoecker.eu\/blog\/\",\"name\":\"H\u00d6CKER - der Blog\",\"description\":\"Expertenblog f\u00fcr \u00c4u\u00dferungs-, Medien-, Marken-, Urheber- und Wettbewerbsrecht.\",\"publisher\":{\"@id\":\"https:\/\/www.hoecker.eu\/blog\/#organization\"},\"potentialAction\":[{\"@type\":\"SearchAction\",\"target\":{\"@type\":\"EntryPoint\",\"urlTemplate\":\"https:\/\/www.hoecker.eu\/blog\/?s={search_term_string}\"},\"query-input\":{\"@type\":\"PropertyValueSpecification\",\"valueRequired\":true,\"valueName\":\"search_term_string\"}}],\"inLanguage\":\"de\"},{\"@type\":\"Organization\",\"@id\":\"https:\/\/www.hoecker.eu\/blog\/#organization\",\"name\":\"H\u00d6CKER Rechtsanw\u00e4lte PartGmbB\",\"alternateName\":\"H\u00d6CKER\",\"url\":\"https:\/\/www.hoecker.eu\/blog\/\",\"logo\":{\"@type\":\"ImageObject\",\"inLanguage\":\"de\",\"@id\":\"https:\/\/www.hoecker.eu\/blog\/#\/schema\/logo\/image\/\",\"url\":\"https:\/\/www.hoecker.eu\/blog\/wp-content\/uploads\/2025\/03\/Blog-Logo.webp\",\"contentUrl\":\"https:\/\/www.hoecker.eu\/blog\/wp-content\/uploads\/2025\/03\/Blog-Logo.webp\",\"width\":500,\"height\":500,\"caption\":\"H\u00d6CKER Rechtsanw\u00e4lte PartGmbB\"},\"image\":{\"@id\":\"https:\/\/www.hoecker.eu\/blog\/#\/schema\/logo\/image\/\"},\"sameAs\":[\"https:\/\/www.facebook.com\/HoeckerRAe\/\",\"https:\/\/x.com\/hoecker_rae\",\"https:\/\/www.linkedin.com\/company\/hcker-rechtsanwlte\/\",\"https:\/\/www.instagram.com\/hoecker_rae\/\"],\"email\":\"contact@hoecker.eu\",\"telephone\":\"+ 49 (0)221-933 19-10\",\"legalName\":\"H\u00d6CKER Rechtsanw\u00e4lte PartGmbB\",\"numberOfEmployees\":{\"@type\":\"QuantitativeValue\",\"minValue\":\"11\",\"maxValue\":\"50\"}},{\"@type\":\"Person\",\"@id\":\"https:\/\/www.hoecker.eu\/blog\/#\/schema\/person\/816be6ceb7fc41c0368b2869f0d5d9e5\",\"name\":\"Dr. Carsten Brennecke\",\"description\":\"Rechtsanwalt f\u00fcr Presserecht, Spezialist f\u00fcr Litigation PR\",\"sameAs\":[\"https:\/\/www.hoecker.eu\/wer\/dr-carsten-brennecke\",\"https:\/\/www.linkedin.com\/in\/carsten-dr-brennecke-401b54b7\/\",\"https:\/\/x.com\/RABrennecke\"],\"url\":\"https:\/\/www.hoecker.eu\/blog\/author\/cbrennecke\/\"}]}<\/script>\n<!-- \/ Yoast SEO Premium plugin. -->","yoast_head_json":{"title":"Elmar Theve\u00dfen r\u00e4umt die Verbreitung von Falschbehauptung zu Charlie Kirk ein - Das muss Weckruf und Ansporn f\u00fcr einen Agendawechsel im \u00f6ffentlich-rechtlichen Rundfunk sein: - H\u00d6CKER - der Blog","robots":{"index":"index","follow":"follow","max-snippet":"max-snippet:-1","max-image-preview":"max-image-preview:large","max-video-preview":"max-video-preview:-1"},"canonical":"https:\/\/www.hoecker.eu\/blog\/elmar-thevessen-raeumt-die-verbreitung-von-falschbehauptung-zu-charlie-kirk-ein-das-muss-weckruf-und-ansporn-fuer-einen-agendawechsel-im-oeffentlich-rechtlichen-rundfunk-sein\/","og_locale":"de_DE","og_type":"article","og_title":"Elmar Theve\u00dfen r\u00e4umt die Verbreitung von Falschbehauptung zu Charlie Kirk ein - Das muss Weckruf und Ansporn f\u00fcr einen Agendawechsel im \u00f6ffentlich-rechtlichen Rundfunk sein:","og_description":"Elmar #Theve\u00dfen, Leiter des ZDF-Studios in Washington, hat ausdr\u00fccklich einger\u00e4umt, dass er im Fernsehen zur besten Sendezeit Falschaussagen \u00fcber den ermordeten Charlie #Kirk verbreitet hat: Falsch ist seine Behauptung, Kirk habe gesagt, dass Homosexuelle gesteinigt werden m\u00fcssen. Daf\u00fcr hat sich Theve\u00dfen nun entschuldigt, wenn auch erst nach relativ langer Bedenkzeit und fortw\u00e4hrender Kritik. Mangelhafte Fehlerkultur [&hellip;]","og_url":"https:\/\/www.hoecker.eu\/blog\/elmar-thevessen-raeumt-die-verbreitung-von-falschbehauptung-zu-charlie-kirk-ein-das-muss-weckruf-und-ansporn-fuer-einen-agendawechsel-im-oeffentlich-rechtlichen-rundfunk-sein\/","og_site_name":"H\u00d6CKER - der Blog","article_publisher":"https:\/\/www.facebook.com\/HoeckerRAe\/","article_published_time":"2025-10-01T14:19:28+00:00","article_modified_time":"2025-10-01T14:27:55+00:00","og_image":[{"width":1024,"height":683,"url":"https:\/\/www.hoecker.eu\/blog\/wp-content\/uploads\/2025\/10\/ChatGPT-Image-1.-Okt.-2025-16_16_03-1024x683.png","type":"image\/png"}],"author":"Dr. Carsten Brennecke","twitter_card":"summary_large_image","twitter_creator":"@RABrennecke","twitter_site":"@hoecker_rae","twitter_misc":{"Verfasst von":"Dr. Carsten Brennecke","Gesch\u00e4tzte Lesezeit":"4\u00a0Minuten"},"schema":{"@context":"https:\/\/schema.org","@graph":[{"@type":"Article","@id":"https:\/\/www.hoecker.eu\/blog\/elmar-thevessen-raeumt-die-verbreitung-von-falschbehauptung-zu-charlie-kirk-ein-das-muss-weckruf-und-ansporn-fuer-einen-agendawechsel-im-oeffentlich-rechtlichen-rundfunk-sein\/#article","isPartOf":{"@id":"https:\/\/www.hoecker.eu\/blog\/elmar-thevessen-raeumt-die-verbreitung-von-falschbehauptung-zu-charlie-kirk-ein-das-muss-weckruf-und-ansporn-fuer-einen-agendawechsel-im-oeffentlich-rechtlichen-rundfunk-sein\/"},"author":{"name":"Dr. Carsten Brennecke","@id":"https:\/\/www.hoecker.eu\/blog\/#\/schema\/person\/816be6ceb7fc41c0368b2869f0d5d9e5"},"headline":"Elmar Theve\u00dfen r\u00e4umt die Verbreitung von Falschbehauptung zu Charlie Kirk ein &#8211; Das muss Weckruf und Ansporn f\u00fcr einen Agendawechsel im \u00f6ffentlich-rechtlichen Rundfunk sein:","datePublished":"2025-10-01T14:19:28+00:00","dateModified":"2025-10-01T14:27:55+00:00","mainEntityOfPage":{"@id":"https:\/\/www.hoecker.eu\/blog\/elmar-thevessen-raeumt-die-verbreitung-von-falschbehauptung-zu-charlie-kirk-ein-das-muss-weckruf-und-ansporn-fuer-einen-agendawechsel-im-oeffentlich-rechtlichen-rundfunk-sein\/"},"wordCount":627,"publisher":{"@id":"https:\/\/www.hoecker.eu\/blog\/#organization"},"image":{"@id":"https:\/\/www.hoecker.eu\/blog\/elmar-thevessen-raeumt-die-verbreitung-von-falschbehauptung-zu-charlie-kirk-ein-das-muss-weckruf-und-ansporn-fuer-einen-agendawechsel-im-oeffentlich-rechtlichen-rundfunk-sein\/#primaryimage"},"thumbnailUrl":"https:\/\/www.hoecker.eu\/blog\/wp-content\/uploads\/2025\/10\/ChatGPT-Image-1.-Okt.-2025-16_16_03.png","keywords":["Correctiv","NDR","Potsdam-Treffen","SWR","Theve\u00dfen","ZDF"],"articleSection":["Service &amp; Knowhow"],"inLanguage":"de"},{"@type":"WebPage","@id":"https:\/\/www.hoecker.eu\/blog\/elmar-thevessen-raeumt-die-verbreitung-von-falschbehauptung-zu-charlie-kirk-ein-das-muss-weckruf-und-ansporn-fuer-einen-agendawechsel-im-oeffentlich-rechtlichen-rundfunk-sein\/","url":"https:\/\/www.hoecker.eu\/blog\/elmar-thevessen-raeumt-die-verbreitung-von-falschbehauptung-zu-charlie-kirk-ein-das-muss-weckruf-und-ansporn-fuer-einen-agendawechsel-im-oeffentlich-rechtlichen-rundfunk-sein\/","name":"Elmar Theve\u00dfen r\u00e4umt die Verbreitung von Falschbehauptung zu Charlie Kirk ein - Das muss Weckruf und Ansporn f\u00fcr einen Agendawechsel im \u00f6ffentlich-rechtlichen Rundfunk sein: - H\u00d6CKER - der Blog","isPartOf":{"@id":"https:\/\/www.hoecker.eu\/blog\/#website"},"primaryImageOfPage":{"@id":"https:\/\/www.hoecker.eu\/blog\/elmar-thevessen-raeumt-die-verbreitung-von-falschbehauptung-zu-charlie-kirk-ein-das-muss-weckruf-und-ansporn-fuer-einen-agendawechsel-im-oeffentlich-rechtlichen-rundfunk-sein\/#primaryimage"},"image":{"@id":"https:\/\/www.hoecker.eu\/blog\/elmar-thevessen-raeumt-die-verbreitung-von-falschbehauptung-zu-charlie-kirk-ein-das-muss-weckruf-und-ansporn-fuer-einen-agendawechsel-im-oeffentlich-rechtlichen-rundfunk-sein\/#primaryimage"},"thumbnailUrl":"https:\/\/www.hoecker.eu\/blog\/wp-content\/uploads\/2025\/10\/ChatGPT-Image-1.-Okt.-2025-16_16_03.png","datePublished":"2025-10-01T14:19:28+00:00","dateModified":"2025-10-01T14:27:55+00:00","breadcrumb":{"@id":"https:\/\/www.hoecker.eu\/blog\/elmar-thevessen-raeumt-die-verbreitung-von-falschbehauptung-zu-charlie-kirk-ein-das-muss-weckruf-und-ansporn-fuer-einen-agendawechsel-im-oeffentlich-rechtlichen-rundfunk-sein\/#breadcrumb"},"inLanguage":"de","potentialAction":[{"@type":"ReadAction","target":["https:\/\/www.hoecker.eu\/blog\/elmar-thevessen-raeumt-die-verbreitung-von-falschbehauptung-zu-charlie-kirk-ein-das-muss-weckruf-und-ansporn-fuer-einen-agendawechsel-im-oeffentlich-rechtlichen-rundfunk-sein\/"]}]},{"@type":"ImageObject","inLanguage":"de","@id":"https:\/\/www.hoecker.eu\/blog\/elmar-thevessen-raeumt-die-verbreitung-von-falschbehauptung-zu-charlie-kirk-ein-das-muss-weckruf-und-ansporn-fuer-einen-agendawechsel-im-oeffentlich-rechtlichen-rundfunk-sein\/#primaryimage","url":"https:\/\/www.hoecker.eu\/blog\/wp-content\/uploads\/2025\/10\/ChatGPT-Image-1.-Okt.-2025-16_16_03.png","contentUrl":"https:\/\/www.hoecker.eu\/blog\/wp-content\/uploads\/2025\/10\/ChatGPT-Image-1.-Okt.-2025-16_16_03.png","width":1536,"height":1024},{"@type":"BreadcrumbList","@id":"https:\/\/www.hoecker.eu\/blog\/elmar-thevessen-raeumt-die-verbreitung-von-falschbehauptung-zu-charlie-kirk-ein-das-muss-weckruf-und-ansporn-fuer-einen-agendawechsel-im-oeffentlich-rechtlichen-rundfunk-sein\/#breadcrumb","itemListElement":[{"@type":"ListItem","position":1,"name":"Startseite","item":"https:\/\/dev.hoecker.eu\/blog\/"},{"@type":"ListItem","position":2,"name":"Elmar Theve\u00dfen r\u00e4umt die Verbreitung von Falschbehauptung zu Charlie Kirk ein &#8211; Das muss Weckruf und Ansporn f\u00fcr einen Agendawechsel im \u00f6ffentlich-rechtlichen Rundfunk sein:"}]},{"@type":"WebSite","@id":"https:\/\/www.hoecker.eu\/blog\/#website","url":"https:\/\/www.hoecker.eu\/blog\/","name":"H\u00d6CKER - der Blog","description":"Expertenblog f\u00fcr \u00c4u\u00dferungs-, Medien-, Marken-, Urheber- und Wettbewerbsrecht.","publisher":{"@id":"https:\/\/www.hoecker.eu\/blog\/#organization"},"potentialAction":[{"@type":"SearchAction","target":{"@type":"EntryPoint","urlTemplate":"https:\/\/www.hoecker.eu\/blog\/?s={search_term_string}"},"query-input":{"@type":"PropertyValueSpecification","valueRequired":true,"valueName":"search_term_string"}}],"inLanguage":"de"},{"@type":"Organization","@id":"https:\/\/www.hoecker.eu\/blog\/#organization","name":"H\u00d6CKER Rechtsanw\u00e4lte PartGmbB","alternateName":"H\u00d6CKER","url":"https:\/\/www.hoecker.eu\/blog\/","logo":{"@type":"ImageObject","inLanguage":"de","@id":"https:\/\/www.hoecker.eu\/blog\/#\/schema\/logo\/image\/","url":"https:\/\/www.hoecker.eu\/blog\/wp-content\/uploads\/2025\/03\/Blog-Logo.webp","contentUrl":"https:\/\/www.hoecker.eu\/blog\/wp-content\/uploads\/2025\/03\/Blog-Logo.webp","width":500,"height":500,"caption":"H\u00d6CKER Rechtsanw\u00e4lte PartGmbB"},"image":{"@id":"https:\/\/www.hoecker.eu\/blog\/#\/schema\/logo\/image\/"},"sameAs":["https:\/\/www.facebook.com\/HoeckerRAe\/","https:\/\/x.com\/hoecker_rae","https:\/\/www.linkedin.com\/company\/hcker-rechtsanwlte\/","https:\/\/www.instagram.com\/hoecker_rae\/"],"email":"contact@hoecker.eu","telephone":"+ 49 (0)221-933 19-10","legalName":"H\u00d6CKER Rechtsanw\u00e4lte PartGmbB","numberOfEmployees":{"@type":"QuantitativeValue","minValue":"11","maxValue":"50"}},{"@type":"Person","@id":"https:\/\/www.hoecker.eu\/blog\/#\/schema\/person\/816be6ceb7fc41c0368b2869f0d5d9e5","name":"Dr. Carsten Brennecke","description":"Rechtsanwalt f\u00fcr Presserecht, Spezialist f\u00fcr Litigation PR","sameAs":["https:\/\/www.hoecker.eu\/wer\/dr-carsten-brennecke","https:\/\/www.linkedin.com\/in\/carsten-dr-brennecke-401b54b7\/","https:\/\/x.com\/RABrennecke"],"url":"https:\/\/www.hoecker.eu\/blog\/author\/cbrennecke\/"}]}},"authors":[{"term_id":40,"user_id":2,"is_guest":0,"slug":"cbrennecke","display_name":"Dr. Carsten Brennecke","avatar_url":{"url":"https:\/\/www.hoecker.eu\/blog\/wp-content\/uploads\/2024\/03\/cbrennecke.jpg","url2x":"https:\/\/www.hoecker.eu\/blog\/wp-content\/uploads\/2024\/03\/cbrennecke.jpg"},"0":null,"1":"","2":"","3":"","4":"","5":"","6":"","7":"","8":"","9":"","10":"","11":""}],"_links":{"self":[{"href":"https:\/\/www.hoecker.eu\/blog\/wp-json\/wp\/v2\/posts\/10270","targetHints":{"allow":["GET"]}}],"collection":[{"href":"https:\/\/www.hoecker.eu\/blog\/wp-json\/wp\/v2\/posts"}],"about":[{"href":"https:\/\/www.hoecker.eu\/blog\/wp-json\/wp\/v2\/types\/post"}],"author":[{"embeddable":true,"href":"https:\/\/www.hoecker.eu\/blog\/wp-json\/wp\/v2\/users\/2"}],"replies":[{"embeddable":true,"href":"https:\/\/www.hoecker.eu\/blog\/wp-json\/wp\/v2\/comments?post=10270"}],"version-history":[{"count":3,"href":"https:\/\/www.hoecker.eu\/blog\/wp-json\/wp\/v2\/posts\/10270\/revisions"}],"predecessor-version":[{"id":10276,"href":"https:\/\/www.hoecker.eu\/blog\/wp-json\/wp\/v2\/posts\/10270\/revisions\/10276"}],"wp:featuredmedia":[{"embeddable":true,"href":"https:\/\/www.hoecker.eu\/blog\/wp-json\/wp\/v2\/media\/10271"}],"wp:attachment":[{"href":"https:\/\/www.hoecker.eu\/blog\/wp-json\/wp\/v2\/media?parent=10270"}],"wp:term":[{"taxonomy":"category","embeddable":true,"href":"https:\/\/www.hoecker.eu\/blog\/wp-json\/wp\/v2\/categories?post=10270"},{"taxonomy":"post_tag","embeddable":true,"href":"https:\/\/www.hoecker.eu\/blog\/wp-json\/wp\/v2\/tags?post=10270"},{"taxonomy":"hashtags","embeddable":true,"href":"https:\/\/www.hoecker.eu\/blog\/wp-json\/wp\/v2\/hashtags?post=10270"},{"taxonomy":"author","embeddable":true,"href":"https:\/\/www.hoecker.eu\/blog\/wp-json\/wp\/v2\/ppma_author?post=10270"}],"curies":[{"name":"wp","href":"https:\/\/api.w.org\/{rel}","templated":true}]}}