{"id":10258,"date":"2025-09-24T11:14:24","date_gmt":"2025-09-24T09:14:24","guid":{"rendered":"https:\/\/www.hoecker.eu\/blog\/?p=10258"},"modified":"2025-09-24T11:14:25","modified_gmt":"2025-09-24T09:14:25","slug":"vosgerau-dreht-das-spiel-gegen-correctiv-in-der-zweiten-halbzeit-zwei-weitere-correctiv-falschbehauptungen-zum-potsdam-treffen-verboten-jetzt-steht-es-31-fuer-vosgerau","status":"publish","type":"post","link":"https:\/\/www.hoecker.eu\/blog\/vosgerau-dreht-das-spiel-gegen-correctiv-in-der-zweiten-halbzeit-zwei-weitere-correctiv-falschbehauptungen-zum-potsdam-treffen-verboten-jetzt-steht-es-31-fuer-vosgerau\/","title":{"rendered":"Vosgerau dreht das Spiel gegen Correctiv in der zweiten Halbzeit: Zwei weitere Correctiv-Falschbehauptungen zum Potsdam-Treffen verboten \u2013 Jetzt steht es 3:1 f\u00fcr Vosgerau!"},"content":{"rendered":"\n<p>Dr. Ulrich Vosgerau (CDU) hat wieder einmal gegen die Falschberichterstattung im Correctiv-Bericht zum Potsdam-Treffen gewonnen: Das Landgericht Berlin hat Correctiv jetzt zwei weitere Falschbehauptungen im Bericht zum Potsdam-Treffen verboten (n.rk.). Verboten wurde die falsche Behauptung, Vosgerau habe in Potsdam gegen\u00fcber jungen W\u00e4hlerinnen t\u00fcrkischer Herkunft Bedenken ge\u00e4u\u00dfert, dass diese sich keine unabh\u00e4ngige Meinung bilden k\u00f6nnten. Verboten wurde auch die Falschbehauptung dass er dies auf Correctiv-Fragen auch noch best\u00e4tigt habe.<\/p>\n\n\n\n<p>Richtig ist, dass Dr. Vosgerau gegen\u00fcber jungen W\u00e4hlerinnen t\u00fcrkischer Herkunft keine Bedenken ge\u00e4u\u00dfert hat, dass sie sich eine unabh\u00e4ngige Meinung bei Wahlen bilden k\u00f6nnen. Stattdessen hatte er zu rechtlichen Problemen bei der Briefwahl vorgetragen und dabei das fiktive Beispiel gebildet, dass eine junge W\u00e4hlerin t\u00fcrkischer Herkunft dann bei der Aus\u00fcbung ihrer frei getroffenen Wahlentscheidung nicht \u00fcber den von der Verfassung vorausgesetzten Freiheitsgrad verf\u00fcge, wenn sie den Wahlzettel zu Hause unter Aufsicht ihres Vaters und mehrerer Br\u00fcder ankreuze.<\/p>\n\n\n\n<p>W\u00e4hrend Correctiv somit den falschen Eindruck erweckte, Vosgerau habe jungen W\u00e4hlerinnen mit t\u00fcrkischem Migrationshintergrund die kognitiven oder kulturellen F\u00e4higkeiten abgesprochen, eine eigene Wahlentscheidung f\u00fcr eine Partei zu treffen, hat Vosgerau tats\u00e4chlich etwas ganz anderes gesagt: Lediglich in einem Beispielfall hat er deutlich gemacht, dass es die Situation geben kann, dass eine junge t\u00fcrkische Briefw\u00e4hlerin an der Aus\u00fcbung ihrer freien Wahlentscheidung von Dritten unter Druck gehindert wird.<\/p>\n\n\n\n<p>Falsch ist laut Landgericht Berlin auch die Behauptung Correctivs, Vosgerau habe dies auf Correctiv Fragen hin best\u00e4tigt. Denn einerseits hatte Correctiv Vosgerau in seiner Anh\u00f6rung gar nicht mit der anschlie\u00dfenden Falschbehauptung konfrontiert, er habe Bedenken im Hinblick auf die F\u00e4higkeit zur Meinungsbildung ge\u00e4u\u00dfert. Zudem hat Vosgerau den Vorhalt Correctivs nicht best\u00e4tigt, sondern er hat ihm widersprochen.<\/p>\n\n\n\n<p>Correctiv wurden nun vom Landgericht Berlin die nachstehenden zwei unterstrichenen falschen Behauptungen verboten:<\/p>\n\n\n\n<blockquote class=\"wp-block-quote is-layout-flow wp-block-quote-is-layout-flow\">\n<p><em>Der Verfassungsrechtler spricht \u00fcber Briefwahlen, es geht um Prozesse, um das Wahlgeheimnis, <u>um seine Bedenken in Bezug auf junge W\u00e4hlerInnen t\u00fcrkischer Herkunft, die sich keine unabh\u00e4ngige Meinung bilden k\u00f6nnten.<\/u><\/em><\/p>\n\n\n\n<p><em><u>Auf Correctiv-Fragen hin best\u00e4tigt er diesen Satz sp\u00e4ter.<\/u><\/em><\/p>\n<\/blockquote>\n\n\n\n<p><strong>Landgericht Berlin spricht von Correctiv-\u201eFraming\u201c<\/strong><\/p>\n\n\n\n<p>Das Landgericht Berlin spricht in seiner Urteilsbegr\u00fcndung von einem \u201eFraming\u201c Correctivs gegen\u00fcber Dr. Vosgerau und kritisiert, dass Correctiv nicht nur falsch zum Treffen berichtet habe, sondern dann auch noch die Kommunikation Vosgeraus mit Correctiv, insbesondere sein Dementi auf die Presseanfrage, v\u00f6llig falsch wiedergegeben habe.<\/p>\n\n\n\n<p><strong>Spiel gedreht: 3 zu 1 f\u00fcr Vosgerau<\/strong><\/p>\n\n\n\n<p>Damit hat Dr. Vosgerau das Ergebnis des vorausgehenden einstweiligen Verf\u00fcgungsverfahrens gedreht. Die Hamburger Gerichte hatten in einem vorangehenden Eilverfahren, in dem der Sachverhalt naturgem\u00e4\u00df nur schnell und oberfl\u00e4chlich gepr\u00fcft wird, zu Gunsten von Dr. Vosgerau bereits eine Falschbehauptung Correctivs verboten, den Verbotsantrag aber im \u00dcbrigen zur\u00fcckgewiesen. Diesen Zwischenerfolg hatte Correctiv in Pressemitteilungen als 2 zu 1-Sieg lautstark gefeiert. Das hat das Landgericht Berlin nun in einem Hauptsacheklageverfahren, in dem eine vertiefte Pr\u00fcfung erfolgt, korrigiert, sodass Vosgerau bei seinen Angriffen auf den Correctiv-Bericht nun weit \u00fcberwiegend gewonnen hat (n.rk.). 3 von 4 angegriffenen Behauptungen wurden verboten. Ob Correctiv nun die Pressemitteilungen, die von einem 2 zu 1-Sieg sprechen, korrigiert?&nbsp;<\/p>\n\n\n\n<p><strong>\u201eVersicherung\u201c des Correctiv-\u201eZeugen\u201c Erik Ahrens wird Correctiv zum Verh\u00e4ngnis<\/strong><\/p>\n\n\n\n<p>Correctiv versuchte, seine Falschberichterstattung vor dem Landgericht Berlin dadurch zu retten, dass Correctiv ausgerechnet eine \u201eVersicherung\u201c des \u201eZeugen\u201c Erik Ahrens vorlegte, die dieser vor einem Notar abgegeben hatte. Erik Ahrens ist ein rechtsradikaler Verschw\u00f6rungstheoretiker, der sich offen zu L\u00fcgen bekennt und sich damit r\u00fchmt, dass er sich im Kampf \u201egegen rechts\u201c auch gerne strafbar macht: <a href=\"https:\/\/www.hoecker.eu\/news\/correctiv-quelle-erik-ahrens-gesteht-rechte-bek%C3%A4mpft-er-mit-l%C3%BCgen\" target=\"_blank\" rel=\"noreferrer noopener\">https:\/\/www.hoecker.eu\/news\/correctiv-quelle-erik-ahrens-gesteht-rechte-bek%C3%A4mpft-er-mit-l%C3%BCgen<\/a><\/p>\n\n\n\n<p>Correctiv hat einen von den Medien kaum beachteten Nachfolgebericht zum Potsdam-Treffen auf angebliche Aussagen dieses windigen Zeugen gest\u00fctzt.<\/p>\n\n\n\n<p>Dessen Versicherung hat Correctiv nun beim Landgericht Berlin in Kopie vorgelegt. Das ist eine weitere journalistische Bankrotterkl\u00e4rung Correctivs: Echte, seri\u00f6se Journalisten h\u00e4tten nicht auf eine solche Aussage gesetzt.<\/p>\n\n\n\n<p>Die Vorlage der \u201eVersicherung\u201c von Ahrens ist Correctiv nun auf die F\u00fc\u00dfe gefallen:<\/p>\n\n\n\n<p>Denn Ahrens Schilderung der Vorg\u00e4nge best\u00e4tigte die Aussage Vosgeraus, dass er keine Bedenken gegen\u00fcber jungen W\u00e4hlerinnen t\u00fcrkischer Herkunft bez\u00fcglich der politischen Meinungsbildung ge\u00e4u\u00dfert hat. Auch deshalb wurde die Vorlage der \u201eVersicherung\u201c von Ahrens f\u00fcr Correctiv zum Bumerang.<\/p>\n\n\n\n<p>Bemerkenswert ist dabei: Correctiv hat sich nicht getraut, die sog. \u201eVersicherung\u201c von Ahrens im Original unterzeichnet vor Gericht vorzulegen. Correctiv legt nur eine Kopie vor. Daf\u00fcr mag es gute Gr\u00fcnde geben: Denn eine im Original unterzeichnete eidesstattliche Versicherung h\u00e4tte dazu gef\u00fchrt, dass diese vor einer zust\u00e4ndigen Beh\u00f6rde im Sinne der Strafvorschrift <a href=\"https:\/\/www.gesetze-im-internet.de\/stgb\/__156.html\" target=\"_blank\" rel=\"noreferrer noopener\">\u00a7 156 Strafgesetzbuch<\/a>, dem Gericht, abgegeben worden w\u00e4re und Falschaussagen von Ahrens in der \u201eVersicherung\u201c dann strafbar gewesen w\u00e4ren. Das ist ein Indiz daf\u00fcr, dass man auch im Hause Correctiv nicht vom Wahrheitsgehalt der \u201eVersicherung\u201c von Erik Ahrens \u00fcberzeugt ist und durch die Vorlage einer blo\u00dfen, beweisrechtlich unerheblichen Kopie der \u201eVersicherung\u201c m\u00f6glicherweise strafrechtliche Konsequenzen einer Falschaussage von Erik Ahrens vermeiden wollte.<\/p>\n\n\n\n<p>Dr. Carsten Brennecke:<\/p>\n\n\n\n<p><em>\u201eUlrich Vosgerau erzielt im Kampf gegen die Correctiv-Berichterstattung einen Erfolg nach dem anderen.<\/em> <br><em>Correctiv selbst wurden nun schon drei Falschbehauptungen verboten. Und die Hauptaussage Correctivs, zu Potsdam bleibe ein \u201eMasterplan zur Ausweisung deutscher Staatsb\u00fcrger\u201c zur\u00fcck, wird gerade in einem Hauptsacheklageverfahren als weitere Falschbehauptung angegriffen.<\/em><br><em>Dar\u00fcber hinaus haben zahllose Medien gerichtliche Verbote kassiert, weil sie sich durch die irref\u00fchrende Berichterstattung Correctivs zu den Falschbehauptungen haben hinrei\u00dfen lassen, in Potsdam sei die Ausweisung, Abschiebung oder Deportation Deutscher besprochen oder geplant worden, bzw. geplant worden, Deutschen das Wahlrecht oder die deutsche Staatsb\u00fcrgerschaft zu entziehen.<\/em><br><em>Die Entscheidung des Landgerichts Berlin tr\u00e4gt dazu bei, eine der gr\u00f6\u00dften L\u00fcgengeschichten der deutschen Pressegeschichte weiter zu widerlegen.\u201c<\/em><\/p>\n\n\n\n<p><\/p>\n","protected":false},"excerpt":{"rendered":"<p>Dr. Ulrich Vosgerau (CDU) hat wieder einmal gegen die Falschberichterstattung im Correctiv-Bericht zum Potsdam-Treffen gewonnen: Das Landgericht Berlin hat Correctiv jetzt zwei weitere Falschbehauptungen im Bericht zum Potsdam-Treffen verboten (n.rk.). Verboten wurde die falsche Behauptung, Vosgerau habe in Potsdam gegen\u00fcber jungen W\u00e4hlerinnen t\u00fcrkischer Herkunft Bedenken ge\u00e4u\u00dfert, dass diese sich keine unabh\u00e4ngige Meinung bilden k\u00f6nnten. Verboten [&hellip;]<\/p>\n","protected":false},"author":2,"featured_media":0,"comment_status":"closed","ping_status":"closed","sticky":false,"template":"","format":"standard","meta":{"_has_post_settings":[],"footnotes":""},"categories":[15],"tags":[139,155,138],"hashtags":[],"ppma_author":[40],"class_list":["post-10258","post","type-post","status-publish","format-standard","hentry","category-news","tag-correctiv","tag-potsdam-treffen","tag-vosgerau","author-cbrennecke"],"yoast_head":"<!-- This site is optimized with the Yoast SEO Premium plugin v25.9 (Yoast SEO v27.0) - https:\/\/yoast.com\/product\/yoast-seo-premium-wordpress\/ -->\n<title>Vosgerau dreht das Spiel gegen Correctiv in der zweiten Halbzeit: Zwei weitere Correctiv-Falschbehauptungen zum Potsdam-Treffen verboten \u2013 Jetzt steht es 3:1 f\u00fcr Vosgerau! - H\u00d6CKER - der Blog<\/title>\n<meta name=\"robots\" content=\"index, follow, max-snippet:-1, max-image-preview:large, max-video-preview:-1\" \/>\n<link rel=\"canonical\" href=\"https:\/\/www.hoecker.eu\/blog\/vosgerau-dreht-das-spiel-gegen-correctiv-in-der-zweiten-halbzeit-zwei-weitere-correctiv-falschbehauptungen-zum-potsdam-treffen-verboten-jetzt-steht-es-31-fuer-vosgerau\/\" \/>\n<meta property=\"og:locale\" content=\"de_DE\" \/>\n<meta property=\"og:type\" content=\"article\" \/>\n<meta property=\"og:title\" content=\"Vosgerau dreht das Spiel gegen Correctiv in der zweiten Halbzeit: Zwei weitere Correctiv-Falschbehauptungen zum Potsdam-Treffen verboten \u2013 Jetzt steht es 3:1 f\u00fcr Vosgerau!\" \/>\n<meta property=\"og:description\" content=\"Dr. Ulrich Vosgerau (CDU) hat wieder einmal gegen die Falschberichterstattung im Correctiv-Bericht zum Potsdam-Treffen gewonnen: Das Landgericht Berlin hat Correctiv jetzt zwei weitere Falschbehauptungen im Bericht zum Potsdam-Treffen verboten (n.rk.). Verboten wurde die falsche Behauptung, Vosgerau habe in Potsdam gegen\u00fcber jungen W\u00e4hlerinnen t\u00fcrkischer Herkunft Bedenken ge\u00e4u\u00dfert, dass diese sich keine unabh\u00e4ngige Meinung bilden k\u00f6nnten. Verboten [&hellip;]\" \/>\n<meta property=\"og:url\" content=\"https:\/\/www.hoecker.eu\/blog\/vosgerau-dreht-das-spiel-gegen-correctiv-in-der-zweiten-halbzeit-zwei-weitere-correctiv-falschbehauptungen-zum-potsdam-treffen-verboten-jetzt-steht-es-31-fuer-vosgerau\/\" \/>\n<meta property=\"og:site_name\" content=\"H\u00d6CKER - der Blog\" \/>\n<meta property=\"article:publisher\" content=\"https:\/\/www.facebook.com\/HoeckerRAe\/\" \/>\n<meta property=\"article:published_time\" content=\"2025-09-24T09:14:24+00:00\" \/>\n<meta property=\"article:modified_time\" content=\"2025-09-24T09:14:25+00:00\" \/>\n<meta name=\"author\" content=\"Dr. Carsten Brennecke\" \/>\n<meta name=\"twitter:card\" content=\"summary_large_image\" \/>\n<meta name=\"twitter:creator\" content=\"@RABrennecke\" \/>\n<meta name=\"twitter:site\" content=\"@hoecker_rae\" \/>\n<meta name=\"twitter:label1\" content=\"Verfasst von\" \/>\n\t<meta name=\"twitter:data1\" content=\"Dr. Carsten Brennecke\" \/>\n\t<meta name=\"twitter:label2\" content=\"Gesch\u00e4tzte Lesezeit\" \/>\n\t<meta name=\"twitter:data2\" content=\"5\u00a0Minuten\" \/>\n<script type=\"application\/ld+json\" class=\"yoast-schema-graph\">{\"@context\":\"https:\/\/schema.org\",\"@graph\":[{\"@type\":\"Article\",\"@id\":\"https:\/\/www.hoecker.eu\/blog\/vosgerau-dreht-das-spiel-gegen-correctiv-in-der-zweiten-halbzeit-zwei-weitere-correctiv-falschbehauptungen-zum-potsdam-treffen-verboten-jetzt-steht-es-31-fuer-vosgerau\/#article\",\"isPartOf\":{\"@id\":\"https:\/\/www.hoecker.eu\/blog\/vosgerau-dreht-das-spiel-gegen-correctiv-in-der-zweiten-halbzeit-zwei-weitere-correctiv-falschbehauptungen-zum-potsdam-treffen-verboten-jetzt-steht-es-31-fuer-vosgerau\/\"},\"author\":{\"name\":\"Dr. Carsten Brennecke\",\"@id\":\"https:\/\/www.hoecker.eu\/blog\/#\/schema\/person\/816be6ceb7fc41c0368b2869f0d5d9e5\"},\"headline\":\"Vosgerau dreht das Spiel gegen Correctiv in der zweiten Halbzeit: Zwei weitere Correctiv-Falschbehauptungen zum Potsdam-Treffen verboten \u2013 Jetzt steht es 3:1 f\u00fcr Vosgerau!\",\"datePublished\":\"2025-09-24T09:14:24+00:00\",\"dateModified\":\"2025-09-24T09:14:25+00:00\",\"mainEntityOfPage\":{\"@id\":\"https:\/\/www.hoecker.eu\/blog\/vosgerau-dreht-das-spiel-gegen-correctiv-in-der-zweiten-halbzeit-zwei-weitere-correctiv-falschbehauptungen-zum-potsdam-treffen-verboten-jetzt-steht-es-31-fuer-vosgerau\/\"},\"wordCount\":984,\"publisher\":{\"@id\":\"https:\/\/www.hoecker.eu\/blog\/#organization\"},\"keywords\":[\"Correctiv\",\"Potsdam-Treffen\",\"Vosgerau\"],\"articleSection\":[\"News\"],\"inLanguage\":\"de\"},{\"@type\":\"WebPage\",\"@id\":\"https:\/\/www.hoecker.eu\/blog\/vosgerau-dreht-das-spiel-gegen-correctiv-in-der-zweiten-halbzeit-zwei-weitere-correctiv-falschbehauptungen-zum-potsdam-treffen-verboten-jetzt-steht-es-31-fuer-vosgerau\/\",\"url\":\"https:\/\/www.hoecker.eu\/blog\/vosgerau-dreht-das-spiel-gegen-correctiv-in-der-zweiten-halbzeit-zwei-weitere-correctiv-falschbehauptungen-zum-potsdam-treffen-verboten-jetzt-steht-es-31-fuer-vosgerau\/\",\"name\":\"Vosgerau dreht das Spiel gegen Correctiv in der zweiten Halbzeit: Zwei weitere Correctiv-Falschbehauptungen zum Potsdam-Treffen verboten \u2013 Jetzt steht es 3:1 f\u00fcr Vosgerau! - H\u00d6CKER - der Blog\",\"isPartOf\":{\"@id\":\"https:\/\/www.hoecker.eu\/blog\/#website\"},\"datePublished\":\"2025-09-24T09:14:24+00:00\",\"dateModified\":\"2025-09-24T09:14:25+00:00\",\"breadcrumb\":{\"@id\":\"https:\/\/www.hoecker.eu\/blog\/vosgerau-dreht-das-spiel-gegen-correctiv-in-der-zweiten-halbzeit-zwei-weitere-correctiv-falschbehauptungen-zum-potsdam-treffen-verboten-jetzt-steht-es-31-fuer-vosgerau\/#breadcrumb\"},\"inLanguage\":\"de\",\"potentialAction\":[{\"@type\":\"ReadAction\",\"target\":[\"https:\/\/www.hoecker.eu\/blog\/vosgerau-dreht-das-spiel-gegen-correctiv-in-der-zweiten-halbzeit-zwei-weitere-correctiv-falschbehauptungen-zum-potsdam-treffen-verboten-jetzt-steht-es-31-fuer-vosgerau\/\"]}]},{\"@type\":\"BreadcrumbList\",\"@id\":\"https:\/\/www.hoecker.eu\/blog\/vosgerau-dreht-das-spiel-gegen-correctiv-in-der-zweiten-halbzeit-zwei-weitere-correctiv-falschbehauptungen-zum-potsdam-treffen-verboten-jetzt-steht-es-31-fuer-vosgerau\/#breadcrumb\",\"itemListElement\":[{\"@type\":\"ListItem\",\"position\":1,\"name\":\"Startseite\",\"item\":\"https:\/\/dev.hoecker.eu\/blog\/\"},{\"@type\":\"ListItem\",\"position\":2,\"name\":\"Vosgerau dreht das Spiel gegen Correctiv in der zweiten Halbzeit: Zwei weitere Correctiv-Falschbehauptungen zum Potsdam-Treffen verboten \u2013 Jetzt steht es 3:1 f\u00fcr Vosgerau!\"}]},{\"@type\":\"WebSite\",\"@id\":\"https:\/\/www.hoecker.eu\/blog\/#website\",\"url\":\"https:\/\/www.hoecker.eu\/blog\/\",\"name\":\"H\u00d6CKER - der Blog\",\"description\":\"Expertenblog f\u00fcr \u00c4u\u00dferungs-, Medien-, Marken-, Urheber- und Wettbewerbsrecht.\",\"publisher\":{\"@id\":\"https:\/\/www.hoecker.eu\/blog\/#organization\"},\"potentialAction\":[{\"@type\":\"SearchAction\",\"target\":{\"@type\":\"EntryPoint\",\"urlTemplate\":\"https:\/\/www.hoecker.eu\/blog\/?s={search_term_string}\"},\"query-input\":{\"@type\":\"PropertyValueSpecification\",\"valueRequired\":true,\"valueName\":\"search_term_string\"}}],\"inLanguage\":\"de\"},{\"@type\":\"Organization\",\"@id\":\"https:\/\/www.hoecker.eu\/blog\/#organization\",\"name\":\"H\u00d6CKER Rechtsanw\u00e4lte PartGmbB\",\"alternateName\":\"H\u00d6CKER\",\"url\":\"https:\/\/www.hoecker.eu\/blog\/\",\"logo\":{\"@type\":\"ImageObject\",\"inLanguage\":\"de\",\"@id\":\"https:\/\/www.hoecker.eu\/blog\/#\/schema\/logo\/image\/\",\"url\":\"https:\/\/www.hoecker.eu\/blog\/wp-content\/uploads\/2025\/03\/Blog-Logo.webp\",\"contentUrl\":\"https:\/\/www.hoecker.eu\/blog\/wp-content\/uploads\/2025\/03\/Blog-Logo.webp\",\"width\":500,\"height\":500,\"caption\":\"H\u00d6CKER Rechtsanw\u00e4lte PartGmbB\"},\"image\":{\"@id\":\"https:\/\/www.hoecker.eu\/blog\/#\/schema\/logo\/image\/\"},\"sameAs\":[\"https:\/\/www.facebook.com\/HoeckerRAe\/\",\"https:\/\/x.com\/hoecker_rae\",\"https:\/\/www.linkedin.com\/company\/hcker-rechtsanwlte\/\",\"https:\/\/www.instagram.com\/hoecker_rae\/\"],\"email\":\"contact@hoecker.eu\",\"telephone\":\"+ 49 (0)221-933 19-10\",\"legalName\":\"H\u00d6CKER Rechtsanw\u00e4lte PartGmbB\",\"numberOfEmployees\":{\"@type\":\"QuantitativeValue\",\"minValue\":\"11\",\"maxValue\":\"50\"}},{\"@type\":\"Person\",\"@id\":\"https:\/\/www.hoecker.eu\/blog\/#\/schema\/person\/816be6ceb7fc41c0368b2869f0d5d9e5\",\"name\":\"Dr. Carsten Brennecke\",\"description\":\"Rechtsanwalt f\u00fcr Presserecht, Spezialist f\u00fcr Litigation PR\",\"sameAs\":[\"https:\/\/www.hoecker.eu\/wer\/dr-carsten-brennecke\",\"https:\/\/www.linkedin.com\/in\/carsten-dr-brennecke-401b54b7\/\",\"https:\/\/x.com\/RABrennecke\"],\"url\":\"https:\/\/www.hoecker.eu\/blog\/author\/cbrennecke\/\"}]}<\/script>\n<!-- \/ Yoast SEO Premium plugin. -->","yoast_head_json":{"title":"Vosgerau dreht das Spiel gegen Correctiv in der zweiten Halbzeit: Zwei weitere Correctiv-Falschbehauptungen zum Potsdam-Treffen verboten \u2013 Jetzt steht es 3:1 f\u00fcr Vosgerau! - H\u00d6CKER - der Blog","robots":{"index":"index","follow":"follow","max-snippet":"max-snippet:-1","max-image-preview":"max-image-preview:large","max-video-preview":"max-video-preview:-1"},"canonical":"https:\/\/www.hoecker.eu\/blog\/vosgerau-dreht-das-spiel-gegen-correctiv-in-der-zweiten-halbzeit-zwei-weitere-correctiv-falschbehauptungen-zum-potsdam-treffen-verboten-jetzt-steht-es-31-fuer-vosgerau\/","og_locale":"de_DE","og_type":"article","og_title":"Vosgerau dreht das Spiel gegen Correctiv in der zweiten Halbzeit: Zwei weitere Correctiv-Falschbehauptungen zum Potsdam-Treffen verboten \u2013 Jetzt steht es 3:1 f\u00fcr Vosgerau!","og_description":"Dr. Ulrich Vosgerau (CDU) hat wieder einmal gegen die Falschberichterstattung im Correctiv-Bericht zum Potsdam-Treffen gewonnen: Das Landgericht Berlin hat Correctiv jetzt zwei weitere Falschbehauptungen im Bericht zum Potsdam-Treffen verboten (n.rk.). Verboten wurde die falsche Behauptung, Vosgerau habe in Potsdam gegen\u00fcber jungen W\u00e4hlerinnen t\u00fcrkischer Herkunft Bedenken ge\u00e4u\u00dfert, dass diese sich keine unabh\u00e4ngige Meinung bilden k\u00f6nnten. Verboten [&hellip;]","og_url":"https:\/\/www.hoecker.eu\/blog\/vosgerau-dreht-das-spiel-gegen-correctiv-in-der-zweiten-halbzeit-zwei-weitere-correctiv-falschbehauptungen-zum-potsdam-treffen-verboten-jetzt-steht-es-31-fuer-vosgerau\/","og_site_name":"H\u00d6CKER - der Blog","article_publisher":"https:\/\/www.facebook.com\/HoeckerRAe\/","article_published_time":"2025-09-24T09:14:24+00:00","article_modified_time":"2025-09-24T09:14:25+00:00","author":"Dr. Carsten Brennecke","twitter_card":"summary_large_image","twitter_creator":"@RABrennecke","twitter_site":"@hoecker_rae","twitter_misc":{"Verfasst von":"Dr. Carsten Brennecke","Gesch\u00e4tzte Lesezeit":"5\u00a0Minuten"},"schema":{"@context":"https:\/\/schema.org","@graph":[{"@type":"Article","@id":"https:\/\/www.hoecker.eu\/blog\/vosgerau-dreht-das-spiel-gegen-correctiv-in-der-zweiten-halbzeit-zwei-weitere-correctiv-falschbehauptungen-zum-potsdam-treffen-verboten-jetzt-steht-es-31-fuer-vosgerau\/#article","isPartOf":{"@id":"https:\/\/www.hoecker.eu\/blog\/vosgerau-dreht-das-spiel-gegen-correctiv-in-der-zweiten-halbzeit-zwei-weitere-correctiv-falschbehauptungen-zum-potsdam-treffen-verboten-jetzt-steht-es-31-fuer-vosgerau\/"},"author":{"name":"Dr. Carsten Brennecke","@id":"https:\/\/www.hoecker.eu\/blog\/#\/schema\/person\/816be6ceb7fc41c0368b2869f0d5d9e5"},"headline":"Vosgerau dreht das Spiel gegen Correctiv in der zweiten Halbzeit: Zwei weitere Correctiv-Falschbehauptungen zum Potsdam-Treffen verboten \u2013 Jetzt steht es 3:1 f\u00fcr Vosgerau!","datePublished":"2025-09-24T09:14:24+00:00","dateModified":"2025-09-24T09:14:25+00:00","mainEntityOfPage":{"@id":"https:\/\/www.hoecker.eu\/blog\/vosgerau-dreht-das-spiel-gegen-correctiv-in-der-zweiten-halbzeit-zwei-weitere-correctiv-falschbehauptungen-zum-potsdam-treffen-verboten-jetzt-steht-es-31-fuer-vosgerau\/"},"wordCount":984,"publisher":{"@id":"https:\/\/www.hoecker.eu\/blog\/#organization"},"keywords":["Correctiv","Potsdam-Treffen","Vosgerau"],"articleSection":["News"],"inLanguage":"de"},{"@type":"WebPage","@id":"https:\/\/www.hoecker.eu\/blog\/vosgerau-dreht-das-spiel-gegen-correctiv-in-der-zweiten-halbzeit-zwei-weitere-correctiv-falschbehauptungen-zum-potsdam-treffen-verboten-jetzt-steht-es-31-fuer-vosgerau\/","url":"https:\/\/www.hoecker.eu\/blog\/vosgerau-dreht-das-spiel-gegen-correctiv-in-der-zweiten-halbzeit-zwei-weitere-correctiv-falschbehauptungen-zum-potsdam-treffen-verboten-jetzt-steht-es-31-fuer-vosgerau\/","name":"Vosgerau dreht das Spiel gegen Correctiv in der zweiten Halbzeit: Zwei weitere Correctiv-Falschbehauptungen zum Potsdam-Treffen verboten \u2013 Jetzt steht es 3:1 f\u00fcr Vosgerau! - H\u00d6CKER - der Blog","isPartOf":{"@id":"https:\/\/www.hoecker.eu\/blog\/#website"},"datePublished":"2025-09-24T09:14:24+00:00","dateModified":"2025-09-24T09:14:25+00:00","breadcrumb":{"@id":"https:\/\/www.hoecker.eu\/blog\/vosgerau-dreht-das-spiel-gegen-correctiv-in-der-zweiten-halbzeit-zwei-weitere-correctiv-falschbehauptungen-zum-potsdam-treffen-verboten-jetzt-steht-es-31-fuer-vosgerau\/#breadcrumb"},"inLanguage":"de","potentialAction":[{"@type":"ReadAction","target":["https:\/\/www.hoecker.eu\/blog\/vosgerau-dreht-das-spiel-gegen-correctiv-in-der-zweiten-halbzeit-zwei-weitere-correctiv-falschbehauptungen-zum-potsdam-treffen-verboten-jetzt-steht-es-31-fuer-vosgerau\/"]}]},{"@type":"BreadcrumbList","@id":"https:\/\/www.hoecker.eu\/blog\/vosgerau-dreht-das-spiel-gegen-correctiv-in-der-zweiten-halbzeit-zwei-weitere-correctiv-falschbehauptungen-zum-potsdam-treffen-verboten-jetzt-steht-es-31-fuer-vosgerau\/#breadcrumb","itemListElement":[{"@type":"ListItem","position":1,"name":"Startseite","item":"https:\/\/dev.hoecker.eu\/blog\/"},{"@type":"ListItem","position":2,"name":"Vosgerau dreht das Spiel gegen Correctiv in der zweiten Halbzeit: Zwei weitere Correctiv-Falschbehauptungen zum Potsdam-Treffen verboten \u2013 Jetzt steht es 3:1 f\u00fcr Vosgerau!"}]},{"@type":"WebSite","@id":"https:\/\/www.hoecker.eu\/blog\/#website","url":"https:\/\/www.hoecker.eu\/blog\/","name":"H\u00d6CKER - der Blog","description":"Expertenblog f\u00fcr \u00c4u\u00dferungs-, Medien-, Marken-, Urheber- und Wettbewerbsrecht.","publisher":{"@id":"https:\/\/www.hoecker.eu\/blog\/#organization"},"potentialAction":[{"@type":"SearchAction","target":{"@type":"EntryPoint","urlTemplate":"https:\/\/www.hoecker.eu\/blog\/?s={search_term_string}"},"query-input":{"@type":"PropertyValueSpecification","valueRequired":true,"valueName":"search_term_string"}}],"inLanguage":"de"},{"@type":"Organization","@id":"https:\/\/www.hoecker.eu\/blog\/#organization","name":"H\u00d6CKER Rechtsanw\u00e4lte PartGmbB","alternateName":"H\u00d6CKER","url":"https:\/\/www.hoecker.eu\/blog\/","logo":{"@type":"ImageObject","inLanguage":"de","@id":"https:\/\/www.hoecker.eu\/blog\/#\/schema\/logo\/image\/","url":"https:\/\/www.hoecker.eu\/blog\/wp-content\/uploads\/2025\/03\/Blog-Logo.webp","contentUrl":"https:\/\/www.hoecker.eu\/blog\/wp-content\/uploads\/2025\/03\/Blog-Logo.webp","width":500,"height":500,"caption":"H\u00d6CKER Rechtsanw\u00e4lte PartGmbB"},"image":{"@id":"https:\/\/www.hoecker.eu\/blog\/#\/schema\/logo\/image\/"},"sameAs":["https:\/\/www.facebook.com\/HoeckerRAe\/","https:\/\/x.com\/hoecker_rae","https:\/\/www.linkedin.com\/company\/hcker-rechtsanwlte\/","https:\/\/www.instagram.com\/hoecker_rae\/"],"email":"contact@hoecker.eu","telephone":"+ 49 (0)221-933 19-10","legalName":"H\u00d6CKER Rechtsanw\u00e4lte PartGmbB","numberOfEmployees":{"@type":"QuantitativeValue","minValue":"11","maxValue":"50"}},{"@type":"Person","@id":"https:\/\/www.hoecker.eu\/blog\/#\/schema\/person\/816be6ceb7fc41c0368b2869f0d5d9e5","name":"Dr. Carsten Brennecke","description":"Rechtsanwalt f\u00fcr Presserecht, Spezialist f\u00fcr Litigation PR","sameAs":["https:\/\/www.hoecker.eu\/wer\/dr-carsten-brennecke","https:\/\/www.linkedin.com\/in\/carsten-dr-brennecke-401b54b7\/","https:\/\/x.com\/RABrennecke"],"url":"https:\/\/www.hoecker.eu\/blog\/author\/cbrennecke\/"}]}},"authors":[{"term_id":40,"user_id":2,"is_guest":0,"slug":"cbrennecke","display_name":"Dr. Carsten Brennecke","avatar_url":{"url":"https:\/\/www.hoecker.eu\/blog\/wp-content\/uploads\/2024\/03\/cbrennecke.jpg","url2x":"https:\/\/www.hoecker.eu\/blog\/wp-content\/uploads\/2024\/03\/cbrennecke.jpg"},"0":null,"1":"","2":"","3":"","4":"","5":"","6":"","7":"","8":"","9":"","10":"","11":""}],"_links":{"self":[{"href":"https:\/\/www.hoecker.eu\/blog\/wp-json\/wp\/v2\/posts\/10258","targetHints":{"allow":["GET"]}}],"collection":[{"href":"https:\/\/www.hoecker.eu\/blog\/wp-json\/wp\/v2\/posts"}],"about":[{"href":"https:\/\/www.hoecker.eu\/blog\/wp-json\/wp\/v2\/types\/post"}],"author":[{"embeddable":true,"href":"https:\/\/www.hoecker.eu\/blog\/wp-json\/wp\/v2\/users\/2"}],"replies":[{"embeddable":true,"href":"https:\/\/www.hoecker.eu\/blog\/wp-json\/wp\/v2\/comments?post=10258"}],"version-history":[{"count":1,"href":"https:\/\/www.hoecker.eu\/blog\/wp-json\/wp\/v2\/posts\/10258\/revisions"}],"predecessor-version":[{"id":10259,"href":"https:\/\/www.hoecker.eu\/blog\/wp-json\/wp\/v2\/posts\/10258\/revisions\/10259"}],"wp:attachment":[{"href":"https:\/\/www.hoecker.eu\/blog\/wp-json\/wp\/v2\/media?parent=10258"}],"wp:term":[{"taxonomy":"category","embeddable":true,"href":"https:\/\/www.hoecker.eu\/blog\/wp-json\/wp\/v2\/categories?post=10258"},{"taxonomy":"post_tag","embeddable":true,"href":"https:\/\/www.hoecker.eu\/blog\/wp-json\/wp\/v2\/tags?post=10258"},{"taxonomy":"hashtags","embeddable":true,"href":"https:\/\/www.hoecker.eu\/blog\/wp-json\/wp\/v2\/hashtags?post=10258"},{"taxonomy":"author","embeddable":true,"href":"https:\/\/www.hoecker.eu\/blog\/wp-json\/wp\/v2\/ppma_author?post=10258"}],"curies":[{"name":"wp","href":"https:\/\/api.w.org\/{rel}","templated":true}]}}