{"id":10246,"date":"2025-09-11T11:36:19","date_gmt":"2025-09-11T09:36:19","guid":{"rendered":"https:\/\/www.hoecker.eu\/blog\/?p=10246"},"modified":"2025-09-11T11:36:20","modified_gmt":"2025-09-11T09:36:20","slug":"warnung-an-die-presse-versicherung-von-correctiv-quelle-erik-ahrens-vor-notar-ist-wertlos-falsche-versicherung-vor-einem-notar-ist-nicht-strafbar","status":"publish","type":"post","link":"https:\/\/www.hoecker.eu\/blog\/warnung-an-die-presse-versicherung-von-correctiv-quelle-erik-ahrens-vor-notar-ist-wertlos-falsche-versicherung-vor-einem-notar-ist-nicht-strafbar\/","title":{"rendered":"++ Warnung an die Presse: Versicherung von Correctiv-\u201eQuelle\u201c Erik Ahrens vor Notar ist wertlos. Falsche Versicherung vor einem Notar ist nicht strafbar!"},"content":{"rendered":"\n<p>Correctiv versucht, Leser und Presse zur Glaubw\u00fcrdigkeit der Versicherung des \u201eZeugen\u201c Ahrens in die Irre zu f\u00fchren:<\/p>\n\n\n\n<p>Correctiv hat einen weiteren Bericht zum Potsdam-Treffen ver\u00f6ffentlicht. Der Bericht st\u00fctzt sich auf eine Aussage des unglaubw\u00fcrdigen rechtsextremen Verschw\u00f6rungstheoretikers und bekennenden L\u00fcgners Erik Ahrens.&nbsp;<\/p>\n\n\n\n<p>Correctiv teilt dazu mit, Ahrens habe die eidesstattliche Versicherung vor einem Notar abgegeben. Correctiv m\u00f6chte Lesern und Presse suggerieren, die Versicherung genie\u00dfe damit eine erh\u00f6hte Glaubw\u00fcrdigkeit, da eine falsche eidesstattliche Versicherung strafbar sein kann.<\/p>\n\n\n\n<p>Was Correctiv verschweigt: In einer vor einem Notar abgegebenen eidesstattlichen Versicherung kann man straflos l\u00fcgen. Denn eine gegen\u00fcber einem Notar abgegebene falsche eidesstattliche Versicherung ist nicht strafbar.<\/p>\n\n\n\n<p>Damit ist die vom \u201eZeugen\u201c Erik Ahrens ver\u00f6ffentlichte sogenannte \u201eVersicherung\u201c beweisrechtlich v\u00f6llig wertlos.<\/p>\n\n\n\n<p>Medien m\u00fcssen zur Erf\u00fcllung ihrer journalistischen Sorgfaltspflichten im Zuge der gebotenen Nachrecherche der Correctiv-Geschichte ber\u00fccksichtigen, dass Ahrens Versicherung keinerlei erh\u00f6hten Beweiswert hat. Bei der Berichterstattung ist zudem zu ber\u00fccksichtigen, dass sieben Teilnehmer des Potsdam-Treffens ihre Aussage vor Gericht tats\u00e4chlich vor Gericht an Eides statt versichert haben. Diese sieben Aussagen haben im Gegensatz zur Aussage von Erik Ahrens einen erh\u00f6hten Beweiswert, da eine falsche eidesstattliche Versicherung vor Gericht \u2013 anders als die falsche Versicherung vor einem Notar \u2013 strafbar ist.<\/p>\n\n\n\n<p>Dr. Carsten Brennecke: <\/p>\n\n\n\n<blockquote class=\"wp-block-quote is-layout-flow wp-block-quote-is-layout-flow\">\n<p><em>\u201eCorrectiv versucht, Leser und Medien erneut mit einer irref\u00fchrenden Berichterstattung an der Nase herumzuf\u00fchren.<\/em><br><em>Correctiv suggeriert, die zwielichtige \u201eQuelle\u201c Erik Ahrens habe eine Versicherung mit erh\u00f6htem Beweiswert abgegeben. Correctiv verschweigt, dass eine falsche Versicherung von Erik Ahrens vor dem Notar straf- und folgenlos ist.<\/em><br><em>Diese Art der Berichterstattung reiht sich nahtlos in die vorangehende irref\u00fchrende Berichterstattung zum Potsdam-Treffen ein.\u201c\u00a0<\/em><\/p>\n<\/blockquote>\n\n\n\n<p><\/p>\n\n\n\n<p><strong>Zum juristischen Hintergrund:<\/strong><\/p>\n\n\n\n<p>Gem\u00e4\u00df \u00a7 156 StGB ist die Abgabe einer falschen eidesstattlichen Versicherung mit Freiheitsstrafe bis zu drei Jahren oder mit Geldstrafe bedroht. Gesetzestext hier:&nbsp;<a href=\"https:\/\/www.gesetze-im-internet.de\/stgb\/__156.html\">https:\/\/www.gesetze-im-internet.de\/stgb\/__156.html<\/a><\/p>\n\n\n\n<p>Dies gilt allerdings nur, wenn die eidesstattliche Versicherung \u201evor einer zust\u00e4ndigen Beh\u00f6rde\u201c abgegeben wird. Ein Notar ist keine zust\u00e4ndige Beh\u00f6rde. Die Abgabe einer falschen eidesstattlichen Versicherung beim Notar gem. \u00a7 22 Abs. 2 BNotO f\u00fchrt nicht zur Strafbarkeit.<\/p>\n\n\n\n<p>Das OLG Frankfurt a.M. f\u00fchrt dazu aus (Quelle: NStZ-RR 1996, 294, beck-online):<\/p>\n\n\n\n<blockquote class=\"wp-block-quote is-layout-flow wp-block-quote-is-layout-flow\">\n<p><em>\u201eNach \u00a7 156 StGB macht sich strafbar, wer &#8216;vor einer zur Abnahme einer Versicherung an Eides Statt zust\u00e4ndigen Beh\u00f6rde eine solche Versicherung falsch abgibt&#8217;. Als solche Beh\u00f6rde ist ein Notar nur dann anzusehen, wenn die Abgabe der Erkl\u00e4rung bei ihm gesetzlich vorgesehen ist (z.B. \u00a7 2356 II BGB).&nbsp;<strong><u>Hierzu z\u00e4hlt nicht die Vorschrift des \u00a7 22 II BNotO, wonach die Aufnahme eidesstattlicher Versicherungen den Notaren in allen F\u00e4llen zusteht, in denen einer Beh\u00f6rde oder sonstigen Dienststelle eine tats\u00e4chliche Behauptung oder Aussage glaubhaft gemacht werden soll.<\/u><\/strong>&nbsp;Dieser Bestimmung kann nur die Zust\u00e4ndigkeit der Notare zur Beurkundung eidesstattlicher Versicherungen entnommen werden, was sich bereits aus der unterschiedlichen Verwendung der Begriffe der Abnahme (\u00a7 156 StGB) und der Aufnahme (\u00a7 22 II BNotO) ergibt (vgl. OLG Stuttgart, NJW 1960, 2303).&nbsp;<strong><u>Danach ist der Tatbestand des \u00a7 156 StGB erst dann erf\u00fcllt, wenn die Erkl\u00e4rung bei der Beh\u00f6rde eingegangen ist, bei der ein Beweis zu erbringen ist&nbsp;<\/u><\/strong>(vgl. Dreher\/Tr\u00f6ndle, StGB, 47. Aufl., \u00a7 156 Rdnr. 3; Willms, in: LK\u2013StGB, 10. Aufl., \u00a7 156 Rdnr. 9; Lenckner, in: Sch\u00f6nke\/Schr\u00f6der, StGB, 24. Aufl., \u00a7 156 Rdnr. 13 jew. m. w. Nachw.). Bei dieser mu\u00df es sich um eine Beh\u00f6rde handeln, die f\u00fcr die Entgegennahme eidesstattlicher Erkl\u00e4rungen zust\u00e4ndig ist.\u201c<\/em><\/p>\n<\/blockquote>\n\n\n\n<p>Rechtsprechung und Literatur sind sich einig, dass die Abgabe einer falschen eidesstattlichen Versicherung vor dem Notar nicht strafbar ist.<\/p>\n\n\n\n<p>Erst die Weiterleitung einer falschen eidesstattlichen Versicherung an die zust\u00e4ndige Beh\u00f6rde, zum Beispiel in einem Verfahren vor Gericht, f\u00fchrt dazu, dass eine eidesstattliche Versicherung im Sinne des \u00a7 156 StGB als abgegeben gilt und erst dann strafbar ist (NStZ-RR 1996, 294; Fischer, \u00a7 156 StGB Rn. 9; Lackner\/K\u00fchl\/Heger\/Heger, 31. Auflage, \u00a7 156 StGB Rn. 5; BeckOK StGB\/Kudlich, 66. Edition, \u00a7 156 StGB Rn. 13).<\/p>\n\n\n\n<p>Eine Vorlage der Versicherung vor einer \u201ezust\u00e4ndigen Beh\u00f6rde\u201c im Sinne der Strafvorschrift ist nicht erfolgt.<\/p>\n\n\n\n<p>Damit verleiht die eidesstattliche Versicherung den Aussagen von Erik Ahrens gegen\u00fcber Correctiv kein h\u00f6heres Ma\u00df an Glaubhaftigkeit.<\/p>\n","protected":false},"excerpt":{"rendered":"<p>Correctiv versucht, Leser und Presse zur Glaubw\u00fcrdigkeit der Versicherung des \u201eZeugen\u201c Ahrens in die Irre zu f\u00fchren: Correctiv hat einen weiteren Bericht zum Potsdam-Treffen ver\u00f6ffentlicht. Der Bericht st\u00fctzt sich auf eine Aussage des unglaubw\u00fcrdigen rechtsextremen Verschw\u00f6rungstheoretikers und bekennenden L\u00fcgners Erik Ahrens.&nbsp; Correctiv teilt dazu mit, Ahrens habe die eidesstattliche Versicherung vor einem Notar abgegeben. Correctiv [&hellip;]<\/p>\n","protected":false},"author":2,"featured_media":0,"comment_status":"closed","ping_status":"closed","sticky":false,"template":"","format":"standard","meta":{"_has_post_settings":[],"footnotes":""},"categories":[42],"tags":[139,181,155,138],"hashtags":[],"ppma_author":[40],"class_list":["post-10246","post","type-post","status-publish","format-standard","hentry","category-was-uns-bewegt","tag-correctiv","tag-eidesstattliche-versicherung","tag-potsdam-treffen","tag-vosgerau","author-cbrennecke"],"yoast_head":"<!-- This site is optimized with the Yoast SEO Premium plugin v25.9 (Yoast SEO v27.0) - https:\/\/yoast.com\/product\/yoast-seo-premium-wordpress\/ -->\n<title>++ Warnung an die Presse: Versicherung von Correctiv-\u201eQuelle\u201c Erik Ahrens vor Notar ist wertlos. Falsche Versicherung vor einem Notar ist nicht strafbar! - H\u00d6CKER - der Blog<\/title>\n<meta name=\"robots\" content=\"index, follow, max-snippet:-1, max-image-preview:large, max-video-preview:-1\" \/>\n<link rel=\"canonical\" href=\"https:\/\/www.hoecker.eu\/blog\/warnung-an-die-presse-versicherung-von-correctiv-quelle-erik-ahrens-vor-notar-ist-wertlos-falsche-versicherung-vor-einem-notar-ist-nicht-strafbar\/\" \/>\n<meta property=\"og:locale\" content=\"de_DE\" \/>\n<meta property=\"og:type\" content=\"article\" \/>\n<meta property=\"og:title\" content=\"++ Warnung an die Presse: Versicherung von Correctiv-\u201eQuelle\u201c Erik Ahrens vor Notar ist wertlos. Falsche Versicherung vor einem Notar ist nicht strafbar!\" \/>\n<meta property=\"og:description\" content=\"Correctiv versucht, Leser und Presse zur Glaubw\u00fcrdigkeit der Versicherung des \u201eZeugen\u201c Ahrens in die Irre zu f\u00fchren: Correctiv hat einen weiteren Bericht zum Potsdam-Treffen ver\u00f6ffentlicht. Der Bericht st\u00fctzt sich auf eine Aussage des unglaubw\u00fcrdigen rechtsextremen Verschw\u00f6rungstheoretikers und bekennenden L\u00fcgners Erik Ahrens.&nbsp; Correctiv teilt dazu mit, Ahrens habe die eidesstattliche Versicherung vor einem Notar abgegeben. Correctiv [&hellip;]\" \/>\n<meta property=\"og:url\" content=\"https:\/\/www.hoecker.eu\/blog\/warnung-an-die-presse-versicherung-von-correctiv-quelle-erik-ahrens-vor-notar-ist-wertlos-falsche-versicherung-vor-einem-notar-ist-nicht-strafbar\/\" \/>\n<meta property=\"og:site_name\" content=\"H\u00d6CKER - der Blog\" \/>\n<meta property=\"article:publisher\" content=\"https:\/\/www.facebook.com\/HoeckerRAe\/\" \/>\n<meta property=\"article:published_time\" content=\"2025-09-11T09:36:19+00:00\" \/>\n<meta property=\"article:modified_time\" content=\"2025-09-11T09:36:20+00:00\" \/>\n<meta name=\"author\" content=\"Dr. Carsten Brennecke\" \/>\n<meta name=\"twitter:card\" content=\"summary_large_image\" \/>\n<meta name=\"twitter:creator\" content=\"@RABrennecke\" \/>\n<meta name=\"twitter:site\" content=\"@hoecker_rae\" \/>\n<meta name=\"twitter:label1\" content=\"Verfasst von\" \/>\n\t<meta name=\"twitter:data1\" content=\"Dr. Carsten Brennecke\" \/>\n\t<meta name=\"twitter:label2\" content=\"Gesch\u00e4tzte Lesezeit\" \/>\n\t<meta name=\"twitter:data2\" content=\"3\u00a0Minuten\" \/>\n<script type=\"application\/ld+json\" class=\"yoast-schema-graph\">{\"@context\":\"https:\/\/schema.org\",\"@graph\":[{\"@type\":\"Article\",\"@id\":\"https:\/\/www.hoecker.eu\/blog\/warnung-an-die-presse-versicherung-von-correctiv-quelle-erik-ahrens-vor-notar-ist-wertlos-falsche-versicherung-vor-einem-notar-ist-nicht-strafbar\/#article\",\"isPartOf\":{\"@id\":\"https:\/\/www.hoecker.eu\/blog\/warnung-an-die-presse-versicherung-von-correctiv-quelle-erik-ahrens-vor-notar-ist-wertlos-falsche-versicherung-vor-einem-notar-ist-nicht-strafbar\/\"},\"author\":{\"name\":\"Dr. Carsten Brennecke\",\"@id\":\"https:\/\/www.hoecker.eu\/blog\/#\/schema\/person\/816be6ceb7fc41c0368b2869f0d5d9e5\"},\"headline\":\"++ Warnung an die Presse: Versicherung von Correctiv-\u201eQuelle\u201c Erik Ahrens vor Notar ist wertlos. Falsche Versicherung vor einem Notar ist nicht strafbar!\",\"datePublished\":\"2025-09-11T09:36:19+00:00\",\"dateModified\":\"2025-09-11T09:36:20+00:00\",\"mainEntityOfPage\":{\"@id\":\"https:\/\/www.hoecker.eu\/blog\/warnung-an-die-presse-versicherung-von-correctiv-quelle-erik-ahrens-vor-notar-ist-wertlos-falsche-versicherung-vor-einem-notar-ist-nicht-strafbar\/\"},\"wordCount\":701,\"publisher\":{\"@id\":\"https:\/\/www.hoecker.eu\/blog\/#organization\"},\"keywords\":[\"Correctiv\",\"eidesstattliche Versicherung\",\"Potsdam-Treffen\",\"Vosgerau\"],\"articleSection\":[\"Was uns bewegt\"],\"inLanguage\":\"de\"},{\"@type\":\"WebPage\",\"@id\":\"https:\/\/www.hoecker.eu\/blog\/warnung-an-die-presse-versicherung-von-correctiv-quelle-erik-ahrens-vor-notar-ist-wertlos-falsche-versicherung-vor-einem-notar-ist-nicht-strafbar\/\",\"url\":\"https:\/\/www.hoecker.eu\/blog\/warnung-an-die-presse-versicherung-von-correctiv-quelle-erik-ahrens-vor-notar-ist-wertlos-falsche-versicherung-vor-einem-notar-ist-nicht-strafbar\/\",\"name\":\"++ Warnung an die Presse: Versicherung von Correctiv-\u201eQuelle\u201c Erik Ahrens vor Notar ist wertlos. Falsche Versicherung vor einem Notar ist nicht strafbar! - H\u00d6CKER - der Blog\",\"isPartOf\":{\"@id\":\"https:\/\/www.hoecker.eu\/blog\/#website\"},\"datePublished\":\"2025-09-11T09:36:19+00:00\",\"dateModified\":\"2025-09-11T09:36:20+00:00\",\"breadcrumb\":{\"@id\":\"https:\/\/www.hoecker.eu\/blog\/warnung-an-die-presse-versicherung-von-correctiv-quelle-erik-ahrens-vor-notar-ist-wertlos-falsche-versicherung-vor-einem-notar-ist-nicht-strafbar\/#breadcrumb\"},\"inLanguage\":\"de\",\"potentialAction\":[{\"@type\":\"ReadAction\",\"target\":[\"https:\/\/www.hoecker.eu\/blog\/warnung-an-die-presse-versicherung-von-correctiv-quelle-erik-ahrens-vor-notar-ist-wertlos-falsche-versicherung-vor-einem-notar-ist-nicht-strafbar\/\"]}]},{\"@type\":\"BreadcrumbList\",\"@id\":\"https:\/\/www.hoecker.eu\/blog\/warnung-an-die-presse-versicherung-von-correctiv-quelle-erik-ahrens-vor-notar-ist-wertlos-falsche-versicherung-vor-einem-notar-ist-nicht-strafbar\/#breadcrumb\",\"itemListElement\":[{\"@type\":\"ListItem\",\"position\":1,\"name\":\"Startseite\",\"item\":\"https:\/\/dev.hoecker.eu\/blog\/\"},{\"@type\":\"ListItem\",\"position\":2,\"name\":\"++ Warnung an die Presse: Versicherung von Correctiv-\u201eQuelle\u201c Erik Ahrens vor Notar ist wertlos. Falsche Versicherung vor einem Notar ist nicht strafbar!\"}]},{\"@type\":\"WebSite\",\"@id\":\"https:\/\/www.hoecker.eu\/blog\/#website\",\"url\":\"https:\/\/www.hoecker.eu\/blog\/\",\"name\":\"H\u00d6CKER - der Blog\",\"description\":\"Expertenblog f\u00fcr \u00c4u\u00dferungs-, Medien-, Marken-, Urheber- und Wettbewerbsrecht.\",\"publisher\":{\"@id\":\"https:\/\/www.hoecker.eu\/blog\/#organization\"},\"potentialAction\":[{\"@type\":\"SearchAction\",\"target\":{\"@type\":\"EntryPoint\",\"urlTemplate\":\"https:\/\/www.hoecker.eu\/blog\/?s={search_term_string}\"},\"query-input\":{\"@type\":\"PropertyValueSpecification\",\"valueRequired\":true,\"valueName\":\"search_term_string\"}}],\"inLanguage\":\"de\"},{\"@type\":\"Organization\",\"@id\":\"https:\/\/www.hoecker.eu\/blog\/#organization\",\"name\":\"H\u00d6CKER Rechtsanw\u00e4lte PartGmbB\",\"alternateName\":\"H\u00d6CKER\",\"url\":\"https:\/\/www.hoecker.eu\/blog\/\",\"logo\":{\"@type\":\"ImageObject\",\"inLanguage\":\"de\",\"@id\":\"https:\/\/www.hoecker.eu\/blog\/#\/schema\/logo\/image\/\",\"url\":\"https:\/\/www.hoecker.eu\/blog\/wp-content\/uploads\/2025\/03\/Blog-Logo.webp\",\"contentUrl\":\"https:\/\/www.hoecker.eu\/blog\/wp-content\/uploads\/2025\/03\/Blog-Logo.webp\",\"width\":500,\"height\":500,\"caption\":\"H\u00d6CKER Rechtsanw\u00e4lte PartGmbB\"},\"image\":{\"@id\":\"https:\/\/www.hoecker.eu\/blog\/#\/schema\/logo\/image\/\"},\"sameAs\":[\"https:\/\/www.facebook.com\/HoeckerRAe\/\",\"https:\/\/x.com\/hoecker_rae\",\"https:\/\/www.linkedin.com\/company\/hcker-rechtsanwlte\/\",\"https:\/\/www.instagram.com\/hoecker_rae\/\"],\"email\":\"contact@hoecker.eu\",\"telephone\":\"+ 49 (0)221-933 19-10\",\"legalName\":\"H\u00d6CKER Rechtsanw\u00e4lte PartGmbB\",\"numberOfEmployees\":{\"@type\":\"QuantitativeValue\",\"minValue\":\"11\",\"maxValue\":\"50\"}},{\"@type\":\"Person\",\"@id\":\"https:\/\/www.hoecker.eu\/blog\/#\/schema\/person\/816be6ceb7fc41c0368b2869f0d5d9e5\",\"name\":\"Dr. Carsten Brennecke\",\"description\":\"Rechtsanwalt f\u00fcr Presserecht, Spezialist f\u00fcr Litigation PR\",\"sameAs\":[\"https:\/\/www.hoecker.eu\/wer\/dr-carsten-brennecke\",\"https:\/\/www.linkedin.com\/in\/carsten-dr-brennecke-401b54b7\/\",\"https:\/\/x.com\/RABrennecke\"],\"url\":\"https:\/\/www.hoecker.eu\/blog\/author\/cbrennecke\/\"}]}<\/script>\n<!-- \/ Yoast SEO Premium plugin. -->","yoast_head_json":{"title":"++ Warnung an die Presse: Versicherung von Correctiv-\u201eQuelle\u201c Erik Ahrens vor Notar ist wertlos. Falsche Versicherung vor einem Notar ist nicht strafbar! - H\u00d6CKER - der Blog","robots":{"index":"index","follow":"follow","max-snippet":"max-snippet:-1","max-image-preview":"max-image-preview:large","max-video-preview":"max-video-preview:-1"},"canonical":"https:\/\/www.hoecker.eu\/blog\/warnung-an-die-presse-versicherung-von-correctiv-quelle-erik-ahrens-vor-notar-ist-wertlos-falsche-versicherung-vor-einem-notar-ist-nicht-strafbar\/","og_locale":"de_DE","og_type":"article","og_title":"++ Warnung an die Presse: Versicherung von Correctiv-\u201eQuelle\u201c Erik Ahrens vor Notar ist wertlos. Falsche Versicherung vor einem Notar ist nicht strafbar!","og_description":"Correctiv versucht, Leser und Presse zur Glaubw\u00fcrdigkeit der Versicherung des \u201eZeugen\u201c Ahrens in die Irre zu f\u00fchren: Correctiv hat einen weiteren Bericht zum Potsdam-Treffen ver\u00f6ffentlicht. Der Bericht st\u00fctzt sich auf eine Aussage des unglaubw\u00fcrdigen rechtsextremen Verschw\u00f6rungstheoretikers und bekennenden L\u00fcgners Erik Ahrens.&nbsp; Correctiv teilt dazu mit, Ahrens habe die eidesstattliche Versicherung vor einem Notar abgegeben. Correctiv [&hellip;]","og_url":"https:\/\/www.hoecker.eu\/blog\/warnung-an-die-presse-versicherung-von-correctiv-quelle-erik-ahrens-vor-notar-ist-wertlos-falsche-versicherung-vor-einem-notar-ist-nicht-strafbar\/","og_site_name":"H\u00d6CKER - der Blog","article_publisher":"https:\/\/www.facebook.com\/HoeckerRAe\/","article_published_time":"2025-09-11T09:36:19+00:00","article_modified_time":"2025-09-11T09:36:20+00:00","author":"Dr. Carsten Brennecke","twitter_card":"summary_large_image","twitter_creator":"@RABrennecke","twitter_site":"@hoecker_rae","twitter_misc":{"Verfasst von":"Dr. Carsten Brennecke","Gesch\u00e4tzte Lesezeit":"3\u00a0Minuten"},"schema":{"@context":"https:\/\/schema.org","@graph":[{"@type":"Article","@id":"https:\/\/www.hoecker.eu\/blog\/warnung-an-die-presse-versicherung-von-correctiv-quelle-erik-ahrens-vor-notar-ist-wertlos-falsche-versicherung-vor-einem-notar-ist-nicht-strafbar\/#article","isPartOf":{"@id":"https:\/\/www.hoecker.eu\/blog\/warnung-an-die-presse-versicherung-von-correctiv-quelle-erik-ahrens-vor-notar-ist-wertlos-falsche-versicherung-vor-einem-notar-ist-nicht-strafbar\/"},"author":{"name":"Dr. Carsten Brennecke","@id":"https:\/\/www.hoecker.eu\/blog\/#\/schema\/person\/816be6ceb7fc41c0368b2869f0d5d9e5"},"headline":"++ Warnung an die Presse: Versicherung von Correctiv-\u201eQuelle\u201c Erik Ahrens vor Notar ist wertlos. Falsche Versicherung vor einem Notar ist nicht strafbar!","datePublished":"2025-09-11T09:36:19+00:00","dateModified":"2025-09-11T09:36:20+00:00","mainEntityOfPage":{"@id":"https:\/\/www.hoecker.eu\/blog\/warnung-an-die-presse-versicherung-von-correctiv-quelle-erik-ahrens-vor-notar-ist-wertlos-falsche-versicherung-vor-einem-notar-ist-nicht-strafbar\/"},"wordCount":701,"publisher":{"@id":"https:\/\/www.hoecker.eu\/blog\/#organization"},"keywords":["Correctiv","eidesstattliche Versicherung","Potsdam-Treffen","Vosgerau"],"articleSection":["Was uns bewegt"],"inLanguage":"de"},{"@type":"WebPage","@id":"https:\/\/www.hoecker.eu\/blog\/warnung-an-die-presse-versicherung-von-correctiv-quelle-erik-ahrens-vor-notar-ist-wertlos-falsche-versicherung-vor-einem-notar-ist-nicht-strafbar\/","url":"https:\/\/www.hoecker.eu\/blog\/warnung-an-die-presse-versicherung-von-correctiv-quelle-erik-ahrens-vor-notar-ist-wertlos-falsche-versicherung-vor-einem-notar-ist-nicht-strafbar\/","name":"++ Warnung an die Presse: Versicherung von Correctiv-\u201eQuelle\u201c Erik Ahrens vor Notar ist wertlos. Falsche Versicherung vor einem Notar ist nicht strafbar! - H\u00d6CKER - der Blog","isPartOf":{"@id":"https:\/\/www.hoecker.eu\/blog\/#website"},"datePublished":"2025-09-11T09:36:19+00:00","dateModified":"2025-09-11T09:36:20+00:00","breadcrumb":{"@id":"https:\/\/www.hoecker.eu\/blog\/warnung-an-die-presse-versicherung-von-correctiv-quelle-erik-ahrens-vor-notar-ist-wertlos-falsche-versicherung-vor-einem-notar-ist-nicht-strafbar\/#breadcrumb"},"inLanguage":"de","potentialAction":[{"@type":"ReadAction","target":["https:\/\/www.hoecker.eu\/blog\/warnung-an-die-presse-versicherung-von-correctiv-quelle-erik-ahrens-vor-notar-ist-wertlos-falsche-versicherung-vor-einem-notar-ist-nicht-strafbar\/"]}]},{"@type":"BreadcrumbList","@id":"https:\/\/www.hoecker.eu\/blog\/warnung-an-die-presse-versicherung-von-correctiv-quelle-erik-ahrens-vor-notar-ist-wertlos-falsche-versicherung-vor-einem-notar-ist-nicht-strafbar\/#breadcrumb","itemListElement":[{"@type":"ListItem","position":1,"name":"Startseite","item":"https:\/\/dev.hoecker.eu\/blog\/"},{"@type":"ListItem","position":2,"name":"++ Warnung an die Presse: Versicherung von Correctiv-\u201eQuelle\u201c Erik Ahrens vor Notar ist wertlos. Falsche Versicherung vor einem Notar ist nicht strafbar!"}]},{"@type":"WebSite","@id":"https:\/\/www.hoecker.eu\/blog\/#website","url":"https:\/\/www.hoecker.eu\/blog\/","name":"H\u00d6CKER - der Blog","description":"Expertenblog f\u00fcr \u00c4u\u00dferungs-, Medien-, Marken-, Urheber- und Wettbewerbsrecht.","publisher":{"@id":"https:\/\/www.hoecker.eu\/blog\/#organization"},"potentialAction":[{"@type":"SearchAction","target":{"@type":"EntryPoint","urlTemplate":"https:\/\/www.hoecker.eu\/blog\/?s={search_term_string}"},"query-input":{"@type":"PropertyValueSpecification","valueRequired":true,"valueName":"search_term_string"}}],"inLanguage":"de"},{"@type":"Organization","@id":"https:\/\/www.hoecker.eu\/blog\/#organization","name":"H\u00d6CKER Rechtsanw\u00e4lte PartGmbB","alternateName":"H\u00d6CKER","url":"https:\/\/www.hoecker.eu\/blog\/","logo":{"@type":"ImageObject","inLanguage":"de","@id":"https:\/\/www.hoecker.eu\/blog\/#\/schema\/logo\/image\/","url":"https:\/\/www.hoecker.eu\/blog\/wp-content\/uploads\/2025\/03\/Blog-Logo.webp","contentUrl":"https:\/\/www.hoecker.eu\/blog\/wp-content\/uploads\/2025\/03\/Blog-Logo.webp","width":500,"height":500,"caption":"H\u00d6CKER Rechtsanw\u00e4lte PartGmbB"},"image":{"@id":"https:\/\/www.hoecker.eu\/blog\/#\/schema\/logo\/image\/"},"sameAs":["https:\/\/www.facebook.com\/HoeckerRAe\/","https:\/\/x.com\/hoecker_rae","https:\/\/www.linkedin.com\/company\/hcker-rechtsanwlte\/","https:\/\/www.instagram.com\/hoecker_rae\/"],"email":"contact@hoecker.eu","telephone":"+ 49 (0)221-933 19-10","legalName":"H\u00d6CKER Rechtsanw\u00e4lte PartGmbB","numberOfEmployees":{"@type":"QuantitativeValue","minValue":"11","maxValue":"50"}},{"@type":"Person","@id":"https:\/\/www.hoecker.eu\/blog\/#\/schema\/person\/816be6ceb7fc41c0368b2869f0d5d9e5","name":"Dr. Carsten Brennecke","description":"Rechtsanwalt f\u00fcr Presserecht, Spezialist f\u00fcr Litigation PR","sameAs":["https:\/\/www.hoecker.eu\/wer\/dr-carsten-brennecke","https:\/\/www.linkedin.com\/in\/carsten-dr-brennecke-401b54b7\/","https:\/\/x.com\/RABrennecke"],"url":"https:\/\/www.hoecker.eu\/blog\/author\/cbrennecke\/"}]}},"authors":[{"term_id":40,"user_id":2,"is_guest":0,"slug":"cbrennecke","display_name":"Dr. Carsten Brennecke","avatar_url":{"url":"https:\/\/www.hoecker.eu\/blog\/wp-content\/uploads\/2024\/03\/cbrennecke.jpg","url2x":"https:\/\/www.hoecker.eu\/blog\/wp-content\/uploads\/2024\/03\/cbrennecke.jpg"},"0":null,"1":"","2":"","3":"","4":"","5":"","6":"","7":"","8":"","9":"","10":"","11":""}],"_links":{"self":[{"href":"https:\/\/www.hoecker.eu\/blog\/wp-json\/wp\/v2\/posts\/10246","targetHints":{"allow":["GET"]}}],"collection":[{"href":"https:\/\/www.hoecker.eu\/blog\/wp-json\/wp\/v2\/posts"}],"about":[{"href":"https:\/\/www.hoecker.eu\/blog\/wp-json\/wp\/v2\/types\/post"}],"author":[{"embeddable":true,"href":"https:\/\/www.hoecker.eu\/blog\/wp-json\/wp\/v2\/users\/2"}],"replies":[{"embeddable":true,"href":"https:\/\/www.hoecker.eu\/blog\/wp-json\/wp\/v2\/comments?post=10246"}],"version-history":[{"count":1,"href":"https:\/\/www.hoecker.eu\/blog\/wp-json\/wp\/v2\/posts\/10246\/revisions"}],"predecessor-version":[{"id":10247,"href":"https:\/\/www.hoecker.eu\/blog\/wp-json\/wp\/v2\/posts\/10246\/revisions\/10247"}],"wp:attachment":[{"href":"https:\/\/www.hoecker.eu\/blog\/wp-json\/wp\/v2\/media?parent=10246"}],"wp:term":[{"taxonomy":"category","embeddable":true,"href":"https:\/\/www.hoecker.eu\/blog\/wp-json\/wp\/v2\/categories?post=10246"},{"taxonomy":"post_tag","embeddable":true,"href":"https:\/\/www.hoecker.eu\/blog\/wp-json\/wp\/v2\/tags?post=10246"},{"taxonomy":"hashtags","embeddable":true,"href":"https:\/\/www.hoecker.eu\/blog\/wp-json\/wp\/v2\/hashtags?post=10246"},{"taxonomy":"author","embeddable":true,"href":"https:\/\/www.hoecker.eu\/blog\/wp-json\/wp\/v2\/ppma_author?post=10246"}],"curies":[{"name":"wp","href":"https:\/\/api.w.org\/{rel}","templated":true}]}}