{"id":10229,"date":"2025-08-13T14:31:34","date_gmt":"2025-08-13T12:31:34","guid":{"rendered":"https:\/\/www.hoecker.eu\/blog\/?p=10229"},"modified":"2025-08-13T14:31:35","modified_gmt":"2025-08-13T12:31:35","slug":"presseerklaerung-fuer-unseren-mandanten-doz-dr-stefan-weber","status":"publish","type":"post","link":"https:\/\/www.hoecker.eu\/blog\/presseerklaerung-fuer-unseren-mandanten-doz-dr-stefan-weber\/","title":{"rendered":"Presseerkl\u00e4rung f\u00fcr unseren Mandanten Doz. Dr. Stefan Weber"},"content":{"rendered":"\n<p><strong>Unser Mandant, der \u00f6sterreichische Kommunikationswissenschaftler und Privatdozent an der Universit\u00e4t Wien, Dr. Stefan Weber, wird die von den Eheleuten (Brosius-)Gersdorf geforderte Unterlassungserkl\u00e4rung nicht abgeben. Er ist auf Grundlage seiner speziellen Kenntnisse, Erfahrungen und Untersuchungen bez\u00fcglich der Doktorarbeit von Prof. Dr. Frauke Brosius-Gersdorf zu bestimmten Schlussfolgerungen gelangt, insbesondere einem zumindest partiellen Ghostwriting durch Prof. Dr. Hubertus Gersdorf. An dieser Einsch\u00e4tzung h\u00e4lt er fest. Seine Untersuchungsergebnisse haben dabei nichts mit der immer wieder von Prof. Dr. Frauke Brosius-Gersdorf bem\u00fchten angeblichen \u201eKampagne\u201c gegen ihre Person zu tun, sondern beruhen ausschlie\u00dflich auf Wissenschaft und Empirie.<\/strong><\/p>\n\n\n\n<p><strong><u>Im Einzelnen:<\/u><\/strong><\/p>\n\n\n\n<p>Im Rahmen eines wissenschaftlichen Gutachtens hat unser Mandant mit seinem Expertenteam eine Vielzahl an Text\u00fcbereinstimmungen zwischen der Doktorarbeit von Prof. Dr. Frauke Brosius-Gersdorf und der Habilitationsschrift sowie weiteren Arbeiten ihres Ehemanns festgestellt. Die Wahrscheinlichkeit, dass zwei Verfasser unabh\u00e4ngig voneinander identische oder sehr \u00e4hnliche S\u00e4tze und Abs\u00e4tze formulieren oder gleiche Zitierfehler begehen, ist sehr gering. Aufgrund der von ihm herausgestellten Besonderheiten und insbesondere der chronologischen Abfolge der ber\u00fccksichtigten Ver\u00f6ffentlichungen gelangt unser Mandant in seinem Gutachten daher zu der Einsch\u00e4tzung, dass Prof. Dr. Hubertus Gersdorf \u2013 jedenfalls teilweise \u2013 als Ghostwriter f\u00fcr seine Ehefrau t\u00e4tig geworden ist. Seine logische Schlussfolgerung aus dieser Einsch\u00e4tzung ist, dass Prof. Dr. Frauke Brosius-Gersdorf bei Einreichung ihrer Doktorarbeit eine falsche eidesstattliche Versicherung abgegeben hat.<\/p>\n\n\n\n<p>Die Eheleute (Brosius-)Gersdorf haben unseren Mandanten daraufhin abmahnen lassen. Er habe gegen die Grunds\u00e4tze der Verdachtsberichterstattung versto\u00dfen, da es schon an einem Mindestbestand an Beweistatsachen fehle. Zudem seien die Eheleute (Brosius-)Gersdorf vorab nicht angeh\u00f6rt worden.<\/p>\n\n\n\n<p>Dem sind wir f\u00fcr unseren Mandanten nun entgegengetreten. Die angegriffenen Aussagen sind nicht als Verdachts\u00e4u\u00dferungen, sondern als Schlussfolgerungen und damit Meinungs\u00e4u\u00dferungen innerhalb eines auf wissenschaftlicher Grundlage erstellten Gutachtens zu qualifizieren. Dass unser Mandant in seinem Gutachten selbst von einem \u201eVerdacht auf Ghostwriting\u201c spricht, \u00e4ndert an dieser Beurteilung nichts. Wenn schon die Wertung \u201eGhostwriting\u201c unseres Mandanten rechtlich nicht zu beanstanden ist, so gilt dies f\u00fcr die Abschw\u00e4chung \u201eVerdacht auf Ghostwriting\u201c erst recht. Zugunsten unseres Mandanten kommt au\u00dferdem das \u00e4u\u00dferungsrechtliche Gutachtenprivileg zum Tragen, nach dem es sich bei wissenschaftlichen Stellungnahmen \u2013 wie hier \u2013 in der Regel um Meinungs\u00e4u\u00dferungen handelt.<\/p>\n\n\n\n<p>Selbst wenn man dies anders sehen und von Verdachts\u00e4u\u00dferungen ausgehen wollte, h\u00e4tte unser Mandant die insoweit von den Gerichten entwickelten journalistischen Sorgfaltsanforderungen eingehalten. Vor allem spricht ein Mindestbestand an Beweistatsachen f\u00fcr ein Ghostwriting durch Prof. Dr. Hubertus Gersdorf. Dass sich die Text\u00fcberschneidungen nicht nur auf diese Weise erkl\u00e4ren lassen, \u00e4ndert daran nichts. Es ist der Verdachts\u00e4u\u00dferung immanent, dass neben dem angenommenen Verdacht immer auch alternative Geschehensabl\u00e4ufe in Betracht kommen. Es besteht auch ein besonders hohes Berichterstattungsinteresse. Kaum eine andere Person war in den letzten Wochen so sehr im Mittelpunkt der \u00f6ffentlichen Aufmerksamkeit wie Prof. Dr. Frauke Brosius-Gersdorf.<\/p>\n\n\n\n<p>Alleine das Fehlen einer vorherigen Anh\u00f6rung durch unseren Mandanten f\u00fchrt ebenfalls nicht zur Rechtswidrigkeit der \u2013 unterstellten \u2013 Verdachtsberichterstattung. Die Eheleute (Brosius-)Gersdorf haben die Vorw\u00fcrfe von Anfang an negiert und unverz\u00fcglich ein eigenes Gutachten von der Kanzlei Quaas &amp; Partner erstellen lassen, das Medienvertretern zur Verf\u00fcgung gestellt wurde. Der \u00d6ffentlichkeit ist der Standpunkt der Eheleute (Brosius-)Gersdorf daher sehr gut bekannt. Weiter ist zu ber\u00fccksichtigen, dass die BILD die Eheleute (Brosius-)Gersdorf mit dem streitgegenst\u00e4ndlichen Gutachten unseres Mandanten vorab konfrontiert, eine Stellungnahme eingeholt und diese vollst\u00e4ndig ver\u00f6ffentlicht hat. Es ist nicht ersichtlich, welchen Mehrwert eine zus\u00e4tzliche Konfrontation durch unseren Mandanten mit dem identischen Gutachten gehabt h\u00e4tte, zumal eine solche im Bereich der Plagiatspr\u00fcfung vollkommen un\u00fcblich ist.<\/p>\n\n\n\n<p>Dennoch hat unser Mandant mittlerweile \u2013 \u00fcberobligatorisch \u2013 die Stellungnahme der Eheleute (Brosius-)Gersdorf gegen\u00fcber der BILD auf seiner Internetseite eingebaut. Selbst wenn ein Gericht also von einem Versto\u00df gegen die Pflicht zur vorherigen Konfrontation ausgehen sollte, w\u00e4re dem Anh\u00f6rungserfordernis damit jetzt Gen\u00fcge getan.<\/p>\n\n\n\n<p>Rechtsanwalt Dr. Ren\u00e9 Rosenau: <em>\u201eMein Mandant dokumentiert Fakten. Fakten lassen sich nicht abmahnen, und das Gutachten verschwindet nicht, nur weil Frau Brosius-Gersdorf es gern verschwinden s\u00e4he.\u201c<\/em><\/p>\n\n\n\n<p><strong>F\u00fcr Presseanfragen in dieser Sache wenden Sie sich bitte per E-Mail an:<\/strong><\/p>\n\n\n\n<p><a href=\"mailto:rosenau@hoecker.eu\" target=\"_blank\" rel=\"noreferrer noopener\">rosenau@hoecker.eu<\/a><\/p>\n\n\n\n<p><\/p>\n","protected":false},"excerpt":{"rendered":"<p>Unser Mandant, der \u00f6sterreichische Kommunikationswissenschaftler und Privatdozent an der Universit\u00e4t Wien, Dr. Stefan Weber, wird die von den Eheleuten (Brosius-)Gersdorf geforderte Unterlassungserkl\u00e4rung nicht abgeben. Er ist auf Grundlage seiner speziellen Kenntnisse, Erfahrungen und Untersuchungen bez\u00fcglich der Doktorarbeit von Prof. Dr. Frauke Brosius-Gersdorf zu bestimmten Schlussfolgerungen gelangt, insbesondere einem zumindest partiellen Ghostwriting durch Prof. Dr. Hubertus [&hellip;]<\/p>\n","protected":false},"author":10,"featured_media":0,"comment_status":"closed","ping_status":"closed","sticky":false,"template":"","format":"standard","meta":{"_has_post_settings":[],"footnotes":""},"categories":[15],"tags":[],"hashtags":[],"ppma_author":[88],"class_list":["post-10229","post","type-post","status-publish","format-standard","hentry","category-news","author-rrosenau"],"yoast_head":"<!-- This site is optimized with the Yoast SEO Premium plugin v25.9 (Yoast SEO v27.0) - https:\/\/yoast.com\/product\/yoast-seo-premium-wordpress\/ -->\n<title>Presseerkl\u00e4rung f\u00fcr unseren Mandanten Doz. Dr. Stefan Weber - H\u00d6CKER - der Blog<\/title>\n<meta name=\"robots\" content=\"index, follow, max-snippet:-1, max-image-preview:large, max-video-preview:-1\" \/>\n<link rel=\"canonical\" href=\"https:\/\/www.hoecker.eu\/blog\/presseerklaerung-fuer-unseren-mandanten-doz-dr-stefan-weber\/\" \/>\n<meta property=\"og:locale\" content=\"de_DE\" \/>\n<meta property=\"og:type\" content=\"article\" \/>\n<meta property=\"og:title\" content=\"Presseerkl\u00e4rung f\u00fcr unseren Mandanten Doz. Dr. Stefan Weber\" \/>\n<meta property=\"og:description\" content=\"Unser Mandant, der \u00f6sterreichische Kommunikationswissenschaftler und Privatdozent an der Universit\u00e4t Wien, Dr. Stefan Weber, wird die von den Eheleuten (Brosius-)Gersdorf geforderte Unterlassungserkl\u00e4rung nicht abgeben. Er ist auf Grundlage seiner speziellen Kenntnisse, Erfahrungen und Untersuchungen bez\u00fcglich der Doktorarbeit von Prof. Dr. Frauke Brosius-Gersdorf zu bestimmten Schlussfolgerungen gelangt, insbesondere einem zumindest partiellen Ghostwriting durch Prof. Dr. Hubertus [&hellip;]\" \/>\n<meta property=\"og:url\" content=\"https:\/\/www.hoecker.eu\/blog\/presseerklaerung-fuer-unseren-mandanten-doz-dr-stefan-weber\/\" \/>\n<meta property=\"og:site_name\" content=\"H\u00d6CKER - der Blog\" \/>\n<meta property=\"article:publisher\" content=\"https:\/\/www.facebook.com\/HoeckerRAe\/\" \/>\n<meta property=\"article:published_time\" content=\"2025-08-13T12:31:34+00:00\" \/>\n<meta property=\"article:modified_time\" content=\"2025-08-13T12:31:35+00:00\" \/>\n<meta name=\"author\" content=\"Dr. Rene Rosenau\" \/>\n<meta name=\"twitter:card\" content=\"summary_large_image\" \/>\n<meta name=\"twitter:creator\" content=\"@hoecker_rae\" \/>\n<meta name=\"twitter:site\" content=\"@hoecker_rae\" \/>\n<meta name=\"twitter:label1\" content=\"Verfasst von\" \/>\n\t<meta name=\"twitter:data1\" content=\"Dr. Rene Rosenau\" \/>\n\t<meta name=\"twitter:label2\" content=\"Gesch\u00e4tzte Lesezeit\" \/>\n\t<meta name=\"twitter:data2\" content=\"4\u00a0Minuten\" \/>\n<script type=\"application\/ld+json\" class=\"yoast-schema-graph\">{\"@context\":\"https:\/\/schema.org\",\"@graph\":[{\"@type\":\"Article\",\"@id\":\"https:\/\/www.hoecker.eu\/blog\/presseerklaerung-fuer-unseren-mandanten-doz-dr-stefan-weber\/#article\",\"isPartOf\":{\"@id\":\"https:\/\/www.hoecker.eu\/blog\/presseerklaerung-fuer-unseren-mandanten-doz-dr-stefan-weber\/\"},\"author\":{\"name\":\"Dr. Rene Rosenau\",\"@id\":\"https:\/\/www.hoecker.eu\/blog\/#\/schema\/person\/c90954e0e48d3e7024c329699fdf8012\"},\"headline\":\"Presseerkl\u00e4rung f\u00fcr unseren Mandanten Doz. Dr. Stefan Weber\",\"datePublished\":\"2025-08-13T12:31:34+00:00\",\"dateModified\":\"2025-08-13T12:31:35+00:00\",\"mainEntityOfPage\":{\"@id\":\"https:\/\/www.hoecker.eu\/blog\/presseerklaerung-fuer-unseren-mandanten-doz-dr-stefan-weber\/\"},\"wordCount\":706,\"publisher\":{\"@id\":\"https:\/\/www.hoecker.eu\/blog\/#organization\"},\"articleSection\":[\"News\"],\"inLanguage\":\"de\"},{\"@type\":\"WebPage\",\"@id\":\"https:\/\/www.hoecker.eu\/blog\/presseerklaerung-fuer-unseren-mandanten-doz-dr-stefan-weber\/\",\"url\":\"https:\/\/www.hoecker.eu\/blog\/presseerklaerung-fuer-unseren-mandanten-doz-dr-stefan-weber\/\",\"name\":\"Presseerkl\u00e4rung f\u00fcr unseren Mandanten Doz. Dr. Stefan Weber - H\u00d6CKER - der Blog\",\"isPartOf\":{\"@id\":\"https:\/\/www.hoecker.eu\/blog\/#website\"},\"datePublished\":\"2025-08-13T12:31:34+00:00\",\"dateModified\":\"2025-08-13T12:31:35+00:00\",\"breadcrumb\":{\"@id\":\"https:\/\/www.hoecker.eu\/blog\/presseerklaerung-fuer-unseren-mandanten-doz-dr-stefan-weber\/#breadcrumb\"},\"inLanguage\":\"de\",\"potentialAction\":[{\"@type\":\"ReadAction\",\"target\":[\"https:\/\/www.hoecker.eu\/blog\/presseerklaerung-fuer-unseren-mandanten-doz-dr-stefan-weber\/\"]}]},{\"@type\":\"BreadcrumbList\",\"@id\":\"https:\/\/www.hoecker.eu\/blog\/presseerklaerung-fuer-unseren-mandanten-doz-dr-stefan-weber\/#breadcrumb\",\"itemListElement\":[{\"@type\":\"ListItem\",\"position\":1,\"name\":\"Startseite\",\"item\":\"https:\/\/dev.hoecker.eu\/blog\/\"},{\"@type\":\"ListItem\",\"position\":2,\"name\":\"Presseerkl\u00e4rung f\u00fcr unseren Mandanten Doz. Dr. Stefan Weber\"}]},{\"@type\":\"WebSite\",\"@id\":\"https:\/\/www.hoecker.eu\/blog\/#website\",\"url\":\"https:\/\/www.hoecker.eu\/blog\/\",\"name\":\"H\u00d6CKER - der Blog\",\"description\":\"Expertenblog f\u00fcr \u00c4u\u00dferungs-, Medien-, Marken-, Urheber- und Wettbewerbsrecht.\",\"publisher\":{\"@id\":\"https:\/\/www.hoecker.eu\/blog\/#organization\"},\"potentialAction\":[{\"@type\":\"SearchAction\",\"target\":{\"@type\":\"EntryPoint\",\"urlTemplate\":\"https:\/\/www.hoecker.eu\/blog\/?s={search_term_string}\"},\"query-input\":{\"@type\":\"PropertyValueSpecification\",\"valueRequired\":true,\"valueName\":\"search_term_string\"}}],\"inLanguage\":\"de\"},{\"@type\":\"Organization\",\"@id\":\"https:\/\/www.hoecker.eu\/blog\/#organization\",\"name\":\"H\u00d6CKER Rechtsanw\u00e4lte PartGmbB\",\"alternateName\":\"H\u00d6CKER\",\"url\":\"https:\/\/www.hoecker.eu\/blog\/\",\"logo\":{\"@type\":\"ImageObject\",\"inLanguage\":\"de\",\"@id\":\"https:\/\/www.hoecker.eu\/blog\/#\/schema\/logo\/image\/\",\"url\":\"https:\/\/www.hoecker.eu\/blog\/wp-content\/uploads\/2025\/03\/Blog-Logo.webp\",\"contentUrl\":\"https:\/\/www.hoecker.eu\/blog\/wp-content\/uploads\/2025\/03\/Blog-Logo.webp\",\"width\":500,\"height\":500,\"caption\":\"H\u00d6CKER Rechtsanw\u00e4lte PartGmbB\"},\"image\":{\"@id\":\"https:\/\/www.hoecker.eu\/blog\/#\/schema\/logo\/image\/\"},\"sameAs\":[\"https:\/\/www.facebook.com\/HoeckerRAe\/\",\"https:\/\/x.com\/hoecker_rae\",\"https:\/\/www.linkedin.com\/company\/hcker-rechtsanwlte\/\",\"https:\/\/www.instagram.com\/hoecker_rae\/\"],\"email\":\"contact@hoecker.eu\",\"telephone\":\"+ 49 (0)221-933 19-10\",\"legalName\":\"H\u00d6CKER Rechtsanw\u00e4lte PartGmbB\",\"numberOfEmployees\":{\"@type\":\"QuantitativeValue\",\"minValue\":\"11\",\"maxValue\":\"50\"}},{\"@type\":\"Person\",\"@id\":\"https:\/\/www.hoecker.eu\/blog\/#\/schema\/person\/c90954e0e48d3e7024c329699fdf8012\",\"name\":\"Dr. Rene Rosenau\",\"sameAs\":[\"https:\/\/www.hoecker.eu\/wer\/dr-rene-rosenau-ll-m\"],\"url\":\"https:\/\/www.hoecker.eu\/blog\/author\/rrosenau\/\"}]}<\/script>\n<!-- \/ Yoast SEO Premium plugin. -->","yoast_head_json":{"title":"Presseerkl\u00e4rung f\u00fcr unseren Mandanten Doz. Dr. Stefan Weber - H\u00d6CKER - der Blog","robots":{"index":"index","follow":"follow","max-snippet":"max-snippet:-1","max-image-preview":"max-image-preview:large","max-video-preview":"max-video-preview:-1"},"canonical":"https:\/\/www.hoecker.eu\/blog\/presseerklaerung-fuer-unseren-mandanten-doz-dr-stefan-weber\/","og_locale":"de_DE","og_type":"article","og_title":"Presseerkl\u00e4rung f\u00fcr unseren Mandanten Doz. Dr. Stefan Weber","og_description":"Unser Mandant, der \u00f6sterreichische Kommunikationswissenschaftler und Privatdozent an der Universit\u00e4t Wien, Dr. Stefan Weber, wird die von den Eheleuten (Brosius-)Gersdorf geforderte Unterlassungserkl\u00e4rung nicht abgeben. Er ist auf Grundlage seiner speziellen Kenntnisse, Erfahrungen und Untersuchungen bez\u00fcglich der Doktorarbeit von Prof. Dr. Frauke Brosius-Gersdorf zu bestimmten Schlussfolgerungen gelangt, insbesondere einem zumindest partiellen Ghostwriting durch Prof. Dr. Hubertus [&hellip;]","og_url":"https:\/\/www.hoecker.eu\/blog\/presseerklaerung-fuer-unseren-mandanten-doz-dr-stefan-weber\/","og_site_name":"H\u00d6CKER - der Blog","article_publisher":"https:\/\/www.facebook.com\/HoeckerRAe\/","article_published_time":"2025-08-13T12:31:34+00:00","article_modified_time":"2025-08-13T12:31:35+00:00","author":"Dr. Rene Rosenau","twitter_card":"summary_large_image","twitter_creator":"@hoecker_rae","twitter_site":"@hoecker_rae","twitter_misc":{"Verfasst von":"Dr. Rene Rosenau","Gesch\u00e4tzte Lesezeit":"4\u00a0Minuten"},"schema":{"@context":"https:\/\/schema.org","@graph":[{"@type":"Article","@id":"https:\/\/www.hoecker.eu\/blog\/presseerklaerung-fuer-unseren-mandanten-doz-dr-stefan-weber\/#article","isPartOf":{"@id":"https:\/\/www.hoecker.eu\/blog\/presseerklaerung-fuer-unseren-mandanten-doz-dr-stefan-weber\/"},"author":{"name":"Dr. Rene Rosenau","@id":"https:\/\/www.hoecker.eu\/blog\/#\/schema\/person\/c90954e0e48d3e7024c329699fdf8012"},"headline":"Presseerkl\u00e4rung f\u00fcr unseren Mandanten Doz. Dr. Stefan Weber","datePublished":"2025-08-13T12:31:34+00:00","dateModified":"2025-08-13T12:31:35+00:00","mainEntityOfPage":{"@id":"https:\/\/www.hoecker.eu\/blog\/presseerklaerung-fuer-unseren-mandanten-doz-dr-stefan-weber\/"},"wordCount":706,"publisher":{"@id":"https:\/\/www.hoecker.eu\/blog\/#organization"},"articleSection":["News"],"inLanguage":"de"},{"@type":"WebPage","@id":"https:\/\/www.hoecker.eu\/blog\/presseerklaerung-fuer-unseren-mandanten-doz-dr-stefan-weber\/","url":"https:\/\/www.hoecker.eu\/blog\/presseerklaerung-fuer-unseren-mandanten-doz-dr-stefan-weber\/","name":"Presseerkl\u00e4rung f\u00fcr unseren Mandanten Doz. Dr. Stefan Weber - H\u00d6CKER - der Blog","isPartOf":{"@id":"https:\/\/www.hoecker.eu\/blog\/#website"},"datePublished":"2025-08-13T12:31:34+00:00","dateModified":"2025-08-13T12:31:35+00:00","breadcrumb":{"@id":"https:\/\/www.hoecker.eu\/blog\/presseerklaerung-fuer-unseren-mandanten-doz-dr-stefan-weber\/#breadcrumb"},"inLanguage":"de","potentialAction":[{"@type":"ReadAction","target":["https:\/\/www.hoecker.eu\/blog\/presseerklaerung-fuer-unseren-mandanten-doz-dr-stefan-weber\/"]}]},{"@type":"BreadcrumbList","@id":"https:\/\/www.hoecker.eu\/blog\/presseerklaerung-fuer-unseren-mandanten-doz-dr-stefan-weber\/#breadcrumb","itemListElement":[{"@type":"ListItem","position":1,"name":"Startseite","item":"https:\/\/dev.hoecker.eu\/blog\/"},{"@type":"ListItem","position":2,"name":"Presseerkl\u00e4rung f\u00fcr unseren Mandanten Doz. Dr. Stefan Weber"}]},{"@type":"WebSite","@id":"https:\/\/www.hoecker.eu\/blog\/#website","url":"https:\/\/www.hoecker.eu\/blog\/","name":"H\u00d6CKER - der Blog","description":"Expertenblog f\u00fcr \u00c4u\u00dferungs-, Medien-, Marken-, Urheber- und Wettbewerbsrecht.","publisher":{"@id":"https:\/\/www.hoecker.eu\/blog\/#organization"},"potentialAction":[{"@type":"SearchAction","target":{"@type":"EntryPoint","urlTemplate":"https:\/\/www.hoecker.eu\/blog\/?s={search_term_string}"},"query-input":{"@type":"PropertyValueSpecification","valueRequired":true,"valueName":"search_term_string"}}],"inLanguage":"de"},{"@type":"Organization","@id":"https:\/\/www.hoecker.eu\/blog\/#organization","name":"H\u00d6CKER Rechtsanw\u00e4lte PartGmbB","alternateName":"H\u00d6CKER","url":"https:\/\/www.hoecker.eu\/blog\/","logo":{"@type":"ImageObject","inLanguage":"de","@id":"https:\/\/www.hoecker.eu\/blog\/#\/schema\/logo\/image\/","url":"https:\/\/www.hoecker.eu\/blog\/wp-content\/uploads\/2025\/03\/Blog-Logo.webp","contentUrl":"https:\/\/www.hoecker.eu\/blog\/wp-content\/uploads\/2025\/03\/Blog-Logo.webp","width":500,"height":500,"caption":"H\u00d6CKER Rechtsanw\u00e4lte PartGmbB"},"image":{"@id":"https:\/\/www.hoecker.eu\/blog\/#\/schema\/logo\/image\/"},"sameAs":["https:\/\/www.facebook.com\/HoeckerRAe\/","https:\/\/x.com\/hoecker_rae","https:\/\/www.linkedin.com\/company\/hcker-rechtsanwlte\/","https:\/\/www.instagram.com\/hoecker_rae\/"],"email":"contact@hoecker.eu","telephone":"+ 49 (0)221-933 19-10","legalName":"H\u00d6CKER Rechtsanw\u00e4lte PartGmbB","numberOfEmployees":{"@type":"QuantitativeValue","minValue":"11","maxValue":"50"}},{"@type":"Person","@id":"https:\/\/www.hoecker.eu\/blog\/#\/schema\/person\/c90954e0e48d3e7024c329699fdf8012","name":"Dr. Rene Rosenau","sameAs":["https:\/\/www.hoecker.eu\/wer\/dr-rene-rosenau-ll-m"],"url":"https:\/\/www.hoecker.eu\/blog\/author\/rrosenau\/"}]}},"authors":[{"term_id":88,"user_id":10,"is_guest":0,"slug":"rrosenau","display_name":"Dr. Rene Rosenau","avatar_url":{"url":"https:\/\/www.hoecker.eu\/blog\/wp-content\/uploads\/2025\/02\/cropped-RRosenau.webp","url2x":"https:\/\/www.hoecker.eu\/blog\/wp-content\/uploads\/2025\/02\/cropped-RRosenau.webp"},"0":null,"1":"","2":"","3":"","4":"","5":"","6":"","7":"","8":"","9":"","10":"","11":""}],"_links":{"self":[{"href":"https:\/\/www.hoecker.eu\/blog\/wp-json\/wp\/v2\/posts\/10229","targetHints":{"allow":["GET"]}}],"collection":[{"href":"https:\/\/www.hoecker.eu\/blog\/wp-json\/wp\/v2\/posts"}],"about":[{"href":"https:\/\/www.hoecker.eu\/blog\/wp-json\/wp\/v2\/types\/post"}],"author":[{"embeddable":true,"href":"https:\/\/www.hoecker.eu\/blog\/wp-json\/wp\/v2\/users\/10"}],"replies":[{"embeddable":true,"href":"https:\/\/www.hoecker.eu\/blog\/wp-json\/wp\/v2\/comments?post=10229"}],"version-history":[{"count":2,"href":"https:\/\/www.hoecker.eu\/blog\/wp-json\/wp\/v2\/posts\/10229\/revisions"}],"predecessor-version":[{"id":10232,"href":"https:\/\/www.hoecker.eu\/blog\/wp-json\/wp\/v2\/posts\/10229\/revisions\/10232"}],"wp:attachment":[{"href":"https:\/\/www.hoecker.eu\/blog\/wp-json\/wp\/v2\/media?parent=10229"}],"wp:term":[{"taxonomy":"category","embeddable":true,"href":"https:\/\/www.hoecker.eu\/blog\/wp-json\/wp\/v2\/categories?post=10229"},{"taxonomy":"post_tag","embeddable":true,"href":"https:\/\/www.hoecker.eu\/blog\/wp-json\/wp\/v2\/tags?post=10229"},{"taxonomy":"hashtags","embeddable":true,"href":"https:\/\/www.hoecker.eu\/blog\/wp-json\/wp\/v2\/hashtags?post=10229"},{"taxonomy":"author","embeddable":true,"href":"https:\/\/www.hoecker.eu\/blog\/wp-json\/wp\/v2\/ppma_author?post=10229"}],"curies":[{"name":"wp","href":"https:\/\/api.w.org\/{rel}","templated":true}]}}