{"id":10218,"date":"2025-07-25T08:07:46","date_gmt":"2025-07-25T06:07:46","guid":{"rendered":"https:\/\/www.hoecker.eu\/blog\/?p=10218"},"modified":"2025-07-25T08:07:47","modified_gmt":"2025-07-25T06:07:47","slug":"anwaltliche-erklaerung-fuer-unsere-mandantin-caroline-bosbach-mdb","status":"publish","type":"post","link":"https:\/\/www.hoecker.eu\/blog\/anwaltliche-erklaerung-fuer-unsere-mandantin-caroline-bosbach-mdb\/","title":{"rendered":"Anwaltliche Erkl\u00e4rung f\u00fcr unsere Mandantin Caroline Bosbach MdB"},"content":{"rendered":"\n<p>Unsere Mandantin, die Bundestagsabgeordnete Caroline Bosbach (CDU), ist aktuell das Ziel einer Verleumdungskampagne. Ihr wird vorgeworfen, die CDU durch das Einbehalten von Parteigeldern in H\u00f6he von knapp 2.500 EUR aufgrund der angeblichen Scheinrechnung eines Wahlkampfhelfers gesch\u00e4digt zu haben.<\/p>\n\n\n\n<p>Die Vorw\u00fcrfe sind falsch. Sie wurden von einem kriminellen, fristlos gek\u00fcndigten fr\u00fcheren Mitarbeiter der Mandantin als Teil einer perfiden Rachekampagne konstruiert. Der entlassene Mitarbeiter hat aufgrund seiner Straftaten Unterlassungserkl\u00e4rungen gegen\u00fcber unserer Mandantin abgegeben, seinen fristlosen Rauswurf widerstandslos akzeptiert und die Anwaltskosten unserer Mandantin ersetzt. Nachdem er die Dreimonatsfrist abgewartet hat, innerhalb derer unsere Mandantin zus\u00e4tzlich noch Strafantrag gegen ihn h\u00e4tte stellen k\u00f6nnen, betreibt er nun seine Retourkutsche mit dem Ziel, unsere Mandantin zu sch\u00e4digen.<\/p>\n\n\n\n<p><strong>Keine Scheinrechnung, kein Schaden f\u00fcr die CDU<\/strong><\/p>\n\n\n\n<p>Klar ist: Es gab von Vornherein keine Scheinrechnung und keinen Schaden f\u00fcr die CDU, sondern der mit dem entlassenen Ex-Mitarbeiter unserer Mandantin kooperierende und eng befreundete Wahlkampfhelfer hat nachweislich alle von ihm gegen\u00fcber der CDU abgerechneten Leistungen erbracht. Diese Leistungen liegen uns in gut dokumentierter Form vor.\u00a0Das Motiv des Wahlkampfhelfers daf\u00fcr, sich ungew\u00f6hnlicher Weise selbst falsch zu bezichtigen, ist uns bekannt und wird im weiteren Verlauf der Untersuchung offenbar werden.<\/p>\n\n\n\n<p><strong>Bosbach hat von ihr privat verauslagte, erstattungsf\u00e4hige Wahlkampfkosten nie gegen\u00fcber der CDU abgerechnet<\/strong><\/p>\n\n\n\n<p>Ein Schaden w\u00e4re der CDU auch dann nie entstanden, wenn der Wahlkampfhelfer tats\u00e4chlich, wie er f\u00e4lschlich behauptet, nie im Wahlkampf geholfen h\u00e4tte. Denn die Mandantin hat der CDU von ihr pers\u00f6nlich ausgelegte Wahlkampfkosten\u00a0im Umfang von mehreren Tausend Euro, die sie sich h\u00e4tte erstatten lassen d\u00fcrfen, niemals zur Erstattung eingereicht.\u00a0<\/p>\n\n\n\n<p><strong>Bosbach hat zus\u00e4tzlich weitere 2500 \u20ac an die CDU \u00fcberwiesen<\/strong><\/p>\n\n\n\n<p>Obendrein hat unsere Mandantin sofort nach dem Aufkommen der fingierten Vorw\u00fcrfe zus\u00e4tzlich noch einmal 2500 \u20ac an die CDU \u00fcberwiesen, um jegliche Zweifel zu beseitigen und selbst einen in Wahrheit nie entstandenen, hypothetischen Schaden \u201eauszugleichen\u201c. Diese Summe darf und soll die CDU auf jeden Fall behalten. Es steht ihr dabei offen, ob sie die Zahlung intern als vermeintlichen \u201eSchadensersatz\u201c oder als Spende unserer Mandantin verbucht, wenn sie nach Ende ihrer Recherchen wie wir \u00fcberzeugt ist, dass ihr tats\u00e4chlich nie ein Schaden entstanden ist.<\/p>\n\n\n\n<p>Presseanfragen in dieser Sache bitten wir, Sie kumulativ an folgende E-Mail-Adressen zu richten:<br><a href=\"mailto:hoecker@hoecker.eu\">hoecker@hoecker.eu<\/a><br><a href=\"mailto:sarlak@hoecker.eu\">sarlak@hoecker.eu<\/a><\/p>\n\n\n\n<p><em>Rechtsanwalt Prof. Dr. Ralf H\u00f6cker, LL.M. (London)<\/em><\/p>\n\n\n\n<p><\/p>\n","protected":false},"excerpt":{"rendered":"<p>Unsere Mandantin, die Bundestagsabgeordnete Caroline Bosbach (CDU), ist aktuell das Ziel einer Verleumdungskampagne. Ihr wird vorgeworfen, die CDU durch das Einbehalten von Parteigeldern in H\u00f6he von knapp 2.500 EUR aufgrund der angeblichen Scheinrechnung eines Wahlkampfhelfers gesch\u00e4digt zu haben. Die Vorw\u00fcrfe sind falsch. Sie wurden von einem kriminellen, fristlos gek\u00fcndigten fr\u00fcheren Mitarbeiter der Mandantin als Teil [&hellip;]<\/p>\n","protected":false},"author":1,"featured_media":0,"comment_status":"closed","ping_status":"closed","sticky":false,"template":"","format":"standard","meta":{"_has_post_settings":[],"footnotes":""},"categories":[15],"tags":[168],"hashtags":[],"ppma_author":[84],"class_list":["post-10218","post","type-post","status-publish","format-standard","hentry","category-news","tag-bosbach","author-hoecker_adm"],"yoast_head":"<!-- This site is optimized with the Yoast SEO Premium plugin v25.9 (Yoast SEO v27.0) - https:\/\/yoast.com\/product\/yoast-seo-premium-wordpress\/ -->\n<title>Anwaltliche Erkl\u00e4rung f\u00fcr unsere Mandantin Caroline Bosbach MdB - H\u00d6CKER - der Blog<\/title>\n<meta name=\"robots\" content=\"index, follow, max-snippet:-1, max-image-preview:large, max-video-preview:-1\" \/>\n<link rel=\"canonical\" href=\"https:\/\/www.hoecker.eu\/blog\/anwaltliche-erklaerung-fuer-unsere-mandantin-caroline-bosbach-mdb\/\" \/>\n<meta property=\"og:locale\" content=\"de_DE\" \/>\n<meta property=\"og:type\" content=\"article\" \/>\n<meta property=\"og:title\" content=\"Anwaltliche Erkl\u00e4rung f\u00fcr unsere Mandantin Caroline Bosbach MdB\" \/>\n<meta property=\"og:description\" content=\"Unsere Mandantin, die Bundestagsabgeordnete Caroline Bosbach (CDU), ist aktuell das Ziel einer Verleumdungskampagne. Ihr wird vorgeworfen, die CDU durch das Einbehalten von Parteigeldern in H\u00f6he von knapp 2.500 EUR aufgrund der angeblichen Scheinrechnung eines Wahlkampfhelfers gesch\u00e4digt zu haben. Die Vorw\u00fcrfe sind falsch. Sie wurden von einem kriminellen, fristlos gek\u00fcndigten fr\u00fcheren Mitarbeiter der Mandantin als Teil [&hellip;]\" \/>\n<meta property=\"og:url\" content=\"https:\/\/www.hoecker.eu\/blog\/anwaltliche-erklaerung-fuer-unsere-mandantin-caroline-bosbach-mdb\/\" \/>\n<meta property=\"og:site_name\" content=\"H\u00d6CKER - der Blog\" \/>\n<meta property=\"article:publisher\" content=\"https:\/\/www.facebook.com\/HoeckerRAe\/\" \/>\n<meta property=\"article:author\" content=\"https:\/\/www.facebook.com\/ralf.hoecker\" \/>\n<meta property=\"article:published_time\" content=\"2025-07-25T06:07:46+00:00\" \/>\n<meta property=\"article:modified_time\" content=\"2025-07-25T06:07:47+00:00\" \/>\n<meta name=\"author\" content=\"Prof. Dr. Ralf H\u00f6cker\" \/>\n<meta name=\"twitter:card\" content=\"summary_large_image\" \/>\n<meta name=\"twitter:creator\" content=\"@Ralf_Hoecker\" \/>\n<meta name=\"twitter:site\" content=\"@hoecker_rae\" \/>\n<meta name=\"twitter:label1\" content=\"Verfasst von\" \/>\n\t<meta name=\"twitter:data1\" content=\"Prof. Dr. Ralf H\u00f6cker\" \/>\n\t<meta name=\"twitter:label2\" content=\"Gesch\u00e4tzte Lesezeit\" \/>\n\t<meta name=\"twitter:data2\" content=\"3\u00a0Minuten\" \/>\n<script type=\"application\/ld+json\" class=\"yoast-schema-graph\">{\"@context\":\"https:\/\/schema.org\",\"@graph\":[{\"@type\":\"Article\",\"@id\":\"https:\/\/www.hoecker.eu\/blog\/anwaltliche-erklaerung-fuer-unsere-mandantin-caroline-bosbach-mdb\/#article\",\"isPartOf\":{\"@id\":\"https:\/\/www.hoecker.eu\/blog\/anwaltliche-erklaerung-fuer-unsere-mandantin-caroline-bosbach-mdb\/\"},\"author\":{\"name\":\"Prof. Dr. Ralf H\u00f6cker\",\"@id\":\"https:\/\/www.hoecker.eu\/blog\/#\/schema\/person\/08f95581eed0534eccd0b2438f7a1cab\"},\"headline\":\"Anwaltliche Erkl\u00e4rung f\u00fcr unsere Mandantin Caroline Bosbach MdB\",\"datePublished\":\"2025-07-25T06:07:46+00:00\",\"dateModified\":\"2025-07-25T06:07:47+00:00\",\"mainEntityOfPage\":{\"@id\":\"https:\/\/www.hoecker.eu\/blog\/anwaltliche-erklaerung-fuer-unsere-mandantin-caroline-bosbach-mdb\/\"},\"wordCount\":408,\"publisher\":{\"@id\":\"https:\/\/www.hoecker.eu\/blog\/#organization\"},\"keywords\":[\"Bosbach\"],\"articleSection\":[\"News\"],\"inLanguage\":\"de\"},{\"@type\":\"WebPage\",\"@id\":\"https:\/\/www.hoecker.eu\/blog\/anwaltliche-erklaerung-fuer-unsere-mandantin-caroline-bosbach-mdb\/\",\"url\":\"https:\/\/www.hoecker.eu\/blog\/anwaltliche-erklaerung-fuer-unsere-mandantin-caroline-bosbach-mdb\/\",\"name\":\"Anwaltliche Erkl\u00e4rung f\u00fcr unsere Mandantin Caroline Bosbach MdB - H\u00d6CKER - der Blog\",\"isPartOf\":{\"@id\":\"https:\/\/www.hoecker.eu\/blog\/#website\"},\"datePublished\":\"2025-07-25T06:07:46+00:00\",\"dateModified\":\"2025-07-25T06:07:47+00:00\",\"breadcrumb\":{\"@id\":\"https:\/\/www.hoecker.eu\/blog\/anwaltliche-erklaerung-fuer-unsere-mandantin-caroline-bosbach-mdb\/#breadcrumb\"},\"inLanguage\":\"de\",\"potentialAction\":[{\"@type\":\"ReadAction\",\"target\":[\"https:\/\/www.hoecker.eu\/blog\/anwaltliche-erklaerung-fuer-unsere-mandantin-caroline-bosbach-mdb\/\"]}]},{\"@type\":\"BreadcrumbList\",\"@id\":\"https:\/\/www.hoecker.eu\/blog\/anwaltliche-erklaerung-fuer-unsere-mandantin-caroline-bosbach-mdb\/#breadcrumb\",\"itemListElement\":[{\"@type\":\"ListItem\",\"position\":1,\"name\":\"Startseite\",\"item\":\"https:\/\/dev.hoecker.eu\/blog\/\"},{\"@type\":\"ListItem\",\"position\":2,\"name\":\"Anwaltliche Erkl\u00e4rung f\u00fcr unsere Mandantin Caroline Bosbach MdB\"}]},{\"@type\":\"WebSite\",\"@id\":\"https:\/\/www.hoecker.eu\/blog\/#website\",\"url\":\"https:\/\/www.hoecker.eu\/blog\/\",\"name\":\"H\u00d6CKER - der Blog\",\"description\":\"Expertenblog f\u00fcr \u00c4u\u00dferungs-, Medien-, Marken-, Urheber- und Wettbewerbsrecht.\",\"publisher\":{\"@id\":\"https:\/\/www.hoecker.eu\/blog\/#organization\"},\"potentialAction\":[{\"@type\":\"SearchAction\",\"target\":{\"@type\":\"EntryPoint\",\"urlTemplate\":\"https:\/\/www.hoecker.eu\/blog\/?s={search_term_string}\"},\"query-input\":{\"@type\":\"PropertyValueSpecification\",\"valueRequired\":true,\"valueName\":\"search_term_string\"}}],\"inLanguage\":\"de\"},{\"@type\":\"Organization\",\"@id\":\"https:\/\/www.hoecker.eu\/blog\/#organization\",\"name\":\"H\u00d6CKER Rechtsanw\u00e4lte PartGmbB\",\"alternateName\":\"H\u00d6CKER\",\"url\":\"https:\/\/www.hoecker.eu\/blog\/\",\"logo\":{\"@type\":\"ImageObject\",\"inLanguage\":\"de\",\"@id\":\"https:\/\/www.hoecker.eu\/blog\/#\/schema\/logo\/image\/\",\"url\":\"https:\/\/www.hoecker.eu\/blog\/wp-content\/uploads\/2025\/03\/Blog-Logo.webp\",\"contentUrl\":\"https:\/\/www.hoecker.eu\/blog\/wp-content\/uploads\/2025\/03\/Blog-Logo.webp\",\"width\":500,\"height\":500,\"caption\":\"H\u00d6CKER Rechtsanw\u00e4lte PartGmbB\"},\"image\":{\"@id\":\"https:\/\/www.hoecker.eu\/blog\/#\/schema\/logo\/image\/\"},\"sameAs\":[\"https:\/\/www.facebook.com\/HoeckerRAe\/\",\"https:\/\/x.com\/hoecker_rae\",\"https:\/\/www.linkedin.com\/company\/hcker-rechtsanwlte\/\",\"https:\/\/www.instagram.com\/hoecker_rae\/\"],\"email\":\"contact@hoecker.eu\",\"telephone\":\"+ 49 (0)221-933 19-10\",\"legalName\":\"H\u00d6CKER Rechtsanw\u00e4lte PartGmbB\",\"numberOfEmployees\":{\"@type\":\"QuantitativeValue\",\"minValue\":\"11\",\"maxValue\":\"50\"}},{\"@type\":\"Person\",\"@id\":\"https:\/\/www.hoecker.eu\/blog\/#\/schema\/person\/08f95581eed0534eccd0b2438f7a1cab\",\"name\":\"Prof. Dr. Ralf H\u00f6cker\",\"description\":\"Medienanwalt. Besch\u00fctzer vor mieser Presse\",\"sameAs\":[\"https:\/\/www.hoecker.eu\/wer\/prof-dr-ralf-hoecker\",\"https:\/\/www.facebook.com\/ralf.hoecker\",\"https:\/\/www.linkedin.com\/in\/prof-dr-ralf-hcker-ll-m-london-17987826\/\",\"https:\/\/x.com\/Ralf_Hoecker\"],\"url\":\"https:\/\/www.hoecker.eu\/blog\/author\/hoecker_adm\/\"}]}<\/script>\n<!-- \/ Yoast SEO Premium plugin. -->","yoast_head_json":{"title":"Anwaltliche Erkl\u00e4rung f\u00fcr unsere Mandantin Caroline Bosbach MdB - H\u00d6CKER - der Blog","robots":{"index":"index","follow":"follow","max-snippet":"max-snippet:-1","max-image-preview":"max-image-preview:large","max-video-preview":"max-video-preview:-1"},"canonical":"https:\/\/www.hoecker.eu\/blog\/anwaltliche-erklaerung-fuer-unsere-mandantin-caroline-bosbach-mdb\/","og_locale":"de_DE","og_type":"article","og_title":"Anwaltliche Erkl\u00e4rung f\u00fcr unsere Mandantin Caroline Bosbach MdB","og_description":"Unsere Mandantin, die Bundestagsabgeordnete Caroline Bosbach (CDU), ist aktuell das Ziel einer Verleumdungskampagne. Ihr wird vorgeworfen, die CDU durch das Einbehalten von Parteigeldern in H\u00f6he von knapp 2.500 EUR aufgrund der angeblichen Scheinrechnung eines Wahlkampfhelfers gesch\u00e4digt zu haben. Die Vorw\u00fcrfe sind falsch. Sie wurden von einem kriminellen, fristlos gek\u00fcndigten fr\u00fcheren Mitarbeiter der Mandantin als Teil [&hellip;]","og_url":"https:\/\/www.hoecker.eu\/blog\/anwaltliche-erklaerung-fuer-unsere-mandantin-caroline-bosbach-mdb\/","og_site_name":"H\u00d6CKER - der Blog","article_publisher":"https:\/\/www.facebook.com\/HoeckerRAe\/","article_author":"https:\/\/www.facebook.com\/ralf.hoecker","article_published_time":"2025-07-25T06:07:46+00:00","article_modified_time":"2025-07-25T06:07:47+00:00","author":"Prof. Dr. Ralf H\u00f6cker","twitter_card":"summary_large_image","twitter_creator":"@Ralf_Hoecker","twitter_site":"@hoecker_rae","twitter_misc":{"Verfasst von":"Prof. Dr. Ralf H\u00f6cker","Gesch\u00e4tzte Lesezeit":"3\u00a0Minuten"},"schema":{"@context":"https:\/\/schema.org","@graph":[{"@type":"Article","@id":"https:\/\/www.hoecker.eu\/blog\/anwaltliche-erklaerung-fuer-unsere-mandantin-caroline-bosbach-mdb\/#article","isPartOf":{"@id":"https:\/\/www.hoecker.eu\/blog\/anwaltliche-erklaerung-fuer-unsere-mandantin-caroline-bosbach-mdb\/"},"author":{"name":"Prof. Dr. Ralf H\u00f6cker","@id":"https:\/\/www.hoecker.eu\/blog\/#\/schema\/person\/08f95581eed0534eccd0b2438f7a1cab"},"headline":"Anwaltliche Erkl\u00e4rung f\u00fcr unsere Mandantin Caroline Bosbach MdB","datePublished":"2025-07-25T06:07:46+00:00","dateModified":"2025-07-25T06:07:47+00:00","mainEntityOfPage":{"@id":"https:\/\/www.hoecker.eu\/blog\/anwaltliche-erklaerung-fuer-unsere-mandantin-caroline-bosbach-mdb\/"},"wordCount":408,"publisher":{"@id":"https:\/\/www.hoecker.eu\/blog\/#organization"},"keywords":["Bosbach"],"articleSection":["News"],"inLanguage":"de"},{"@type":"WebPage","@id":"https:\/\/www.hoecker.eu\/blog\/anwaltliche-erklaerung-fuer-unsere-mandantin-caroline-bosbach-mdb\/","url":"https:\/\/www.hoecker.eu\/blog\/anwaltliche-erklaerung-fuer-unsere-mandantin-caroline-bosbach-mdb\/","name":"Anwaltliche Erkl\u00e4rung f\u00fcr unsere Mandantin Caroline Bosbach MdB - H\u00d6CKER - der Blog","isPartOf":{"@id":"https:\/\/www.hoecker.eu\/blog\/#website"},"datePublished":"2025-07-25T06:07:46+00:00","dateModified":"2025-07-25T06:07:47+00:00","breadcrumb":{"@id":"https:\/\/www.hoecker.eu\/blog\/anwaltliche-erklaerung-fuer-unsere-mandantin-caroline-bosbach-mdb\/#breadcrumb"},"inLanguage":"de","potentialAction":[{"@type":"ReadAction","target":["https:\/\/www.hoecker.eu\/blog\/anwaltliche-erklaerung-fuer-unsere-mandantin-caroline-bosbach-mdb\/"]}]},{"@type":"BreadcrumbList","@id":"https:\/\/www.hoecker.eu\/blog\/anwaltliche-erklaerung-fuer-unsere-mandantin-caroline-bosbach-mdb\/#breadcrumb","itemListElement":[{"@type":"ListItem","position":1,"name":"Startseite","item":"https:\/\/dev.hoecker.eu\/blog\/"},{"@type":"ListItem","position":2,"name":"Anwaltliche Erkl\u00e4rung f\u00fcr unsere Mandantin Caroline Bosbach MdB"}]},{"@type":"WebSite","@id":"https:\/\/www.hoecker.eu\/blog\/#website","url":"https:\/\/www.hoecker.eu\/blog\/","name":"H\u00d6CKER - der Blog","description":"Expertenblog f\u00fcr \u00c4u\u00dferungs-, Medien-, Marken-, Urheber- und Wettbewerbsrecht.","publisher":{"@id":"https:\/\/www.hoecker.eu\/blog\/#organization"},"potentialAction":[{"@type":"SearchAction","target":{"@type":"EntryPoint","urlTemplate":"https:\/\/www.hoecker.eu\/blog\/?s={search_term_string}"},"query-input":{"@type":"PropertyValueSpecification","valueRequired":true,"valueName":"search_term_string"}}],"inLanguage":"de"},{"@type":"Organization","@id":"https:\/\/www.hoecker.eu\/blog\/#organization","name":"H\u00d6CKER Rechtsanw\u00e4lte PartGmbB","alternateName":"H\u00d6CKER","url":"https:\/\/www.hoecker.eu\/blog\/","logo":{"@type":"ImageObject","inLanguage":"de","@id":"https:\/\/www.hoecker.eu\/blog\/#\/schema\/logo\/image\/","url":"https:\/\/www.hoecker.eu\/blog\/wp-content\/uploads\/2025\/03\/Blog-Logo.webp","contentUrl":"https:\/\/www.hoecker.eu\/blog\/wp-content\/uploads\/2025\/03\/Blog-Logo.webp","width":500,"height":500,"caption":"H\u00d6CKER Rechtsanw\u00e4lte PartGmbB"},"image":{"@id":"https:\/\/www.hoecker.eu\/blog\/#\/schema\/logo\/image\/"},"sameAs":["https:\/\/www.facebook.com\/HoeckerRAe\/","https:\/\/x.com\/hoecker_rae","https:\/\/www.linkedin.com\/company\/hcker-rechtsanwlte\/","https:\/\/www.instagram.com\/hoecker_rae\/"],"email":"contact@hoecker.eu","telephone":"+ 49 (0)221-933 19-10","legalName":"H\u00d6CKER Rechtsanw\u00e4lte PartGmbB","numberOfEmployees":{"@type":"QuantitativeValue","minValue":"11","maxValue":"50"}},{"@type":"Person","@id":"https:\/\/www.hoecker.eu\/blog\/#\/schema\/person\/08f95581eed0534eccd0b2438f7a1cab","name":"Prof. Dr. Ralf H\u00f6cker","description":"Medienanwalt. Besch\u00fctzer vor mieser Presse","sameAs":["https:\/\/www.hoecker.eu\/wer\/prof-dr-ralf-hoecker","https:\/\/www.facebook.com\/ralf.hoecker","https:\/\/www.linkedin.com\/in\/prof-dr-ralf-hcker-ll-m-london-17987826\/","https:\/\/x.com\/Ralf_Hoecker"],"url":"https:\/\/www.hoecker.eu\/blog\/author\/hoecker_adm\/"}]}},"authors":[{"term_id":84,"user_id":1,"is_guest":0,"slug":"hoecker_adm","display_name":"Prof. Dr. Ralf H\u00f6cker","avatar_url":{"url":"https:\/\/www.hoecker.eu\/blog\/wp-content\/uploads\/2023\/12\/ProfDrRalfHoecker.jpg","url2x":"https:\/\/www.hoecker.eu\/blog\/wp-content\/uploads\/2023\/12\/ProfDrRalfHoecker.jpg"},"0":null,"1":"","2":"","3":"","4":"","5":"","6":"","7":"","8":"","9":"","10":"","11":""}],"_links":{"self":[{"href":"https:\/\/www.hoecker.eu\/blog\/wp-json\/wp\/v2\/posts\/10218","targetHints":{"allow":["GET"]}}],"collection":[{"href":"https:\/\/www.hoecker.eu\/blog\/wp-json\/wp\/v2\/posts"}],"about":[{"href":"https:\/\/www.hoecker.eu\/blog\/wp-json\/wp\/v2\/types\/post"}],"author":[{"embeddable":true,"href":"https:\/\/www.hoecker.eu\/blog\/wp-json\/wp\/v2\/users\/1"}],"replies":[{"embeddable":true,"href":"https:\/\/www.hoecker.eu\/blog\/wp-json\/wp\/v2\/comments?post=10218"}],"version-history":[{"count":1,"href":"https:\/\/www.hoecker.eu\/blog\/wp-json\/wp\/v2\/posts\/10218\/revisions"}],"predecessor-version":[{"id":10219,"href":"https:\/\/www.hoecker.eu\/blog\/wp-json\/wp\/v2\/posts\/10218\/revisions\/10219"}],"wp:attachment":[{"href":"https:\/\/www.hoecker.eu\/blog\/wp-json\/wp\/v2\/media?parent=10218"}],"wp:term":[{"taxonomy":"category","embeddable":true,"href":"https:\/\/www.hoecker.eu\/blog\/wp-json\/wp\/v2\/categories?post=10218"},{"taxonomy":"post_tag","embeddable":true,"href":"https:\/\/www.hoecker.eu\/blog\/wp-json\/wp\/v2\/tags?post=10218"},{"taxonomy":"hashtags","embeddable":true,"href":"https:\/\/www.hoecker.eu\/blog\/wp-json\/wp\/v2\/hashtags?post=10218"},{"taxonomy":"author","embeddable":true,"href":"https:\/\/www.hoecker.eu\/blog\/wp-json\/wp\/v2\/ppma_author?post=10218"}],"curies":[{"name":"wp","href":"https:\/\/api.w.org\/{rel}","templated":true}]}}