{"id":10211,"date":"2025-07-11T17:15:14","date_gmt":"2025-07-11T15:15:14","guid":{"rendered":"https:\/\/www.hoecker.eu\/blog\/?p=10211"},"modified":"2025-07-11T17:15:15","modified_gmt":"2025-07-11T15:15:15","slug":"einstweilige-verfuegung-firmenname-schlaegt-marke","status":"publish","type":"post","link":"https:\/\/www.hoecker.eu\/blog\/einstweilige-verfuegung-firmenname-schlaegt-marke\/","title":{"rendered":"Einstweilige Verf\u00fcgung: Firmenname schl\u00e4gt Marke"},"content":{"rendered":"\n<p>Eine Mandantin wurde auf eine Marke aufmerksam, die \u201ezuf\u00e4llig\u201c genau ihrem ungew\u00f6hnlichen Firmennamen entsprach und wenige Tage sp\u00e4ter angemeldet, nachdem die Mandantin erstmals \u00f6ffentlich in Erscheinung getreten war.<\/p>\n\n\n\n<p>Jedenfalls mit der Eintragung ins Handelsregister, die noch vor der Markenanmeldung erfolgte, hatte die Mandantin ein sog. Unternehmenskennzeichen nach \u00a7 5 Abs. 2 MarkenG an dem Firmennamen erworben. Ihr standen damit priorit\u00e4ts\u00e4ltere Rechte zu. Bereits die Anmeldung einer Marke begr\u00fcndet eine Erstbegehungsgefahr, dass sie auch f\u00fcr die entsprechenden Waren bzw. Dienstleistungen benutzt wird. Die Markeninhaberin wurde daher unter Berufung auf das \u00e4ltere Unternehmenskennzeichen abgemahnt. Da sie nicht auf die Marke verzichtete, hat das LG K\u00f6ln eine einstweilige Verf\u00fcgung erlassen (Beschl. v. 13.5.2025, Az. 33 O 161\/25, rechtskr\u00e4ftig).<\/p>\n\n\n\n<p>Dr. Johannes Gr\u00e4big: \u201eDas Unternehmenskennzeichen wird in der Praxis oft untersch\u00e4tzt. Der Schutz entsteht mit der blo\u00dfen Benutzungsaufnahme im gesch\u00e4ftlichen Verkehr ohne dass es irgendwo registriert werden muss. Dadurch wird das Unternehmenskennzeichen mitunter unberechenbar. Da die Mandantin keine \u00e4lteren Markenrechte hatte, konnte sie sich gl\u00fccklicherweise auf ihren Firmennamen berufen und gegen die missbr\u00e4uchliche Marke vorgehen.\u201c<\/p>\n","protected":false},"excerpt":{"rendered":"<p>Eine Mandantin wurde auf eine Marke aufmerksam, die \u201ezuf\u00e4llig\u201c genau ihrem ungew\u00f6hnlichen Firmennamen entsprach und wenige Tage sp\u00e4ter angemeldet, nachdem die Mandantin erstmals \u00f6ffentlich in Erscheinung getreten war. Jedenfalls mit der Eintragung ins Handelsregister, die noch vor der Markenanmeldung erfolgte, hatte die Mandantin ein sog. Unternehmenskennzeichen nach \u00a7 5 Abs. 2 MarkenG an dem Firmennamen [&hellip;]<\/p>\n","protected":false},"author":3,"featured_media":10212,"comment_status":"closed","ping_status":"closed","sticky":false,"template":"","format":"standard","meta":{"_has_post_settings":[],"footnotes":""},"categories":[15],"tags":[54,157,161,162,158,159,160],"hashtags":[],"ppma_author":[51],"class_list":["post-10211","post","type-post","status-publish","format-standard","has-post-thumbnail","hentry","category-news","tag-abmahnung","tag-einstweilige-verfuegung","tag-firma","tag-firmenname","tag-marke","tag-markenrecht","tag-unternehmenskennzeichen","author-jgraebig"],"yoast_head":"<!-- This site is optimized with the Yoast SEO Premium plugin v25.9 (Yoast SEO v27.0) - https:\/\/yoast.com\/product\/yoast-seo-premium-wordpress\/ -->\n<title>Einstweilige Verf\u00fcgung: Firmenname schl\u00e4gt Marke - H\u00d6CKER - der Blog<\/title>\n<meta name=\"robots\" content=\"index, follow, max-snippet:-1, max-image-preview:large, max-video-preview:-1\" \/>\n<link rel=\"canonical\" href=\"https:\/\/www.hoecker.eu\/blog\/einstweilige-verfuegung-firmenname-schlaegt-marke\/\" \/>\n<meta property=\"og:locale\" content=\"de_DE\" \/>\n<meta property=\"og:type\" content=\"article\" \/>\n<meta property=\"og:title\" content=\"Einstweilige Verf\u00fcgung: Firmenname schl\u00e4gt Marke\" \/>\n<meta property=\"og:description\" content=\"Eine Mandantin wurde auf eine Marke aufmerksam, die \u201ezuf\u00e4llig\u201c genau ihrem ungew\u00f6hnlichen Firmennamen entsprach und wenige Tage sp\u00e4ter angemeldet, nachdem die Mandantin erstmals \u00f6ffentlich in Erscheinung getreten war. Jedenfalls mit der Eintragung ins Handelsregister, die noch vor der Markenanmeldung erfolgte, hatte die Mandantin ein sog. Unternehmenskennzeichen nach \u00a7 5 Abs. 2 MarkenG an dem Firmennamen [&hellip;]\" \/>\n<meta property=\"og:url\" content=\"https:\/\/www.hoecker.eu\/blog\/einstweilige-verfuegung-firmenname-schlaegt-marke\/\" \/>\n<meta property=\"og:site_name\" content=\"H\u00d6CKER - der Blog\" \/>\n<meta property=\"article:publisher\" content=\"https:\/\/www.facebook.com\/HoeckerRAe\/\" \/>\n<meta property=\"article:published_time\" content=\"2025-07-11T15:15:14+00:00\" \/>\n<meta property=\"article:modified_time\" content=\"2025-07-11T15:15:15+00:00\" \/>\n<meta property=\"og:image\" content=\"https:\/\/www.hoecker.eu\/blog\/wp-content\/uploads\/2025\/07\/8aa61fc6-958d-48a6-bc64-935979d4700a.webp\" \/>\n\t<meta property=\"og:image:width\" content=\"1152\" \/>\n\t<meta property=\"og:image:height\" content=\"866\" \/>\n\t<meta property=\"og:image:type\" content=\"image\/webp\" \/>\n<meta name=\"author\" content=\"Dr. Johannes Gr\u00e4big\" \/>\n<meta name=\"twitter:card\" content=\"summary_large_image\" \/>\n<meta name=\"twitter:creator\" content=\"@hoecker_rae\" \/>\n<meta name=\"twitter:site\" content=\"@hoecker_rae\" \/>\n<meta name=\"twitter:label1\" content=\"Verfasst von\" \/>\n\t<meta name=\"twitter:data1\" content=\"Dr. Johannes Gr\u00e4big\" \/>\n\t<meta name=\"twitter:label2\" content=\"Gesch\u00e4tzte Lesezeit\" \/>\n\t<meta name=\"twitter:data2\" content=\"2\u00a0Minuten\" \/>\n<script type=\"application\/ld+json\" class=\"yoast-schema-graph\">{\"@context\":\"https:\/\/schema.org\",\"@graph\":[{\"@type\":\"Article\",\"@id\":\"https:\/\/www.hoecker.eu\/blog\/einstweilige-verfuegung-firmenname-schlaegt-marke\/#article\",\"isPartOf\":{\"@id\":\"https:\/\/www.hoecker.eu\/blog\/einstweilige-verfuegung-firmenname-schlaegt-marke\/\"},\"author\":{\"name\":\"Dr. Johannes Gr\u00e4big\",\"@id\":\"https:\/\/www.hoecker.eu\/blog\/#\/schema\/person\/510665b1361609f5dfd1c142ca7a706f\"},\"headline\":\"Einstweilige Verf\u00fcgung: Firmenname schl\u00e4gt Marke\",\"datePublished\":\"2025-07-11T15:15:14+00:00\",\"dateModified\":\"2025-07-11T15:15:15+00:00\",\"mainEntityOfPage\":{\"@id\":\"https:\/\/www.hoecker.eu\/blog\/einstweilige-verfuegung-firmenname-schlaegt-marke\/\"},\"wordCount\":187,\"publisher\":{\"@id\":\"https:\/\/www.hoecker.eu\/blog\/#organization\"},\"image\":{\"@id\":\"https:\/\/www.hoecker.eu\/blog\/einstweilige-verfuegung-firmenname-schlaegt-marke\/#primaryimage\"},\"thumbnailUrl\":\"https:\/\/www.hoecker.eu\/blog\/wp-content\/uploads\/2025\/07\/8aa61fc6-958d-48a6-bc64-935979d4700a.webp\",\"keywords\":[\"Abmahnung\",\"Einstweilige Verf\u00fcgung\",\"Firma\",\"Firmenname\",\"Marke\",\"Markenrecht\",\"Unternehmenskennzeichen\"],\"articleSection\":[\"News\"],\"inLanguage\":\"de\"},{\"@type\":\"WebPage\",\"@id\":\"https:\/\/www.hoecker.eu\/blog\/einstweilige-verfuegung-firmenname-schlaegt-marke\/\",\"url\":\"https:\/\/www.hoecker.eu\/blog\/einstweilige-verfuegung-firmenname-schlaegt-marke\/\",\"name\":\"Einstweilige Verf\u00fcgung: Firmenname schl\u00e4gt Marke - H\u00d6CKER - der Blog\",\"isPartOf\":{\"@id\":\"https:\/\/www.hoecker.eu\/blog\/#website\"},\"primaryImageOfPage\":{\"@id\":\"https:\/\/www.hoecker.eu\/blog\/einstweilige-verfuegung-firmenname-schlaegt-marke\/#primaryimage\"},\"image\":{\"@id\":\"https:\/\/www.hoecker.eu\/blog\/einstweilige-verfuegung-firmenname-schlaegt-marke\/#primaryimage\"},\"thumbnailUrl\":\"https:\/\/www.hoecker.eu\/blog\/wp-content\/uploads\/2025\/07\/8aa61fc6-958d-48a6-bc64-935979d4700a.webp\",\"datePublished\":\"2025-07-11T15:15:14+00:00\",\"dateModified\":\"2025-07-11T15:15:15+00:00\",\"breadcrumb\":{\"@id\":\"https:\/\/www.hoecker.eu\/blog\/einstweilige-verfuegung-firmenname-schlaegt-marke\/#breadcrumb\"},\"inLanguage\":\"de\",\"potentialAction\":[{\"@type\":\"ReadAction\",\"target\":[\"https:\/\/www.hoecker.eu\/blog\/einstweilige-verfuegung-firmenname-schlaegt-marke\/\"]}]},{\"@type\":\"ImageObject\",\"inLanguage\":\"de\",\"@id\":\"https:\/\/www.hoecker.eu\/blog\/einstweilige-verfuegung-firmenname-schlaegt-marke\/#primaryimage\",\"url\":\"https:\/\/www.hoecker.eu\/blog\/wp-content\/uploads\/2025\/07\/8aa61fc6-958d-48a6-bc64-935979d4700a.webp\",\"contentUrl\":\"https:\/\/www.hoecker.eu\/blog\/wp-content\/uploads\/2025\/07\/8aa61fc6-958d-48a6-bc64-935979d4700a.webp\",\"width\":1152,\"height\":866},{\"@type\":\"BreadcrumbList\",\"@id\":\"https:\/\/www.hoecker.eu\/blog\/einstweilige-verfuegung-firmenname-schlaegt-marke\/#breadcrumb\",\"itemListElement\":[{\"@type\":\"ListItem\",\"position\":1,\"name\":\"Startseite\",\"item\":\"https:\/\/dev.hoecker.eu\/blog\/\"},{\"@type\":\"ListItem\",\"position\":2,\"name\":\"Einstweilige Verf\u00fcgung: Firmenname schl\u00e4gt Marke\"}]},{\"@type\":\"WebSite\",\"@id\":\"https:\/\/www.hoecker.eu\/blog\/#website\",\"url\":\"https:\/\/www.hoecker.eu\/blog\/\",\"name\":\"H\u00d6CKER - der Blog\",\"description\":\"Expertenblog f\u00fcr \u00c4u\u00dferungs-, Medien-, Marken-, Urheber- und Wettbewerbsrecht.\",\"publisher\":{\"@id\":\"https:\/\/www.hoecker.eu\/blog\/#organization\"},\"potentialAction\":[{\"@type\":\"SearchAction\",\"target\":{\"@type\":\"EntryPoint\",\"urlTemplate\":\"https:\/\/www.hoecker.eu\/blog\/?s={search_term_string}\"},\"query-input\":{\"@type\":\"PropertyValueSpecification\",\"valueRequired\":true,\"valueName\":\"search_term_string\"}}],\"inLanguage\":\"de\"},{\"@type\":\"Organization\",\"@id\":\"https:\/\/www.hoecker.eu\/blog\/#organization\",\"name\":\"H\u00d6CKER Rechtsanw\u00e4lte PartGmbB\",\"alternateName\":\"H\u00d6CKER\",\"url\":\"https:\/\/www.hoecker.eu\/blog\/\",\"logo\":{\"@type\":\"ImageObject\",\"inLanguage\":\"de\",\"@id\":\"https:\/\/www.hoecker.eu\/blog\/#\/schema\/logo\/image\/\",\"url\":\"https:\/\/www.hoecker.eu\/blog\/wp-content\/uploads\/2025\/03\/Blog-Logo.webp\",\"contentUrl\":\"https:\/\/www.hoecker.eu\/blog\/wp-content\/uploads\/2025\/03\/Blog-Logo.webp\",\"width\":500,\"height\":500,\"caption\":\"H\u00d6CKER Rechtsanw\u00e4lte PartGmbB\"},\"image\":{\"@id\":\"https:\/\/www.hoecker.eu\/blog\/#\/schema\/logo\/image\/\"},\"sameAs\":[\"https:\/\/www.facebook.com\/HoeckerRAe\/\",\"https:\/\/x.com\/hoecker_rae\",\"https:\/\/www.linkedin.com\/company\/hcker-rechtsanwlte\/\",\"https:\/\/www.instagram.com\/hoecker_rae\/\"],\"email\":\"contact@hoecker.eu\",\"telephone\":\"+ 49 (0)221-933 19-10\",\"legalName\":\"H\u00d6CKER Rechtsanw\u00e4lte PartGmbB\",\"numberOfEmployees\":{\"@type\":\"QuantitativeValue\",\"minValue\":\"11\",\"maxValue\":\"50\"}},{\"@type\":\"Person\",\"@id\":\"https:\/\/www.hoecker.eu\/blog\/#\/schema\/person\/510665b1361609f5dfd1c142ca7a706f\",\"name\":\"Dr. Johannes Gr\u00e4big\",\"description\":\"Rechtsanwalt f\u00fcr IP- und Medienrecht\",\"sameAs\":[\"https:\/\/www.hoecker.eu\/wer\/dr-johannes-gr%C3%A4big\",\"https:\/\/www.linkedin.com\/in\/johannes-grbig-4996a2144\/\"],\"honorificPrefix\":\"Dr.\",\"url\":\"https:\/\/www.hoecker.eu\/blog\/author\/jgraebig\/\"}]}<\/script>\n<!-- \/ Yoast SEO Premium plugin. -->","yoast_head_json":{"title":"Einstweilige Verf\u00fcgung: Firmenname schl\u00e4gt Marke - H\u00d6CKER - der Blog","robots":{"index":"index","follow":"follow","max-snippet":"max-snippet:-1","max-image-preview":"max-image-preview:large","max-video-preview":"max-video-preview:-1"},"canonical":"https:\/\/www.hoecker.eu\/blog\/einstweilige-verfuegung-firmenname-schlaegt-marke\/","og_locale":"de_DE","og_type":"article","og_title":"Einstweilige Verf\u00fcgung: Firmenname schl\u00e4gt Marke","og_description":"Eine Mandantin wurde auf eine Marke aufmerksam, die \u201ezuf\u00e4llig\u201c genau ihrem ungew\u00f6hnlichen Firmennamen entsprach und wenige Tage sp\u00e4ter angemeldet, nachdem die Mandantin erstmals \u00f6ffentlich in Erscheinung getreten war. Jedenfalls mit der Eintragung ins Handelsregister, die noch vor der Markenanmeldung erfolgte, hatte die Mandantin ein sog. Unternehmenskennzeichen nach \u00a7 5 Abs. 2 MarkenG an dem Firmennamen [&hellip;]","og_url":"https:\/\/www.hoecker.eu\/blog\/einstweilige-verfuegung-firmenname-schlaegt-marke\/","og_site_name":"H\u00d6CKER - der Blog","article_publisher":"https:\/\/www.facebook.com\/HoeckerRAe\/","article_published_time":"2025-07-11T15:15:14+00:00","article_modified_time":"2025-07-11T15:15:15+00:00","og_image":[{"width":1152,"height":866,"url":"https:\/\/www.hoecker.eu\/blog\/wp-content\/uploads\/2025\/07\/8aa61fc6-958d-48a6-bc64-935979d4700a.webp","type":"image\/webp"}],"author":"Dr. Johannes Gr\u00e4big","twitter_card":"summary_large_image","twitter_creator":"@hoecker_rae","twitter_site":"@hoecker_rae","twitter_misc":{"Verfasst von":"Dr. Johannes Gr\u00e4big","Gesch\u00e4tzte Lesezeit":"2\u00a0Minuten"},"schema":{"@context":"https:\/\/schema.org","@graph":[{"@type":"Article","@id":"https:\/\/www.hoecker.eu\/blog\/einstweilige-verfuegung-firmenname-schlaegt-marke\/#article","isPartOf":{"@id":"https:\/\/www.hoecker.eu\/blog\/einstweilige-verfuegung-firmenname-schlaegt-marke\/"},"author":{"name":"Dr. Johannes Gr\u00e4big","@id":"https:\/\/www.hoecker.eu\/blog\/#\/schema\/person\/510665b1361609f5dfd1c142ca7a706f"},"headline":"Einstweilige Verf\u00fcgung: Firmenname schl\u00e4gt Marke","datePublished":"2025-07-11T15:15:14+00:00","dateModified":"2025-07-11T15:15:15+00:00","mainEntityOfPage":{"@id":"https:\/\/www.hoecker.eu\/blog\/einstweilige-verfuegung-firmenname-schlaegt-marke\/"},"wordCount":187,"publisher":{"@id":"https:\/\/www.hoecker.eu\/blog\/#organization"},"image":{"@id":"https:\/\/www.hoecker.eu\/blog\/einstweilige-verfuegung-firmenname-schlaegt-marke\/#primaryimage"},"thumbnailUrl":"https:\/\/www.hoecker.eu\/blog\/wp-content\/uploads\/2025\/07\/8aa61fc6-958d-48a6-bc64-935979d4700a.webp","keywords":["Abmahnung","Einstweilige Verf\u00fcgung","Firma","Firmenname","Marke","Markenrecht","Unternehmenskennzeichen"],"articleSection":["News"],"inLanguage":"de"},{"@type":"WebPage","@id":"https:\/\/www.hoecker.eu\/blog\/einstweilige-verfuegung-firmenname-schlaegt-marke\/","url":"https:\/\/www.hoecker.eu\/blog\/einstweilige-verfuegung-firmenname-schlaegt-marke\/","name":"Einstweilige Verf\u00fcgung: Firmenname schl\u00e4gt Marke - H\u00d6CKER - der Blog","isPartOf":{"@id":"https:\/\/www.hoecker.eu\/blog\/#website"},"primaryImageOfPage":{"@id":"https:\/\/www.hoecker.eu\/blog\/einstweilige-verfuegung-firmenname-schlaegt-marke\/#primaryimage"},"image":{"@id":"https:\/\/www.hoecker.eu\/blog\/einstweilige-verfuegung-firmenname-schlaegt-marke\/#primaryimage"},"thumbnailUrl":"https:\/\/www.hoecker.eu\/blog\/wp-content\/uploads\/2025\/07\/8aa61fc6-958d-48a6-bc64-935979d4700a.webp","datePublished":"2025-07-11T15:15:14+00:00","dateModified":"2025-07-11T15:15:15+00:00","breadcrumb":{"@id":"https:\/\/www.hoecker.eu\/blog\/einstweilige-verfuegung-firmenname-schlaegt-marke\/#breadcrumb"},"inLanguage":"de","potentialAction":[{"@type":"ReadAction","target":["https:\/\/www.hoecker.eu\/blog\/einstweilige-verfuegung-firmenname-schlaegt-marke\/"]}]},{"@type":"ImageObject","inLanguage":"de","@id":"https:\/\/www.hoecker.eu\/blog\/einstweilige-verfuegung-firmenname-schlaegt-marke\/#primaryimage","url":"https:\/\/www.hoecker.eu\/blog\/wp-content\/uploads\/2025\/07\/8aa61fc6-958d-48a6-bc64-935979d4700a.webp","contentUrl":"https:\/\/www.hoecker.eu\/blog\/wp-content\/uploads\/2025\/07\/8aa61fc6-958d-48a6-bc64-935979d4700a.webp","width":1152,"height":866},{"@type":"BreadcrumbList","@id":"https:\/\/www.hoecker.eu\/blog\/einstweilige-verfuegung-firmenname-schlaegt-marke\/#breadcrumb","itemListElement":[{"@type":"ListItem","position":1,"name":"Startseite","item":"https:\/\/dev.hoecker.eu\/blog\/"},{"@type":"ListItem","position":2,"name":"Einstweilige Verf\u00fcgung: Firmenname schl\u00e4gt Marke"}]},{"@type":"WebSite","@id":"https:\/\/www.hoecker.eu\/blog\/#website","url":"https:\/\/www.hoecker.eu\/blog\/","name":"H\u00d6CKER - der Blog","description":"Expertenblog f\u00fcr \u00c4u\u00dferungs-, Medien-, Marken-, Urheber- und Wettbewerbsrecht.","publisher":{"@id":"https:\/\/www.hoecker.eu\/blog\/#organization"},"potentialAction":[{"@type":"SearchAction","target":{"@type":"EntryPoint","urlTemplate":"https:\/\/www.hoecker.eu\/blog\/?s={search_term_string}"},"query-input":{"@type":"PropertyValueSpecification","valueRequired":true,"valueName":"search_term_string"}}],"inLanguage":"de"},{"@type":"Organization","@id":"https:\/\/www.hoecker.eu\/blog\/#organization","name":"H\u00d6CKER Rechtsanw\u00e4lte PartGmbB","alternateName":"H\u00d6CKER","url":"https:\/\/www.hoecker.eu\/blog\/","logo":{"@type":"ImageObject","inLanguage":"de","@id":"https:\/\/www.hoecker.eu\/blog\/#\/schema\/logo\/image\/","url":"https:\/\/www.hoecker.eu\/blog\/wp-content\/uploads\/2025\/03\/Blog-Logo.webp","contentUrl":"https:\/\/www.hoecker.eu\/blog\/wp-content\/uploads\/2025\/03\/Blog-Logo.webp","width":500,"height":500,"caption":"H\u00d6CKER Rechtsanw\u00e4lte PartGmbB"},"image":{"@id":"https:\/\/www.hoecker.eu\/blog\/#\/schema\/logo\/image\/"},"sameAs":["https:\/\/www.facebook.com\/HoeckerRAe\/","https:\/\/x.com\/hoecker_rae","https:\/\/www.linkedin.com\/company\/hcker-rechtsanwlte\/","https:\/\/www.instagram.com\/hoecker_rae\/"],"email":"contact@hoecker.eu","telephone":"+ 49 (0)221-933 19-10","legalName":"H\u00d6CKER Rechtsanw\u00e4lte PartGmbB","numberOfEmployees":{"@type":"QuantitativeValue","minValue":"11","maxValue":"50"}},{"@type":"Person","@id":"https:\/\/www.hoecker.eu\/blog\/#\/schema\/person\/510665b1361609f5dfd1c142ca7a706f","name":"Dr. Johannes Gr\u00e4big","description":"Rechtsanwalt f\u00fcr IP- und Medienrecht","sameAs":["https:\/\/www.hoecker.eu\/wer\/dr-johannes-gr%C3%A4big","https:\/\/www.linkedin.com\/in\/johannes-grbig-4996a2144\/"],"honorificPrefix":"Dr.","url":"https:\/\/www.hoecker.eu\/blog\/author\/jgraebig\/"}]}},"authors":[{"term_id":51,"user_id":3,"is_guest":0,"slug":"jgraebig","display_name":"Dr. Johannes Gr\u00e4big","avatar_url":{"url":"https:\/\/www.hoecker.eu\/blog\/wp-content\/uploads\/2025\/01\/dr.johannes.graebig.webp","url2x":"https:\/\/www.hoecker.eu\/blog\/wp-content\/uploads\/2025\/01\/dr.johannes.graebig.webp"},"0":null,"1":"","2":"","3":"","4":"","5":"","6":"","7":"","8":"","9":"","10":"","11":""}],"_links":{"self":[{"href":"https:\/\/www.hoecker.eu\/blog\/wp-json\/wp\/v2\/posts\/10211","targetHints":{"allow":["GET"]}}],"collection":[{"href":"https:\/\/www.hoecker.eu\/blog\/wp-json\/wp\/v2\/posts"}],"about":[{"href":"https:\/\/www.hoecker.eu\/blog\/wp-json\/wp\/v2\/types\/post"}],"author":[{"embeddable":true,"href":"https:\/\/www.hoecker.eu\/blog\/wp-json\/wp\/v2\/users\/3"}],"replies":[{"embeddable":true,"href":"https:\/\/www.hoecker.eu\/blog\/wp-json\/wp\/v2\/comments?post=10211"}],"version-history":[{"count":1,"href":"https:\/\/www.hoecker.eu\/blog\/wp-json\/wp\/v2\/posts\/10211\/revisions"}],"predecessor-version":[{"id":10213,"href":"https:\/\/www.hoecker.eu\/blog\/wp-json\/wp\/v2\/posts\/10211\/revisions\/10213"}],"wp:featuredmedia":[{"embeddable":true,"href":"https:\/\/www.hoecker.eu\/blog\/wp-json\/wp\/v2\/media\/10212"}],"wp:attachment":[{"href":"https:\/\/www.hoecker.eu\/blog\/wp-json\/wp\/v2\/media?parent=10211"}],"wp:term":[{"taxonomy":"category","embeddable":true,"href":"https:\/\/www.hoecker.eu\/blog\/wp-json\/wp\/v2\/categories?post=10211"},{"taxonomy":"post_tag","embeddable":true,"href":"https:\/\/www.hoecker.eu\/blog\/wp-json\/wp\/v2\/tags?post=10211"},{"taxonomy":"hashtags","embeddable":true,"href":"https:\/\/www.hoecker.eu\/blog\/wp-json\/wp\/v2\/hashtags?post=10211"},{"taxonomy":"author","embeddable":true,"href":"https:\/\/www.hoecker.eu\/blog\/wp-json\/wp\/v2\/ppma_author?post=10211"}],"curies":[{"name":"wp","href":"https:\/\/api.w.org\/{rel}","templated":true}]}}