{"id":10154,"date":"2025-04-19T06:57:52","date_gmt":"2025-04-19T04:57:52","guid":{"rendered":"https:\/\/www.hoecker.eu\/blog\/?p=10154"},"modified":"2025-04-21T05:09:52","modified_gmt":"2025-04-21T03:09:52","slug":"das-luegenverbot-der-bundesregierung-angriff-auf-die-meinungsfreiheit-und-gefahr-fuer-die-demokratie","status":"publish","type":"post","link":"https:\/\/www.hoecker.eu\/blog\/das-luegenverbot-der-bundesregierung-angriff-auf-die-meinungsfreiheit-und-gefahr-fuer-die-demokratie\/","title":{"rendered":"Das \u201eL\u00fcgenverbot\u201c der Bundesregierung: Angriff auf die Meinungsfreiheit und Gefahr f\u00fcr die Demokratie"},"content":{"rendered":"\n<p>Die neue schwarz-rote Bundesregierung hat sich im Koalitionsvertrag ein ehrgeiziges Ziel gesetzt: Die bewusste Verbreitung falscher Tatsachenbehauptungen soll beendet werden. Unter dem Signum des Kampfes gegen \u201eDesinformation\u201c und \u201eFake News\u201c will man h\u00e4rter gegen L\u00fcgen, insbesondere in sozialen Medien, vorgehen. Was manchem auf den ersten Blick als sinnvolle Ma\u00dfnahme erscheinen mag \u2013 denn wer will schon belogen werden? \u2013, entpuppt sich bei n\u00e4herer Betrachtung als juristisch und demokratisch h\u00f6chst problematisch.<\/p>\n\n\n\n<h2 class=\"wp-block-heading\" id=\"h-was-steht-im-koalitionsvertrag\">Was steht im Koalitionsvertrag?<\/h2>\n\n\n\n<p>Im Koalitionsvertrag hei\u00dft es:&nbsp;\u201eDie bewusste Verbreitung falscher Tatsachenbehauptungen ist durch die Meinungsfreiheit nicht gedeckt. Deshalb muss die staatsferne Medienaufsicht unter Wahrung der Meinungsfreiheit auf der Basis klarer gesetzlicher Vorgaben gegen Informationsmanipulation sowie Hass und Hetze vorgehen k\u00f6nnen.\u201c<\/p>\n\n\n\n<p>Das neue \u201eL\u00fcgenverbot\u201c richtet sich vor allem an Internetnutzer, aber auch an die Betreiber sozialer Plattformen. Bisher ist die Verbreitung von L\u00fcgen nicht grunds\u00e4tzlich verboten. In einem freiheitlichen Rechtsstaat darf man auch blanken Unsinn erz\u00e4hlen, egal ob man wirklich daran glaubt oder nicht. Einzige Ausnahme: Eine falsche Behauptung darf nicht das Pers\u00f6nlichkeitsrecht einer bestimmten Person verletzen. Nicht einmal unbewusst darf man \u00fcber Dritte Unwahrheiten verbreiten. Nat\u00fcrlich darf also niemand behaupten, dass zum Beispiel ein anderer vorbestraft sei, wenn das nicht stimmt.<\/p>\n\n\n\n<p>Demn\u00e4chst soll jedoch auch die bewusste Verbreitung von Falschaussagen ohne direkten Bezug zu einer konkreten Person verboten sein. \u201eDie Erde ist eine Scheibe\u201c, darauf wies mein Kanzleipartner Christian Conrad in dieser Zeitung hin, w\u00e4re eine solche Aussage. Wer so etwas sagt, k\u00f6nnte k\u00fcnftig Probleme bekommen, obwohl der Planet Erde keine Pers\u00f6nlichkeitsrechte besitzt und sich durch eine Falschbehauptung \u00fcber seine Form auch nicht gest\u00f6rt f\u00fchlen kann. Hintergrund sind die Gefahren, die nach Auffassung der Koalition mit Fake News verbunden seien. Der Koalitionsvertrag h\u00e4lt hierzu fest: \u201eGezielte Einflussnahme auf Wahlen sowie inzwischen allt\u00e4gliche Desinformation und Fake News sind ernste Bedrohungen f\u00fcr unsere Demokratie, ihre Institutionen und den gesellschaftlichen Zusammenhalt.\u201c<\/p>\n\n\n\n<p>Wer also wider besseres Wissen behauptet, dass die Erde eine Scheibe ist und so Wahlwerbung f\u00fcr eine (hypothetische) \u201eFlacherdler-Partei\u201c macht, weil diese als einzige die \u201eWahrheit\u201c erkenne, nimmt gezielt Einfluss auf Wahlen und kann demn\u00e4chst wohl sanktioniert werden. Aber auch \u201eallt\u00e4gliche Desinformation\u201c scheint ein Problem zu sein, wenn sie den \u201egesellschaftlichen Zusammenhalt\u201c bedroht. \u201eSaarl\u00e4nder begehen laut Kriminalstatistik die meisten Straftaten\u201c wird man demn\u00e4chst auch au\u00dferhalb des Wahlkampfs vermutlich nicht mehr sagen d\u00fcrfen, um keine spalterisch saarl\u00e4nderfeindlichen Gef\u00fchle zu wecken. Denn in Wahrheit geb\u00fchrt der Spitzenplatz im Kriminalit\u00e4tsranking dem Land Berlin und seinen Bewohnern.<\/p>\n\n\n\n<p>Doch die Formulierungen im Koalitionsvertrag werfen zentrale Fragen auf: Was genau ist eine \u201efalsche Tatsachenbehauptung\u201c? Was sind \u201eHass und Hetze\u201c? Wer entscheidet, was eine L\u00fcge ist und was nicht? Und ist es wirklich n\u00f6tig, die Allgemeinheit beziehungsweise \u201edie Demokratie\u201c auch vor Falschbehauptungen zu sch\u00fctzen, die keinerlei Pers\u00f6nlichkeitsrechte verletzen?<\/p>\n\n\n\n<h2 class=\"wp-block-heading\"><strong>Was ist eine L\u00fcge? Die Unsch\u00e4rfe des Begriffs der \u201efalschen Tatsachenbehauptung\u201c<\/strong><\/h2>\n\n\n\n<p>In der Theorie lassen sich Tatsachen sehr einfach von Meinungen unterscheiden \u2013 Tatsachen sind (grunds\u00e4tzlich) beweisbar, Meinungen dagegen nicht: \u201eIn der K\u00fcche des Restaurants leben Kakerlaken\u201c ist eine Tatsachenbehauptung, die sich verifizieren l\u00e4sst. Wer so etwas sagt, muss es beweisen k\u00f6nnen. \u201eDas Restaurant ist nicht gut\u201c ist hingegen eine Meinungs\u00e4u\u00dferung, denn es liegt ganz im Auge des Betrachters, ob er ein Restaurant gut findet oder nicht. Wer so etwas sagt, bewegt sich im Bereich der Meinungsfreiheit.<\/p>\n\n\n\n<p>Jeder Medienrechtler wei\u00df jedoch, dass es in der Praxis einen breiten Graubereich gibt, in dem die Abgrenzung von Tatsachenbehauptungen und Meinungs\u00e4u\u00dferungen kompliziert werden kann. \u201eDas Essen im Restaurant war zu kalt und das Bier zu warm\u201c ist ein solches Beispiel. Ab welchen Temperaturen ist ein Essen eindeutig und objektiv messbar zu kalt, und ab welchen ist ein Bier zu warm?<\/p>\n\n\n\n<p>Wenn es schon f\u00fcr Fachjuristen schwierig wird, aus derlei gemischten \u00c4u\u00dferungen einen m\u00f6glicherweise unzul\u00e4ssigen Tatsachenkern herauszudestillieren und diesen vom zul\u00e4ssigen Meinungsanteil zu trennen beziehungsweise einen vertretbaren Beurteilungsspielraum des \u00c4u\u00dfernden zu definieren, wird es f\u00fcr Laien erst recht heikel. Manch einer wird k\u00fcnftig lieber ganz darauf verzichten, seine Meinung insbesondere zu heftig umstrittenen Themen kundzutun, wenn immer die Gefahr besteht, f\u00fcr echte oder vermeintliche Falschbehauptungen sanktioniert zu werden. Die Schere im Kopf wird die Meinungsvielfalt zur Einfalt verkommen lassen.<\/p>\n\n\n\n<p>Und zweifellos wird die Medienaufsicht auch zul\u00e4ssige Meinungs\u00e4u\u00dferungen rechtswidrig sanktionieren. Bereits heute geschieht dies immer wieder, wenn etwa eine Landesmedienanstalt die schon bisher geltende Rechtslage \u00fcberdehnt und Plattformanbieter zwingen will, bestimmte vollkommen legale Postings ihrer Nutzer zu l\u00f6schen oder jedenfalls aus Deutschland nicht weiter zug\u00e4nglich zu machen. Weitgehend unbemerkt von der \u00d6ffentlichkeit k\u00e4mpft vor allem Elon Musks \u201eX\u201c gegen die \u00fcberzogene beh\u00f6rdliche Regulierungswut und verteidigt auch einzelne Nutzerpostings mit hohem Aufwand vor Gericht gegen die deutschen Landesmedienanstalten, um die Meinungsfreiheit im Netz zu sch\u00fctzen.<\/p>\n\n\n\n<p>Demn\u00e4chst soll die \u201estaatsferne Medienaufsicht\u201c mit dem L\u00fcgenverbot sogar ein noch viel m\u00e4chtigeres, weiteres Zensurwerkzeug an die Hand bekommen, um nicht nur die Nutzer, sondern auch die Plattformen noch intensiver g\u00e4ngeln zu k\u00f6nnen. Auch hier besteht die Gefahr, dass die Plattformen dem Druck nachgeben und Postings in meinungsfeindlicher Weise \u00fcberregulieren, um blo\u00df keinen \u00c4rger zu bekommen und Gerichtskosten zu sparen.<\/p>\n\n\n\n<h2 class=\"wp-block-heading\"><strong>Die Unsch\u00e4rfe der Begriffe \u201eHass und Hetze\u201c \u2013 Achtung, Willk\u00fcrgefahr!<\/strong><\/h2>\n\n\n\n<p>Die Begriffe \u201eHass und Hetze\u201c, die im Koalitionsvertrag prominent auftauchen, sind vor allem pseudojuristische Floskeln. Mein bekannter Anwaltskollege Joachim Steinh\u00f6fel nennt sie \u201etriviale Sprechblasen\u201c, und er hat recht. Die Anwendung derart schwammiger Begriffe \u00f6ffnet Willk\u00fcr und Rechtsmissbrauch T\u00fcr und Tor und schafft Unsicherheit \u2013 sowohl f\u00fcr B\u00fcrger als auch f\u00fcr Medien.<\/p>\n\n\n\n<p>\u201eHass und Hetze\u201c sind \u00fcberdies als Ankn\u00fcpfungspunkt f\u00fcr juristische Sanktionen auch deshalb ungeeignet, weil \u201eHass\u201c ein grunds\u00e4tzlich legitimes menschliches Gef\u00fchl und \u201eHetze\u201c nur ein besonders negativ konnotiertes Synonym f\u00fcr ebenfalls legales \u201eintensives Schimpfen\u201c ist. Weshalb sollte man nicht hassen oder hetzen d\u00fcrfen? Negative Gef\u00fchle und beschimpfende Gef\u00fchls\u00e4u\u00dferungen m\u00f6gen f\u00fcr den \u00c4u\u00dfernden ungesund und f\u00fcr den Beschimpften verletzend sein, geh\u00f6ren aber grunds\u00e4tzlich zu unseren verfassungsrechtlich verb\u00fcrgten Freiheiten. Denn die Rechte des einen enden nicht dort, wo die Gef\u00fchle eines anderen beginnen. Anders formuliert: Nur weil jemand sich durch eine abweichende Meinung gehasst, verhetzt und verletzt&nbsp;<em>f\u00fchlt<\/em>, hei\u00dft das nicht, dass er mit seiner Gegenmeinung recht hat und nicht auch harte und h\u00e4rteste Kritik einstecken muss.<\/p>\n\n\n\n<h2 class=\"wp-block-heading\"><strong>Wer definiert die Wahrheit? \u2013 Es darf kein \u201eWahrheitsministerium\u201c geben<\/strong><\/h2>\n\n\n\n<p>Die zentrale Gefahr eines L\u00fcgenverbots liegt jedoch in der Definitionsmacht des Staates oder staatlich beauftragter Beh\u00f6rden. Wer entscheidet, was eine L\u00fcge ist? Christian Conrad warnte in der Berliner Zeitung: \u201eEs kann nicht sein, dass sich der Staat zum Wahrheitsministerium aufschwingt.\u201c<\/p>\n\n\n\n<p>Gerade in politischen und gesellschaftlichen Debatten, an denen der Staat ein besonderes Interesse hat, gibt es selten eine absolute Wahrheit. Was heute als L\u00fcge diffamiert wird, kann morgen als legitime Position anerkannt sein. Wer 2020 behauptete, das Coronavirus stamme aus einem chinesischen Labor, galt als rassistischer Verschw\u00f6rungstheoretiker. Heute halten Experten die Wuhan-Labortheorie f\u00fcr durchaus plausibel, wenn nicht gar f\u00fcr \u00fcberwiegend wahrscheinlich.<\/p>\n\n\n\n<p>Dass die laut Koalitionsvertrag angeblich \u201estaatsferne Medienaufsicht\u201c in solchen Fragen im \u00dcbrigen wirklich so staatsfern agieren w\u00fcrde, wird man mindestens mit einem gro\u00dfen Fragezeichen versehen d\u00fcrfen.<\/p>\n\n\n\n<h2 class=\"wp-block-heading\"><strong>Fazit<\/strong><\/h2>\n\n\n\n<p>Bereits heute gibt es klare gesetzliche Grenzen des Sagbaren: Volksverhetzung, Beleidigung, \u00fcble Nachrede und Verleumdung sind strafbar. Die Leugnung des Holocaust ist explizit verboten. Falschbehauptungen \u00fcber Personen sind ebenfalls verboten. Die Rechtsprechung w\u00e4gt stets zwischen Meinungsfreiheit und Pers\u00f6nlichkeitsrechten ab. Das muss reichen. Einen dar\u00fcberhinausgehenden Regelungsbedarf gibt es von Vornherein nicht, auch nicht unter Hinweis auf den \u201eSchutz der Demokratie\u201c. \u00dcbrigens gibt es in der Demokratie auch ein Recht auf Irrtum und darauf, dass die Mehrheit falsch entscheidet.<\/p>\n\n\n\n<p>Soweit der Koalitionsvertrag vom beabsichtigten Schutz bedrohter \u201eInstitutionen\u201c spricht, kommen wir dem wahren Grund der schwarz-roten Regelungswut wohl etwas n\u00e4her. Die k\u00fcnftige Regierung scheint sich vor allem selbst vor l\u00e4stiger und \u201eunbotm\u00e4\u00dfiger\u201c Kritik sch\u00fctzen zu wollen. Dieser Wunsch kann jedoch erst recht keine Rechtfertigung f\u00fcr massive Grundrechtseingriffe darstellen.<\/p>\n\n\n\n<p>Der \u201ed\u00fcmmste anzunehmende User\u201c, der auch den gr\u00f6\u00dften Unsinn glaubt, nur weil der Nutzer \u201asandm\u00e4nnchen08\/15\u2018 ihn in seinem Profil verbreitet, darf im \u00dcbrigen niemals zum Ma\u00dfstab f\u00fcr die Beschneidung von Freiheitsrechten werden. Das gilt erst recht, wenn man ber\u00fccksichtigt, dass die technologische Entwicklung es inzwischen jedermann erm\u00f6glicht, falsche Tatsachenbehauptungen sofort als solche zu erkennen. Community Notes und in soziale Medien unmittelbar eingebundene KI-\u201eFaktenchecker\u201c wie Grok helfen dabei.<\/p>\n\n\n\n<p>Auch die ohnehin \u00fcberlastete Justiz sollte mit unsinnigen Verfahren \u00fcber angeblich demokratiegef\u00e4hrdende Behauptungen nicht noch zus\u00e4tzlich belastet werden. Ein generelles L\u00fcgenverbot ist mit dem Grundgesetz unvereinbar und \u00f6ffnet der Zensur T\u00fcr und Tor. Der Staat soll sich nicht zum Wahrheitsministerium aufschwingen. Die Demokratie braucht offene Debatten, auch \u00fcber Irrt\u00fcmer und Provokationen. Staatlich verordnete Wahrheiten kann und darf es nicht geben. Wer die Meinungsfreiheit beschneidet, gef\u00e4hrdet das Fundament unseres demokratischen Rechtsstaats.<\/p>\n\n\n\n<p>Die k\u00fcnftige Bundesregierung sollte daher dringend umsteuern. Die Meinungsfreiheit ist kein Sch\u00f6nwetterrecht \u2013 sie gilt auch f\u00fcr unbequeme, provozierende und sogar unsinnige \u00c4u\u00dferungen. Wer sie beschneidet, riskiert mehr als nur ein paar L\u00fcgen: Er riskiert die Freiheit.<\/p>\n\n\n\n<p><\/p>\n\n\n\n<p>Hinweis: Dieser Artikel erschien zuerst am 18. April 2025 in der <a href=\"https:\/\/www.berliner-zeitung.de\/politik-gesellschaft\/das-luegenverbot-der-bundesregierung-angriff-auf-die-meinungsfreiheit-und-gefahr-fuer-die-demokratie-li.2317586\">Berliner Zeitung<\/a>.\u00a0<\/p>\n\n\n\n<p><\/p>\n","protected":false},"excerpt":{"rendered":"<p>Die neue schwarz-rote Bundesregierung hat sich im Koalitionsvertrag ein ehrgeiziges Ziel gesetzt: Die bewusste Verbreitung falscher Tatsachenbehauptungen soll beendet werden. Unter dem Signum des Kampfes gegen \u201eDesinformation\u201c und \u201eFake News\u201c will man h\u00e4rter gegen L\u00fcgen, insbesondere in sozialen Medien, vorgehen. Was manchem auf den ersten Blick als sinnvolle Ma\u00dfnahme erscheinen mag \u2013 denn wer will [&hellip;]<\/p>\n","protected":false},"author":1,"featured_media":0,"comment_status":"closed","ping_status":"closed","sticky":false,"template":"","format":"standard","meta":{"_has_post_settings":[],"footnotes":""},"categories":[42],"tags":[149,107,151],"hashtags":[],"ppma_author":[84],"class_list":["post-10154","post","type-post","status-publish","format-standard","hentry","category-was-uns-bewegt","tag-luegenverbot","tag-meinungsfreiheit","tag-tatsachenbehauptung","author-hoecker_adm"],"yoast_head":"<!-- This site is optimized with the Yoast SEO Premium plugin v25.9 (Yoast SEO v27.0) - https:\/\/yoast.com\/product\/yoast-seo-premium-wordpress\/ -->\n<title>Das \u201eL\u00fcgenverbot\u201c der Bundesregierung: Angriff auf die Meinungsfreiheit und Gefahr f\u00fcr die Demokratie - H\u00d6CKER - der Blog<\/title>\n<meta name=\"robots\" content=\"index, follow, max-snippet:-1, max-image-preview:large, max-video-preview:-1\" \/>\n<link rel=\"canonical\" href=\"https:\/\/dev.hoecker.eu\/blog\/das-luegenverbot-der-bundesregierung-angriff-auf-die-meinungsfreiheit-und-gefahr-fuer-die-demokratie\/\" \/>\n<meta property=\"og:locale\" content=\"de_DE\" \/>\n<meta property=\"og:type\" content=\"article\" \/>\n<meta property=\"og:title\" content=\"Das \u201eL\u00fcgenverbot\u201c der Bundesregierung: Angriff auf die Meinungsfreiheit und Gefahr f\u00fcr die Demokratie\" \/>\n<meta property=\"og:description\" content=\"Die neue schwarz-rote Bundesregierung hat sich im Koalitionsvertrag ein ehrgeiziges Ziel gesetzt: Die bewusste Verbreitung falscher Tatsachenbehauptungen soll beendet werden. Unter dem Signum des Kampfes gegen \u201eDesinformation\u201c und \u201eFake News\u201c will man h\u00e4rter gegen L\u00fcgen, insbesondere in sozialen Medien, vorgehen. Was manchem auf den ersten Blick als sinnvolle Ma\u00dfnahme erscheinen mag \u2013 denn wer will [&hellip;]\" \/>\n<meta property=\"og:url\" content=\"https:\/\/dev.hoecker.eu\/blog\/das-luegenverbot-der-bundesregierung-angriff-auf-die-meinungsfreiheit-und-gefahr-fuer-die-demokratie\/\" \/>\n<meta property=\"og:site_name\" content=\"H\u00d6CKER - der Blog\" \/>\n<meta property=\"article:publisher\" content=\"https:\/\/www.facebook.com\/HoeckerRAe\/\" \/>\n<meta property=\"article:author\" content=\"https:\/\/www.facebook.com\/ralf.hoecker\" \/>\n<meta property=\"article:published_time\" content=\"2025-04-19T04:57:52+00:00\" \/>\n<meta property=\"article:modified_time\" content=\"2025-04-21T03:09:52+00:00\" \/>\n<meta name=\"author\" content=\"Prof. Dr. Ralf H\u00f6cker\" \/>\n<meta name=\"twitter:card\" content=\"summary_large_image\" \/>\n<meta name=\"twitter:creator\" content=\"@Ralf_Hoecker\" \/>\n<meta name=\"twitter:site\" content=\"@hoecker_rae\" \/>\n<meta name=\"twitter:label1\" content=\"Verfasst von\" \/>\n\t<meta name=\"twitter:data1\" content=\"Prof. Dr. Ralf H\u00f6cker\" \/>\n\t<meta name=\"twitter:label2\" content=\"Gesch\u00e4tzte Lesezeit\" \/>\n\t<meta name=\"twitter:data2\" content=\"8\u00a0Minuten\" \/>\n<script type=\"application\/ld+json\" class=\"yoast-schema-graph\">{\"@context\":\"https:\/\/schema.org\",\"@graph\":[{\"@type\":\"Article\",\"@id\":\"https:\/\/dev.hoecker.eu\/blog\/das-luegenverbot-der-bundesregierung-angriff-auf-die-meinungsfreiheit-und-gefahr-fuer-die-demokratie\/#article\",\"isPartOf\":{\"@id\":\"https:\/\/dev.hoecker.eu\/blog\/das-luegenverbot-der-bundesregierung-angriff-auf-die-meinungsfreiheit-und-gefahr-fuer-die-demokratie\/\"},\"author\":{\"name\":\"Prof. Dr. Ralf H\u00f6cker\",\"@id\":\"https:\/\/www.hoecker.eu\/blog\/#\/schema\/person\/08f95581eed0534eccd0b2438f7a1cab\"},\"headline\":\"Das \u201eL\u00fcgenverbot\u201c der Bundesregierung: Angriff auf die Meinungsfreiheit und Gefahr f\u00fcr die Demokratie\",\"datePublished\":\"2025-04-19T04:57:52+00:00\",\"dateModified\":\"2025-04-21T03:09:52+00:00\",\"mainEntityOfPage\":{\"@id\":\"https:\/\/dev.hoecker.eu\/blog\/das-luegenverbot-der-bundesregierung-angriff-auf-die-meinungsfreiheit-und-gefahr-fuer-die-demokratie\/\"},\"wordCount\":1579,\"publisher\":{\"@id\":\"https:\/\/www.hoecker.eu\/blog\/#organization\"},\"keywords\":[\"L\u00dcgenverbot\",\"Meinungsfreiheit\",\"Tatsachenbehauptung\"],\"articleSection\":[\"Was uns bewegt\"],\"inLanguage\":\"de\"},{\"@type\":\"WebPage\",\"@id\":\"https:\/\/dev.hoecker.eu\/blog\/das-luegenverbot-der-bundesregierung-angriff-auf-die-meinungsfreiheit-und-gefahr-fuer-die-demokratie\/\",\"url\":\"https:\/\/dev.hoecker.eu\/blog\/das-luegenverbot-der-bundesregierung-angriff-auf-die-meinungsfreiheit-und-gefahr-fuer-die-demokratie\/\",\"name\":\"Das \u201eL\u00fcgenverbot\u201c der Bundesregierung: Angriff auf die Meinungsfreiheit und Gefahr f\u00fcr die Demokratie - H\u00d6CKER - der Blog\",\"isPartOf\":{\"@id\":\"https:\/\/www.hoecker.eu\/blog\/#website\"},\"datePublished\":\"2025-04-19T04:57:52+00:00\",\"dateModified\":\"2025-04-21T03:09:52+00:00\",\"breadcrumb\":{\"@id\":\"https:\/\/dev.hoecker.eu\/blog\/das-luegenverbot-der-bundesregierung-angriff-auf-die-meinungsfreiheit-und-gefahr-fuer-die-demokratie\/#breadcrumb\"},\"inLanguage\":\"de\",\"potentialAction\":[{\"@type\":\"ReadAction\",\"target\":[\"https:\/\/dev.hoecker.eu\/blog\/das-luegenverbot-der-bundesregierung-angriff-auf-die-meinungsfreiheit-und-gefahr-fuer-die-demokratie\/\"]}]},{\"@type\":\"BreadcrumbList\",\"@id\":\"https:\/\/dev.hoecker.eu\/blog\/das-luegenverbot-der-bundesregierung-angriff-auf-die-meinungsfreiheit-und-gefahr-fuer-die-demokratie\/#breadcrumb\",\"itemListElement\":[{\"@type\":\"ListItem\",\"position\":1,\"name\":\"Startseite\",\"item\":\"https:\/\/dev.hoecker.eu\/blog\/\"},{\"@type\":\"ListItem\",\"position\":2,\"name\":\"Das \u201eL\u00fcgenverbot\u201c der Bundesregierung: Angriff auf die Meinungsfreiheit und Gefahr f\u00fcr die Demokratie\"}]},{\"@type\":\"WebSite\",\"@id\":\"https:\/\/www.hoecker.eu\/blog\/#website\",\"url\":\"https:\/\/www.hoecker.eu\/blog\/\",\"name\":\"H\u00d6CKER - der Blog\",\"description\":\"Expertenblog f\u00fcr \u00c4u\u00dferungs-, Medien-, Marken-, Urheber- und Wettbewerbsrecht.\",\"publisher\":{\"@id\":\"https:\/\/www.hoecker.eu\/blog\/#organization\"},\"potentialAction\":[{\"@type\":\"SearchAction\",\"target\":{\"@type\":\"EntryPoint\",\"urlTemplate\":\"https:\/\/www.hoecker.eu\/blog\/?s={search_term_string}\"},\"query-input\":{\"@type\":\"PropertyValueSpecification\",\"valueRequired\":true,\"valueName\":\"search_term_string\"}}],\"inLanguage\":\"de\"},{\"@type\":\"Organization\",\"@id\":\"https:\/\/www.hoecker.eu\/blog\/#organization\",\"name\":\"H\u00d6CKER Rechtsanw\u00e4lte PartGmbB\",\"alternateName\":\"H\u00d6CKER\",\"url\":\"https:\/\/www.hoecker.eu\/blog\/\",\"logo\":{\"@type\":\"ImageObject\",\"inLanguage\":\"de\",\"@id\":\"https:\/\/www.hoecker.eu\/blog\/#\/schema\/logo\/image\/\",\"url\":\"https:\/\/www.hoecker.eu\/blog\/wp-content\/uploads\/2025\/03\/Blog-Logo.webp\",\"contentUrl\":\"https:\/\/www.hoecker.eu\/blog\/wp-content\/uploads\/2025\/03\/Blog-Logo.webp\",\"width\":500,\"height\":500,\"caption\":\"H\u00d6CKER Rechtsanw\u00e4lte PartGmbB\"},\"image\":{\"@id\":\"https:\/\/www.hoecker.eu\/blog\/#\/schema\/logo\/image\/\"},\"sameAs\":[\"https:\/\/www.facebook.com\/HoeckerRAe\/\",\"https:\/\/x.com\/hoecker_rae\",\"https:\/\/www.linkedin.com\/company\/hcker-rechtsanwlte\/\",\"https:\/\/www.instagram.com\/hoecker_rae\/\"],\"email\":\"contact@hoecker.eu\",\"telephone\":\"+ 49 (0)221-933 19-10\",\"legalName\":\"H\u00d6CKER Rechtsanw\u00e4lte PartGmbB\",\"numberOfEmployees\":{\"@type\":\"QuantitativeValue\",\"minValue\":\"11\",\"maxValue\":\"50\"}},{\"@type\":\"Person\",\"@id\":\"https:\/\/www.hoecker.eu\/blog\/#\/schema\/person\/08f95581eed0534eccd0b2438f7a1cab\",\"name\":\"Prof. Dr. Ralf H\u00f6cker\",\"description\":\"Medienanwalt. Besch\u00fctzer vor mieser Presse\",\"sameAs\":[\"https:\/\/www.hoecker.eu\/wer\/prof-dr-ralf-hoecker\",\"https:\/\/www.facebook.com\/ralf.hoecker\",\"https:\/\/www.linkedin.com\/in\/prof-dr-ralf-hcker-ll-m-london-17987826\/\",\"https:\/\/x.com\/Ralf_Hoecker\"],\"url\":\"https:\/\/www.hoecker.eu\/blog\/author\/hoecker_adm\/\"}]}<\/script>\n<!-- \/ Yoast SEO Premium plugin. -->","yoast_head_json":{"title":"Das \u201eL\u00fcgenverbot\u201c der Bundesregierung: Angriff auf die Meinungsfreiheit und Gefahr f\u00fcr die Demokratie - H\u00d6CKER - der Blog","robots":{"index":"index","follow":"follow","max-snippet":"max-snippet:-1","max-image-preview":"max-image-preview:large","max-video-preview":"max-video-preview:-1"},"canonical":"https:\/\/dev.hoecker.eu\/blog\/das-luegenverbot-der-bundesregierung-angriff-auf-die-meinungsfreiheit-und-gefahr-fuer-die-demokratie\/","og_locale":"de_DE","og_type":"article","og_title":"Das \u201eL\u00fcgenverbot\u201c der Bundesregierung: Angriff auf die Meinungsfreiheit und Gefahr f\u00fcr die Demokratie","og_description":"Die neue schwarz-rote Bundesregierung hat sich im Koalitionsvertrag ein ehrgeiziges Ziel gesetzt: Die bewusste Verbreitung falscher Tatsachenbehauptungen soll beendet werden. Unter dem Signum des Kampfes gegen \u201eDesinformation\u201c und \u201eFake News\u201c will man h\u00e4rter gegen L\u00fcgen, insbesondere in sozialen Medien, vorgehen. Was manchem auf den ersten Blick als sinnvolle Ma\u00dfnahme erscheinen mag \u2013 denn wer will [&hellip;]","og_url":"https:\/\/dev.hoecker.eu\/blog\/das-luegenverbot-der-bundesregierung-angriff-auf-die-meinungsfreiheit-und-gefahr-fuer-die-demokratie\/","og_site_name":"H\u00d6CKER - der Blog","article_publisher":"https:\/\/www.facebook.com\/HoeckerRAe\/","article_author":"https:\/\/www.facebook.com\/ralf.hoecker","article_published_time":"2025-04-19T04:57:52+00:00","article_modified_time":"2025-04-21T03:09:52+00:00","author":"Prof. Dr. Ralf H\u00f6cker","twitter_card":"summary_large_image","twitter_creator":"@Ralf_Hoecker","twitter_site":"@hoecker_rae","twitter_misc":{"Verfasst von":"Prof. Dr. Ralf H\u00f6cker","Gesch\u00e4tzte Lesezeit":"8\u00a0Minuten"},"schema":{"@context":"https:\/\/schema.org","@graph":[{"@type":"Article","@id":"https:\/\/dev.hoecker.eu\/blog\/das-luegenverbot-der-bundesregierung-angriff-auf-die-meinungsfreiheit-und-gefahr-fuer-die-demokratie\/#article","isPartOf":{"@id":"https:\/\/dev.hoecker.eu\/blog\/das-luegenverbot-der-bundesregierung-angriff-auf-die-meinungsfreiheit-und-gefahr-fuer-die-demokratie\/"},"author":{"name":"Prof. Dr. Ralf H\u00f6cker","@id":"https:\/\/www.hoecker.eu\/blog\/#\/schema\/person\/08f95581eed0534eccd0b2438f7a1cab"},"headline":"Das \u201eL\u00fcgenverbot\u201c der Bundesregierung: Angriff auf die Meinungsfreiheit und Gefahr f\u00fcr die Demokratie","datePublished":"2025-04-19T04:57:52+00:00","dateModified":"2025-04-21T03:09:52+00:00","mainEntityOfPage":{"@id":"https:\/\/dev.hoecker.eu\/blog\/das-luegenverbot-der-bundesregierung-angriff-auf-die-meinungsfreiheit-und-gefahr-fuer-die-demokratie\/"},"wordCount":1579,"publisher":{"@id":"https:\/\/www.hoecker.eu\/blog\/#organization"},"keywords":["L\u00dcgenverbot","Meinungsfreiheit","Tatsachenbehauptung"],"articleSection":["Was uns bewegt"],"inLanguage":"de"},{"@type":"WebPage","@id":"https:\/\/dev.hoecker.eu\/blog\/das-luegenverbot-der-bundesregierung-angriff-auf-die-meinungsfreiheit-und-gefahr-fuer-die-demokratie\/","url":"https:\/\/dev.hoecker.eu\/blog\/das-luegenverbot-der-bundesregierung-angriff-auf-die-meinungsfreiheit-und-gefahr-fuer-die-demokratie\/","name":"Das \u201eL\u00fcgenverbot\u201c der Bundesregierung: Angriff auf die Meinungsfreiheit und Gefahr f\u00fcr die Demokratie - H\u00d6CKER - der Blog","isPartOf":{"@id":"https:\/\/www.hoecker.eu\/blog\/#website"},"datePublished":"2025-04-19T04:57:52+00:00","dateModified":"2025-04-21T03:09:52+00:00","breadcrumb":{"@id":"https:\/\/dev.hoecker.eu\/blog\/das-luegenverbot-der-bundesregierung-angriff-auf-die-meinungsfreiheit-und-gefahr-fuer-die-demokratie\/#breadcrumb"},"inLanguage":"de","potentialAction":[{"@type":"ReadAction","target":["https:\/\/dev.hoecker.eu\/blog\/das-luegenverbot-der-bundesregierung-angriff-auf-die-meinungsfreiheit-und-gefahr-fuer-die-demokratie\/"]}]},{"@type":"BreadcrumbList","@id":"https:\/\/dev.hoecker.eu\/blog\/das-luegenverbot-der-bundesregierung-angriff-auf-die-meinungsfreiheit-und-gefahr-fuer-die-demokratie\/#breadcrumb","itemListElement":[{"@type":"ListItem","position":1,"name":"Startseite","item":"https:\/\/dev.hoecker.eu\/blog\/"},{"@type":"ListItem","position":2,"name":"Das \u201eL\u00fcgenverbot\u201c der Bundesregierung: Angriff auf die Meinungsfreiheit und Gefahr f\u00fcr die Demokratie"}]},{"@type":"WebSite","@id":"https:\/\/www.hoecker.eu\/blog\/#website","url":"https:\/\/www.hoecker.eu\/blog\/","name":"H\u00d6CKER - der Blog","description":"Expertenblog f\u00fcr \u00c4u\u00dferungs-, Medien-, Marken-, Urheber- und Wettbewerbsrecht.","publisher":{"@id":"https:\/\/www.hoecker.eu\/blog\/#organization"},"potentialAction":[{"@type":"SearchAction","target":{"@type":"EntryPoint","urlTemplate":"https:\/\/www.hoecker.eu\/blog\/?s={search_term_string}"},"query-input":{"@type":"PropertyValueSpecification","valueRequired":true,"valueName":"search_term_string"}}],"inLanguage":"de"},{"@type":"Organization","@id":"https:\/\/www.hoecker.eu\/blog\/#organization","name":"H\u00d6CKER Rechtsanw\u00e4lte PartGmbB","alternateName":"H\u00d6CKER","url":"https:\/\/www.hoecker.eu\/blog\/","logo":{"@type":"ImageObject","inLanguage":"de","@id":"https:\/\/www.hoecker.eu\/blog\/#\/schema\/logo\/image\/","url":"https:\/\/www.hoecker.eu\/blog\/wp-content\/uploads\/2025\/03\/Blog-Logo.webp","contentUrl":"https:\/\/www.hoecker.eu\/blog\/wp-content\/uploads\/2025\/03\/Blog-Logo.webp","width":500,"height":500,"caption":"H\u00d6CKER Rechtsanw\u00e4lte PartGmbB"},"image":{"@id":"https:\/\/www.hoecker.eu\/blog\/#\/schema\/logo\/image\/"},"sameAs":["https:\/\/www.facebook.com\/HoeckerRAe\/","https:\/\/x.com\/hoecker_rae","https:\/\/www.linkedin.com\/company\/hcker-rechtsanwlte\/","https:\/\/www.instagram.com\/hoecker_rae\/"],"email":"contact@hoecker.eu","telephone":"+ 49 (0)221-933 19-10","legalName":"H\u00d6CKER Rechtsanw\u00e4lte PartGmbB","numberOfEmployees":{"@type":"QuantitativeValue","minValue":"11","maxValue":"50"}},{"@type":"Person","@id":"https:\/\/www.hoecker.eu\/blog\/#\/schema\/person\/08f95581eed0534eccd0b2438f7a1cab","name":"Prof. Dr. Ralf H\u00f6cker","description":"Medienanwalt. Besch\u00fctzer vor mieser Presse","sameAs":["https:\/\/www.hoecker.eu\/wer\/prof-dr-ralf-hoecker","https:\/\/www.facebook.com\/ralf.hoecker","https:\/\/www.linkedin.com\/in\/prof-dr-ralf-hcker-ll-m-london-17987826\/","https:\/\/x.com\/Ralf_Hoecker"],"url":"https:\/\/www.hoecker.eu\/blog\/author\/hoecker_adm\/"}]}},"authors":[{"term_id":84,"user_id":1,"is_guest":0,"slug":"hoecker_adm","display_name":"Prof. Dr. Ralf H\u00f6cker","avatar_url":{"url":"https:\/\/www.hoecker.eu\/blog\/wp-content\/uploads\/2023\/12\/ProfDrRalfHoecker.jpg","url2x":"https:\/\/www.hoecker.eu\/blog\/wp-content\/uploads\/2023\/12\/ProfDrRalfHoecker.jpg"},"0":null,"1":"","2":"","3":"","4":"","5":"","6":"","7":"","8":"","9":"","10":"","11":""}],"_links":{"self":[{"href":"https:\/\/www.hoecker.eu\/blog\/wp-json\/wp\/v2\/posts\/10154","targetHints":{"allow":["GET"]}}],"collection":[{"href":"https:\/\/www.hoecker.eu\/blog\/wp-json\/wp\/v2\/posts"}],"about":[{"href":"https:\/\/www.hoecker.eu\/blog\/wp-json\/wp\/v2\/types\/post"}],"author":[{"embeddable":true,"href":"https:\/\/www.hoecker.eu\/blog\/wp-json\/wp\/v2\/users\/1"}],"replies":[{"embeddable":true,"href":"https:\/\/www.hoecker.eu\/blog\/wp-json\/wp\/v2\/comments?post=10154"}],"version-history":[{"count":2,"href":"https:\/\/www.hoecker.eu\/blog\/wp-json\/wp\/v2\/posts\/10154\/revisions"}],"predecessor-version":[{"id":10156,"href":"https:\/\/www.hoecker.eu\/blog\/wp-json\/wp\/v2\/posts\/10154\/revisions\/10156"}],"wp:attachment":[{"href":"https:\/\/www.hoecker.eu\/blog\/wp-json\/wp\/v2\/media?parent=10154"}],"wp:term":[{"taxonomy":"category","embeddable":true,"href":"https:\/\/www.hoecker.eu\/blog\/wp-json\/wp\/v2\/categories?post=10154"},{"taxonomy":"post_tag","embeddable":true,"href":"https:\/\/www.hoecker.eu\/blog\/wp-json\/wp\/v2\/tags?post=10154"},{"taxonomy":"hashtags","embeddable":true,"href":"https:\/\/www.hoecker.eu\/blog\/wp-json\/wp\/v2\/hashtags?post=10154"},{"taxonomy":"author","embeddable":true,"href":"https:\/\/www.hoecker.eu\/blog\/wp-json\/wp\/v2\/ppma_author?post=10154"}],"curies":[{"name":"wp","href":"https:\/\/api.w.org\/{rel}","templated":true}]}}