{"id":10119,"date":"2025-03-28T10:34:09","date_gmt":"2025-03-28T09:34:09","guid":{"rendered":"https:\/\/www.hoecker.eu\/blog\/?p=10119"},"modified":"2025-03-28T10:48:38","modified_gmt":"2025-03-28T09:48:38","slug":"taz-kassiert-verbot-wegen-vorverurteilender-berichterstattung-zum-strafprozess-gegen-dr-michael-winterhoff","status":"publish","type":"post","link":"https:\/\/www.hoecker.eu\/blog\/taz-kassiert-verbot-wegen-vorverurteilender-berichterstattung-zum-strafprozess-gegen-dr-michael-winterhoff\/","title":{"rendered":"taz kassiert Verbot wegen vorverurteilender Berichterstattung zum Strafprozess gegen Dr. Michael Winterhoff"},"content":{"rendered":"\n<p>Deutschlands erfolgreichster Kinderpsychiater Dr. Michael Winterhoff wehrt sich in einem Strafprozess vor dem Landgericht Bonn gegen unberechtigte Vorw\u00fcrfe. F\u00e4lschlich wird ihm vorgeworfen, er habe Patienten ohne ausreichende Indikation und Aufkl\u00e4rung mit Psychopharmaka behandelt und dies habe zu dauerhaften Nebenwirkungen gef\u00fchrt, sodass ihm K\u00f6rperverletzungen vorzuwerfen seien. Ausl\u00f6ser f\u00fcr den Prozess ist eine einseitige WDR-Dokumentation von Nicole Rosenbach.<\/p>\n\n\n\n<p>Dr. Winterhoff hat sich immer gegen die falschen Vorw\u00fcrfe gewehrt: Die Medikamente wurden nur nach Feststellung einer Indikation und Aufkl\u00e4rung eingesetzt. Es sind keine Nebenwirkungen der Medikamente nachweisbar, sodass der Vorwurf einer K\u00f6rperverletzung unbegr\u00fcndet ist.<\/p>\n\n\n\n<p>Im laufenden Strafprozess haben mittlerweile mehrere sachverst\u00e4ndige Gutachter best\u00e4tigt, dass das von Dr. Winterhoff eingesetzte Medikament Pipamperon f\u00fcr die auch l\u00e4ngerfristige Behandlung von Kindern zugelassen ist. Gutachter haben zudem best\u00e4tigt, dass keine Nebenwirkungen des Medikaments nachweisbar sind.<\/p>\n\n\n\n<p>Die Beweisaufnahme zu dem bislang vor dem Landgericht Bonn verhandelten F\u00e4llen hat zudem gezeigt, dass auch in den konkreten F\u00e4llen keine Nebenwirkungen eingetreten sind, insbesondere keine, die auf die Gabe des Medikaments zur\u00fcckzuf\u00fchren sind.<\/p>\n\n\n\n<p>Die Presse wurde durch H\u00d6CKER schon zu Beginn des Verfahrens mit einem ausf\u00fchrlichen Presse-Dossier (<a href=\"https:\/\/www.hoecker.eu\/assets\/img\/Presse-Dossier.pdf\" target=\"_blank\" rel=\"noreferrer noopener\">https:\/\/www.hoecker.eu\/assets\/img\/Presse-Dossier.pdf<\/a>) dar\u00fcber informiert, dass und wie sich Dr. Winterhoff gegen die Vorw\u00fcrfe verteidigt.<\/p>\n\n\n\n<p>Gleichwohl hat die taz \u00fcber den Strafprozess und \u00fcber die einseitige vorverurteilende WDR-Dokumentation berichtet, ohne zu ber\u00fccksichtigen, dass und wie sich Dr. Winterhoff gegen die Vorw\u00fcrfe zur Wehr setzt. Die taz hielt es noch nicht einmal f\u00fcr erforderlich, Dr. Winterhoff die Gelegenheit zu geben, sich vor der vorverurteilenden Berichterstattung zu verteidigen.<\/p>\n\n\n\n<p>Diese Berichterstattung wurde der taz nun durch das Landgericht K\u00f6ln mit einstweiliger Verf\u00fcgung verboten (n.rk.).<\/p>\n\n\n\n<p>Das Landgericht K\u00f6ln begr\u00fcndet das Verbot damit, dass eine Berichterstattung \u00fcber einen Strafprozess nur dann zul\u00e4ssig ist, wenn entlastend berichtet wird, dass und mit welchen Argumenten sich der Betroffene im Verfahren verteidigt.<\/p>\n\n\n\n<p>Dr. Carsten Brennecke und Dr. Christoph Jarno Burghoff: \u201e<em>Dr. Winterhoff hat stets ausf\u00fchrlich erkl\u00e4rt, warum die Vorw\u00fcrfe haltlos sind. Es wurde ein umfangreiches Presse-Dossier bereitgestellt, dem auch die taz die entlastenden Argumente entnehmen kann. Warum die taz dennoch meint, derart vorverurteilend berichten zu m\u00fcssen, ist nicht nachvollziehbar. Wir fordern die Presse auf, die entlastenden Argumente Dr. Winterhoffs zu ber\u00fccksichtigen. Dr. Winterhoff wird sich auch zuk\u00fcnftig gegen jede unzul\u00e4ssige Verdachtsberichterstattung gerichtlich zur Wehr setzen.\u201c<\/em><\/p>\n","protected":false},"excerpt":{"rendered":"<p>Deutschlands erfolgreichster Kinderpsychiater Dr. Michael Winterhoff wehrt sich in einem Strafprozess vor dem Landgericht Bonn gegen unberechtigte Vorw\u00fcrfe. F\u00e4lschlich wird ihm vorgeworfen, er habe Patienten ohne ausreichende Indikation und Aufkl\u00e4rung mit Psychopharmaka behandelt und dies habe zu dauerhaften Nebenwirkungen gef\u00fchrt, sodass ihm K\u00f6rperverletzungen vorzuwerfen seien. Ausl\u00f6ser f\u00fcr den Prozess ist eine einseitige WDR-Dokumentation von Nicole [&hellip;]<\/p>\n","protected":false},"author":2,"featured_media":0,"comment_status":"closed","ping_status":"closed","sticky":false,"template":"","format":"standard","meta":{"_has_post_settings":[],"footnotes":""},"categories":[15],"tags":[137,118,74,94,73],"hashtags":[],"ppma_author":[40,79],"class_list":["post-10119","post","type-post","status-publish","format-standard","hentry","category-news","tag-berichterstattung","tag-strafrecht","tag-strafverfahren","tag-wdr","tag-winterhoff","author-cbrennecke","author-cburghoff"],"yoast_head":"<!-- This site is optimized with the Yoast SEO Premium plugin v25.9 (Yoast SEO v27.0) - https:\/\/yoast.com\/product\/yoast-seo-premium-wordpress\/ -->\n<title>taz kassiert Verbot wegen vorverurteilender Berichterstattung zum Strafprozess gegen Dr. Michael Winterhoff - H\u00d6CKER - der Blog<\/title>\n<meta name=\"robots\" content=\"index, follow, max-snippet:-1, max-image-preview:large, max-video-preview:-1\" \/>\n<link rel=\"canonical\" href=\"https:\/\/dev.hoecker.eu\/blog\/taz-kassiert-verbot-wegen-vorverurteilender-berichterstattung-zum-strafprozess-gegen-dr-michael-winterhoff\/\" \/>\n<meta property=\"og:locale\" content=\"de_DE\" \/>\n<meta property=\"og:type\" content=\"article\" \/>\n<meta property=\"og:title\" content=\"taz kassiert Verbot wegen vorverurteilender Berichterstattung zum Strafprozess gegen Dr. Michael Winterhoff\" \/>\n<meta property=\"og:description\" content=\"Deutschlands erfolgreichster Kinderpsychiater Dr. Michael Winterhoff wehrt sich in einem Strafprozess vor dem Landgericht Bonn gegen unberechtigte Vorw\u00fcrfe. F\u00e4lschlich wird ihm vorgeworfen, er habe Patienten ohne ausreichende Indikation und Aufkl\u00e4rung mit Psychopharmaka behandelt und dies habe zu dauerhaften Nebenwirkungen gef\u00fchrt, sodass ihm K\u00f6rperverletzungen vorzuwerfen seien. Ausl\u00f6ser f\u00fcr den Prozess ist eine einseitige WDR-Dokumentation von Nicole [&hellip;]\" \/>\n<meta property=\"og:url\" content=\"https:\/\/dev.hoecker.eu\/blog\/taz-kassiert-verbot-wegen-vorverurteilender-berichterstattung-zum-strafprozess-gegen-dr-michael-winterhoff\/\" \/>\n<meta property=\"og:site_name\" content=\"H\u00d6CKER - der Blog\" \/>\n<meta property=\"article:publisher\" content=\"https:\/\/www.facebook.com\/HoeckerRAe\/\" \/>\n<meta property=\"article:published_time\" content=\"2025-03-28T09:34:09+00:00\" \/>\n<meta property=\"article:modified_time\" content=\"2025-03-28T09:48:38+00:00\" \/>\n<meta name=\"author\" content=\"Dr. Carsten Brennecke, Dr. Christoph Jarno Burghoff\" \/>\n<meta name=\"twitter:card\" content=\"summary_large_image\" \/>\n<meta name=\"twitter:creator\" content=\"@RABrennecke\" \/>\n<meta name=\"twitter:site\" content=\"@hoecker_rae\" \/>\n<meta name=\"twitter:label1\" content=\"Verfasst von\" \/>\n\t<meta name=\"twitter:data1\" content=\"Dr. Carsten Brennecke\" \/>\n\t<meta name=\"twitter:label2\" content=\"Gesch\u00e4tzte Lesezeit\" \/>\n\t<meta name=\"twitter:data2\" content=\"3\u00a0Minuten\" \/>\n<script type=\"application\/ld+json\" class=\"yoast-schema-graph\">{\"@context\":\"https:\/\/schema.org\",\"@graph\":[{\"@type\":\"Article\",\"@id\":\"https:\/\/dev.hoecker.eu\/blog\/taz-kassiert-verbot-wegen-vorverurteilender-berichterstattung-zum-strafprozess-gegen-dr-michael-winterhoff\/#article\",\"isPartOf\":{\"@id\":\"https:\/\/dev.hoecker.eu\/blog\/taz-kassiert-verbot-wegen-vorverurteilender-berichterstattung-zum-strafprozess-gegen-dr-michael-winterhoff\/\"},\"author\":{\"name\":\"Dr. Carsten Brennecke\",\"@id\":\"https:\/\/www.hoecker.eu\/blog\/#\/schema\/person\/816be6ceb7fc41c0368b2869f0d5d9e5\"},\"headline\":\"taz kassiert Verbot wegen vorverurteilender Berichterstattung zum Strafprozess gegen Dr. Michael Winterhoff\",\"datePublished\":\"2025-03-28T09:34:09+00:00\",\"dateModified\":\"2025-03-28T09:48:38+00:00\",\"mainEntityOfPage\":{\"@id\":\"https:\/\/dev.hoecker.eu\/blog\/taz-kassiert-verbot-wegen-vorverurteilender-berichterstattung-zum-strafprozess-gegen-dr-michael-winterhoff\/\"},\"wordCount\":419,\"publisher\":{\"@id\":\"https:\/\/www.hoecker.eu\/blog\/#organization\"},\"keywords\":[\"Berichterstattung\",\"Strafrecht\",\"Strafverfahren\",\"WDR\",\"Winterhoff\"],\"articleSection\":[\"News\"],\"inLanguage\":\"de\"},{\"@type\":\"WebPage\",\"@id\":\"https:\/\/dev.hoecker.eu\/blog\/taz-kassiert-verbot-wegen-vorverurteilender-berichterstattung-zum-strafprozess-gegen-dr-michael-winterhoff\/\",\"url\":\"https:\/\/dev.hoecker.eu\/blog\/taz-kassiert-verbot-wegen-vorverurteilender-berichterstattung-zum-strafprozess-gegen-dr-michael-winterhoff\/\",\"name\":\"taz kassiert Verbot wegen vorverurteilender Berichterstattung zum Strafprozess gegen Dr. Michael Winterhoff - H\u00d6CKER - der Blog\",\"isPartOf\":{\"@id\":\"https:\/\/www.hoecker.eu\/blog\/#website\"},\"datePublished\":\"2025-03-28T09:34:09+00:00\",\"dateModified\":\"2025-03-28T09:48:38+00:00\",\"breadcrumb\":{\"@id\":\"https:\/\/dev.hoecker.eu\/blog\/taz-kassiert-verbot-wegen-vorverurteilender-berichterstattung-zum-strafprozess-gegen-dr-michael-winterhoff\/#breadcrumb\"},\"inLanguage\":\"de\",\"potentialAction\":[{\"@type\":\"ReadAction\",\"target\":[\"https:\/\/dev.hoecker.eu\/blog\/taz-kassiert-verbot-wegen-vorverurteilender-berichterstattung-zum-strafprozess-gegen-dr-michael-winterhoff\/\"]}]},{\"@type\":\"BreadcrumbList\",\"@id\":\"https:\/\/dev.hoecker.eu\/blog\/taz-kassiert-verbot-wegen-vorverurteilender-berichterstattung-zum-strafprozess-gegen-dr-michael-winterhoff\/#breadcrumb\",\"itemListElement\":[{\"@type\":\"ListItem\",\"position\":1,\"name\":\"Startseite\",\"item\":\"https:\/\/dev.hoecker.eu\/blog\/\"},{\"@type\":\"ListItem\",\"position\":2,\"name\":\"taz kassiert Verbot wegen vorverurteilender Berichterstattung zum Strafprozess gegen Dr. Michael Winterhoff\"}]},{\"@type\":\"WebSite\",\"@id\":\"https:\/\/www.hoecker.eu\/blog\/#website\",\"url\":\"https:\/\/www.hoecker.eu\/blog\/\",\"name\":\"H\u00d6CKER - der Blog\",\"description\":\"Expertenblog f\u00fcr \u00c4u\u00dferungs-, Medien-, Marken-, Urheber- und Wettbewerbsrecht.\",\"publisher\":{\"@id\":\"https:\/\/www.hoecker.eu\/blog\/#organization\"},\"potentialAction\":[{\"@type\":\"SearchAction\",\"target\":{\"@type\":\"EntryPoint\",\"urlTemplate\":\"https:\/\/www.hoecker.eu\/blog\/?s={search_term_string}\"},\"query-input\":{\"@type\":\"PropertyValueSpecification\",\"valueRequired\":true,\"valueName\":\"search_term_string\"}}],\"inLanguage\":\"de\"},{\"@type\":\"Organization\",\"@id\":\"https:\/\/www.hoecker.eu\/blog\/#organization\",\"name\":\"H\u00d6CKER Rechtsanw\u00e4lte PartGmbB\",\"alternateName\":\"H\u00d6CKER\",\"url\":\"https:\/\/www.hoecker.eu\/blog\/\",\"logo\":{\"@type\":\"ImageObject\",\"inLanguage\":\"de\",\"@id\":\"https:\/\/www.hoecker.eu\/blog\/#\/schema\/logo\/image\/\",\"url\":\"https:\/\/www.hoecker.eu\/blog\/wp-content\/uploads\/2025\/03\/Blog-Logo.webp\",\"contentUrl\":\"https:\/\/www.hoecker.eu\/blog\/wp-content\/uploads\/2025\/03\/Blog-Logo.webp\",\"width\":500,\"height\":500,\"caption\":\"H\u00d6CKER Rechtsanw\u00e4lte PartGmbB\"},\"image\":{\"@id\":\"https:\/\/www.hoecker.eu\/blog\/#\/schema\/logo\/image\/\"},\"sameAs\":[\"https:\/\/www.facebook.com\/HoeckerRAe\/\",\"https:\/\/x.com\/hoecker_rae\",\"https:\/\/www.linkedin.com\/company\/hcker-rechtsanwlte\/\",\"https:\/\/www.instagram.com\/hoecker_rae\/\"],\"email\":\"contact@hoecker.eu\",\"telephone\":\"+ 49 (0)221-933 19-10\",\"legalName\":\"H\u00d6CKER Rechtsanw\u00e4lte PartGmbB\",\"numberOfEmployees\":{\"@type\":\"QuantitativeValue\",\"minValue\":\"11\",\"maxValue\":\"50\"}},{\"@type\":\"Person\",\"@id\":\"https:\/\/www.hoecker.eu\/blog\/#\/schema\/person\/816be6ceb7fc41c0368b2869f0d5d9e5\",\"name\":\"Dr. Carsten Brennecke\",\"description\":\"Rechtsanwalt f\u00fcr Presserecht, Spezialist f\u00fcr Litigation PR\",\"sameAs\":[\"https:\/\/www.hoecker.eu\/wer\/dr-carsten-brennecke\",\"https:\/\/www.linkedin.com\/in\/carsten-dr-brennecke-401b54b7\/\",\"https:\/\/x.com\/RABrennecke\"],\"url\":\"https:\/\/www.hoecker.eu\/blog\/author\/cbrennecke\/\"}]}<\/script>\n<!-- \/ Yoast SEO Premium plugin. -->","yoast_head_json":{"title":"taz kassiert Verbot wegen vorverurteilender Berichterstattung zum Strafprozess gegen Dr. Michael Winterhoff - H\u00d6CKER - der Blog","robots":{"index":"index","follow":"follow","max-snippet":"max-snippet:-1","max-image-preview":"max-image-preview:large","max-video-preview":"max-video-preview:-1"},"canonical":"https:\/\/dev.hoecker.eu\/blog\/taz-kassiert-verbot-wegen-vorverurteilender-berichterstattung-zum-strafprozess-gegen-dr-michael-winterhoff\/","og_locale":"de_DE","og_type":"article","og_title":"taz kassiert Verbot wegen vorverurteilender Berichterstattung zum Strafprozess gegen Dr. Michael Winterhoff","og_description":"Deutschlands erfolgreichster Kinderpsychiater Dr. Michael Winterhoff wehrt sich in einem Strafprozess vor dem Landgericht Bonn gegen unberechtigte Vorw\u00fcrfe. F\u00e4lschlich wird ihm vorgeworfen, er habe Patienten ohne ausreichende Indikation und Aufkl\u00e4rung mit Psychopharmaka behandelt und dies habe zu dauerhaften Nebenwirkungen gef\u00fchrt, sodass ihm K\u00f6rperverletzungen vorzuwerfen seien. Ausl\u00f6ser f\u00fcr den Prozess ist eine einseitige WDR-Dokumentation von Nicole [&hellip;]","og_url":"https:\/\/dev.hoecker.eu\/blog\/taz-kassiert-verbot-wegen-vorverurteilender-berichterstattung-zum-strafprozess-gegen-dr-michael-winterhoff\/","og_site_name":"H\u00d6CKER - der Blog","article_publisher":"https:\/\/www.facebook.com\/HoeckerRAe\/","article_published_time":"2025-03-28T09:34:09+00:00","article_modified_time":"2025-03-28T09:48:38+00:00","author":"Dr. Carsten Brennecke, Dr. Christoph Jarno Burghoff","twitter_card":"summary_large_image","twitter_creator":"@RABrennecke","twitter_site":"@hoecker_rae","twitter_misc":{"Verfasst von":"Dr. Carsten Brennecke","Gesch\u00e4tzte Lesezeit":"3\u00a0Minuten"},"schema":{"@context":"https:\/\/schema.org","@graph":[{"@type":"Article","@id":"https:\/\/dev.hoecker.eu\/blog\/taz-kassiert-verbot-wegen-vorverurteilender-berichterstattung-zum-strafprozess-gegen-dr-michael-winterhoff\/#article","isPartOf":{"@id":"https:\/\/dev.hoecker.eu\/blog\/taz-kassiert-verbot-wegen-vorverurteilender-berichterstattung-zum-strafprozess-gegen-dr-michael-winterhoff\/"},"author":{"name":"Dr. Carsten Brennecke","@id":"https:\/\/www.hoecker.eu\/blog\/#\/schema\/person\/816be6ceb7fc41c0368b2869f0d5d9e5"},"headline":"taz kassiert Verbot wegen vorverurteilender Berichterstattung zum Strafprozess gegen Dr. Michael Winterhoff","datePublished":"2025-03-28T09:34:09+00:00","dateModified":"2025-03-28T09:48:38+00:00","mainEntityOfPage":{"@id":"https:\/\/dev.hoecker.eu\/blog\/taz-kassiert-verbot-wegen-vorverurteilender-berichterstattung-zum-strafprozess-gegen-dr-michael-winterhoff\/"},"wordCount":419,"publisher":{"@id":"https:\/\/www.hoecker.eu\/blog\/#organization"},"keywords":["Berichterstattung","Strafrecht","Strafverfahren","WDR","Winterhoff"],"articleSection":["News"],"inLanguage":"de"},{"@type":"WebPage","@id":"https:\/\/dev.hoecker.eu\/blog\/taz-kassiert-verbot-wegen-vorverurteilender-berichterstattung-zum-strafprozess-gegen-dr-michael-winterhoff\/","url":"https:\/\/dev.hoecker.eu\/blog\/taz-kassiert-verbot-wegen-vorverurteilender-berichterstattung-zum-strafprozess-gegen-dr-michael-winterhoff\/","name":"taz kassiert Verbot wegen vorverurteilender Berichterstattung zum Strafprozess gegen Dr. Michael Winterhoff - H\u00d6CKER - der Blog","isPartOf":{"@id":"https:\/\/www.hoecker.eu\/blog\/#website"},"datePublished":"2025-03-28T09:34:09+00:00","dateModified":"2025-03-28T09:48:38+00:00","breadcrumb":{"@id":"https:\/\/dev.hoecker.eu\/blog\/taz-kassiert-verbot-wegen-vorverurteilender-berichterstattung-zum-strafprozess-gegen-dr-michael-winterhoff\/#breadcrumb"},"inLanguage":"de","potentialAction":[{"@type":"ReadAction","target":["https:\/\/dev.hoecker.eu\/blog\/taz-kassiert-verbot-wegen-vorverurteilender-berichterstattung-zum-strafprozess-gegen-dr-michael-winterhoff\/"]}]},{"@type":"BreadcrumbList","@id":"https:\/\/dev.hoecker.eu\/blog\/taz-kassiert-verbot-wegen-vorverurteilender-berichterstattung-zum-strafprozess-gegen-dr-michael-winterhoff\/#breadcrumb","itemListElement":[{"@type":"ListItem","position":1,"name":"Startseite","item":"https:\/\/dev.hoecker.eu\/blog\/"},{"@type":"ListItem","position":2,"name":"taz kassiert Verbot wegen vorverurteilender Berichterstattung zum Strafprozess gegen Dr. Michael Winterhoff"}]},{"@type":"WebSite","@id":"https:\/\/www.hoecker.eu\/blog\/#website","url":"https:\/\/www.hoecker.eu\/blog\/","name":"H\u00d6CKER - der Blog","description":"Expertenblog f\u00fcr \u00c4u\u00dferungs-, Medien-, Marken-, Urheber- und Wettbewerbsrecht.","publisher":{"@id":"https:\/\/www.hoecker.eu\/blog\/#organization"},"potentialAction":[{"@type":"SearchAction","target":{"@type":"EntryPoint","urlTemplate":"https:\/\/www.hoecker.eu\/blog\/?s={search_term_string}"},"query-input":{"@type":"PropertyValueSpecification","valueRequired":true,"valueName":"search_term_string"}}],"inLanguage":"de"},{"@type":"Organization","@id":"https:\/\/www.hoecker.eu\/blog\/#organization","name":"H\u00d6CKER Rechtsanw\u00e4lte PartGmbB","alternateName":"H\u00d6CKER","url":"https:\/\/www.hoecker.eu\/blog\/","logo":{"@type":"ImageObject","inLanguage":"de","@id":"https:\/\/www.hoecker.eu\/blog\/#\/schema\/logo\/image\/","url":"https:\/\/www.hoecker.eu\/blog\/wp-content\/uploads\/2025\/03\/Blog-Logo.webp","contentUrl":"https:\/\/www.hoecker.eu\/blog\/wp-content\/uploads\/2025\/03\/Blog-Logo.webp","width":500,"height":500,"caption":"H\u00d6CKER Rechtsanw\u00e4lte PartGmbB"},"image":{"@id":"https:\/\/www.hoecker.eu\/blog\/#\/schema\/logo\/image\/"},"sameAs":["https:\/\/www.facebook.com\/HoeckerRAe\/","https:\/\/x.com\/hoecker_rae","https:\/\/www.linkedin.com\/company\/hcker-rechtsanwlte\/","https:\/\/www.instagram.com\/hoecker_rae\/"],"email":"contact@hoecker.eu","telephone":"+ 49 (0)221-933 19-10","legalName":"H\u00d6CKER Rechtsanw\u00e4lte PartGmbB","numberOfEmployees":{"@type":"QuantitativeValue","minValue":"11","maxValue":"50"}},{"@type":"Person","@id":"https:\/\/www.hoecker.eu\/blog\/#\/schema\/person\/816be6ceb7fc41c0368b2869f0d5d9e5","name":"Dr. Carsten Brennecke","description":"Rechtsanwalt f\u00fcr Presserecht, Spezialist f\u00fcr Litigation PR","sameAs":["https:\/\/www.hoecker.eu\/wer\/dr-carsten-brennecke","https:\/\/www.linkedin.com\/in\/carsten-dr-brennecke-401b54b7\/","https:\/\/x.com\/RABrennecke"],"url":"https:\/\/www.hoecker.eu\/blog\/author\/cbrennecke\/"}]}},"authors":[{"term_id":40,"user_id":2,"is_guest":0,"slug":"cbrennecke","display_name":"Dr. Carsten Brennecke","avatar_url":{"url":"https:\/\/www.hoecker.eu\/blog\/wp-content\/uploads\/2024\/03\/cbrennecke.jpg","url2x":"https:\/\/www.hoecker.eu\/blog\/wp-content\/uploads\/2024\/03\/cbrennecke.jpg"},"0":null,"1":"","2":"","3":"","4":"","5":"","6":"","7":"","8":"","9":"","10":"","11":""},{"term_id":79,"user_id":7,"is_guest":0,"slug":"cburghoff","display_name":"Dr. Christoph Jarno Burghoff","avatar_url":{"url":"https:\/\/www.hoecker.eu\/blog\/wp-content\/uploads\/2025\/02\/CJBurghoff.webp","url2x":"https:\/\/www.hoecker.eu\/blog\/wp-content\/uploads\/2025\/02\/CJBurghoff.webp"},"0":null,"1":"","2":"","3":"","4":"","5":"","6":"","7":"","8":"","9":"","10":"","11":""}],"_links":{"self":[{"href":"https:\/\/www.hoecker.eu\/blog\/wp-json\/wp\/v2\/posts\/10119","targetHints":{"allow":["GET"]}}],"collection":[{"href":"https:\/\/www.hoecker.eu\/blog\/wp-json\/wp\/v2\/posts"}],"about":[{"href":"https:\/\/www.hoecker.eu\/blog\/wp-json\/wp\/v2\/types\/post"}],"author":[{"embeddable":true,"href":"https:\/\/www.hoecker.eu\/blog\/wp-json\/wp\/v2\/users\/2"}],"replies":[{"embeddable":true,"href":"https:\/\/www.hoecker.eu\/blog\/wp-json\/wp\/v2\/comments?post=10119"}],"version-history":[{"count":2,"href":"https:\/\/www.hoecker.eu\/blog\/wp-json\/wp\/v2\/posts\/10119\/revisions"}],"predecessor-version":[{"id":10121,"href":"https:\/\/www.hoecker.eu\/blog\/wp-json\/wp\/v2\/posts\/10119\/revisions\/10121"}],"wp:attachment":[{"href":"https:\/\/www.hoecker.eu\/blog\/wp-json\/wp\/v2\/media?parent=10119"}],"wp:term":[{"taxonomy":"category","embeddable":true,"href":"https:\/\/www.hoecker.eu\/blog\/wp-json\/wp\/v2\/categories?post=10119"},{"taxonomy":"post_tag","embeddable":true,"href":"https:\/\/www.hoecker.eu\/blog\/wp-json\/wp\/v2\/tags?post=10119"},{"taxonomy":"hashtags","embeddable":true,"href":"https:\/\/www.hoecker.eu\/blog\/wp-json\/wp\/v2\/hashtags?post=10119"},{"taxonomy":"author","embeddable":true,"href":"https:\/\/www.hoecker.eu\/blog\/wp-json\/wp\/v2\/ppma_author?post=10119"}],"curies":[{"name":"wp","href":"https:\/\/api.w.org\/{rel}","templated":true}]}}