{"id":10104,"date":"2025-03-25T16:59:19","date_gmt":"2025-03-25T15:59:19","guid":{"rendered":"https:\/\/www.hoecker.eu\/blog\/?p=10104"},"modified":"2025-03-25T16:59:20","modified_gmt":"2025-03-25T15:59:20","slug":"friedrich-der-taeuscher-luegnerische-wahlpropaganda-und-%c2%a7-108a-stgb","status":"publish","type":"post","link":"https:\/\/www.hoecker.eu\/blog\/friedrich-der-taeuscher-luegnerische-wahlpropaganda-und-%c2%a7-108a-stgb\/","title":{"rendered":"Friedrich der T\u00e4uscher? &#8220;L\u00fcgnerische Wahlpropaganda&#8221; und \u00a7 108a StGB"},"content":{"rendered":"\n<p>&#8220;<em>Drei Viertel der Befragten werfen Merz und Union W\u00e4hlert\u00e4uschung vor<\/em>&#8220;, titelte k\u00fcrzlich die <a href=\"https:\/\/www.welt.de\/politik\/deutschland\/article255753940\/Umfrage-Drei-Viertel-der-Befragten-werfen-Merz-und-Union-Waehlertaeuschung-vor.html\" target=\"_blank\" rel=\"noreferrer noopener\">WELT<\/a>. Anlass war die \u00f6ffentlich diskutierte Schuldenpolitik am Ende der Legislatur des 20. Deutschen Bundestags, zu der sich <strong>Friedrich Merz<\/strong> auch \u00f6ffentlich positionierte.<\/p>\n\n\n\n<p>Auch das Strafgesetzbuch (StGB) kennt den Vorwurf der &#8220;W\u00e4hlert\u00e4uschung&#8221;. In <strong>\u00a7 108a StGB<\/strong> hei\u00dft es: &#8220;<em>Wer durch T\u00e4uschung bewirkt, da\u00df jemand bei der Stimmabgabe \u00fcber den Inhalt seiner Erkl\u00e4rung irrt oder gegen seinen Willen nicht oder ung\u00fcltig w\u00e4hlt, wird mit Freiheitsstrafe bis zu zwei Jahren oder mit Geldstrafe bestraft. Der Versuch ist strafbar.<\/em>&#8221; M\u00fcssen Politiker nun eine Strafverfolgung bef\u00fcrchten, wenn sie nach erfolgreicher Wahl ein eher flexibles Verh\u00e4ltnis zu fr\u00fcheren Wahlversprechen an den Tag legen (ein Vorwurf, den der angesprochene Friedrich Merz \u00fcbrigens bestreitet)?<\/p>\n\n\n\n<p><strong>Nein<\/strong>. Denn die Regelung des \u00a7 108a StGB meint nur T\u00e4uschungen beim W\u00e4hlen, also beim Wahlakt selbst. T\u00e4uschungen vor der Wahl, also bei der Willensbildung, werden nicht erfasst. Hierzu hat der <strong>Bundesgerichtshof <\/strong>schon 1956 (Urt. v. 05.07.1956, Az.: 3 StR 183\/56) festgehalten: &#8220;<em>Dies folgt schon eindeutig aus dem Wortlaut des \u00a7 108 a StGB. Dieser erfa\u00dft alle F\u00e4lle des durch eine T\u00e4uschung verursachten Erkl\u00e4rungsirrtums. Ein solcher Erkl\u00e4rungsirrtum liegt nicht nur dann vor, wenn jemand zwar wei\u00df, da\u00df er eine Wahlhandlung vornimmt, seine Erkl\u00e4rung jedoch infolge der T\u00e4uschung eine andere Bedeutung hat als er vermeint; er ist erst recht dann gegeben, wenn durch die T\u00e4uschung bewirkt wird, da\u00df der Get\u00e4uschte nicht einmal erkennt, da\u00df er eine wahlrechtlich erhebliche Handlung vornimmt. <strong>Auszuscheiden <\/strong>sind dagegen die F\u00e4lle des Irrtums im Beweggrund, insbes. die F\u00e4lle, in denen ein W\u00e4hler durch <strong>l\u00fcgnerische Wahlpropaganda<\/strong> zur Stimmabgabe in einem bestimmten Sinne veranla\u00dft wird. Da in diesen F\u00e4llen der Inhalt der Erkl\u00e4rung seinem Willen entspricht, sind die Merkmale der Strafvorschrift nicht gegeben.<\/em>&#8220;<\/p>\n\n\n\n<p>Ein Politiker macht sich also <strong>nicht <\/strong>nach \u00a7 108a StGB strafbar, wenn er seine Wahlversprechen bricht. Ob ein solches Verhalten aber der Festigung seiner Glaubw\u00fcrdigkeit dient, d\u00fcrfte auf einem anderen Blatt stehen. <\/p>\n","protected":false},"excerpt":{"rendered":"<p>&#8220;Drei Viertel der Befragten werfen Merz und Union W\u00e4hlert\u00e4uschung vor&#8220;, titelte k\u00fcrzlich die WELT. Anlass war die \u00f6ffentlich diskutierte Schuldenpolitik am Ende der Legislatur des 20. Deutschen Bundestags, zu der sich Friedrich Merz auch \u00f6ffentlich positionierte. Auch das Strafgesetzbuch (StGB) kennt den Vorwurf der &#8220;W\u00e4hlert\u00e4uschung&#8221;. In \u00a7 108a StGB hei\u00dft es: &#8220;Wer durch T\u00e4uschung bewirkt, [&hellip;]<\/p>\n","protected":false},"author":5,"featured_media":10105,"comment_status":"closed","ping_status":"closed","sticky":false,"template":"","format":"standard","meta":{"_has_post_settings":[],"footnotes":""},"categories":[42],"tags":[130,104,131,129,132],"hashtags":[],"ppma_author":[80],"class_list":["post-10104","post","type-post","status-publish","format-standard","has-post-thumbnail","hentry","category-was-uns-bewegt","tag-bundestagswahl","tag-merz","tag-politik","tag-waehlertaeuschung","tag-wahlversprechen","author-cconrad"],"yoast_head":"<!-- This site is optimized with the Yoast SEO Premium plugin v25.9 (Yoast SEO v27.0) - https:\/\/yoast.com\/product\/yoast-seo-premium-wordpress\/ -->\n<title>Friedrich der T\u00e4uscher? &quot;L\u00fcgnerische Wahlpropaganda&quot; und \u00a7 108a StGB - H\u00d6CKER - der Blog<\/title>\n<meta name=\"robots\" content=\"index, follow, max-snippet:-1, max-image-preview:large, max-video-preview:-1\" \/>\n<link rel=\"canonical\" href=\"https:\/\/dev.hoecker.eu\/blog\/friedrich-der-taeuscher-luegnerische-wahlpropaganda-und-\u00a7-108a-stgb\/\" \/>\n<meta property=\"og:locale\" content=\"de_DE\" \/>\n<meta property=\"og:type\" content=\"article\" \/>\n<meta property=\"og:title\" content=\"Friedrich der T\u00e4uscher? &quot;L\u00fcgnerische Wahlpropaganda&quot; und \u00a7 108a StGB\" \/>\n<meta property=\"og:description\" content=\"&#8220;Drei Viertel der Befragten werfen Merz und Union W\u00e4hlert\u00e4uschung vor&#8220;, titelte k\u00fcrzlich die WELT. Anlass war die \u00f6ffentlich diskutierte Schuldenpolitik am Ende der Legislatur des 20. Deutschen Bundestags, zu der sich Friedrich Merz auch \u00f6ffentlich positionierte. Auch das Strafgesetzbuch (StGB) kennt den Vorwurf der &#8220;W\u00e4hlert\u00e4uschung&#8221;. In \u00a7 108a StGB hei\u00dft es: &#8220;Wer durch T\u00e4uschung bewirkt, [&hellip;]\" \/>\n<meta property=\"og:url\" content=\"https:\/\/dev.hoecker.eu\/blog\/friedrich-der-taeuscher-luegnerische-wahlpropaganda-und-\u00a7-108a-stgb\/\" \/>\n<meta property=\"og:site_name\" content=\"H\u00d6CKER - der Blog\" \/>\n<meta property=\"article:publisher\" content=\"https:\/\/www.facebook.com\/HoeckerRAe\/\" \/>\n<meta property=\"article:published_time\" content=\"2025-03-25T15:59:19+00:00\" \/>\n<meta property=\"article:modified_time\" content=\"2025-03-25T15:59:20+00:00\" \/>\n<meta property=\"og:image\" content=\"https:\/\/dev.hoecker.eu\/blog\/wp-content\/uploads\/2025\/03\/image6.webp\" \/>\n\t<meta property=\"og:image:width\" content=\"1024\" \/>\n\t<meta property=\"og:image:height\" content=\"768\" \/>\n\t<meta property=\"og:image:type\" content=\"image\/webp\" \/>\n<meta name=\"author\" content=\"Dr. Christian Conrad\" \/>\n<meta name=\"twitter:card\" content=\"summary_large_image\" \/>\n<meta name=\"twitter:creator\" content=\"@RA_Conrad\" \/>\n<meta name=\"twitter:site\" content=\"@hoecker_rae\" \/>\n<meta name=\"twitter:label1\" content=\"Verfasst von\" \/>\n\t<meta name=\"twitter:data1\" content=\"Dr. Christian Conrad\" \/>\n\t<meta name=\"twitter:label2\" content=\"Gesch\u00e4tzte Lesezeit\" \/>\n\t<meta name=\"twitter:data2\" content=\"2\u00a0Minuten\" \/>\n<script type=\"application\/ld+json\" class=\"yoast-schema-graph\">{\"@context\":\"https:\/\/schema.org\",\"@graph\":[{\"@type\":\"Article\",\"@id\":\"https:\/\/dev.hoecker.eu\/blog\/friedrich-der-taeuscher-luegnerische-wahlpropaganda-und-%c2%a7-108a-stgb\/#article\",\"isPartOf\":{\"@id\":\"https:\/\/dev.hoecker.eu\/blog\/friedrich-der-taeuscher-luegnerische-wahlpropaganda-und-%c2%a7-108a-stgb\/\"},\"author\":{\"name\":\"Dr. Christian Conrad\",\"@id\":\"https:\/\/www.hoecker.eu\/blog\/#\/schema\/person\/770fdcf6844f3964f8da896808b50577\"},\"headline\":\"Friedrich der T\u00e4uscher? &#8220;L\u00fcgnerische Wahlpropaganda&#8221; und \u00a7 108a StGB\",\"datePublished\":\"2025-03-25T15:59:19+00:00\",\"dateModified\":\"2025-03-25T15:59:20+00:00\",\"mainEntityOfPage\":{\"@id\":\"https:\/\/dev.hoecker.eu\/blog\/friedrich-der-taeuscher-luegnerische-wahlpropaganda-und-%c2%a7-108a-stgb\/\"},\"wordCount\":351,\"publisher\":{\"@id\":\"https:\/\/www.hoecker.eu\/blog\/#organization\"},\"image\":{\"@id\":\"https:\/\/dev.hoecker.eu\/blog\/friedrich-der-taeuscher-luegnerische-wahlpropaganda-und-%c2%a7-108a-stgb\/#primaryimage\"},\"thumbnailUrl\":\"https:\/\/www.hoecker.eu\/blog\/wp-content\/uploads\/2025\/03\/image6.webp\",\"keywords\":[\"Bundestagswahl\",\"Merz\",\"Politik\",\"W\u00e4hlert\u00e4uschung\",\"Wahlversprechen\"],\"articleSection\":[\"Was uns bewegt\"],\"inLanguage\":\"de\"},{\"@type\":\"WebPage\",\"@id\":\"https:\/\/dev.hoecker.eu\/blog\/friedrich-der-taeuscher-luegnerische-wahlpropaganda-und-%c2%a7-108a-stgb\/\",\"url\":\"https:\/\/dev.hoecker.eu\/blog\/friedrich-der-taeuscher-luegnerische-wahlpropaganda-und-%c2%a7-108a-stgb\/\",\"name\":\"Friedrich der T\u00e4uscher? \\\"L\u00fcgnerische Wahlpropaganda\\\" und \u00a7 108a StGB - H\u00d6CKER - der Blog\",\"isPartOf\":{\"@id\":\"https:\/\/www.hoecker.eu\/blog\/#website\"},\"primaryImageOfPage\":{\"@id\":\"https:\/\/dev.hoecker.eu\/blog\/friedrich-der-taeuscher-luegnerische-wahlpropaganda-und-%c2%a7-108a-stgb\/#primaryimage\"},\"image\":{\"@id\":\"https:\/\/dev.hoecker.eu\/blog\/friedrich-der-taeuscher-luegnerische-wahlpropaganda-und-%c2%a7-108a-stgb\/#primaryimage\"},\"thumbnailUrl\":\"https:\/\/www.hoecker.eu\/blog\/wp-content\/uploads\/2025\/03\/image6.webp\",\"datePublished\":\"2025-03-25T15:59:19+00:00\",\"dateModified\":\"2025-03-25T15:59:20+00:00\",\"breadcrumb\":{\"@id\":\"https:\/\/dev.hoecker.eu\/blog\/friedrich-der-taeuscher-luegnerische-wahlpropaganda-und-%c2%a7-108a-stgb\/#breadcrumb\"},\"inLanguage\":\"de\",\"potentialAction\":[{\"@type\":\"ReadAction\",\"target\":[\"https:\/\/dev.hoecker.eu\/blog\/friedrich-der-taeuscher-luegnerische-wahlpropaganda-und-%c2%a7-108a-stgb\/\"]}]},{\"@type\":\"ImageObject\",\"inLanguage\":\"de\",\"@id\":\"https:\/\/dev.hoecker.eu\/blog\/friedrich-der-taeuscher-luegnerische-wahlpropaganda-und-%c2%a7-108a-stgb\/#primaryimage\",\"url\":\"https:\/\/www.hoecker.eu\/blog\/wp-content\/uploads\/2025\/03\/image6.webp\",\"contentUrl\":\"https:\/\/www.hoecker.eu\/blog\/wp-content\/uploads\/2025\/03\/image6.webp\",\"width\":1024,\"height\":768},{\"@type\":\"BreadcrumbList\",\"@id\":\"https:\/\/dev.hoecker.eu\/blog\/friedrich-der-taeuscher-luegnerische-wahlpropaganda-und-%c2%a7-108a-stgb\/#breadcrumb\",\"itemListElement\":[{\"@type\":\"ListItem\",\"position\":1,\"name\":\"Startseite\",\"item\":\"https:\/\/dev.hoecker.eu\/blog\/\"},{\"@type\":\"ListItem\",\"position\":2,\"name\":\"Friedrich der T\u00e4uscher? &#8220;L\u00fcgnerische Wahlpropaganda&#8221; und \u00a7 108a StGB\"}]},{\"@type\":\"WebSite\",\"@id\":\"https:\/\/www.hoecker.eu\/blog\/#website\",\"url\":\"https:\/\/www.hoecker.eu\/blog\/\",\"name\":\"H\u00d6CKER - der Blog\",\"description\":\"Expertenblog f\u00fcr \u00c4u\u00dferungs-, Medien-, Marken-, Urheber- und Wettbewerbsrecht.\",\"publisher\":{\"@id\":\"https:\/\/www.hoecker.eu\/blog\/#organization\"},\"potentialAction\":[{\"@type\":\"SearchAction\",\"target\":{\"@type\":\"EntryPoint\",\"urlTemplate\":\"https:\/\/www.hoecker.eu\/blog\/?s={search_term_string}\"},\"query-input\":{\"@type\":\"PropertyValueSpecification\",\"valueRequired\":true,\"valueName\":\"search_term_string\"}}],\"inLanguage\":\"de\"},{\"@type\":\"Organization\",\"@id\":\"https:\/\/www.hoecker.eu\/blog\/#organization\",\"name\":\"H\u00d6CKER Rechtsanw\u00e4lte PartGmbB\",\"alternateName\":\"H\u00d6CKER\",\"url\":\"https:\/\/www.hoecker.eu\/blog\/\",\"logo\":{\"@type\":\"ImageObject\",\"inLanguage\":\"de\",\"@id\":\"https:\/\/www.hoecker.eu\/blog\/#\/schema\/logo\/image\/\",\"url\":\"https:\/\/www.hoecker.eu\/blog\/wp-content\/uploads\/2025\/03\/Blog-Logo.webp\",\"contentUrl\":\"https:\/\/www.hoecker.eu\/blog\/wp-content\/uploads\/2025\/03\/Blog-Logo.webp\",\"width\":500,\"height\":500,\"caption\":\"H\u00d6CKER Rechtsanw\u00e4lte PartGmbB\"},\"image\":{\"@id\":\"https:\/\/www.hoecker.eu\/blog\/#\/schema\/logo\/image\/\"},\"sameAs\":[\"https:\/\/www.facebook.com\/HoeckerRAe\/\",\"https:\/\/x.com\/hoecker_rae\",\"https:\/\/www.linkedin.com\/company\/hcker-rechtsanwlte\/\",\"https:\/\/www.instagram.com\/hoecker_rae\/\"],\"email\":\"contact@hoecker.eu\",\"telephone\":\"+ 49 (0)221-933 19-10\",\"legalName\":\"H\u00d6CKER Rechtsanw\u00e4lte PartGmbB\",\"numberOfEmployees\":{\"@type\":\"QuantitativeValue\",\"minValue\":\"11\",\"maxValue\":\"50\"}},{\"@type\":\"Person\",\"@id\":\"https:\/\/www.hoecker.eu\/blog\/#\/schema\/person\/770fdcf6844f3964f8da896808b50577\",\"name\":\"Dr. Christian Conrad\",\"description\":\"Partner | Rechtsanwalt (Presserecht, \u00f6ffentlich-rechtliches \u00c4u\u00dferungsrecht, Verfassungsrecht)\",\"sameAs\":[\"https:\/\/www.hoecker.eu\/wer\/dr-christian-conrad\",\"https:\/\/www.linkedin.com\/in\/dr-christian-conrad-38726922b\/\",\"https:\/\/x.com\/RA_Conrad\"],\"url\":\"https:\/\/www.hoecker.eu\/blog\/author\/cconrad\/\"}]}<\/script>\n<!-- \/ Yoast SEO Premium plugin. -->","yoast_head_json":{"title":"Friedrich der T\u00e4uscher? \"L\u00fcgnerische Wahlpropaganda\" und \u00a7 108a StGB - H\u00d6CKER - der Blog","robots":{"index":"index","follow":"follow","max-snippet":"max-snippet:-1","max-image-preview":"max-image-preview:large","max-video-preview":"max-video-preview:-1"},"canonical":"https:\/\/dev.hoecker.eu\/blog\/friedrich-der-taeuscher-luegnerische-wahlpropaganda-und-\u00a7-108a-stgb\/","og_locale":"de_DE","og_type":"article","og_title":"Friedrich der T\u00e4uscher? \"L\u00fcgnerische Wahlpropaganda\" und \u00a7 108a StGB","og_description":"&#8220;Drei Viertel der Befragten werfen Merz und Union W\u00e4hlert\u00e4uschung vor&#8220;, titelte k\u00fcrzlich die WELT. Anlass war die \u00f6ffentlich diskutierte Schuldenpolitik am Ende der Legislatur des 20. Deutschen Bundestags, zu der sich Friedrich Merz auch \u00f6ffentlich positionierte. Auch das Strafgesetzbuch (StGB) kennt den Vorwurf der &#8220;W\u00e4hlert\u00e4uschung&#8221;. In \u00a7 108a StGB hei\u00dft es: &#8220;Wer durch T\u00e4uschung bewirkt, [&hellip;]","og_url":"https:\/\/dev.hoecker.eu\/blog\/friedrich-der-taeuscher-luegnerische-wahlpropaganda-und-\u00a7-108a-stgb\/","og_site_name":"H\u00d6CKER - der Blog","article_publisher":"https:\/\/www.facebook.com\/HoeckerRAe\/","article_published_time":"2025-03-25T15:59:19+00:00","article_modified_time":"2025-03-25T15:59:20+00:00","og_image":[{"width":1024,"height":768,"url":"https:\/\/dev.hoecker.eu\/blog\/wp-content\/uploads\/2025\/03\/image6.webp","type":"image\/webp"}],"author":"Dr. Christian Conrad","twitter_card":"summary_large_image","twitter_creator":"@RA_Conrad","twitter_site":"@hoecker_rae","twitter_misc":{"Verfasst von":"Dr. Christian Conrad","Gesch\u00e4tzte Lesezeit":"2\u00a0Minuten"},"schema":{"@context":"https:\/\/schema.org","@graph":[{"@type":"Article","@id":"https:\/\/dev.hoecker.eu\/blog\/friedrich-der-taeuscher-luegnerische-wahlpropaganda-und-%c2%a7-108a-stgb\/#article","isPartOf":{"@id":"https:\/\/dev.hoecker.eu\/blog\/friedrich-der-taeuscher-luegnerische-wahlpropaganda-und-%c2%a7-108a-stgb\/"},"author":{"name":"Dr. Christian Conrad","@id":"https:\/\/www.hoecker.eu\/blog\/#\/schema\/person\/770fdcf6844f3964f8da896808b50577"},"headline":"Friedrich der T\u00e4uscher? &#8220;L\u00fcgnerische Wahlpropaganda&#8221; und \u00a7 108a StGB","datePublished":"2025-03-25T15:59:19+00:00","dateModified":"2025-03-25T15:59:20+00:00","mainEntityOfPage":{"@id":"https:\/\/dev.hoecker.eu\/blog\/friedrich-der-taeuscher-luegnerische-wahlpropaganda-und-%c2%a7-108a-stgb\/"},"wordCount":351,"publisher":{"@id":"https:\/\/www.hoecker.eu\/blog\/#organization"},"image":{"@id":"https:\/\/dev.hoecker.eu\/blog\/friedrich-der-taeuscher-luegnerische-wahlpropaganda-und-%c2%a7-108a-stgb\/#primaryimage"},"thumbnailUrl":"https:\/\/www.hoecker.eu\/blog\/wp-content\/uploads\/2025\/03\/image6.webp","keywords":["Bundestagswahl","Merz","Politik","W\u00e4hlert\u00e4uschung","Wahlversprechen"],"articleSection":["Was uns bewegt"],"inLanguage":"de"},{"@type":"WebPage","@id":"https:\/\/dev.hoecker.eu\/blog\/friedrich-der-taeuscher-luegnerische-wahlpropaganda-und-%c2%a7-108a-stgb\/","url":"https:\/\/dev.hoecker.eu\/blog\/friedrich-der-taeuscher-luegnerische-wahlpropaganda-und-%c2%a7-108a-stgb\/","name":"Friedrich der T\u00e4uscher? \"L\u00fcgnerische Wahlpropaganda\" und \u00a7 108a StGB - H\u00d6CKER - der Blog","isPartOf":{"@id":"https:\/\/www.hoecker.eu\/blog\/#website"},"primaryImageOfPage":{"@id":"https:\/\/dev.hoecker.eu\/blog\/friedrich-der-taeuscher-luegnerische-wahlpropaganda-und-%c2%a7-108a-stgb\/#primaryimage"},"image":{"@id":"https:\/\/dev.hoecker.eu\/blog\/friedrich-der-taeuscher-luegnerische-wahlpropaganda-und-%c2%a7-108a-stgb\/#primaryimage"},"thumbnailUrl":"https:\/\/www.hoecker.eu\/blog\/wp-content\/uploads\/2025\/03\/image6.webp","datePublished":"2025-03-25T15:59:19+00:00","dateModified":"2025-03-25T15:59:20+00:00","breadcrumb":{"@id":"https:\/\/dev.hoecker.eu\/blog\/friedrich-der-taeuscher-luegnerische-wahlpropaganda-und-%c2%a7-108a-stgb\/#breadcrumb"},"inLanguage":"de","potentialAction":[{"@type":"ReadAction","target":["https:\/\/dev.hoecker.eu\/blog\/friedrich-der-taeuscher-luegnerische-wahlpropaganda-und-%c2%a7-108a-stgb\/"]}]},{"@type":"ImageObject","inLanguage":"de","@id":"https:\/\/dev.hoecker.eu\/blog\/friedrich-der-taeuscher-luegnerische-wahlpropaganda-und-%c2%a7-108a-stgb\/#primaryimage","url":"https:\/\/www.hoecker.eu\/blog\/wp-content\/uploads\/2025\/03\/image6.webp","contentUrl":"https:\/\/www.hoecker.eu\/blog\/wp-content\/uploads\/2025\/03\/image6.webp","width":1024,"height":768},{"@type":"BreadcrumbList","@id":"https:\/\/dev.hoecker.eu\/blog\/friedrich-der-taeuscher-luegnerische-wahlpropaganda-und-%c2%a7-108a-stgb\/#breadcrumb","itemListElement":[{"@type":"ListItem","position":1,"name":"Startseite","item":"https:\/\/dev.hoecker.eu\/blog\/"},{"@type":"ListItem","position":2,"name":"Friedrich der T\u00e4uscher? &#8220;L\u00fcgnerische Wahlpropaganda&#8221; und \u00a7 108a StGB"}]},{"@type":"WebSite","@id":"https:\/\/www.hoecker.eu\/blog\/#website","url":"https:\/\/www.hoecker.eu\/blog\/","name":"H\u00d6CKER - der Blog","description":"Expertenblog f\u00fcr \u00c4u\u00dferungs-, Medien-, Marken-, Urheber- und Wettbewerbsrecht.","publisher":{"@id":"https:\/\/www.hoecker.eu\/blog\/#organization"},"potentialAction":[{"@type":"SearchAction","target":{"@type":"EntryPoint","urlTemplate":"https:\/\/www.hoecker.eu\/blog\/?s={search_term_string}"},"query-input":{"@type":"PropertyValueSpecification","valueRequired":true,"valueName":"search_term_string"}}],"inLanguage":"de"},{"@type":"Organization","@id":"https:\/\/www.hoecker.eu\/blog\/#organization","name":"H\u00d6CKER Rechtsanw\u00e4lte PartGmbB","alternateName":"H\u00d6CKER","url":"https:\/\/www.hoecker.eu\/blog\/","logo":{"@type":"ImageObject","inLanguage":"de","@id":"https:\/\/www.hoecker.eu\/blog\/#\/schema\/logo\/image\/","url":"https:\/\/www.hoecker.eu\/blog\/wp-content\/uploads\/2025\/03\/Blog-Logo.webp","contentUrl":"https:\/\/www.hoecker.eu\/blog\/wp-content\/uploads\/2025\/03\/Blog-Logo.webp","width":500,"height":500,"caption":"H\u00d6CKER Rechtsanw\u00e4lte PartGmbB"},"image":{"@id":"https:\/\/www.hoecker.eu\/blog\/#\/schema\/logo\/image\/"},"sameAs":["https:\/\/www.facebook.com\/HoeckerRAe\/","https:\/\/x.com\/hoecker_rae","https:\/\/www.linkedin.com\/company\/hcker-rechtsanwlte\/","https:\/\/www.instagram.com\/hoecker_rae\/"],"email":"contact@hoecker.eu","telephone":"+ 49 (0)221-933 19-10","legalName":"H\u00d6CKER Rechtsanw\u00e4lte PartGmbB","numberOfEmployees":{"@type":"QuantitativeValue","minValue":"11","maxValue":"50"}},{"@type":"Person","@id":"https:\/\/www.hoecker.eu\/blog\/#\/schema\/person\/770fdcf6844f3964f8da896808b50577","name":"Dr. Christian Conrad","description":"Partner | Rechtsanwalt (Presserecht, \u00f6ffentlich-rechtliches \u00c4u\u00dferungsrecht, Verfassungsrecht)","sameAs":["https:\/\/www.hoecker.eu\/wer\/dr-christian-conrad","https:\/\/www.linkedin.com\/in\/dr-christian-conrad-38726922b\/","https:\/\/x.com\/RA_Conrad"],"url":"https:\/\/www.hoecker.eu\/blog\/author\/cconrad\/"}]}},"authors":[{"term_id":80,"user_id":5,"is_guest":0,"slug":"cconrad","display_name":"Dr. Christian Conrad","avatar_url":{"url":"https:\/\/www.hoecker.eu\/blog\/wp-content\/uploads\/2025\/02\/CConrad.webp","url2x":"https:\/\/www.hoecker.eu\/blog\/wp-content\/uploads\/2025\/02\/CConrad.webp"},"0":null,"1":"","2":"","3":"","4":"","5":"","6":"","7":"","8":"","9":"","10":"","11":""}],"_links":{"self":[{"href":"https:\/\/www.hoecker.eu\/blog\/wp-json\/wp\/v2\/posts\/10104","targetHints":{"allow":["GET"]}}],"collection":[{"href":"https:\/\/www.hoecker.eu\/blog\/wp-json\/wp\/v2\/posts"}],"about":[{"href":"https:\/\/www.hoecker.eu\/blog\/wp-json\/wp\/v2\/types\/post"}],"author":[{"embeddable":true,"href":"https:\/\/www.hoecker.eu\/blog\/wp-json\/wp\/v2\/users\/5"}],"replies":[{"embeddable":true,"href":"https:\/\/www.hoecker.eu\/blog\/wp-json\/wp\/v2\/comments?post=10104"}],"version-history":[{"count":11,"href":"https:\/\/www.hoecker.eu\/blog\/wp-json\/wp\/v2\/posts\/10104\/revisions"}],"predecessor-version":[{"id":10116,"href":"https:\/\/www.hoecker.eu\/blog\/wp-json\/wp\/v2\/posts\/10104\/revisions\/10116"}],"wp:featuredmedia":[{"embeddable":true,"href":"https:\/\/www.hoecker.eu\/blog\/wp-json\/wp\/v2\/media\/10105"}],"wp:attachment":[{"href":"https:\/\/www.hoecker.eu\/blog\/wp-json\/wp\/v2\/media?parent=10104"}],"wp:term":[{"taxonomy":"category","embeddable":true,"href":"https:\/\/www.hoecker.eu\/blog\/wp-json\/wp\/v2\/categories?post=10104"},{"taxonomy":"post_tag","embeddable":true,"href":"https:\/\/www.hoecker.eu\/blog\/wp-json\/wp\/v2\/tags?post=10104"},{"taxonomy":"hashtags","embeddable":true,"href":"https:\/\/www.hoecker.eu\/blog\/wp-json\/wp\/v2\/hashtags?post=10104"},{"taxonomy":"author","embeddable":true,"href":"https:\/\/www.hoecker.eu\/blog\/wp-json\/wp\/v2\/ppma_author?post=10104"}],"curies":[{"name":"wp","href":"https:\/\/api.w.org\/{rel}","templated":true}]}}