{"id":10093,"date":"2025-03-13T15:30:48","date_gmt":"2025-03-13T14:30:48","guid":{"rendered":"https:\/\/www.hoecker.eu\/blog\/?p=10093"},"modified":"2025-03-13T15:30:49","modified_gmt":"2025-03-13T14:30:49","slug":"band-sollte-gecancelt-werden-doppelter-gerichtserfolg-fuer-weimar","status":"publish","type":"post","link":"https:\/\/www.hoecker.eu\/blog\/band-sollte-gecancelt-werden-doppelter-gerichtserfolg-fuer-weimar\/","title":{"rendered":"Band sollte gecancelt werden: Doppelter Gerichtserfolg f\u00fcr \u201eWeimar\u201c"},"content":{"rendered":"\n<p>Seit Anfang der 2020er Jahre hat sich die Band \u201eWeimar\u201c vor allem in \u201eMetal\u201c-Kreisen einen Namen gemacht. Ihre f\u00fcr 2025 geplante Tour soll die Band am 12.04.2025 nach Lemgo in die Phoenix Contact Arena sowie am 10.05.2025 nach Saarbr\u00fccken ins \u201eE WERK\u201c f\u00fchren. Nachdem bereits beide Termine f\u00fcr die Band reserviert waren, sagten die Hallenbetreiberinnen die Konzerte jeweils aus heiterem Himmel und mit fadenscheinigen Begr\u00fcndungen ab. So fabulierte das \u201eE WERK\u201c von einer arglistigen T\u00e4uschung. Von Seiten der Phoenix Contact Arena hie\u00df es wiederum, es best\u00fcnden \u201eBedenken\u201c der Sicherheitsbeh\u00f6rden (Spoiler: vor Gericht haben sich diese \u201eBedenken\u201c vollst\u00e4ndig in Luft aufgel\u00f6st). In der lippischen Lokalpresse war au\u00dferdem zu lesen, dass u.a. Ausrichtung und Stil der Band Grund f\u00fcr die Absage in Lemgo gewesen seien.<\/p>\n\n\n\n<p>F\u00fcr die 4K Concepts GbR, die hinter der Band stehende wirtschaftliche Unternehmung, ist diese Form der Cancel Culture unertr\u00e4glich. Sie entschied sich daher dazu, mithilfe von H\u00d6CKER rechtliche Schritte gegen den Kreis Lippe und die Landeshauptstadt Saarbr\u00fccken auf den Weg zu bringen, da die Hallenbetreiberinnen als kommunale Gesellschaften zu 90 bzw. 100 Prozent im Eigentum von Kreis bzw. Landeshauptstadt stehen.<\/p>\n\n\n\n<p><strong>Verwaltungsgericht Minden entscheidet zugunsten \u201eWeimar\u201c<\/strong><\/p>\n\n\n\n<p>Das Verwaltungsgericht Minden entschied am 11.03.2025 zugunsten der 4K Concepts GbR, dass ihr Zugang zur Phoenix Contact Arena in Lemgo zwecks Durchf\u00fchrung des Konzertes der Band \u201eWeimar\u201c am 12.04.2025 zu verschaffen ist (Beschl. v. 11.03.2025, Az. 2 L 251\/25, n.rk.). Ein sachlicher Grund, der 4K Concepts GbR den Zugang zur Phoenix Contact Arena zu verweigern, existiere nicht. Eine Gefahr, dass w\u00e4hrend des Konzerts gegen Gesetze versto\u00dfen werde, sei nicht ersichtlich. Auch die vom Kreis behauptete wirtschaftliche Existenzgef\u00e4hrdung der Hallenbetreiberin sei nicht ausreichend dargelegt worden.<\/p>\n\n\n\n<p><strong>Auch das Verwaltungsgericht Saarlouis entscheidet zugunsten der Band<\/strong><\/p>\n\n\n\n<p>Ebenfalls am 11.03.2025 entschied wiederum das Verwaltungsgericht des Saarlandes, dass der 4K Concepts GbR Zugang zum \u201eE WERK\u201c in Saarbr\u00fccken zwecks Durchf\u00fchrung des Konzerts der Band \u201eWeimar\u201c am 10.05.2025 zu verschaffen ist (Beschl. v. 11.03.2025, Az. 3 L 235\/25, n.rk.). Zur Begr\u00fcndung verwies das Gericht u.a. darauf, dass im gesamten Vortrag der beigeladenen Hallenbetreiberin nicht im Ansatz konkrete tats\u00e4chliche Anhaltspunkte benannt worden seien, die auf die Begehung von Ordnungswidrigkeiten oder Straftaten von gravierendem Gewicht anl\u00e4sslich des geplanten Konzerts sicher schlie\u00dfen lie\u00dfen. Die Prognose beruhe auf reiner Spekulation. Der mit der Hallenbetreiberin geschlossene Mietvertrag sei weder wirksam angefochten noch gek\u00fcndigt worden. Die Weigerung der Landeshauptstadt Saarbr\u00fccken, auf die Hallenbetreiberin als st\u00e4dtische Gesellschaft im Sinne der 4K Concepts GbR einzuwirken, stelle einen Eingriff in deren Kunstfreiheit dar.<\/p>\n\n\n\n<p>Rechtsanwalt Glen O\u2018Brien: \u201e<em>In beiden Verfahren waren die von den Kommunen und den kommunalen Gesellschaften vorgetragenen Argumente mehr als d\u00fcrftig. Es freut uns sehr, dass die Gerichte dies genauso sehen.<\/em>\u201c<\/p>\n\n\n\n<p>Rechts- und Fachanwalt f\u00fcr gewerblichen Rechtsschutz Dr. Ren\u00e9 Rosenau: \u201e<em>Die beiden Entscheidungen st\u00e4rken die Kunstfreiheit. Wie Kunst auszusehen hat, ist dank des Grundgesetzes n\u00e4mlich nichts, \u00fcber das andere als der K\u00fcnstler selbst zu entscheiden h\u00e4tten, schon gar nicht der Staat<\/em>.\u201c<\/p>\n","protected":false},"excerpt":{"rendered":"<p>Seit Anfang der 2020er Jahre hat sich die Band \u201eWeimar\u201c vor allem in \u201eMetal\u201c-Kreisen einen Namen gemacht. Ihre f\u00fcr 2025 geplante Tour soll die Band am 12.04.2025 nach Lemgo in die Phoenix Contact Arena sowie am 10.05.2025 nach Saarbr\u00fccken ins \u201eE WERK\u201c f\u00fchren. Nachdem bereits beide Termine f\u00fcr die Band reserviert waren, sagten die Hallenbetreiberinnen [&hellip;]<\/p>\n","protected":false},"author":13,"featured_media":0,"comment_status":"closed","ping_status":"closed","sticky":false,"template":"","format":"standard","meta":{"_has_post_settings":[],"footnotes":""},"categories":[15],"tags":[123,122,121,124],"hashtags":[],"ppma_author":[83,88],"class_list":["post-10093","post","type-post","status-publish","format-standard","hentry","category-news","tag-hallenbetreiber","tag-konzert","tag-weimar","tag-zugangsverschaffung","author-gobrien","author-rrosenau"],"yoast_head":"<!-- This site is optimized with the Yoast SEO Premium plugin v25.9 (Yoast SEO v27.0) - https:\/\/yoast.com\/product\/yoast-seo-premium-wordpress\/ -->\n<title>Band sollte gecancelt werden: Doppelter Gerichtserfolg f\u00fcr \u201eWeimar\u201c - H\u00d6CKER - der Blog<\/title>\n<meta name=\"robots\" content=\"index, follow, max-snippet:-1, max-image-preview:large, max-video-preview:-1\" \/>\n<link rel=\"canonical\" href=\"https:\/\/dev.hoecker.eu\/blog\/band-sollte-gecancelt-werden-doppelter-gerichtserfolg-fuer-weimar\/\" \/>\n<meta property=\"og:locale\" content=\"de_DE\" \/>\n<meta property=\"og:type\" content=\"article\" \/>\n<meta property=\"og:title\" content=\"Band sollte gecancelt werden: Doppelter Gerichtserfolg f\u00fcr \u201eWeimar\u201c\" \/>\n<meta property=\"og:description\" content=\"Seit Anfang der 2020er Jahre hat sich die Band \u201eWeimar\u201c vor allem in \u201eMetal\u201c-Kreisen einen Namen gemacht. Ihre f\u00fcr 2025 geplante Tour soll die Band am 12.04.2025 nach Lemgo in die Phoenix Contact Arena sowie am 10.05.2025 nach Saarbr\u00fccken ins \u201eE WERK\u201c f\u00fchren. Nachdem bereits beide Termine f\u00fcr die Band reserviert waren, sagten die Hallenbetreiberinnen [&hellip;]\" \/>\n<meta property=\"og:url\" content=\"https:\/\/dev.hoecker.eu\/blog\/band-sollte-gecancelt-werden-doppelter-gerichtserfolg-fuer-weimar\/\" \/>\n<meta property=\"og:site_name\" content=\"H\u00d6CKER - der Blog\" \/>\n<meta property=\"article:publisher\" content=\"https:\/\/www.facebook.com\/HoeckerRAe\/\" \/>\n<meta property=\"article:published_time\" content=\"2025-03-13T14:30:48+00:00\" \/>\n<meta property=\"article:modified_time\" content=\"2025-03-13T14:30:49+00:00\" \/>\n<meta name=\"author\" content=\"Glen O&#039;Brien, Dr. Rene Rosenau\" \/>\n<meta name=\"twitter:card\" content=\"summary_large_image\" \/>\n<meta name=\"twitter:creator\" content=\"@hoecker_rae\" \/>\n<meta name=\"twitter:site\" content=\"@hoecker_rae\" \/>\n<meta name=\"twitter:label1\" content=\"Verfasst von\" \/>\n\t<meta name=\"twitter:data1\" content=\"Glen O&#039;Brien\" \/>\n\t<meta name=\"twitter:label2\" content=\"Gesch\u00e4tzte Lesezeit\" \/>\n\t<meta name=\"twitter:data2\" content=\"3\u00a0Minuten\" \/>\n<script type=\"application\/ld+json\" class=\"yoast-schema-graph\">{\"@context\":\"https:\/\/schema.org\",\"@graph\":[{\"@type\":\"Article\",\"@id\":\"https:\/\/dev.hoecker.eu\/blog\/band-sollte-gecancelt-werden-doppelter-gerichtserfolg-fuer-weimar\/#article\",\"isPartOf\":{\"@id\":\"https:\/\/dev.hoecker.eu\/blog\/band-sollte-gecancelt-werden-doppelter-gerichtserfolg-fuer-weimar\/\"},\"author\":{\"name\":\"Glen O'Brien\",\"@id\":\"https:\/\/www.hoecker.eu\/blog\/#\/schema\/person\/45e53728052ee61aa234089fee25f3e7\"},\"headline\":\"Band sollte gecancelt werden: Doppelter Gerichtserfolg f\u00fcr \u201eWeimar\u201c\",\"datePublished\":\"2025-03-13T14:30:48+00:00\",\"dateModified\":\"2025-03-13T14:30:49+00:00\",\"mainEntityOfPage\":{\"@id\":\"https:\/\/dev.hoecker.eu\/blog\/band-sollte-gecancelt-werden-doppelter-gerichtserfolg-fuer-weimar\/\"},\"wordCount\":511,\"publisher\":{\"@id\":\"https:\/\/www.hoecker.eu\/blog\/#organization\"},\"keywords\":[\"Hallenbetreiber\",\"Konzert\",\"Weimar\",\"Zugangsverschaffung\"],\"articleSection\":[\"News\"],\"inLanguage\":\"de\"},{\"@type\":\"WebPage\",\"@id\":\"https:\/\/dev.hoecker.eu\/blog\/band-sollte-gecancelt-werden-doppelter-gerichtserfolg-fuer-weimar\/\",\"url\":\"https:\/\/dev.hoecker.eu\/blog\/band-sollte-gecancelt-werden-doppelter-gerichtserfolg-fuer-weimar\/\",\"name\":\"Band sollte gecancelt werden: Doppelter Gerichtserfolg f\u00fcr \u201eWeimar\u201c - H\u00d6CKER - der Blog\",\"isPartOf\":{\"@id\":\"https:\/\/www.hoecker.eu\/blog\/#website\"},\"datePublished\":\"2025-03-13T14:30:48+00:00\",\"dateModified\":\"2025-03-13T14:30:49+00:00\",\"breadcrumb\":{\"@id\":\"https:\/\/dev.hoecker.eu\/blog\/band-sollte-gecancelt-werden-doppelter-gerichtserfolg-fuer-weimar\/#breadcrumb\"},\"inLanguage\":\"de\",\"potentialAction\":[{\"@type\":\"ReadAction\",\"target\":[\"https:\/\/dev.hoecker.eu\/blog\/band-sollte-gecancelt-werden-doppelter-gerichtserfolg-fuer-weimar\/\"]}]},{\"@type\":\"BreadcrumbList\",\"@id\":\"https:\/\/dev.hoecker.eu\/blog\/band-sollte-gecancelt-werden-doppelter-gerichtserfolg-fuer-weimar\/#breadcrumb\",\"itemListElement\":[{\"@type\":\"ListItem\",\"position\":1,\"name\":\"Startseite\",\"item\":\"https:\/\/dev.hoecker.eu\/blog\/\"},{\"@type\":\"ListItem\",\"position\":2,\"name\":\"Band sollte gecancelt werden: Doppelter Gerichtserfolg f\u00fcr \u201eWeimar\u201c\"}]},{\"@type\":\"WebSite\",\"@id\":\"https:\/\/www.hoecker.eu\/blog\/#website\",\"url\":\"https:\/\/www.hoecker.eu\/blog\/\",\"name\":\"H\u00d6CKER - der Blog\",\"description\":\"Expertenblog f\u00fcr \u00c4u\u00dferungs-, Medien-, Marken-, Urheber- und Wettbewerbsrecht.\",\"publisher\":{\"@id\":\"https:\/\/www.hoecker.eu\/blog\/#organization\"},\"potentialAction\":[{\"@type\":\"SearchAction\",\"target\":{\"@type\":\"EntryPoint\",\"urlTemplate\":\"https:\/\/www.hoecker.eu\/blog\/?s={search_term_string}\"},\"query-input\":{\"@type\":\"PropertyValueSpecification\",\"valueRequired\":true,\"valueName\":\"search_term_string\"}}],\"inLanguage\":\"de\"},{\"@type\":\"Organization\",\"@id\":\"https:\/\/www.hoecker.eu\/blog\/#organization\",\"name\":\"H\u00d6CKER Rechtsanw\u00e4lte PartGmbB\",\"alternateName\":\"H\u00d6CKER\",\"url\":\"https:\/\/www.hoecker.eu\/blog\/\",\"logo\":{\"@type\":\"ImageObject\",\"inLanguage\":\"de\",\"@id\":\"https:\/\/www.hoecker.eu\/blog\/#\/schema\/logo\/image\/\",\"url\":\"https:\/\/www.hoecker.eu\/blog\/wp-content\/uploads\/2025\/03\/Blog-Logo.webp\",\"contentUrl\":\"https:\/\/www.hoecker.eu\/blog\/wp-content\/uploads\/2025\/03\/Blog-Logo.webp\",\"width\":500,\"height\":500,\"caption\":\"H\u00d6CKER Rechtsanw\u00e4lte PartGmbB\"},\"image\":{\"@id\":\"https:\/\/www.hoecker.eu\/blog\/#\/schema\/logo\/image\/\"},\"sameAs\":[\"https:\/\/www.facebook.com\/HoeckerRAe\/\",\"https:\/\/x.com\/hoecker_rae\",\"https:\/\/www.linkedin.com\/company\/hcker-rechtsanwlte\/\",\"https:\/\/www.instagram.com\/hoecker_rae\/\"],\"email\":\"contact@hoecker.eu\",\"telephone\":\"+ 49 (0)221-933 19-10\",\"legalName\":\"H\u00d6CKER Rechtsanw\u00e4lte PartGmbB\",\"numberOfEmployees\":{\"@type\":\"QuantitativeValue\",\"minValue\":\"11\",\"maxValue\":\"50\"}},{\"@type\":\"Person\",\"@id\":\"https:\/\/www.hoecker.eu\/blog\/#\/schema\/person\/45e53728052ee61aa234089fee25f3e7\",\"name\":\"Glen O'Brien\",\"sameAs\":[\"https:\/\/www.hoecker.eu\/wer\/glen-o-brien\"],\"url\":\"https:\/\/www.hoecker.eu\/blog\/author\/gobrien\/\"}]}<\/script>\n<!-- \/ Yoast SEO Premium plugin. -->","yoast_head_json":{"title":"Band sollte gecancelt werden: Doppelter Gerichtserfolg f\u00fcr \u201eWeimar\u201c - H\u00d6CKER - der Blog","robots":{"index":"index","follow":"follow","max-snippet":"max-snippet:-1","max-image-preview":"max-image-preview:large","max-video-preview":"max-video-preview:-1"},"canonical":"https:\/\/dev.hoecker.eu\/blog\/band-sollte-gecancelt-werden-doppelter-gerichtserfolg-fuer-weimar\/","og_locale":"de_DE","og_type":"article","og_title":"Band sollte gecancelt werden: Doppelter Gerichtserfolg f\u00fcr \u201eWeimar\u201c","og_description":"Seit Anfang der 2020er Jahre hat sich die Band \u201eWeimar\u201c vor allem in \u201eMetal\u201c-Kreisen einen Namen gemacht. Ihre f\u00fcr 2025 geplante Tour soll die Band am 12.04.2025 nach Lemgo in die Phoenix Contact Arena sowie am 10.05.2025 nach Saarbr\u00fccken ins \u201eE WERK\u201c f\u00fchren. Nachdem bereits beide Termine f\u00fcr die Band reserviert waren, sagten die Hallenbetreiberinnen [&hellip;]","og_url":"https:\/\/dev.hoecker.eu\/blog\/band-sollte-gecancelt-werden-doppelter-gerichtserfolg-fuer-weimar\/","og_site_name":"H\u00d6CKER - der Blog","article_publisher":"https:\/\/www.facebook.com\/HoeckerRAe\/","article_published_time":"2025-03-13T14:30:48+00:00","article_modified_time":"2025-03-13T14:30:49+00:00","author":"Glen O'Brien, Dr. Rene Rosenau","twitter_card":"summary_large_image","twitter_creator":"@hoecker_rae","twitter_site":"@hoecker_rae","twitter_misc":{"Verfasst von":"Glen O'Brien","Gesch\u00e4tzte Lesezeit":"3\u00a0Minuten"},"schema":{"@context":"https:\/\/schema.org","@graph":[{"@type":"Article","@id":"https:\/\/dev.hoecker.eu\/blog\/band-sollte-gecancelt-werden-doppelter-gerichtserfolg-fuer-weimar\/#article","isPartOf":{"@id":"https:\/\/dev.hoecker.eu\/blog\/band-sollte-gecancelt-werden-doppelter-gerichtserfolg-fuer-weimar\/"},"author":{"name":"Glen O'Brien","@id":"https:\/\/www.hoecker.eu\/blog\/#\/schema\/person\/45e53728052ee61aa234089fee25f3e7"},"headline":"Band sollte gecancelt werden: Doppelter Gerichtserfolg f\u00fcr \u201eWeimar\u201c","datePublished":"2025-03-13T14:30:48+00:00","dateModified":"2025-03-13T14:30:49+00:00","mainEntityOfPage":{"@id":"https:\/\/dev.hoecker.eu\/blog\/band-sollte-gecancelt-werden-doppelter-gerichtserfolg-fuer-weimar\/"},"wordCount":511,"publisher":{"@id":"https:\/\/www.hoecker.eu\/blog\/#organization"},"keywords":["Hallenbetreiber","Konzert","Weimar","Zugangsverschaffung"],"articleSection":["News"],"inLanguage":"de"},{"@type":"WebPage","@id":"https:\/\/dev.hoecker.eu\/blog\/band-sollte-gecancelt-werden-doppelter-gerichtserfolg-fuer-weimar\/","url":"https:\/\/dev.hoecker.eu\/blog\/band-sollte-gecancelt-werden-doppelter-gerichtserfolg-fuer-weimar\/","name":"Band sollte gecancelt werden: Doppelter Gerichtserfolg f\u00fcr \u201eWeimar\u201c - H\u00d6CKER - der Blog","isPartOf":{"@id":"https:\/\/www.hoecker.eu\/blog\/#website"},"datePublished":"2025-03-13T14:30:48+00:00","dateModified":"2025-03-13T14:30:49+00:00","breadcrumb":{"@id":"https:\/\/dev.hoecker.eu\/blog\/band-sollte-gecancelt-werden-doppelter-gerichtserfolg-fuer-weimar\/#breadcrumb"},"inLanguage":"de","potentialAction":[{"@type":"ReadAction","target":["https:\/\/dev.hoecker.eu\/blog\/band-sollte-gecancelt-werden-doppelter-gerichtserfolg-fuer-weimar\/"]}]},{"@type":"BreadcrumbList","@id":"https:\/\/dev.hoecker.eu\/blog\/band-sollte-gecancelt-werden-doppelter-gerichtserfolg-fuer-weimar\/#breadcrumb","itemListElement":[{"@type":"ListItem","position":1,"name":"Startseite","item":"https:\/\/dev.hoecker.eu\/blog\/"},{"@type":"ListItem","position":2,"name":"Band sollte gecancelt werden: Doppelter Gerichtserfolg f\u00fcr \u201eWeimar\u201c"}]},{"@type":"WebSite","@id":"https:\/\/www.hoecker.eu\/blog\/#website","url":"https:\/\/www.hoecker.eu\/blog\/","name":"H\u00d6CKER - der Blog","description":"Expertenblog f\u00fcr \u00c4u\u00dferungs-, Medien-, Marken-, Urheber- und Wettbewerbsrecht.","publisher":{"@id":"https:\/\/www.hoecker.eu\/blog\/#organization"},"potentialAction":[{"@type":"SearchAction","target":{"@type":"EntryPoint","urlTemplate":"https:\/\/www.hoecker.eu\/blog\/?s={search_term_string}"},"query-input":{"@type":"PropertyValueSpecification","valueRequired":true,"valueName":"search_term_string"}}],"inLanguage":"de"},{"@type":"Organization","@id":"https:\/\/www.hoecker.eu\/blog\/#organization","name":"H\u00d6CKER Rechtsanw\u00e4lte PartGmbB","alternateName":"H\u00d6CKER","url":"https:\/\/www.hoecker.eu\/blog\/","logo":{"@type":"ImageObject","inLanguage":"de","@id":"https:\/\/www.hoecker.eu\/blog\/#\/schema\/logo\/image\/","url":"https:\/\/www.hoecker.eu\/blog\/wp-content\/uploads\/2025\/03\/Blog-Logo.webp","contentUrl":"https:\/\/www.hoecker.eu\/blog\/wp-content\/uploads\/2025\/03\/Blog-Logo.webp","width":500,"height":500,"caption":"H\u00d6CKER Rechtsanw\u00e4lte PartGmbB"},"image":{"@id":"https:\/\/www.hoecker.eu\/blog\/#\/schema\/logo\/image\/"},"sameAs":["https:\/\/www.facebook.com\/HoeckerRAe\/","https:\/\/x.com\/hoecker_rae","https:\/\/www.linkedin.com\/company\/hcker-rechtsanwlte\/","https:\/\/www.instagram.com\/hoecker_rae\/"],"email":"contact@hoecker.eu","telephone":"+ 49 (0)221-933 19-10","legalName":"H\u00d6CKER Rechtsanw\u00e4lte PartGmbB","numberOfEmployees":{"@type":"QuantitativeValue","minValue":"11","maxValue":"50"}},{"@type":"Person","@id":"https:\/\/www.hoecker.eu\/blog\/#\/schema\/person\/45e53728052ee61aa234089fee25f3e7","name":"Glen O'Brien","sameAs":["https:\/\/www.hoecker.eu\/wer\/glen-o-brien"],"url":"https:\/\/www.hoecker.eu\/blog\/author\/gobrien\/"}]}},"authors":[{"term_id":83,"user_id":13,"is_guest":0,"slug":"gobrien","display_name":"Glen O'Brien","avatar_url":{"url":"https:\/\/www.hoecker.eu\/blog\/wp-content\/uploads\/2025\/02\/GOBrien.webp","url2x":"https:\/\/www.hoecker.eu\/blog\/wp-content\/uploads\/2025\/02\/GOBrien.webp"},"0":null,"1":"","2":"","3":"","4":"","5":"","6":"","7":"","8":"","9":"","10":"","11":""},{"term_id":88,"user_id":10,"is_guest":0,"slug":"rrosenau","display_name":"Dr. Rene Rosenau","avatar_url":{"url":"https:\/\/www.hoecker.eu\/blog\/wp-content\/uploads\/2025\/02\/cropped-RRosenau.webp","url2x":"https:\/\/www.hoecker.eu\/blog\/wp-content\/uploads\/2025\/02\/cropped-RRosenau.webp"},"0":null,"1":"","2":"","3":"","4":"","5":"","6":"","7":"","8":"","9":"","10":"","11":""}],"_links":{"self":[{"href":"https:\/\/www.hoecker.eu\/blog\/wp-json\/wp\/v2\/posts\/10093","targetHints":{"allow":["GET"]}}],"collection":[{"href":"https:\/\/www.hoecker.eu\/blog\/wp-json\/wp\/v2\/posts"}],"about":[{"href":"https:\/\/www.hoecker.eu\/blog\/wp-json\/wp\/v2\/types\/post"}],"author":[{"embeddable":true,"href":"https:\/\/www.hoecker.eu\/blog\/wp-json\/wp\/v2\/users\/13"}],"replies":[{"embeddable":true,"href":"https:\/\/www.hoecker.eu\/blog\/wp-json\/wp\/v2\/comments?post=10093"}],"version-history":[{"count":1,"href":"https:\/\/www.hoecker.eu\/blog\/wp-json\/wp\/v2\/posts\/10093\/revisions"}],"predecessor-version":[{"id":10094,"href":"https:\/\/www.hoecker.eu\/blog\/wp-json\/wp\/v2\/posts\/10093\/revisions\/10094"}],"wp:attachment":[{"href":"https:\/\/www.hoecker.eu\/blog\/wp-json\/wp\/v2\/media?parent=10093"}],"wp:term":[{"taxonomy":"category","embeddable":true,"href":"https:\/\/www.hoecker.eu\/blog\/wp-json\/wp\/v2\/categories?post=10093"},{"taxonomy":"post_tag","embeddable":true,"href":"https:\/\/www.hoecker.eu\/blog\/wp-json\/wp\/v2\/tags?post=10093"},{"taxonomy":"hashtags","embeddable":true,"href":"https:\/\/www.hoecker.eu\/blog\/wp-json\/wp\/v2\/hashtags?post=10093"},{"taxonomy":"author","embeddable":true,"href":"https:\/\/www.hoecker.eu\/blog\/wp-json\/wp\/v2\/ppma_author?post=10093"}],"curies":[{"name":"wp","href":"https:\/\/api.w.org\/{rel}","templated":true}]}}