{"id":10085,"date":"2025-03-13T11:18:44","date_gmt":"2025-03-13T10:18:44","guid":{"rendered":"https:\/\/www.hoecker.eu\/blog\/?p=10085"},"modified":"2025-03-13T11:18:45","modified_gmt":"2025-03-13T10:18:45","slug":"wahlrecht-fuer-alle-die-langfristig-hier-leben-unabhaengig-von-ihrer-staatsbuergerschaft","status":"publish","type":"post","link":"https:\/\/www.hoecker.eu\/blog\/wahlrecht-fuer-alle-die-langfristig-hier-leben-unabhaengig-von-ihrer-staatsbuergerschaft\/","title":{"rendered":"\u201eWahlrecht f\u00fcr alle, die langfristig hier leben \u2013 unabh\u00e4ngig von ihrer Staatsb\u00fcrgerschaft\u201c?"},"content":{"rendered":"\n<p>\u201e<em>Wir fordern ein Wahlrecht f\u00fcr alle, die langfristig in Deutschland leben, unabh\u00e4ngig von ihrer Staatsb\u00fcrgerschaft.<\/em>\u201c So soll eine Forderung der &#8220;Arbeitsgruppe Migration und Vielfalt der SPD&#8221; lauten, \u00fcber die die <a href=\"https:\/\/www.welt.de\/politik\/deutschland\/plus255623412\/Vor-Koalitionsverhandlungen-Wahlrecht-fuer-alle-die-langfristig-hier-leben-unabhaengig-von-Staatsbuergerschaft.html\" target=\"_blank\" rel=\"noreferrer noopener\">WELT am 12.03.2025<\/a> berichtete.<\/p>\n\n\n\n<p>Doch was k\u00f6nnte dieser weitreichenden Forderung etwa in Bezug auf die Wahlen zum Deutschen Bundestag entgegenstehen? Nun &#8211; das Grundgesetz und die Rechtsprechung des Bundesverfassungsgerichts:<\/p>\n\n\n\n<p>Nach <strong>Art. 20 Abs. 2 GG<\/strong> geht alle Staatsgewalt &#8220;vom Volke&#8221; aus und wird &#8220;vom Volke&#8221; v.a. in Wahlen und Abstimmungen ausge\u00fcbt. &#8220;Volk&#8221; meint hier <strong>alle Deutschen<\/strong> im Sinne des Art. 116 GG. Dieser Begriff ist gerade nicht mit den Einwohnern des Staatsgebiets identisch. Insofern betrifft auch der Wahlrechtsgrundsatz der &#8220;Allgemeinheit&#8221; der Bundestagswahl in Art. 38 Abs. 1 S. 1 GG die Deutschen im Sinne des Art. 116 GG.<\/p>\n\n\n\n<p>Das <strong>Bundesverfassungsgericht <\/strong>(Urt. v. 31.10.1990, Az.: 2 BvF 2\/89, 2 BvF 6\/89) hat daher auch eine Regelung, die ein Wahlrecht f\u00fcr bestimmte Ausl\u00e4nder bei Gemeinde- und Kreiswahlen in Schleswig-Holstein nach einem gew\u00f6hnlichen Aufenthalt von 5 Jahren vorsah, f\u00fcr nichtig erkl\u00e4rt und u.a. ausgef\u00fchrt:<\/p>\n\n\n\n<p>&#8220;<em>(&#8230;) Diese Vorschrift meint mit \u201cVolk\u201d das deutsche Volk. (&#8230;) Der Verfassungssatz \u201cAlle Staatsgewalt geht vom Volke aus\u201d (Art. 20 II 1 GG) enth\u00e4lt &#8211; wie auch seine Stellung und der Normzusammenhang belegen &#8211; nicht allein den Grundsatz der Volkssouver\u00e4nit\u00e4t. Vielmehr bestimmt diese Vorschrift selbst, wer das Volk ist, das in Wahlen, Abstimmungen und durch besondere Organe der Gesetzgebung, der vollziehenden Gewalt und der Rechtsprechung (Art. 20 II 2 GG) Staatsgewalt aus\u00fcbt: Es ist das Staatsvolk der Bundesrepublik Deutschland. Sie wird in Art. 20 I bis III GG als demokratischer und sozialer Bundesstaat mit rechtsstaatlich-gewaltengliedernder Struktur konstituiert; als demokratischer Staat kann sie nicht ohne die Personengesamtheit gedacht werden, die Tr\u00e4ger und Subjekt der in ihr und durch ihre Organe ausge\u00fcbten Staatsgewalt ist. Diese Personengesamtheit bildet das Staatsvolk, von dem alle Staatsgewalt ausgeht.<\/em><\/p>\n\n\n\n<p><em>Art. 20 II 1 GG hat daher nicht zum Inhalt, da\u00df sich die Entscheidungen der Staatsgewalt von den jeweils Betroffenen her zu legitimieren haben; vielmehr mu\u00df die Staatsgewalt das Volk als eine zur Einheit verbundene Gruppe von Menschen zu ihrem Subjekt haben. Das Volk, von dem die Staatsgewalt in der Bundesrepublik Deutschland ausgeht, wird nach dem Grundgesetz von den deutschen Staatsangeh\u00f6rigen und den ihnen nach Art. 116 I gleichgestellten Personen gebildet. Die Zugeh\u00f6rigkeit zum Staatsvolk der Bundesrepublik wird also grunds\u00e4tzlich durch die Staatsangeh\u00f6rigkeit vermittelt. Die Staatsangeh\u00f6rigkeit ist die rechtliche Voraussetzung f\u00fcr den gleichen staatsb\u00fcrgerlichen Status, der einerseits gleiche Pflichten, zum anderen und insbesondere aber auch die Rechte begr\u00fcndet, durch deren Aus\u00fcbung die Staatsgewalt in der Demokratie ihre Legitimation erf\u00e4hrt<\/em>. <em>(&#8230;)<\/em><\/p>\n\n\n\n<p><em>Ist also die Eigenschaft als Deutscher nach der Konzeption des Grundgesetzes der Ankn\u00fcpfungspunkt f\u00fcr die Zugeh\u00f6rigkeit zum Volk als dem Tr\u00e4ger der Staatsgewalt, so wird auch f\u00fcr das Wahlrecht, durch dessen Aus\u00fcbung das Volk in erster Linie die ihm zukommende Staatsgewalt wahrnimmt, diese Eigenschaft vorausgesetzt.<\/em> <em>(&#8230;) &#8230;kann jedoch nicht zu einer Aufl\u00f6sung des Junktims zwischen der Eigenschaft als Deutscher und der Zugeh\u00f6rigkeit zum Staatsvolk als dem Inhaber der Staatsgewalt f\u00fchren. Ein solcher Weg ist durch das Grundgesetz versperrt. (&#8230;)<\/em>&#8220;<\/p>\n\n\n\n<p>Ein Wahlrecht f\u00fcr alle, die langfristig hier leben, unabh\u00e4ngig von ihrer Staatsb\u00fcrgerschaft &#8211; diese Idee ist daher <a href=\"https:\/\/www.bmi.bund.de\/DE\/themen\/verfassung\/wahlrecht\/auslaenderwahlrecht\/auslaenderwahlrecht-node.html\" target=\"_blank\" rel=\"noreferrer noopener\"><strong>nicht <\/strong>mit dem Grundgesetz vereinbar<\/a>.<\/p>\n\n\n\n<p><\/p>\n","protected":false},"excerpt":{"rendered":"<p>\u201eWir fordern ein Wahlrecht f\u00fcr alle, die langfristig in Deutschland leben, unabh\u00e4ngig von ihrer Staatsb\u00fcrgerschaft.\u201c So soll eine Forderung der &#8220;Arbeitsgruppe Migration und Vielfalt der SPD&#8221; lauten, \u00fcber die die WELT am 12.03.2025 berichtete. Doch was k\u00f6nnte dieser weitreichenden Forderung etwa in Bezug auf die Wahlen zum Deutschen Bundestag entgegenstehen? Nun &#8211; das Grundgesetz und [&hellip;]<\/p>\n","protected":false},"author":5,"featured_media":10086,"comment_status":"closed","ping_status":"closed","sticky":false,"template":"","format":"standard","meta":{"_has_post_settings":[],"footnotes":""},"categories":[42],"tags":[103,120,119],"hashtags":[],"ppma_author":[80],"class_list":["post-10085","post","type-post","status-publish","format-standard","has-post-thumbnail","hentry","category-was-uns-bewegt","tag-grundgesetz","tag-migration","tag-wahlrecht","author-cconrad"],"yoast_head":"<!-- This site is optimized with the Yoast SEO Premium plugin v25.9 (Yoast SEO v27.0) - https:\/\/yoast.com\/product\/yoast-seo-premium-wordpress\/ -->\n<title>\u201eWahlrecht f\u00fcr alle, die langfristig hier leben \u2013 unabh\u00e4ngig von ihrer Staatsb\u00fcrgerschaft\u201c? - H\u00d6CKER - der Blog<\/title>\n<meta name=\"robots\" content=\"index, follow, max-snippet:-1, max-image-preview:large, max-video-preview:-1\" \/>\n<link rel=\"canonical\" href=\"https:\/\/dev.hoecker.eu\/blog\/wahlrecht-fuer-alle-die-langfristig-hier-leben-unabhaengig-von-ihrer-staatsbuergerschaft\/\" \/>\n<meta property=\"og:locale\" content=\"de_DE\" \/>\n<meta property=\"og:type\" content=\"article\" \/>\n<meta property=\"og:title\" content=\"\u201eWahlrecht f\u00fcr alle, die langfristig hier leben \u2013 unabh\u00e4ngig von ihrer Staatsb\u00fcrgerschaft\u201c?\" \/>\n<meta property=\"og:description\" content=\"\u201eWir fordern ein Wahlrecht f\u00fcr alle, die langfristig in Deutschland leben, unabh\u00e4ngig von ihrer Staatsb\u00fcrgerschaft.\u201c So soll eine Forderung der &#8220;Arbeitsgruppe Migration und Vielfalt der SPD&#8221; lauten, \u00fcber die die WELT am 12.03.2025 berichtete. Doch was k\u00f6nnte dieser weitreichenden Forderung etwa in Bezug auf die Wahlen zum Deutschen Bundestag entgegenstehen? Nun &#8211; das Grundgesetz und [&hellip;]\" \/>\n<meta property=\"og:url\" content=\"https:\/\/dev.hoecker.eu\/blog\/wahlrecht-fuer-alle-die-langfristig-hier-leben-unabhaengig-von-ihrer-staatsbuergerschaft\/\" \/>\n<meta property=\"og:site_name\" content=\"H\u00d6CKER - der Blog\" \/>\n<meta property=\"article:publisher\" content=\"https:\/\/www.facebook.com\/HoeckerRAe\/\" \/>\n<meta property=\"article:published_time\" content=\"2025-03-13T10:18:44+00:00\" \/>\n<meta property=\"article:modified_time\" content=\"2025-03-13T10:18:45+00:00\" \/>\n<meta property=\"og:image\" content=\"https:\/\/dev.hoecker.eu\/blog\/wp-content\/uploads\/2025\/03\/image5.webp\" \/>\n\t<meta property=\"og:image:width\" content=\"1024\" \/>\n\t<meta property=\"og:image:height\" content=\"768\" \/>\n\t<meta property=\"og:image:type\" content=\"image\/webp\" \/>\n<meta name=\"author\" content=\"Dr. Christian Conrad\" \/>\n<meta name=\"twitter:card\" content=\"summary_large_image\" \/>\n<meta name=\"twitter:creator\" content=\"@RA_Conrad\" \/>\n<meta name=\"twitter:site\" content=\"@hoecker_rae\" \/>\n<meta name=\"twitter:label1\" content=\"Verfasst von\" \/>\n\t<meta name=\"twitter:data1\" content=\"Dr. Christian Conrad\" \/>\n\t<meta name=\"twitter:label2\" content=\"Gesch\u00e4tzte Lesezeit\" \/>\n\t<meta name=\"twitter:data2\" content=\"4\u00a0Minuten\" \/>\n<script type=\"application\/ld+json\" class=\"yoast-schema-graph\">{\"@context\":\"https:\/\/schema.org\",\"@graph\":[{\"@type\":\"Article\",\"@id\":\"https:\/\/dev.hoecker.eu\/blog\/wahlrecht-fuer-alle-die-langfristig-hier-leben-unabhaengig-von-ihrer-staatsbuergerschaft\/#article\",\"isPartOf\":{\"@id\":\"https:\/\/dev.hoecker.eu\/blog\/wahlrecht-fuer-alle-die-langfristig-hier-leben-unabhaengig-von-ihrer-staatsbuergerschaft\/\"},\"author\":{\"name\":\"Dr. Christian Conrad\",\"@id\":\"https:\/\/www.hoecker.eu\/blog\/#\/schema\/person\/770fdcf6844f3964f8da896808b50577\"},\"headline\":\"\u201eWahlrecht f\u00fcr alle, die langfristig hier leben \u2013 unabh\u00e4ngig von ihrer Staatsb\u00fcrgerschaft\u201c?\",\"datePublished\":\"2025-03-13T10:18:44+00:00\",\"dateModified\":\"2025-03-13T10:18:45+00:00\",\"mainEntityOfPage\":{\"@id\":\"https:\/\/dev.hoecker.eu\/blog\/wahlrecht-fuer-alle-die-langfristig-hier-leben-unabhaengig-von-ihrer-staatsbuergerschaft\/\"},\"wordCount\":552,\"publisher\":{\"@id\":\"https:\/\/www.hoecker.eu\/blog\/#organization\"},\"image\":{\"@id\":\"https:\/\/dev.hoecker.eu\/blog\/wahlrecht-fuer-alle-die-langfristig-hier-leben-unabhaengig-von-ihrer-staatsbuergerschaft\/#primaryimage\"},\"thumbnailUrl\":\"https:\/\/www.hoecker.eu\/blog\/wp-content\/uploads\/2025\/03\/image5.webp\",\"keywords\":[\"Grundgesetz\",\"Migration\",\"Wahlrecht\"],\"articleSection\":[\"Was uns bewegt\"],\"inLanguage\":\"de\"},{\"@type\":\"WebPage\",\"@id\":\"https:\/\/dev.hoecker.eu\/blog\/wahlrecht-fuer-alle-die-langfristig-hier-leben-unabhaengig-von-ihrer-staatsbuergerschaft\/\",\"url\":\"https:\/\/dev.hoecker.eu\/blog\/wahlrecht-fuer-alle-die-langfristig-hier-leben-unabhaengig-von-ihrer-staatsbuergerschaft\/\",\"name\":\"\u201eWahlrecht f\u00fcr alle, die langfristig hier leben \u2013 unabh\u00e4ngig von ihrer Staatsb\u00fcrgerschaft\u201c? - H\u00d6CKER - der Blog\",\"isPartOf\":{\"@id\":\"https:\/\/www.hoecker.eu\/blog\/#website\"},\"primaryImageOfPage\":{\"@id\":\"https:\/\/dev.hoecker.eu\/blog\/wahlrecht-fuer-alle-die-langfristig-hier-leben-unabhaengig-von-ihrer-staatsbuergerschaft\/#primaryimage\"},\"image\":{\"@id\":\"https:\/\/dev.hoecker.eu\/blog\/wahlrecht-fuer-alle-die-langfristig-hier-leben-unabhaengig-von-ihrer-staatsbuergerschaft\/#primaryimage\"},\"thumbnailUrl\":\"https:\/\/www.hoecker.eu\/blog\/wp-content\/uploads\/2025\/03\/image5.webp\",\"datePublished\":\"2025-03-13T10:18:44+00:00\",\"dateModified\":\"2025-03-13T10:18:45+00:00\",\"breadcrumb\":{\"@id\":\"https:\/\/dev.hoecker.eu\/blog\/wahlrecht-fuer-alle-die-langfristig-hier-leben-unabhaengig-von-ihrer-staatsbuergerschaft\/#breadcrumb\"},\"inLanguage\":\"de\",\"potentialAction\":[{\"@type\":\"ReadAction\",\"target\":[\"https:\/\/dev.hoecker.eu\/blog\/wahlrecht-fuer-alle-die-langfristig-hier-leben-unabhaengig-von-ihrer-staatsbuergerschaft\/\"]}]},{\"@type\":\"ImageObject\",\"inLanguage\":\"de\",\"@id\":\"https:\/\/dev.hoecker.eu\/blog\/wahlrecht-fuer-alle-die-langfristig-hier-leben-unabhaengig-von-ihrer-staatsbuergerschaft\/#primaryimage\",\"url\":\"https:\/\/www.hoecker.eu\/blog\/wp-content\/uploads\/2025\/03\/image5.webp\",\"contentUrl\":\"https:\/\/www.hoecker.eu\/blog\/wp-content\/uploads\/2025\/03\/image5.webp\",\"width\":1024,\"height\":768},{\"@type\":\"BreadcrumbList\",\"@id\":\"https:\/\/dev.hoecker.eu\/blog\/wahlrecht-fuer-alle-die-langfristig-hier-leben-unabhaengig-von-ihrer-staatsbuergerschaft\/#breadcrumb\",\"itemListElement\":[{\"@type\":\"ListItem\",\"position\":1,\"name\":\"Startseite\",\"item\":\"https:\/\/dev.hoecker.eu\/blog\/\"},{\"@type\":\"ListItem\",\"position\":2,\"name\":\"\u201eWahlrecht f\u00fcr alle, die langfristig hier leben \u2013 unabh\u00e4ngig von ihrer Staatsb\u00fcrgerschaft\u201c?\"}]},{\"@type\":\"WebSite\",\"@id\":\"https:\/\/www.hoecker.eu\/blog\/#website\",\"url\":\"https:\/\/www.hoecker.eu\/blog\/\",\"name\":\"H\u00d6CKER - der Blog\",\"description\":\"Expertenblog f\u00fcr \u00c4u\u00dferungs-, Medien-, Marken-, Urheber- und Wettbewerbsrecht.\",\"publisher\":{\"@id\":\"https:\/\/www.hoecker.eu\/blog\/#organization\"},\"potentialAction\":[{\"@type\":\"SearchAction\",\"target\":{\"@type\":\"EntryPoint\",\"urlTemplate\":\"https:\/\/www.hoecker.eu\/blog\/?s={search_term_string}\"},\"query-input\":{\"@type\":\"PropertyValueSpecification\",\"valueRequired\":true,\"valueName\":\"search_term_string\"}}],\"inLanguage\":\"de\"},{\"@type\":\"Organization\",\"@id\":\"https:\/\/www.hoecker.eu\/blog\/#organization\",\"name\":\"H\u00d6CKER Rechtsanw\u00e4lte PartGmbB\",\"alternateName\":\"H\u00d6CKER\",\"url\":\"https:\/\/www.hoecker.eu\/blog\/\",\"logo\":{\"@type\":\"ImageObject\",\"inLanguage\":\"de\",\"@id\":\"https:\/\/www.hoecker.eu\/blog\/#\/schema\/logo\/image\/\",\"url\":\"https:\/\/www.hoecker.eu\/blog\/wp-content\/uploads\/2025\/03\/Blog-Logo.webp\",\"contentUrl\":\"https:\/\/www.hoecker.eu\/blog\/wp-content\/uploads\/2025\/03\/Blog-Logo.webp\",\"width\":500,\"height\":500,\"caption\":\"H\u00d6CKER Rechtsanw\u00e4lte PartGmbB\"},\"image\":{\"@id\":\"https:\/\/www.hoecker.eu\/blog\/#\/schema\/logo\/image\/\"},\"sameAs\":[\"https:\/\/www.facebook.com\/HoeckerRAe\/\",\"https:\/\/x.com\/hoecker_rae\",\"https:\/\/www.linkedin.com\/company\/hcker-rechtsanwlte\/\",\"https:\/\/www.instagram.com\/hoecker_rae\/\"],\"email\":\"contact@hoecker.eu\",\"telephone\":\"+ 49 (0)221-933 19-10\",\"legalName\":\"H\u00d6CKER Rechtsanw\u00e4lte PartGmbB\",\"numberOfEmployees\":{\"@type\":\"QuantitativeValue\",\"minValue\":\"11\",\"maxValue\":\"50\"}},{\"@type\":\"Person\",\"@id\":\"https:\/\/www.hoecker.eu\/blog\/#\/schema\/person\/770fdcf6844f3964f8da896808b50577\",\"name\":\"Dr. Christian Conrad\",\"description\":\"Partner | Rechtsanwalt (Presserecht, \u00f6ffentlich-rechtliches \u00c4u\u00dferungsrecht, Verfassungsrecht)\",\"sameAs\":[\"https:\/\/www.hoecker.eu\/wer\/dr-christian-conrad\",\"https:\/\/www.linkedin.com\/in\/dr-christian-conrad-38726922b\/\",\"https:\/\/x.com\/RA_Conrad\"],\"url\":\"https:\/\/www.hoecker.eu\/blog\/author\/cconrad\/\"}]}<\/script>\n<!-- \/ Yoast SEO Premium plugin. -->","yoast_head_json":{"title":"\u201eWahlrecht f\u00fcr alle, die langfristig hier leben \u2013 unabh\u00e4ngig von ihrer Staatsb\u00fcrgerschaft\u201c? - H\u00d6CKER - der Blog","robots":{"index":"index","follow":"follow","max-snippet":"max-snippet:-1","max-image-preview":"max-image-preview:large","max-video-preview":"max-video-preview:-1"},"canonical":"https:\/\/dev.hoecker.eu\/blog\/wahlrecht-fuer-alle-die-langfristig-hier-leben-unabhaengig-von-ihrer-staatsbuergerschaft\/","og_locale":"de_DE","og_type":"article","og_title":"\u201eWahlrecht f\u00fcr alle, die langfristig hier leben \u2013 unabh\u00e4ngig von ihrer Staatsb\u00fcrgerschaft\u201c?","og_description":"\u201eWir fordern ein Wahlrecht f\u00fcr alle, die langfristig in Deutschland leben, unabh\u00e4ngig von ihrer Staatsb\u00fcrgerschaft.\u201c So soll eine Forderung der &#8220;Arbeitsgruppe Migration und Vielfalt der SPD&#8221; lauten, \u00fcber die die WELT am 12.03.2025 berichtete. Doch was k\u00f6nnte dieser weitreichenden Forderung etwa in Bezug auf die Wahlen zum Deutschen Bundestag entgegenstehen? Nun &#8211; das Grundgesetz und [&hellip;]","og_url":"https:\/\/dev.hoecker.eu\/blog\/wahlrecht-fuer-alle-die-langfristig-hier-leben-unabhaengig-von-ihrer-staatsbuergerschaft\/","og_site_name":"H\u00d6CKER - der Blog","article_publisher":"https:\/\/www.facebook.com\/HoeckerRAe\/","article_published_time":"2025-03-13T10:18:44+00:00","article_modified_time":"2025-03-13T10:18:45+00:00","og_image":[{"width":1024,"height":768,"url":"https:\/\/dev.hoecker.eu\/blog\/wp-content\/uploads\/2025\/03\/image5.webp","type":"image\/webp"}],"author":"Dr. Christian Conrad","twitter_card":"summary_large_image","twitter_creator":"@RA_Conrad","twitter_site":"@hoecker_rae","twitter_misc":{"Verfasst von":"Dr. Christian Conrad","Gesch\u00e4tzte Lesezeit":"4\u00a0Minuten"},"schema":{"@context":"https:\/\/schema.org","@graph":[{"@type":"Article","@id":"https:\/\/dev.hoecker.eu\/blog\/wahlrecht-fuer-alle-die-langfristig-hier-leben-unabhaengig-von-ihrer-staatsbuergerschaft\/#article","isPartOf":{"@id":"https:\/\/dev.hoecker.eu\/blog\/wahlrecht-fuer-alle-die-langfristig-hier-leben-unabhaengig-von-ihrer-staatsbuergerschaft\/"},"author":{"name":"Dr. Christian Conrad","@id":"https:\/\/www.hoecker.eu\/blog\/#\/schema\/person\/770fdcf6844f3964f8da896808b50577"},"headline":"\u201eWahlrecht f\u00fcr alle, die langfristig hier leben \u2013 unabh\u00e4ngig von ihrer Staatsb\u00fcrgerschaft\u201c?","datePublished":"2025-03-13T10:18:44+00:00","dateModified":"2025-03-13T10:18:45+00:00","mainEntityOfPage":{"@id":"https:\/\/dev.hoecker.eu\/blog\/wahlrecht-fuer-alle-die-langfristig-hier-leben-unabhaengig-von-ihrer-staatsbuergerschaft\/"},"wordCount":552,"publisher":{"@id":"https:\/\/www.hoecker.eu\/blog\/#organization"},"image":{"@id":"https:\/\/dev.hoecker.eu\/blog\/wahlrecht-fuer-alle-die-langfristig-hier-leben-unabhaengig-von-ihrer-staatsbuergerschaft\/#primaryimage"},"thumbnailUrl":"https:\/\/www.hoecker.eu\/blog\/wp-content\/uploads\/2025\/03\/image5.webp","keywords":["Grundgesetz","Migration","Wahlrecht"],"articleSection":["Was uns bewegt"],"inLanguage":"de"},{"@type":"WebPage","@id":"https:\/\/dev.hoecker.eu\/blog\/wahlrecht-fuer-alle-die-langfristig-hier-leben-unabhaengig-von-ihrer-staatsbuergerschaft\/","url":"https:\/\/dev.hoecker.eu\/blog\/wahlrecht-fuer-alle-die-langfristig-hier-leben-unabhaengig-von-ihrer-staatsbuergerschaft\/","name":"\u201eWahlrecht f\u00fcr alle, die langfristig hier leben \u2013 unabh\u00e4ngig von ihrer Staatsb\u00fcrgerschaft\u201c? - H\u00d6CKER - der Blog","isPartOf":{"@id":"https:\/\/www.hoecker.eu\/blog\/#website"},"primaryImageOfPage":{"@id":"https:\/\/dev.hoecker.eu\/blog\/wahlrecht-fuer-alle-die-langfristig-hier-leben-unabhaengig-von-ihrer-staatsbuergerschaft\/#primaryimage"},"image":{"@id":"https:\/\/dev.hoecker.eu\/blog\/wahlrecht-fuer-alle-die-langfristig-hier-leben-unabhaengig-von-ihrer-staatsbuergerschaft\/#primaryimage"},"thumbnailUrl":"https:\/\/www.hoecker.eu\/blog\/wp-content\/uploads\/2025\/03\/image5.webp","datePublished":"2025-03-13T10:18:44+00:00","dateModified":"2025-03-13T10:18:45+00:00","breadcrumb":{"@id":"https:\/\/dev.hoecker.eu\/blog\/wahlrecht-fuer-alle-die-langfristig-hier-leben-unabhaengig-von-ihrer-staatsbuergerschaft\/#breadcrumb"},"inLanguage":"de","potentialAction":[{"@type":"ReadAction","target":["https:\/\/dev.hoecker.eu\/blog\/wahlrecht-fuer-alle-die-langfristig-hier-leben-unabhaengig-von-ihrer-staatsbuergerschaft\/"]}]},{"@type":"ImageObject","inLanguage":"de","@id":"https:\/\/dev.hoecker.eu\/blog\/wahlrecht-fuer-alle-die-langfristig-hier-leben-unabhaengig-von-ihrer-staatsbuergerschaft\/#primaryimage","url":"https:\/\/www.hoecker.eu\/blog\/wp-content\/uploads\/2025\/03\/image5.webp","contentUrl":"https:\/\/www.hoecker.eu\/blog\/wp-content\/uploads\/2025\/03\/image5.webp","width":1024,"height":768},{"@type":"BreadcrumbList","@id":"https:\/\/dev.hoecker.eu\/blog\/wahlrecht-fuer-alle-die-langfristig-hier-leben-unabhaengig-von-ihrer-staatsbuergerschaft\/#breadcrumb","itemListElement":[{"@type":"ListItem","position":1,"name":"Startseite","item":"https:\/\/dev.hoecker.eu\/blog\/"},{"@type":"ListItem","position":2,"name":"\u201eWahlrecht f\u00fcr alle, die langfristig hier leben \u2013 unabh\u00e4ngig von ihrer Staatsb\u00fcrgerschaft\u201c?"}]},{"@type":"WebSite","@id":"https:\/\/www.hoecker.eu\/blog\/#website","url":"https:\/\/www.hoecker.eu\/blog\/","name":"H\u00d6CKER - der Blog","description":"Expertenblog f\u00fcr \u00c4u\u00dferungs-, Medien-, Marken-, Urheber- und Wettbewerbsrecht.","publisher":{"@id":"https:\/\/www.hoecker.eu\/blog\/#organization"},"potentialAction":[{"@type":"SearchAction","target":{"@type":"EntryPoint","urlTemplate":"https:\/\/www.hoecker.eu\/blog\/?s={search_term_string}"},"query-input":{"@type":"PropertyValueSpecification","valueRequired":true,"valueName":"search_term_string"}}],"inLanguage":"de"},{"@type":"Organization","@id":"https:\/\/www.hoecker.eu\/blog\/#organization","name":"H\u00d6CKER Rechtsanw\u00e4lte PartGmbB","alternateName":"H\u00d6CKER","url":"https:\/\/www.hoecker.eu\/blog\/","logo":{"@type":"ImageObject","inLanguage":"de","@id":"https:\/\/www.hoecker.eu\/blog\/#\/schema\/logo\/image\/","url":"https:\/\/www.hoecker.eu\/blog\/wp-content\/uploads\/2025\/03\/Blog-Logo.webp","contentUrl":"https:\/\/www.hoecker.eu\/blog\/wp-content\/uploads\/2025\/03\/Blog-Logo.webp","width":500,"height":500,"caption":"H\u00d6CKER Rechtsanw\u00e4lte PartGmbB"},"image":{"@id":"https:\/\/www.hoecker.eu\/blog\/#\/schema\/logo\/image\/"},"sameAs":["https:\/\/www.facebook.com\/HoeckerRAe\/","https:\/\/x.com\/hoecker_rae","https:\/\/www.linkedin.com\/company\/hcker-rechtsanwlte\/","https:\/\/www.instagram.com\/hoecker_rae\/"],"email":"contact@hoecker.eu","telephone":"+ 49 (0)221-933 19-10","legalName":"H\u00d6CKER Rechtsanw\u00e4lte PartGmbB","numberOfEmployees":{"@type":"QuantitativeValue","minValue":"11","maxValue":"50"}},{"@type":"Person","@id":"https:\/\/www.hoecker.eu\/blog\/#\/schema\/person\/770fdcf6844f3964f8da896808b50577","name":"Dr. Christian Conrad","description":"Partner | Rechtsanwalt (Presserecht, \u00f6ffentlich-rechtliches \u00c4u\u00dferungsrecht, Verfassungsrecht)","sameAs":["https:\/\/www.hoecker.eu\/wer\/dr-christian-conrad","https:\/\/www.linkedin.com\/in\/dr-christian-conrad-38726922b\/","https:\/\/x.com\/RA_Conrad"],"url":"https:\/\/www.hoecker.eu\/blog\/author\/cconrad\/"}]}},"authors":[{"term_id":80,"user_id":5,"is_guest":0,"slug":"cconrad","display_name":"Dr. Christian Conrad","avatar_url":{"url":"https:\/\/www.hoecker.eu\/blog\/wp-content\/uploads\/2025\/02\/CConrad.webp","url2x":"https:\/\/www.hoecker.eu\/blog\/wp-content\/uploads\/2025\/02\/CConrad.webp"},"0":null,"1":"","2":"","3":"","4":"","5":"","6":"","7":"","8":"","9":"","10":"","11":""}],"_links":{"self":[{"href":"https:\/\/www.hoecker.eu\/blog\/wp-json\/wp\/v2\/posts\/10085","targetHints":{"allow":["GET"]}}],"collection":[{"href":"https:\/\/www.hoecker.eu\/blog\/wp-json\/wp\/v2\/posts"}],"about":[{"href":"https:\/\/www.hoecker.eu\/blog\/wp-json\/wp\/v2\/types\/post"}],"author":[{"embeddable":true,"href":"https:\/\/www.hoecker.eu\/blog\/wp-json\/wp\/v2\/users\/5"}],"replies":[{"embeddable":true,"href":"https:\/\/www.hoecker.eu\/blog\/wp-json\/wp\/v2\/comments?post=10085"}],"version-history":[{"count":5,"href":"https:\/\/www.hoecker.eu\/blog\/wp-json\/wp\/v2\/posts\/10085\/revisions"}],"predecessor-version":[{"id":10091,"href":"https:\/\/www.hoecker.eu\/blog\/wp-json\/wp\/v2\/posts\/10085\/revisions\/10091"}],"wp:featuredmedia":[{"embeddable":true,"href":"https:\/\/www.hoecker.eu\/blog\/wp-json\/wp\/v2\/media\/10086"}],"wp:attachment":[{"href":"https:\/\/www.hoecker.eu\/blog\/wp-json\/wp\/v2\/media?parent=10085"}],"wp:term":[{"taxonomy":"category","embeddable":true,"href":"https:\/\/www.hoecker.eu\/blog\/wp-json\/wp\/v2\/categories?post=10085"},{"taxonomy":"post_tag","embeddable":true,"href":"https:\/\/www.hoecker.eu\/blog\/wp-json\/wp\/v2\/tags?post=10085"},{"taxonomy":"hashtags","embeddable":true,"href":"https:\/\/www.hoecker.eu\/blog\/wp-json\/wp\/v2\/hashtags?post=10085"},{"taxonomy":"author","embeddable":true,"href":"https:\/\/www.hoecker.eu\/blog\/wp-json\/wp\/v2\/ppma_author?post=10085"}],"curies":[{"name":"wp","href":"https:\/\/api.w.org\/{rel}","templated":true}]}}