{"id":10062,"date":"2025-03-02T12:42:55","date_gmt":"2025-03-02T11:42:55","guid":{"rendered":"https:\/\/www.hoecker.eu\/blog\/?p=10062"},"modified":"2025-03-02T12:42:55","modified_gmt":"2025-03-02T11:42:55","slug":"das-duesseldorfer-hakenkreuz-unzulaessiger-tabubruch","status":"publish","type":"post","link":"https:\/\/www.hoecker.eu\/blog\/das-duesseldorfer-hakenkreuz-unzulaessiger-tabubruch\/","title":{"rendered":"Das D\u00fcsseldorfer Hakenkreuz &#8211; (un)zul\u00e4ssiger Tabubruch?"},"content":{"rendered":"\n<p><a href=\"https:\/\/de.wikipedia.org\/wiki\/Jacques_Tilly\" target=\"_blank\" rel=\"noreferrer noopener\">Jacques Tilly<\/a> ist bundesweit u.a. als Wagenbauer f\u00fcr den D\u00fcsseldorfer <strong>Rosenmontagszug <\/strong>bekannt. Seine Motive sind regelm\u00e4\u00dfig brandaktuell und ecken an &#8211; sie nehmen die Sch\u00f6nen, Reichen und M\u00e4chtigen aufs Korn. Auch dieses Jahr d\u00fcrfte ein Motiv f\u00fcr Diskussionen sorgen: In einem Artikel der &#8220;<a href=\"https:\/\/www.tagesschau.de\/inland\/regional\/nordrheinwestfalen\/wdr-duesseldorf-zwei-tilly-mottowagen-schon-vor-rosenmontag-zu-sehen-102.html\" target=\"_blank\" rel=\"noreferrer noopener\">Tagesschau<\/a>&#8221; hei\u00dft es hierzu: &#8220;<em>Parteichefin Alice Weidel ragt aus einem Hexenhaus und reicht eine Brezel in Hakenkreuz-Form an zwei Erstw\u00e4hler.<\/em>&#8220;<\/p>\n\n\n\n<p>Ein Geb\u00e4ck in Form eines <strong>Hakenkreuzes<\/strong> &#8211; gezeigt auf einem Karnevalsumzug, den nicht nur studierte Politikprofessoren (m\/w\/d), sondern auch tausende Kinder sehen werden? Verst\u00f6\u00dft das nicht gegen das Strafrecht, v.a. gegen die Regelung des <strong>\u00a7\u00a086a StGB<\/strong> (Verwenden von Kennzeichen verfassungswidriger und terroristischer Organisationen)?<\/p>\n\n\n\n<p>Dass das Hakenkreuz als Kennzeichen der fr\u00fcheren NSDAP der Strafnorm <strong>unterf\u00e4llt<\/strong>, ist unstreitig (vgl. etwa BGH, Urt. v. 25.07.1979, Az.: 3 StR 182\/79 (S); vgl. \u00a7 86 Abs. 1 Nr. 4 StGB). Zum insofern relevanten <strong>Schutzzweck <\/strong>hei\u00dft es beim Bundesverfassungsgericht (<a href=\"https:\/\/www.bundesverfassungsgericht.de\/SharedDocs\/Entscheidungen\/DE\/2009\/05\/rk20090518_2bvr220208.html\" target=\"_blank\" rel=\"noreferrer noopener\">Beschl. v. 18.05.2009, Az.: 2 BvR 2202\/08<\/a>): &#8220;<em>Der Schutzzweck des \u00a7 86a StGB besteht in der Abwehr der symbolhaft durch die Verwendung eines Kennzeichens ausgedr\u00fcckten Wiederbelebung bestimmter Organisationen sowie der symbolhaft gekennzeichneten Wiederbelebung der von solchen Organisationen verfolgten Bestrebungen. Dabei wehrt \u00a7<\/em>\u00a0<em>86a StGB als abstraktes Gef\u00e4hrdungsdelikt Gefahren ab, die schon allein mit dem \u00e4u\u00dferen Erscheinungsbild eines Kennzeichens verbunden sind. Ein Unterst\u00fctzungswille f\u00fcr die durch das Kennzeichen symbolisierte Organisation muss dabei <strong>nicht <\/strong>bestehen. Die Norm <strong>verbannt <\/strong>somit die entsprechenden Kennzeichen grunds\u00e4tzlich aus dem Bild des politischen Lebens und errichtet so <strong>ein kommunikatives \u201eTabu\u201d<\/strong>. Es soll bereits jeder Anschein vermieden werden, in der Bundesrepublik Deutschland gebe es eine rechtsstaatswidrige politische Entwicklung in dem Sinne, dass verfassungsfeindliche Bestrebungen in der durch das Kennzeichen symbolisierten Richtung <strong>geduldet <\/strong>w\u00fcrden&#8221;<\/em>.<\/p>\n\n\n\n<p>\u00c4hnlich formulierte es der Bundesgerichtshof (BGH) im Jahr 2007 (<a href=\"https:\/\/openjur.de\/u\/78740.html\" target=\"_blank\" rel=\"noreferrer noopener\">Urt. v. 15.03.2007, Az.: 3 StR 486\/06<\/a>): &#8220;<em>\u00a7\u00a086a StGB will dar\u00fcber hinaus verhindern, dass die Verwendung von Kennzeichen verbotener verfassungsfeindlicher Organisationen &#8211; <strong>ungeachtet <\/strong>der damit verbundenen Absichten &#8211; sich wieder derart einb\u00fcrgert, dass das <strong>Ziel, solche Kennzeichen aus dem Bild des politischen Lebens in der Bundesrepublik grunds\u00e4tzlich zu verbannen<\/strong>, nicht erreicht wird, mit der Folge, dass sie schlie\u00dflich auch wieder von den Verfechtern der politischen Ziele, f\u00fcr die das Kennzeichen steht, gefahrlos gebraucht werden k\u00f6nnen<\/em>&#8220;.<\/p>\n\n\n\n<p>Doch ist der Fall damit schon gel\u00f6st &#8211; und die D\u00fcsseldorfer Ordnungsbeh\u00f6rden m\u00fcssen einschreiten, um zu verhindern, dass ein Hakenkreuz gezeigt wird?<\/p>\n\n\n\n<p>Tilly, der als erkl\u00e4rter <a href=\"https:\/\/rp-online.de\/nrw\/staedte\/duesseldorf\/karneval\/karneval-2025-in-duesseldorf-jacques-tilly-ueber-trump-musk-und-die-afd_aid-122839485\" target=\"_blank\" rel=\"noreferrer noopener\">Gegner der AfD auftritt<\/a>, d\u00fcrfte widersprechen &#8211; und sich v.a. auf die <strong>Kunst-, Satire- und Meinungsfreiheit<\/strong> berufen (vgl. auch \u00a7 86a Abs. 3 StGB i.V.m. \u00a7 86 Abs. 4 StGB). Das Amtsgericht (AG) Kassel verneinte etwa die Strafbarkeit eines Hitlergru\u00dfes im Rahmen einer satirischen Kunstperformance (Urt. v. 29.08.2013, Az.: 240 Cs \u2013 1614 Js 30173\/12). Auch der sog. &#8220;<strong>kritische Gebrauch<\/strong>&#8221; soll insofern nicht strafbar sein, f\u00fchrte der BGH in der benannten Entscheidung aus 2007 aus (a.a.O.) und betonte: &#8220;<em>Der Gebrauch des Kennzeichens einer verfassungswidrigen Organisation in einer Darstellung, deren Inhalt in offenkundiger und eindeutiger Weise die <strong>Gegnerschaft zu der Organisation und die Bek\u00e4mpfung ihrer Ideologie zum Ausdruck bringt<\/strong>, l\u00e4uft dem Schutzzweck der Vorschrift ersichtlich nicht zuwider und wird daher vom Tatbestand des \u00a7 86a StGB nicht erfasst. (&#8230;) Der Senat weist freilich darauf hin, dass ein Tatbestandsausschluss <strong>nur <\/strong>gerechtfertigt erscheint, wenn die Gegnerschaft sich eindeutig und offenkundig ergibt und ein Beobachter sie somit auf Anhieb zu erkennen vermag. Ist dagegen der Aussagegehalt einer Darstellung mehrdeutig oder die Gegnerschaft nur undeutlich erkennbar, so ist der Schutzzweck des \u00a7 86a StGB verletzt.<\/em>&#8221; <\/p>\n\n\n\n<p>Somit bleibt die entscheidende Frage, ob es (noch) <strong>sozialad\u00e4quat <\/strong>ist, die Bundestagsabgeordnete Dr. Alice Weidel bzw. die AfD &#8211; hier mittels Hakenkreuz &#8211; mit den einmaligen Gr\u00e4ueltaten der Nationalsozialisten sowie deren verachtenswerter Ideologie in Verbindung zu setzen. Ist der Wagen, ist die Kombination von AfD und Hakenkreuz also ein aktueller Gag, eine passende Anspielung &#8211; oder eben doch der von den Gerichten bef\u00fcchtete <strong>Tabubruch<\/strong>? &#8220;<em>Nirgendwo habe ich so eine Narrenfreiheit und solche M\u00f6glichkeiten wie hier in D\u00fcsseldorf<\/em>&#8220;, wird Tilly von der &#8220;<a href=\"https:\/\/www.tagesschau.de\/inland\/regional\/nordrheinwestfalen\/wdr-duesseldorf-zwei-tilly-mottowagen-schon-vor-rosenmontag-zu-sehen-102.html\" target=\"_blank\" rel=\"noreferrer noopener\">Tagesschau<\/a>&#8221; zitiert. Ob es n\u00e4rrisch ist, Kindern Hakenkreuze vorzuf\u00fchren, mag da jede\/r selbst beurteilen &#8211; und ob die D\u00fcsseldorfer Ordnungsbeh\u00f6rden ihre M\u00f6glichkeiten nutzen werden, bleibt abzuwarten. <\/p>\n","protected":false},"excerpt":{"rendered":"<p>Jacques Tilly ist bundesweit u.a. als Wagenbauer f\u00fcr den D\u00fcsseldorfer Rosenmontagszug bekannt. Seine Motive sind regelm\u00e4\u00dfig brandaktuell und ecken an &#8211; sie nehmen die Sch\u00f6nen, Reichen und M\u00e4chtigen aufs Korn. Auch dieses Jahr d\u00fcrfte ein Motiv f\u00fcr Diskussionen sorgen: In einem Artikel der &#8220;Tagesschau&#8221; hei\u00dft es hierzu: &#8220;Parteichefin Alice Weidel ragt aus einem Hexenhaus und [&hellip;]<\/p>\n","protected":false},"author":5,"featured_media":10063,"comment_status":"closed","ping_status":"closed","sticky":false,"template":"","format":"standard","meta":{"_has_post_settings":[],"footnotes":""},"categories":[42],"tags":[117,114,115,118],"hashtags":[],"ppma_author":[80],"class_list":["post-10062","post","type-post","status-publish","format-standard","has-post-thumbnail","hentry","category-was-uns-bewegt","tag-hakenkreuz","tag-karneval","tag-rosenmontag","tag-strafrecht","author-cconrad"],"yoast_head":"<!-- This site is optimized with the Yoast SEO Premium plugin v25.9 (Yoast SEO v27.0) - https:\/\/yoast.com\/product\/yoast-seo-premium-wordpress\/ -->\n<title>Das D\u00fcsseldorfer Hakenkreuz - (un)zul\u00e4ssiger Tabubruch? - H\u00d6CKER - der Blog<\/title>\n<meta name=\"robots\" content=\"index, follow, max-snippet:-1, max-image-preview:large, max-video-preview:-1\" \/>\n<link rel=\"canonical\" href=\"https:\/\/dev.hoecker.eu\/blog\/das-duesseldorfer-hakenkreuz-unzulaessiger-tabubruch\/\" \/>\n<meta property=\"og:locale\" content=\"de_DE\" \/>\n<meta property=\"og:type\" content=\"article\" \/>\n<meta property=\"og:title\" content=\"Das D\u00fcsseldorfer Hakenkreuz - (un)zul\u00e4ssiger Tabubruch?\" \/>\n<meta property=\"og:description\" content=\"Jacques Tilly ist bundesweit u.a. als Wagenbauer f\u00fcr den D\u00fcsseldorfer Rosenmontagszug bekannt. Seine Motive sind regelm\u00e4\u00dfig brandaktuell und ecken an &#8211; sie nehmen die Sch\u00f6nen, Reichen und M\u00e4chtigen aufs Korn. Auch dieses Jahr d\u00fcrfte ein Motiv f\u00fcr Diskussionen sorgen: In einem Artikel der &#8220;Tagesschau&#8221; hei\u00dft es hierzu: &#8220;Parteichefin Alice Weidel ragt aus einem Hexenhaus und [&hellip;]\" \/>\n<meta property=\"og:url\" content=\"https:\/\/dev.hoecker.eu\/blog\/das-duesseldorfer-hakenkreuz-unzulaessiger-tabubruch\/\" \/>\n<meta property=\"og:site_name\" content=\"H\u00d6CKER - der Blog\" \/>\n<meta property=\"article:publisher\" content=\"https:\/\/www.facebook.com\/HoeckerRAe\/\" \/>\n<meta property=\"article:published_time\" content=\"2025-03-02T11:42:55+00:00\" \/>\n<meta property=\"og:image\" content=\"https:\/\/dev.hoecker.eu\/blog\/wp-content\/uploads\/2025\/03\/image4.jpg\" \/>\n\t<meta property=\"og:image:width\" content=\"1024\" \/>\n\t<meta property=\"og:image:height\" content=\"768\" \/>\n\t<meta property=\"og:image:type\" content=\"image\/jpeg\" \/>\n<meta name=\"author\" content=\"Dr. Christian Conrad\" \/>\n<meta name=\"twitter:card\" content=\"summary_large_image\" \/>\n<meta name=\"twitter:creator\" content=\"@RA_Conrad\" \/>\n<meta name=\"twitter:site\" content=\"@hoecker_rae\" \/>\n<meta name=\"twitter:label1\" content=\"Verfasst von\" \/>\n\t<meta name=\"twitter:data1\" content=\"Dr. Christian Conrad\" \/>\n\t<meta name=\"twitter:label2\" content=\"Gesch\u00e4tzte Lesezeit\" \/>\n\t<meta name=\"twitter:data2\" content=\"4\u00a0Minuten\" \/>\n<script type=\"application\/ld+json\" class=\"yoast-schema-graph\">{\"@context\":\"https:\/\/schema.org\",\"@graph\":[{\"@type\":\"Article\",\"@id\":\"https:\/\/dev.hoecker.eu\/blog\/das-duesseldorfer-hakenkreuz-unzulaessiger-tabubruch\/#article\",\"isPartOf\":{\"@id\":\"https:\/\/dev.hoecker.eu\/blog\/das-duesseldorfer-hakenkreuz-unzulaessiger-tabubruch\/\"},\"author\":{\"name\":\"Dr. Christian Conrad\",\"@id\":\"https:\/\/www.hoecker.eu\/blog\/#\/schema\/person\/770fdcf6844f3964f8da896808b50577\"},\"headline\":\"Das D\u00fcsseldorfer Hakenkreuz &#8211; (un)zul\u00e4ssiger Tabubruch?\",\"datePublished\":\"2025-03-02T11:42:55+00:00\",\"mainEntityOfPage\":{\"@id\":\"https:\/\/dev.hoecker.eu\/blog\/das-duesseldorfer-hakenkreuz-unzulaessiger-tabubruch\/\"},\"wordCount\":704,\"publisher\":{\"@id\":\"https:\/\/www.hoecker.eu\/blog\/#organization\"},\"image\":{\"@id\":\"https:\/\/dev.hoecker.eu\/blog\/das-duesseldorfer-hakenkreuz-unzulaessiger-tabubruch\/#primaryimage\"},\"thumbnailUrl\":\"https:\/\/www.hoecker.eu\/blog\/wp-content\/uploads\/2025\/03\/image4.jpg\",\"keywords\":[\"Hakenkreuz\",\"Karneval\",\"Rosenmontag\",\"Strafrecht\"],\"articleSection\":[\"Was uns bewegt\"],\"inLanguage\":\"de\"},{\"@type\":\"WebPage\",\"@id\":\"https:\/\/dev.hoecker.eu\/blog\/das-duesseldorfer-hakenkreuz-unzulaessiger-tabubruch\/\",\"url\":\"https:\/\/dev.hoecker.eu\/blog\/das-duesseldorfer-hakenkreuz-unzulaessiger-tabubruch\/\",\"name\":\"Das D\u00fcsseldorfer Hakenkreuz - (un)zul\u00e4ssiger Tabubruch? - H\u00d6CKER - der Blog\",\"isPartOf\":{\"@id\":\"https:\/\/www.hoecker.eu\/blog\/#website\"},\"primaryImageOfPage\":{\"@id\":\"https:\/\/dev.hoecker.eu\/blog\/das-duesseldorfer-hakenkreuz-unzulaessiger-tabubruch\/#primaryimage\"},\"image\":{\"@id\":\"https:\/\/dev.hoecker.eu\/blog\/das-duesseldorfer-hakenkreuz-unzulaessiger-tabubruch\/#primaryimage\"},\"thumbnailUrl\":\"https:\/\/www.hoecker.eu\/blog\/wp-content\/uploads\/2025\/03\/image4.jpg\",\"datePublished\":\"2025-03-02T11:42:55+00:00\",\"breadcrumb\":{\"@id\":\"https:\/\/dev.hoecker.eu\/blog\/das-duesseldorfer-hakenkreuz-unzulaessiger-tabubruch\/#breadcrumb\"},\"inLanguage\":\"de\",\"potentialAction\":[{\"@type\":\"ReadAction\",\"target\":[\"https:\/\/dev.hoecker.eu\/blog\/das-duesseldorfer-hakenkreuz-unzulaessiger-tabubruch\/\"]}]},{\"@type\":\"ImageObject\",\"inLanguage\":\"de\",\"@id\":\"https:\/\/dev.hoecker.eu\/blog\/das-duesseldorfer-hakenkreuz-unzulaessiger-tabubruch\/#primaryimage\",\"url\":\"https:\/\/www.hoecker.eu\/blog\/wp-content\/uploads\/2025\/03\/image4.jpg\",\"contentUrl\":\"https:\/\/www.hoecker.eu\/blog\/wp-content\/uploads\/2025\/03\/image4.jpg\",\"width\":1024,\"height\":768},{\"@type\":\"BreadcrumbList\",\"@id\":\"https:\/\/dev.hoecker.eu\/blog\/das-duesseldorfer-hakenkreuz-unzulaessiger-tabubruch\/#breadcrumb\",\"itemListElement\":[{\"@type\":\"ListItem\",\"position\":1,\"name\":\"Startseite\",\"item\":\"https:\/\/dev.hoecker.eu\/blog\/\"},{\"@type\":\"ListItem\",\"position\":2,\"name\":\"Das D\u00fcsseldorfer Hakenkreuz &#8211; (un)zul\u00e4ssiger Tabubruch?\"}]},{\"@type\":\"WebSite\",\"@id\":\"https:\/\/www.hoecker.eu\/blog\/#website\",\"url\":\"https:\/\/www.hoecker.eu\/blog\/\",\"name\":\"H\u00d6CKER - der Blog\",\"description\":\"Expertenblog f\u00fcr \u00c4u\u00dferungs-, Medien-, Marken-, Urheber- und Wettbewerbsrecht.\",\"publisher\":{\"@id\":\"https:\/\/www.hoecker.eu\/blog\/#organization\"},\"potentialAction\":[{\"@type\":\"SearchAction\",\"target\":{\"@type\":\"EntryPoint\",\"urlTemplate\":\"https:\/\/www.hoecker.eu\/blog\/?s={search_term_string}\"},\"query-input\":{\"@type\":\"PropertyValueSpecification\",\"valueRequired\":true,\"valueName\":\"search_term_string\"}}],\"inLanguage\":\"de\"},{\"@type\":\"Organization\",\"@id\":\"https:\/\/www.hoecker.eu\/blog\/#organization\",\"name\":\"H\u00d6CKER Rechtsanw\u00e4lte PartGmbB\",\"alternateName\":\"H\u00d6CKER\",\"url\":\"https:\/\/www.hoecker.eu\/blog\/\",\"logo\":{\"@type\":\"ImageObject\",\"inLanguage\":\"de\",\"@id\":\"https:\/\/www.hoecker.eu\/blog\/#\/schema\/logo\/image\/\",\"url\":\"https:\/\/www.hoecker.eu\/blog\/wp-content\/uploads\/2025\/03\/Blog-Logo.webp\",\"contentUrl\":\"https:\/\/www.hoecker.eu\/blog\/wp-content\/uploads\/2025\/03\/Blog-Logo.webp\",\"width\":500,\"height\":500,\"caption\":\"H\u00d6CKER Rechtsanw\u00e4lte PartGmbB\"},\"image\":{\"@id\":\"https:\/\/www.hoecker.eu\/blog\/#\/schema\/logo\/image\/\"},\"sameAs\":[\"https:\/\/www.facebook.com\/HoeckerRAe\/\",\"https:\/\/x.com\/hoecker_rae\",\"https:\/\/www.linkedin.com\/company\/hcker-rechtsanwlte\/\",\"https:\/\/www.instagram.com\/hoecker_rae\/\"],\"email\":\"contact@hoecker.eu\",\"telephone\":\"+ 49 (0)221-933 19-10\",\"legalName\":\"H\u00d6CKER Rechtsanw\u00e4lte PartGmbB\",\"numberOfEmployees\":{\"@type\":\"QuantitativeValue\",\"minValue\":\"11\",\"maxValue\":\"50\"}},{\"@type\":\"Person\",\"@id\":\"https:\/\/www.hoecker.eu\/blog\/#\/schema\/person\/770fdcf6844f3964f8da896808b50577\",\"name\":\"Dr. Christian Conrad\",\"description\":\"Partner | Rechtsanwalt (Presserecht, \u00f6ffentlich-rechtliches \u00c4u\u00dferungsrecht, Verfassungsrecht)\",\"sameAs\":[\"https:\/\/www.hoecker.eu\/wer\/dr-christian-conrad\",\"https:\/\/www.linkedin.com\/in\/dr-christian-conrad-38726922b\/\",\"https:\/\/x.com\/RA_Conrad\"],\"url\":\"https:\/\/www.hoecker.eu\/blog\/author\/cconrad\/\"}]}<\/script>\n<!-- \/ Yoast SEO Premium plugin. -->","yoast_head_json":{"title":"Das D\u00fcsseldorfer Hakenkreuz - (un)zul\u00e4ssiger Tabubruch? - H\u00d6CKER - der Blog","robots":{"index":"index","follow":"follow","max-snippet":"max-snippet:-1","max-image-preview":"max-image-preview:large","max-video-preview":"max-video-preview:-1"},"canonical":"https:\/\/dev.hoecker.eu\/blog\/das-duesseldorfer-hakenkreuz-unzulaessiger-tabubruch\/","og_locale":"de_DE","og_type":"article","og_title":"Das D\u00fcsseldorfer Hakenkreuz - (un)zul\u00e4ssiger Tabubruch?","og_description":"Jacques Tilly ist bundesweit u.a. als Wagenbauer f\u00fcr den D\u00fcsseldorfer Rosenmontagszug bekannt. Seine Motive sind regelm\u00e4\u00dfig brandaktuell und ecken an &#8211; sie nehmen die Sch\u00f6nen, Reichen und M\u00e4chtigen aufs Korn. Auch dieses Jahr d\u00fcrfte ein Motiv f\u00fcr Diskussionen sorgen: In einem Artikel der &#8220;Tagesschau&#8221; hei\u00dft es hierzu: &#8220;Parteichefin Alice Weidel ragt aus einem Hexenhaus und [&hellip;]","og_url":"https:\/\/dev.hoecker.eu\/blog\/das-duesseldorfer-hakenkreuz-unzulaessiger-tabubruch\/","og_site_name":"H\u00d6CKER - der Blog","article_publisher":"https:\/\/www.facebook.com\/HoeckerRAe\/","article_published_time":"2025-03-02T11:42:55+00:00","og_image":[{"width":1024,"height":768,"url":"https:\/\/dev.hoecker.eu\/blog\/wp-content\/uploads\/2025\/03\/image4.jpg","type":"image\/jpeg"}],"author":"Dr. Christian Conrad","twitter_card":"summary_large_image","twitter_creator":"@RA_Conrad","twitter_site":"@hoecker_rae","twitter_misc":{"Verfasst von":"Dr. Christian Conrad","Gesch\u00e4tzte Lesezeit":"4\u00a0Minuten"},"schema":{"@context":"https:\/\/schema.org","@graph":[{"@type":"Article","@id":"https:\/\/dev.hoecker.eu\/blog\/das-duesseldorfer-hakenkreuz-unzulaessiger-tabubruch\/#article","isPartOf":{"@id":"https:\/\/dev.hoecker.eu\/blog\/das-duesseldorfer-hakenkreuz-unzulaessiger-tabubruch\/"},"author":{"name":"Dr. Christian Conrad","@id":"https:\/\/www.hoecker.eu\/blog\/#\/schema\/person\/770fdcf6844f3964f8da896808b50577"},"headline":"Das D\u00fcsseldorfer Hakenkreuz &#8211; (un)zul\u00e4ssiger Tabubruch?","datePublished":"2025-03-02T11:42:55+00:00","mainEntityOfPage":{"@id":"https:\/\/dev.hoecker.eu\/blog\/das-duesseldorfer-hakenkreuz-unzulaessiger-tabubruch\/"},"wordCount":704,"publisher":{"@id":"https:\/\/www.hoecker.eu\/blog\/#organization"},"image":{"@id":"https:\/\/dev.hoecker.eu\/blog\/das-duesseldorfer-hakenkreuz-unzulaessiger-tabubruch\/#primaryimage"},"thumbnailUrl":"https:\/\/www.hoecker.eu\/blog\/wp-content\/uploads\/2025\/03\/image4.jpg","keywords":["Hakenkreuz","Karneval","Rosenmontag","Strafrecht"],"articleSection":["Was uns bewegt"],"inLanguage":"de"},{"@type":"WebPage","@id":"https:\/\/dev.hoecker.eu\/blog\/das-duesseldorfer-hakenkreuz-unzulaessiger-tabubruch\/","url":"https:\/\/dev.hoecker.eu\/blog\/das-duesseldorfer-hakenkreuz-unzulaessiger-tabubruch\/","name":"Das D\u00fcsseldorfer Hakenkreuz - (un)zul\u00e4ssiger Tabubruch? - H\u00d6CKER - der Blog","isPartOf":{"@id":"https:\/\/www.hoecker.eu\/blog\/#website"},"primaryImageOfPage":{"@id":"https:\/\/dev.hoecker.eu\/blog\/das-duesseldorfer-hakenkreuz-unzulaessiger-tabubruch\/#primaryimage"},"image":{"@id":"https:\/\/dev.hoecker.eu\/blog\/das-duesseldorfer-hakenkreuz-unzulaessiger-tabubruch\/#primaryimage"},"thumbnailUrl":"https:\/\/www.hoecker.eu\/blog\/wp-content\/uploads\/2025\/03\/image4.jpg","datePublished":"2025-03-02T11:42:55+00:00","breadcrumb":{"@id":"https:\/\/dev.hoecker.eu\/blog\/das-duesseldorfer-hakenkreuz-unzulaessiger-tabubruch\/#breadcrumb"},"inLanguage":"de","potentialAction":[{"@type":"ReadAction","target":["https:\/\/dev.hoecker.eu\/blog\/das-duesseldorfer-hakenkreuz-unzulaessiger-tabubruch\/"]}]},{"@type":"ImageObject","inLanguage":"de","@id":"https:\/\/dev.hoecker.eu\/blog\/das-duesseldorfer-hakenkreuz-unzulaessiger-tabubruch\/#primaryimage","url":"https:\/\/www.hoecker.eu\/blog\/wp-content\/uploads\/2025\/03\/image4.jpg","contentUrl":"https:\/\/www.hoecker.eu\/blog\/wp-content\/uploads\/2025\/03\/image4.jpg","width":1024,"height":768},{"@type":"BreadcrumbList","@id":"https:\/\/dev.hoecker.eu\/blog\/das-duesseldorfer-hakenkreuz-unzulaessiger-tabubruch\/#breadcrumb","itemListElement":[{"@type":"ListItem","position":1,"name":"Startseite","item":"https:\/\/dev.hoecker.eu\/blog\/"},{"@type":"ListItem","position":2,"name":"Das D\u00fcsseldorfer Hakenkreuz &#8211; (un)zul\u00e4ssiger Tabubruch?"}]},{"@type":"WebSite","@id":"https:\/\/www.hoecker.eu\/blog\/#website","url":"https:\/\/www.hoecker.eu\/blog\/","name":"H\u00d6CKER - der Blog","description":"Expertenblog f\u00fcr \u00c4u\u00dferungs-, Medien-, Marken-, Urheber- und Wettbewerbsrecht.","publisher":{"@id":"https:\/\/www.hoecker.eu\/blog\/#organization"},"potentialAction":[{"@type":"SearchAction","target":{"@type":"EntryPoint","urlTemplate":"https:\/\/www.hoecker.eu\/blog\/?s={search_term_string}"},"query-input":{"@type":"PropertyValueSpecification","valueRequired":true,"valueName":"search_term_string"}}],"inLanguage":"de"},{"@type":"Organization","@id":"https:\/\/www.hoecker.eu\/blog\/#organization","name":"H\u00d6CKER Rechtsanw\u00e4lte PartGmbB","alternateName":"H\u00d6CKER","url":"https:\/\/www.hoecker.eu\/blog\/","logo":{"@type":"ImageObject","inLanguage":"de","@id":"https:\/\/www.hoecker.eu\/blog\/#\/schema\/logo\/image\/","url":"https:\/\/www.hoecker.eu\/blog\/wp-content\/uploads\/2025\/03\/Blog-Logo.webp","contentUrl":"https:\/\/www.hoecker.eu\/blog\/wp-content\/uploads\/2025\/03\/Blog-Logo.webp","width":500,"height":500,"caption":"H\u00d6CKER Rechtsanw\u00e4lte PartGmbB"},"image":{"@id":"https:\/\/www.hoecker.eu\/blog\/#\/schema\/logo\/image\/"},"sameAs":["https:\/\/www.facebook.com\/HoeckerRAe\/","https:\/\/x.com\/hoecker_rae","https:\/\/www.linkedin.com\/company\/hcker-rechtsanwlte\/","https:\/\/www.instagram.com\/hoecker_rae\/"],"email":"contact@hoecker.eu","telephone":"+ 49 (0)221-933 19-10","legalName":"H\u00d6CKER Rechtsanw\u00e4lte PartGmbB","numberOfEmployees":{"@type":"QuantitativeValue","minValue":"11","maxValue":"50"}},{"@type":"Person","@id":"https:\/\/www.hoecker.eu\/blog\/#\/schema\/person\/770fdcf6844f3964f8da896808b50577","name":"Dr. Christian Conrad","description":"Partner | Rechtsanwalt (Presserecht, \u00f6ffentlich-rechtliches \u00c4u\u00dferungsrecht, Verfassungsrecht)","sameAs":["https:\/\/www.hoecker.eu\/wer\/dr-christian-conrad","https:\/\/www.linkedin.com\/in\/dr-christian-conrad-38726922b\/","https:\/\/x.com\/RA_Conrad"],"url":"https:\/\/www.hoecker.eu\/blog\/author\/cconrad\/"}]}},"authors":[{"term_id":80,"user_id":5,"is_guest":0,"slug":"cconrad","display_name":"Dr. Christian Conrad","avatar_url":{"url":"https:\/\/www.hoecker.eu\/blog\/wp-content\/uploads\/2025\/02\/CConrad.webp","url2x":"https:\/\/www.hoecker.eu\/blog\/wp-content\/uploads\/2025\/02\/CConrad.webp"},"0":null,"1":"","2":"","3":"","4":"","5":"","6":"","7":"","8":"","9":"","10":"","11":""}],"_links":{"self":[{"href":"https:\/\/www.hoecker.eu\/blog\/wp-json\/wp\/v2\/posts\/10062","targetHints":{"allow":["GET"]}}],"collection":[{"href":"https:\/\/www.hoecker.eu\/blog\/wp-json\/wp\/v2\/posts"}],"about":[{"href":"https:\/\/www.hoecker.eu\/blog\/wp-json\/wp\/v2\/types\/post"}],"author":[{"embeddable":true,"href":"https:\/\/www.hoecker.eu\/blog\/wp-json\/wp\/v2\/users\/5"}],"replies":[{"embeddable":true,"href":"https:\/\/www.hoecker.eu\/blog\/wp-json\/wp\/v2\/comments?post=10062"}],"version-history":[{"count":18,"href":"https:\/\/www.hoecker.eu\/blog\/wp-json\/wp\/v2\/posts\/10062\/revisions"}],"predecessor-version":[{"id":10081,"href":"https:\/\/www.hoecker.eu\/blog\/wp-json\/wp\/v2\/posts\/10062\/revisions\/10081"}],"wp:featuredmedia":[{"embeddable":true,"href":"https:\/\/www.hoecker.eu\/blog\/wp-json\/wp\/v2\/media\/10063"}],"wp:attachment":[{"href":"https:\/\/www.hoecker.eu\/blog\/wp-json\/wp\/v2\/media?parent=10062"}],"wp:term":[{"taxonomy":"category","embeddable":true,"href":"https:\/\/www.hoecker.eu\/blog\/wp-json\/wp\/v2\/categories?post=10062"},{"taxonomy":"post_tag","embeddable":true,"href":"https:\/\/www.hoecker.eu\/blog\/wp-json\/wp\/v2\/tags?post=10062"},{"taxonomy":"hashtags","embeddable":true,"href":"https:\/\/www.hoecker.eu\/blog\/wp-json\/wp\/v2\/hashtags?post=10062"},{"taxonomy":"author","embeddable":true,"href":"https:\/\/www.hoecker.eu\/blog\/wp-json\/wp\/v2\/ppma_author?post=10062"}],"curies":[{"name":"wp","href":"https:\/\/api.w.org\/{rel}","templated":true}]}}