{"id":10029,"date":"2025-02-26T11:19:22","date_gmt":"2025-02-26T10:19:22","guid":{"rendered":"https:\/\/www.hoecker.eu\/blog\/?p=10029"},"modified":"2025-02-26T11:19:23","modified_gmt":"2025-02-26T10:19:23","slug":"ein-beitrag-ueber-zensur","status":"publish","type":"post","link":"https:\/\/www.hoecker.eu\/blog\/ein-beitrag-ueber-zensur\/","title":{"rendered":"Ein Beitrag \u00fcber Zensur"},"content":{"rendered":"\n<p style=\"font-style:normal;font-weight:600\">Immer \u00f6fter liest man den Vorwurf: &#8220;Das ist Zensur!&#8221; &#8211; neueste Beispiele finden sich etwa als Reaktion auf eine &#8220;Kleine Anfrage&#8221; der Unionsfraktion vom 21.02.2025 (<a href=\"https:\/\/dserver.bundestag.de\/btd\/20\/150\/2015035.pdf\">BT-Drs. 20\/15035<\/a>) mit 551 Fragen zum Thema &#8220;<em>Politische Neutralit\u00e4t staatlich gef\u00f6rderter Organisationen<\/em>&#8220;. In einer hiergegen gerichteten Petition hei\u00dft es: &#8220;<em>Keine Zensur durch die CDU!<\/em>&#8221; Doch ist der Vorwurf korrekt?<\/p>\n\n\n\n<p>551 Fragen richtet die CDU\/CSU-Fraktion an die Bundesregierung. <strong>Proteste <\/strong>gegen die &#8220;C<em>DU Deutschlands, die teils von gemeinn\u00fctzigen Vereinen oder staatlich finanzierten Organisationen organisiert oder unterst\u00fctzt wurden<\/em>&#8220;, w\u00fcrfen die Frage auf, &#8220;<em>inwiefern sich gemeinn\u00fctzige Vereine, die zus\u00e4tzlich noch mit Steuergeldern gef\u00f6rdert werden, parteipolitisch bet\u00e4tigen d\u00fcrfen, ohne ihren Gemeinn\u00fctzigkeitsstatus zu gef\u00e4hrden<\/em>&#8220;. Es stellten sich Fragen der politischen <strong>Neutralit\u00e4t <\/strong>und der Wahlkampfunterst\u00fctzung. &#8220;<em>Manche Stimmen<\/em>&#8221; s\u00e4hen &#8220;<em>in den NGOs eine Schattenstruktur, die mit staatlichen Geldern indirekt Politik<\/em>&#8221; betreibe; auch ein &#8220;<em>Versto\u00df gegen die demokratische Grundordnung<\/em>&#8221; wird bef\u00fcchtet.<\/p>\n\n\n\n<p>Daher werden Fragen zu verschiedenen Organisationen, etwa zur &#8220;CORRECTIV gGmbH&#8221;, zur &#8220;Amadeu Antonio Stiftung&#8221;, zum Verein &#8220;Omas gegen Rechts Deutschland e.V.&#8221; oder zum Verein &#8220;Campact e.V.&#8221; gestellt. Auf &#8220;WeAct&#8221;, der Petitionsplattform ebendieses Vereins &#8220;Campact e.V.&#8221;, findet sich hierzu nun eine <strong>Petition <\/strong>einer Privatperson mit dem Namen &#8220;<a href=\"https:\/\/weact.campact.de\/petitions\/schluss-mit-dem-angriff-auf-ngos-und-medien-keine-zensur-durch-die-cdu\"><em>Schluss mit dem Angriff auf NGOs und Medien! Keine <strong>Zensur <\/strong>durch die CDU!<\/em><\/a>&#8220;. Aktuell (26.02.2025, 11:18 Uhr) haben immerhin rund 45.300 Personen gezeichnet. <\/p>\n\n\n\n<p>Vor allem auf X (vormals Twitter) werden Petition und Vorwurf geteilt. <strong>Doch stimmt er \u00fcberhaupt?<\/strong> Will die Union zensieren? Verst\u00f6\u00dft sie gar gegen die Verfassung &#8211; hei\u00dft es doch in Artikel 5 Abs. 1 S. 3 GG explizit: &#8220;<em>Eine Zensur findet nicht statt<\/em>&#8220;?! <\/p>\n\n\n\n<p><em>Juristisch <\/em>ist die Antwort so einfach wie kurz: <strong>Nein<\/strong>. Nichts am Vorgehen der Unionsfraktion kann juristisch als Zensur verstanden werden. Auch ein Verfassungsversto\u00df ist abwegig. Denn das Zensurverbot des Grundgesetzes umfasst nur und ausschlie\u00dflich die sogenannte &#8220;<strong>Vorzensur<\/strong>&#8220;, die etwa gegeben w\u00e4re, wenn man bspw. einen Beitrag vor Ver\u00f6ffentlichung einer staatlichen Stelle zur Genehmigung vorlegen m\u00fcsste. <\/p>\n\n\n\n<p>Das <strong>Bundesverfassungsgericht <\/strong>(<a href=\"https:\/\/openjur.de\/u\/175999.html\">Beschl. v. 25.04.1972, Az.: 1 BvL 13\/67<\/a>) hat dies einmal wie folgt zusammengefasst: &#8220;<em>Als Vor- oder Pr\u00e4ventivzensur werden einschr\u00e4nkende Ma\u00dfnahmen <strong>vor der Herstellung oder Verbreitung<\/strong> eines Geisteswerkes, insbesondere das Abh\u00e4ngigmachen von beh\u00f6rdlicher Vorpr\u00fcfung und Genehmigung seines Inhalts (Verbot mit Erlaubnisvorbehalt) bezeichnet. Bezogen auf Filmwerke bedeutet danach Zensur das generelle Verbot, ungepr\u00fcfte Filme der \u00d6ffentlichkeit zug\u00e4nglich zu machen, verbunden mit dem Gebot, Filme, die \u00f6ffentlich vorgef\u00fchrt werden sollen, zuvor der zust\u00e4ndigen Beh\u00f6rde vorzulegen, die sie anhand von Zensurgrunds\u00e4tzen pr\u00fcft und je nach dem Ergebnis ihrer Pr\u00fcfung die \u00f6ffentliche Vorf\u00fchrung erlaubt oder verbietet (sog. formeller Zensurbegriff&#8230;). Schon die Existenz eines derartigen Kontroll- und Genehmigungsverfahrens l\u00e4hmt das Geistesleben. Das Zensurverbot soll die typischen Gefahren einer solchen Pr\u00e4ventivkontrolle bannen. Deswegen darf es keine Ausnahme vom Zensurverbot geben, auch nicht durch \u201eallgemeine Gesetze\u201d nach Art. 5 Abs. 2 GG. Die Verfassung kann mit diesem kategorischen Verbot jeder Zensur <strong>nur die Vorzensur<\/strong> gemeint haben. Ist das Geisteswerk erst einmal an die \u00d6ffentlichkeit gelangt und vermag es Wirkung auszu\u00fcben, so gelten die allgemeinen Regeln \u00fcber die Meinungs- und Pressefreiheit und ihre Schranken, wie sie sich aus Art. 5 Abs. 1 Satz 1 und 2 sowie Abs. 2 GG ergeben. Diese w\u00fcrden gegenstandslos, wenn das Zensurverbot auch die Nachzensur umfa\u00dfte, d.h. Kontroll- und Repressivma\u00dfnahmen, die erst <strong>nach <\/strong>der Ver\u00f6ffentlichung eines Geisteswerkes einsetzen.<\/em>&#8220;<\/p>\n\n\n\n<p>Aber <strong>verbieten <\/strong>(staatliche!) Gerichte nicht immer wieder Presseartikel und ist das keine Zensur? Ja &#8211; und nein. Artikel oder \u00c4u\u00dferungen k\u00f6nnen <em><strong>nachtr\u00e4glich <\/strong><\/em>gerichtlich \u00fcberpr\u00fcft werden; sie finden laut Artikel 5 Abs. 2 GG &#8220;ihre Schranken in den Vorschriften der allgemeinen Gesetze, den gesetzlichen Bestimmungen zum Schutze der Jugend und in dem Recht der pers\u00f6nlichen Ehre&#8221;. Diese nachtr\u00e4gliche Kontrolle mag man als &#8220;<strong>Nachzensur<\/strong>&#8221; bezeichnen oder auch pers\u00f6nlich als &#8220;Zensur&#8221; empfinden &#8211; mit dem Zensurverbot des Grundgesetzes hat dies aber nichts zu tun.<\/p>\n\n\n\n<p>Ein \u00fcbergriffiger, zensierender Staat stellt sicherlich eine der gr\u00f6\u00dften Gefahren f\u00fcr Meinungsfreiheit und Demokratie dar. <strong>Keine Zensur<\/strong> ist jedoch Interesse und Kritik an etwaig mit Steuergeldern (zumindest mittelbar) finanzierten Organisationen &#8211; oder die parlamentarische Kontrolle der Verwendung von Haushaltsmitteln durch demokratisch legitimierte Entit\u00e4ten.  <\/p>\n","protected":false},"excerpt":{"rendered":"<p>Immer \u00f6fter liest man den Vorwurf: &#8220;Das ist Zensur!&#8221; &#8211; neueste Beispiele finden sich etwa als Reaktion auf eine &#8220;Kleine Anfrage&#8221; der Unionsfraktion vom 21.02.2025 (BT-Drs. 20\/15035) mit 551 Fragen zum Thema &#8220;Politische Neutralit\u00e4t staatlich gef\u00f6rderter Organisationen&#8220;. In einer hiergegen gerichteten Petition hei\u00dft es: &#8220;Keine Zensur durch die CDU!&#8221; Doch ist der Vorwurf korrekt? 551 [&hellip;]<\/p>\n","protected":false},"author":5,"featured_media":10030,"comment_status":"closed","ping_status":"closed","sticky":false,"template":"","format":"standard","meta":{"_has_post_settings":[],"footnotes":""},"categories":[42],"tags":[103,107,109,106],"hashtags":[],"ppma_author":[80],"class_list":["post-10029","post","type-post","status-publish","format-standard","has-post-thumbnail","hentry","category-was-uns-bewegt","tag-grundgesetz","tag-meinungsfreiheit","tag-nachzensur","tag-zensur","author-cconrad"],"yoast_head":"<!-- This site is optimized with the Yoast SEO Premium plugin v25.9 (Yoast SEO v27.0) - https:\/\/yoast.com\/product\/yoast-seo-premium-wordpress\/ -->\n<title>Ein Beitrag \u00fcber Zensur - H\u00d6CKER - der Blog<\/title>\n<meta name=\"robots\" content=\"index, follow, max-snippet:-1, max-image-preview:large, max-video-preview:-1\" \/>\n<link rel=\"canonical\" href=\"https:\/\/dev.hoecker.eu\/blog\/ein-beitrag-ueber-zensur\/\" \/>\n<meta property=\"og:locale\" content=\"de_DE\" \/>\n<meta property=\"og:type\" content=\"article\" \/>\n<meta property=\"og:title\" content=\"Ein Beitrag \u00fcber Zensur\" \/>\n<meta property=\"og:description\" content=\"Immer \u00f6fter liest man den Vorwurf: &#8220;Das ist Zensur!&#8221; &#8211; neueste Beispiele finden sich etwa als Reaktion auf eine &#8220;Kleine Anfrage&#8221; der Unionsfraktion vom 21.02.2025 (BT-Drs. 20\/15035) mit 551 Fragen zum Thema &#8220;Politische Neutralit\u00e4t staatlich gef\u00f6rderter Organisationen&#8220;. In einer hiergegen gerichteten Petition hei\u00dft es: &#8220;Keine Zensur durch die CDU!&#8221; Doch ist der Vorwurf korrekt? 551 [&hellip;]\" \/>\n<meta property=\"og:url\" content=\"https:\/\/dev.hoecker.eu\/blog\/ein-beitrag-ueber-zensur\/\" \/>\n<meta property=\"og:site_name\" content=\"H\u00d6CKER - der Blog\" \/>\n<meta property=\"article:publisher\" content=\"https:\/\/www.facebook.com\/HoeckerRAe\/\" \/>\n<meta property=\"article:published_time\" content=\"2025-02-26T10:19:22+00:00\" \/>\n<meta property=\"article:modified_time\" content=\"2025-02-26T10:19:23+00:00\" \/>\n<meta property=\"og:image\" content=\"https:\/\/dev.hoecker.eu\/blog\/wp-content\/uploads\/2025\/02\/image2.webp\" \/>\n\t<meta property=\"og:image:width\" content=\"1024\" \/>\n\t<meta property=\"og:image:height\" content=\"768\" \/>\n\t<meta property=\"og:image:type\" content=\"image\/webp\" \/>\n<meta name=\"author\" content=\"Dr. Christian Conrad\" \/>\n<meta name=\"twitter:card\" content=\"summary_large_image\" \/>\n<meta name=\"twitter:creator\" content=\"@RA_Conrad\" \/>\n<meta name=\"twitter:site\" content=\"@hoecker_rae\" \/>\n<meta name=\"twitter:label1\" content=\"Verfasst von\" \/>\n\t<meta name=\"twitter:data1\" content=\"Dr. Christian Conrad\" \/>\n\t<meta name=\"twitter:label2\" content=\"Gesch\u00e4tzte Lesezeit\" \/>\n\t<meta name=\"twitter:data2\" content=\"4\u00a0Minuten\" \/>\n<script type=\"application\/ld+json\" class=\"yoast-schema-graph\">{\"@context\":\"https:\/\/schema.org\",\"@graph\":[{\"@type\":\"Article\",\"@id\":\"https:\/\/dev.hoecker.eu\/blog\/ein-beitrag-ueber-zensur\/#article\",\"isPartOf\":{\"@id\":\"https:\/\/dev.hoecker.eu\/blog\/ein-beitrag-ueber-zensur\/\"},\"author\":{\"name\":\"Dr. Christian Conrad\",\"@id\":\"https:\/\/www.hoecker.eu\/blog\/#\/schema\/person\/770fdcf6844f3964f8da896808b50577\"},\"headline\":\"Ein Beitrag \u00fcber Zensur\",\"datePublished\":\"2025-02-26T10:19:22+00:00\",\"dateModified\":\"2025-02-26T10:19:23+00:00\",\"mainEntityOfPage\":{\"@id\":\"https:\/\/dev.hoecker.eu\/blog\/ein-beitrag-ueber-zensur\/\"},\"wordCount\":686,\"publisher\":{\"@id\":\"https:\/\/www.hoecker.eu\/blog\/#organization\"},\"image\":{\"@id\":\"https:\/\/dev.hoecker.eu\/blog\/ein-beitrag-ueber-zensur\/#primaryimage\"},\"thumbnailUrl\":\"https:\/\/www.hoecker.eu\/blog\/wp-content\/uploads\/2025\/02\/image2.webp\",\"keywords\":[\"Grundgesetz\",\"Meinungsfreiheit\",\"Nachzensur\",\"Zensur\"],\"articleSection\":[\"Was uns bewegt\"],\"inLanguage\":\"de\"},{\"@type\":\"WebPage\",\"@id\":\"https:\/\/dev.hoecker.eu\/blog\/ein-beitrag-ueber-zensur\/\",\"url\":\"https:\/\/dev.hoecker.eu\/blog\/ein-beitrag-ueber-zensur\/\",\"name\":\"Ein Beitrag \u00fcber Zensur - H\u00d6CKER - der Blog\",\"isPartOf\":{\"@id\":\"https:\/\/www.hoecker.eu\/blog\/#website\"},\"primaryImageOfPage\":{\"@id\":\"https:\/\/dev.hoecker.eu\/blog\/ein-beitrag-ueber-zensur\/#primaryimage\"},\"image\":{\"@id\":\"https:\/\/dev.hoecker.eu\/blog\/ein-beitrag-ueber-zensur\/#primaryimage\"},\"thumbnailUrl\":\"https:\/\/www.hoecker.eu\/blog\/wp-content\/uploads\/2025\/02\/image2.webp\",\"datePublished\":\"2025-02-26T10:19:22+00:00\",\"dateModified\":\"2025-02-26T10:19:23+00:00\",\"breadcrumb\":{\"@id\":\"https:\/\/dev.hoecker.eu\/blog\/ein-beitrag-ueber-zensur\/#breadcrumb\"},\"inLanguage\":\"de\",\"potentialAction\":[{\"@type\":\"ReadAction\",\"target\":[\"https:\/\/dev.hoecker.eu\/blog\/ein-beitrag-ueber-zensur\/\"]}]},{\"@type\":\"ImageObject\",\"inLanguage\":\"de\",\"@id\":\"https:\/\/dev.hoecker.eu\/blog\/ein-beitrag-ueber-zensur\/#primaryimage\",\"url\":\"https:\/\/www.hoecker.eu\/blog\/wp-content\/uploads\/2025\/02\/image2.webp\",\"contentUrl\":\"https:\/\/www.hoecker.eu\/blog\/wp-content\/uploads\/2025\/02\/image2.webp\",\"width\":1024,\"height\":768},{\"@type\":\"BreadcrumbList\",\"@id\":\"https:\/\/dev.hoecker.eu\/blog\/ein-beitrag-ueber-zensur\/#breadcrumb\",\"itemListElement\":[{\"@type\":\"ListItem\",\"position\":1,\"name\":\"Startseite\",\"item\":\"https:\/\/dev.hoecker.eu\/blog\/\"},{\"@type\":\"ListItem\",\"position\":2,\"name\":\"Ein Beitrag \u00fcber Zensur\"}]},{\"@type\":\"WebSite\",\"@id\":\"https:\/\/www.hoecker.eu\/blog\/#website\",\"url\":\"https:\/\/www.hoecker.eu\/blog\/\",\"name\":\"H\u00d6CKER - der Blog\",\"description\":\"Expertenblog f\u00fcr \u00c4u\u00dferungs-, Medien-, Marken-, Urheber- und Wettbewerbsrecht.\",\"publisher\":{\"@id\":\"https:\/\/www.hoecker.eu\/blog\/#organization\"},\"potentialAction\":[{\"@type\":\"SearchAction\",\"target\":{\"@type\":\"EntryPoint\",\"urlTemplate\":\"https:\/\/www.hoecker.eu\/blog\/?s={search_term_string}\"},\"query-input\":{\"@type\":\"PropertyValueSpecification\",\"valueRequired\":true,\"valueName\":\"search_term_string\"}}],\"inLanguage\":\"de\"},{\"@type\":\"Organization\",\"@id\":\"https:\/\/www.hoecker.eu\/blog\/#organization\",\"name\":\"H\u00d6CKER Rechtsanw\u00e4lte PartGmbB\",\"alternateName\":\"H\u00d6CKER\",\"url\":\"https:\/\/www.hoecker.eu\/blog\/\",\"logo\":{\"@type\":\"ImageObject\",\"inLanguage\":\"de\",\"@id\":\"https:\/\/www.hoecker.eu\/blog\/#\/schema\/logo\/image\/\",\"url\":\"https:\/\/www.hoecker.eu\/blog\/wp-content\/uploads\/2025\/03\/Blog-Logo.webp\",\"contentUrl\":\"https:\/\/www.hoecker.eu\/blog\/wp-content\/uploads\/2025\/03\/Blog-Logo.webp\",\"width\":500,\"height\":500,\"caption\":\"H\u00d6CKER Rechtsanw\u00e4lte PartGmbB\"},\"image\":{\"@id\":\"https:\/\/www.hoecker.eu\/blog\/#\/schema\/logo\/image\/\"},\"sameAs\":[\"https:\/\/www.facebook.com\/HoeckerRAe\/\",\"https:\/\/x.com\/hoecker_rae\",\"https:\/\/www.linkedin.com\/company\/hcker-rechtsanwlte\/\",\"https:\/\/www.instagram.com\/hoecker_rae\/\"],\"email\":\"contact@hoecker.eu\",\"telephone\":\"+ 49 (0)221-933 19-10\",\"legalName\":\"H\u00d6CKER Rechtsanw\u00e4lte PartGmbB\",\"numberOfEmployees\":{\"@type\":\"QuantitativeValue\",\"minValue\":\"11\",\"maxValue\":\"50\"}},{\"@type\":\"Person\",\"@id\":\"https:\/\/www.hoecker.eu\/blog\/#\/schema\/person\/770fdcf6844f3964f8da896808b50577\",\"name\":\"Dr. Christian Conrad\",\"description\":\"Partner | Rechtsanwalt (Presserecht, \u00f6ffentlich-rechtliches \u00c4u\u00dferungsrecht, Verfassungsrecht)\",\"sameAs\":[\"https:\/\/www.hoecker.eu\/wer\/dr-christian-conrad\",\"https:\/\/www.linkedin.com\/in\/dr-christian-conrad-38726922b\/\",\"https:\/\/x.com\/RA_Conrad\"],\"url\":\"https:\/\/www.hoecker.eu\/blog\/author\/cconrad\/\"}]}<\/script>\n<!-- \/ Yoast SEO Premium plugin. -->","yoast_head_json":{"title":"Ein Beitrag \u00fcber Zensur - H\u00d6CKER - der Blog","robots":{"index":"index","follow":"follow","max-snippet":"max-snippet:-1","max-image-preview":"max-image-preview:large","max-video-preview":"max-video-preview:-1"},"canonical":"https:\/\/dev.hoecker.eu\/blog\/ein-beitrag-ueber-zensur\/","og_locale":"de_DE","og_type":"article","og_title":"Ein Beitrag \u00fcber Zensur","og_description":"Immer \u00f6fter liest man den Vorwurf: &#8220;Das ist Zensur!&#8221; &#8211; neueste Beispiele finden sich etwa als Reaktion auf eine &#8220;Kleine Anfrage&#8221; der Unionsfraktion vom 21.02.2025 (BT-Drs. 20\/15035) mit 551 Fragen zum Thema &#8220;Politische Neutralit\u00e4t staatlich gef\u00f6rderter Organisationen&#8220;. In einer hiergegen gerichteten Petition hei\u00dft es: &#8220;Keine Zensur durch die CDU!&#8221; Doch ist der Vorwurf korrekt? 551 [&hellip;]","og_url":"https:\/\/dev.hoecker.eu\/blog\/ein-beitrag-ueber-zensur\/","og_site_name":"H\u00d6CKER - der Blog","article_publisher":"https:\/\/www.facebook.com\/HoeckerRAe\/","article_published_time":"2025-02-26T10:19:22+00:00","article_modified_time":"2025-02-26T10:19:23+00:00","og_image":[{"width":1024,"height":768,"url":"https:\/\/dev.hoecker.eu\/blog\/wp-content\/uploads\/2025\/02\/image2.webp","type":"image\/webp"}],"author":"Dr. Christian Conrad","twitter_card":"summary_large_image","twitter_creator":"@RA_Conrad","twitter_site":"@hoecker_rae","twitter_misc":{"Verfasst von":"Dr. Christian Conrad","Gesch\u00e4tzte Lesezeit":"4\u00a0Minuten"},"schema":{"@context":"https:\/\/schema.org","@graph":[{"@type":"Article","@id":"https:\/\/dev.hoecker.eu\/blog\/ein-beitrag-ueber-zensur\/#article","isPartOf":{"@id":"https:\/\/dev.hoecker.eu\/blog\/ein-beitrag-ueber-zensur\/"},"author":{"name":"Dr. Christian Conrad","@id":"https:\/\/www.hoecker.eu\/blog\/#\/schema\/person\/770fdcf6844f3964f8da896808b50577"},"headline":"Ein Beitrag \u00fcber Zensur","datePublished":"2025-02-26T10:19:22+00:00","dateModified":"2025-02-26T10:19:23+00:00","mainEntityOfPage":{"@id":"https:\/\/dev.hoecker.eu\/blog\/ein-beitrag-ueber-zensur\/"},"wordCount":686,"publisher":{"@id":"https:\/\/www.hoecker.eu\/blog\/#organization"},"image":{"@id":"https:\/\/dev.hoecker.eu\/blog\/ein-beitrag-ueber-zensur\/#primaryimage"},"thumbnailUrl":"https:\/\/www.hoecker.eu\/blog\/wp-content\/uploads\/2025\/02\/image2.webp","keywords":["Grundgesetz","Meinungsfreiheit","Nachzensur","Zensur"],"articleSection":["Was uns bewegt"],"inLanguage":"de"},{"@type":"WebPage","@id":"https:\/\/dev.hoecker.eu\/blog\/ein-beitrag-ueber-zensur\/","url":"https:\/\/dev.hoecker.eu\/blog\/ein-beitrag-ueber-zensur\/","name":"Ein Beitrag \u00fcber Zensur - H\u00d6CKER - der Blog","isPartOf":{"@id":"https:\/\/www.hoecker.eu\/blog\/#website"},"primaryImageOfPage":{"@id":"https:\/\/dev.hoecker.eu\/blog\/ein-beitrag-ueber-zensur\/#primaryimage"},"image":{"@id":"https:\/\/dev.hoecker.eu\/blog\/ein-beitrag-ueber-zensur\/#primaryimage"},"thumbnailUrl":"https:\/\/www.hoecker.eu\/blog\/wp-content\/uploads\/2025\/02\/image2.webp","datePublished":"2025-02-26T10:19:22+00:00","dateModified":"2025-02-26T10:19:23+00:00","breadcrumb":{"@id":"https:\/\/dev.hoecker.eu\/blog\/ein-beitrag-ueber-zensur\/#breadcrumb"},"inLanguage":"de","potentialAction":[{"@type":"ReadAction","target":["https:\/\/dev.hoecker.eu\/blog\/ein-beitrag-ueber-zensur\/"]}]},{"@type":"ImageObject","inLanguage":"de","@id":"https:\/\/dev.hoecker.eu\/blog\/ein-beitrag-ueber-zensur\/#primaryimage","url":"https:\/\/www.hoecker.eu\/blog\/wp-content\/uploads\/2025\/02\/image2.webp","contentUrl":"https:\/\/www.hoecker.eu\/blog\/wp-content\/uploads\/2025\/02\/image2.webp","width":1024,"height":768},{"@type":"BreadcrumbList","@id":"https:\/\/dev.hoecker.eu\/blog\/ein-beitrag-ueber-zensur\/#breadcrumb","itemListElement":[{"@type":"ListItem","position":1,"name":"Startseite","item":"https:\/\/dev.hoecker.eu\/blog\/"},{"@type":"ListItem","position":2,"name":"Ein Beitrag \u00fcber Zensur"}]},{"@type":"WebSite","@id":"https:\/\/www.hoecker.eu\/blog\/#website","url":"https:\/\/www.hoecker.eu\/blog\/","name":"H\u00d6CKER - der Blog","description":"Expertenblog f\u00fcr \u00c4u\u00dferungs-, Medien-, Marken-, Urheber- und Wettbewerbsrecht.","publisher":{"@id":"https:\/\/www.hoecker.eu\/blog\/#organization"},"potentialAction":[{"@type":"SearchAction","target":{"@type":"EntryPoint","urlTemplate":"https:\/\/www.hoecker.eu\/blog\/?s={search_term_string}"},"query-input":{"@type":"PropertyValueSpecification","valueRequired":true,"valueName":"search_term_string"}}],"inLanguage":"de"},{"@type":"Organization","@id":"https:\/\/www.hoecker.eu\/blog\/#organization","name":"H\u00d6CKER Rechtsanw\u00e4lte PartGmbB","alternateName":"H\u00d6CKER","url":"https:\/\/www.hoecker.eu\/blog\/","logo":{"@type":"ImageObject","inLanguage":"de","@id":"https:\/\/www.hoecker.eu\/blog\/#\/schema\/logo\/image\/","url":"https:\/\/www.hoecker.eu\/blog\/wp-content\/uploads\/2025\/03\/Blog-Logo.webp","contentUrl":"https:\/\/www.hoecker.eu\/blog\/wp-content\/uploads\/2025\/03\/Blog-Logo.webp","width":500,"height":500,"caption":"H\u00d6CKER Rechtsanw\u00e4lte PartGmbB"},"image":{"@id":"https:\/\/www.hoecker.eu\/blog\/#\/schema\/logo\/image\/"},"sameAs":["https:\/\/www.facebook.com\/HoeckerRAe\/","https:\/\/x.com\/hoecker_rae","https:\/\/www.linkedin.com\/company\/hcker-rechtsanwlte\/","https:\/\/www.instagram.com\/hoecker_rae\/"],"email":"contact@hoecker.eu","telephone":"+ 49 (0)221-933 19-10","legalName":"H\u00d6CKER Rechtsanw\u00e4lte PartGmbB","numberOfEmployees":{"@type":"QuantitativeValue","minValue":"11","maxValue":"50"}},{"@type":"Person","@id":"https:\/\/www.hoecker.eu\/blog\/#\/schema\/person\/770fdcf6844f3964f8da896808b50577","name":"Dr. Christian Conrad","description":"Partner | Rechtsanwalt (Presserecht, \u00f6ffentlich-rechtliches \u00c4u\u00dferungsrecht, Verfassungsrecht)","sameAs":["https:\/\/www.hoecker.eu\/wer\/dr-christian-conrad","https:\/\/www.linkedin.com\/in\/dr-christian-conrad-38726922b\/","https:\/\/x.com\/RA_Conrad"],"url":"https:\/\/www.hoecker.eu\/blog\/author\/cconrad\/"}]}},"authors":[{"term_id":80,"user_id":5,"is_guest":0,"slug":"cconrad","display_name":"Dr. Christian Conrad","avatar_url":{"url":"https:\/\/www.hoecker.eu\/blog\/wp-content\/uploads\/2025\/02\/CConrad.webp","url2x":"https:\/\/www.hoecker.eu\/blog\/wp-content\/uploads\/2025\/02\/CConrad.webp"},"0":null,"1":"","2":"","3":"","4":"","5":"","6":"","7":"","8":"","9":"","10":"","11":""}],"_links":{"self":[{"href":"https:\/\/www.hoecker.eu\/blog\/wp-json\/wp\/v2\/posts\/10029","targetHints":{"allow":["GET"]}}],"collection":[{"href":"https:\/\/www.hoecker.eu\/blog\/wp-json\/wp\/v2\/posts"}],"about":[{"href":"https:\/\/www.hoecker.eu\/blog\/wp-json\/wp\/v2\/types\/post"}],"author":[{"embeddable":true,"href":"https:\/\/www.hoecker.eu\/blog\/wp-json\/wp\/v2\/users\/5"}],"replies":[{"embeddable":true,"href":"https:\/\/www.hoecker.eu\/blog\/wp-json\/wp\/v2\/comments?post=10029"}],"version-history":[{"count":13,"href":"https:\/\/www.hoecker.eu\/blog\/wp-json\/wp\/v2\/posts\/10029\/revisions"}],"predecessor-version":[{"id":10043,"href":"https:\/\/www.hoecker.eu\/blog\/wp-json\/wp\/v2\/posts\/10029\/revisions\/10043"}],"wp:featuredmedia":[{"embeddable":true,"href":"https:\/\/www.hoecker.eu\/blog\/wp-json\/wp\/v2\/media\/10030"}],"wp:attachment":[{"href":"https:\/\/www.hoecker.eu\/blog\/wp-json\/wp\/v2\/media?parent=10029"}],"wp:term":[{"taxonomy":"category","embeddable":true,"href":"https:\/\/www.hoecker.eu\/blog\/wp-json\/wp\/v2\/categories?post=10029"},{"taxonomy":"post_tag","embeddable":true,"href":"https:\/\/www.hoecker.eu\/blog\/wp-json\/wp\/v2\/tags?post=10029"},{"taxonomy":"hashtags","embeddable":true,"href":"https:\/\/www.hoecker.eu\/blog\/wp-json\/wp\/v2\/hashtags?post=10029"},{"taxonomy":"author","embeddable":true,"href":"https:\/\/www.hoecker.eu\/blog\/wp-json\/wp\/v2\/ppma_author?post=10029"}],"curies":[{"name":"wp","href":"https:\/\/api.w.org\/{rel}","templated":true}]}}