{"id":10010,"date":"2025-02-25T12:07:24","date_gmt":"2025-02-25T11:07:24","guid":{"rendered":"https:\/\/www.hoecker.eu\/blog\/?p=10010"},"modified":"2025-02-25T12:13:03","modified_gmt":"2025-02-25T11:13:03","slug":"bundestag-und-schuldenbremse-hurra-wir-leben-noch-oder","status":"publish","type":"post","link":"https:\/\/www.hoecker.eu\/blog\/bundestag-und-schuldenbremse-hurra-wir-leben-noch-oder\/","title":{"rendered":"Bundestag und Schuldenbremse: &#8220;Hurra wir leben noch&#8221; &#8211; oder?!"},"content":{"rendered":"\n<p class=\"has-medium-font-size\" style=\"font-style:normal;font-weight:600\">Medien berichten, dass der Kanzlerkandidat der Union, Friedrich Merz, noch vor Konstituierung des neuen Bundestags das Grundgesetz mit Stimmen der (ehemaligen) Ampel \u00e4ndern will. Aber d\u00fcrfte er das rechtlich \u00fcberhaupt?<\/p>\n\n\n\n<p>Bis heute kann ich es mir bildlich vorstellen: Ich als Steppke auf dem R\u00fccksitz der &#8220;Ente&#8221;, meine Mutter f\u00e4hrt &#8211; und aus dem Autoradio dr\u00f6hnt die unverwechselbare Stimme von <strong>Milva<\/strong>: &#8220;<em>Hurra, wir leben noch \/ Was mussten wir nicht alles \u00fcbersteh&#8217;n? \/ Und leben noch&#8230;<\/em>&#8220;<\/p>\n\n\n\n<p>Aktuell wird diskutiert, ob das nun auch f\u00fcr die alten bzw. bisherigen Abgeordneten (nat\u00fcrlich jedweden Geschlechts!) des <strong>20. Deutschen Bundestags<\/strong> gilt, der von Bundespr\u00e4sident Frank-Walter Steinmeier Ende des vergangenen Jahres aufgel\u00f6st wurde. Bevor der am 23. Februar 2025 gew\u00e4hlte 21. Deutsche Bundestag zusammentritt, will man noch rasch das <strong>Grundgesetz <\/strong>\u00e4ndern, um die sog. Schuldenbremse bzw. das Sonderverm\u00f6gen f\u00fcr die Bundeswehr zu <a href=\"https:\/\/www.tagesschau.de\/inland\/reform-schuldenbremse-100.html\">reformieren<\/a>. Denn hierf\u00fcr braucht man eine <strong>2\/3-Mehrheit<\/strong> (vgl. Artikel 79 Abs. 2 GG) &#8211; und die sieht man k\u00fcnftig v.a. wegen der Sitze der LINKEN und der AfD in Gefahr.<\/p>\n\n\n\n<p><strong>Aber ist das <em>rechtlich <\/em>\u00fcberhaupt m\u00f6glich?<\/strong> <\/p>\n\n\n\n<p>Ja, die abgew\u00e4hlten Abgeordneten d\u00fcrften nat\u00fcrlich noch t\u00e4tig werden. Sie sind bzw. bleiben n\u00e4mlich bis zum Zusammentritt des neuen Bundestages im Amt. Artikel 39 Abs. 1 S. 2 GG normiert insofern, dass die Wahlperiode des (alten) Bundestags erst &#8220;<em>mit dem Zusammentritt eines neuen Bundestages<\/em>&#8221; endet. Es gibt also (auch im Fall einer insoweit sprachlich leicht misssverst\u00e4ndlichen &#8220;Aufl\u00f6sung&#8221; des Bundestages) <strong>keine parlamentslose Zeit<\/strong>, was in der rechtswissenschaftlichen Literatur wie folgt beschrieben wird:<\/p>\n\n\n\n<ul class=\"wp-block-list\">\n<li>&#8220;<em>Bis zum Beginn der neuen Wahlperiode stehen dem alten Bundestag daher noch die <strong>vollen Rechte<\/strong> der Volksvertretung zu; er kann insbesondere noch vollg\u00fcltige Beschl\u00fcsse fassen<\/em>&#8221; (BeckOK GG\/Brocker, 59. Ed., 15.9.2024, GG, Art. 39 Rn. 10)<\/li>\n\n\n\n<li>&#8220;<em>Trotz Aufl\u00f6sung des Bundestages endet dessen Wahlperiode erst mit dem Zusammentritt des neu gew\u00e4hlten Bundestages (vgl. Art.\u00a039 Abs.\u00a01 S.\u00a02). Es gibt damit seit einer Verfassungs\u00e4nderung im Jahre 1976 (vgl. Art.\u00a039) <strong>keine <\/strong>parlamentslose Zeit mehr<\/em>&#8221; (BeckOK GG\/Pieper, 59. Ed., 15.9.2024, GG, Art. 68 Rn. 16)<\/li>\n\n\n\n<li>&#8220;<em>Der alte Bundestag bleibt so lange im Amt, bis der neue Bundestag sich konstituiert hat. Er ist rechtlich in diesem Zeitraum in seinen Handlungsm\u00f6glichkeiten <strong>nicht beschr\u00e4nkt<\/strong>, da seine Legitimation erst mit dem Zusammentritt des neu gew\u00e4hlten Bundestages endet. Er unterliegt nach der Neuwahl auch keinem Gebot der Zur\u00fcckhaltung. Ihm stehen bis zum Zusammentritt des neuen Bundestages <strong>alle <\/strong>verfassungsrechtlichen Parlamentsrechte zu.<\/em>&#8221; (Groh\/v.M\u00fcnch\/Kunig, GG, 7. Aufl. 2021, Art. 39 Rdnr. 12)<\/li>\n<\/ul>\n\n\n\n<p>Rechtlich k\u00f6nnte und d\u00fcrfte der alte, aufgel\u00f6ste Bundestag also tats\u00e4chlich noch das Grundgesetz \u00e4ndern. Ob das auch <strong>politisch opportun<\/strong> w\u00e4re, mag man indes ggf. frei nach dem schon zum Meme gewordenen Satz der &#8220;<a href=\"https:\/\/x.com\/PolizeiMFR\/status\/1247509491282841600?lang=de\">Polizei Mittelfranken<\/a>&#8221; aus Coronazeiten beurteilen: &#8220;<em>Rechtlich d\u00fcrfen Sie es, ob dies auch richtig ist m\u00fcssen Sie selbst entscheiden.<\/em>&#8220;<\/p>\n\n\n\n<p><\/p>\n\n\n\n<p><\/p>\n","protected":false},"excerpt":{"rendered":"<p>Medien berichten, dass der Kanzlerkandidat der Union, Friedrich Merz, noch vor Konstituierung des neuen Bundestags das Grundgesetz mit Stimmen der (ehemaligen) Ampel \u00e4ndern will. Aber d\u00fcrfte er das rechtlich \u00fcberhaupt? Bis heute kann ich es mir bildlich vorstellen: Ich als Steppke auf dem R\u00fccksitz der &#8220;Ente&#8221;, meine Mutter f\u00e4hrt &#8211; und aus dem Autoradio dr\u00f6hnt [&hellip;]<\/p>\n","protected":false},"author":5,"featured_media":10027,"comment_status":"closed","ping_status":"closed","sticky":false,"template":"","format":"standard","meta":{"_has_post_settings":[],"footnotes":""},"categories":[42],"tags":[102,105,103,104,101],"hashtags":[],"ppma_author":[80],"class_list":["post-10010","post","type-post","status-publish","format-standard","has-post-thumbnail","hentry","category-was-uns-bewegt","tag-bundestag","tag-bundeswehr","tag-grundgesetz","tag-merz","tag-schuldenbremse","author-cconrad"],"yoast_head":"<!-- This site is optimized with the Yoast SEO Premium plugin v25.9 (Yoast SEO v27.0) - https:\/\/yoast.com\/product\/yoast-seo-premium-wordpress\/ -->\n<title>Bundestag und Schuldenbremse: &quot;Hurra wir leben noch&quot; - oder?! - H\u00d6CKER - der Blog<\/title>\n<meta name=\"robots\" content=\"index, follow, max-snippet:-1, max-image-preview:large, max-video-preview:-1\" \/>\n<link rel=\"canonical\" href=\"https:\/\/dev.hoecker.eu\/blog\/bundestag-und-schuldenbremse-hurra-wir-leben-noch-oder\/\" \/>\n<meta property=\"og:locale\" content=\"de_DE\" \/>\n<meta property=\"og:type\" content=\"article\" \/>\n<meta property=\"og:title\" content=\"Bundestag und Schuldenbremse: &quot;Hurra wir leben noch&quot; - oder?!\" \/>\n<meta property=\"og:description\" content=\"Medien berichten, dass der Kanzlerkandidat der Union, Friedrich Merz, noch vor Konstituierung des neuen Bundestags das Grundgesetz mit Stimmen der (ehemaligen) Ampel \u00e4ndern will. Aber d\u00fcrfte er das rechtlich \u00fcberhaupt? Bis heute kann ich es mir bildlich vorstellen: Ich als Steppke auf dem R\u00fccksitz der &#8220;Ente&#8221;, meine Mutter f\u00e4hrt &#8211; und aus dem Autoradio dr\u00f6hnt [&hellip;]\" \/>\n<meta property=\"og:url\" content=\"https:\/\/dev.hoecker.eu\/blog\/bundestag-und-schuldenbremse-hurra-wir-leben-noch-oder\/\" \/>\n<meta property=\"og:site_name\" content=\"H\u00d6CKER - der Blog\" \/>\n<meta property=\"article:publisher\" content=\"https:\/\/www.facebook.com\/HoeckerRAe\/\" \/>\n<meta property=\"article:published_time\" content=\"2025-02-25T11:07:24+00:00\" \/>\n<meta property=\"article:modified_time\" content=\"2025-02-25T11:13:03+00:00\" \/>\n<meta property=\"og:image\" content=\"https:\/\/dev.hoecker.eu\/blog\/wp-content\/uploads\/2025\/02\/image1.webp\" \/>\n\t<meta property=\"og:image:width\" content=\"1024\" \/>\n\t<meta property=\"og:image:height\" content=\"768\" \/>\n\t<meta property=\"og:image:type\" content=\"image\/webp\" \/>\n<meta name=\"author\" content=\"Dr. Christian Conrad\" \/>\n<meta name=\"twitter:card\" content=\"summary_large_image\" \/>\n<meta name=\"twitter:creator\" content=\"@RA_Conrad\" \/>\n<meta name=\"twitter:site\" content=\"@hoecker_rae\" \/>\n<meta name=\"twitter:label1\" content=\"Verfasst von\" \/>\n\t<meta name=\"twitter:data1\" content=\"Dr. Christian Conrad\" \/>\n\t<meta name=\"twitter:label2\" content=\"Gesch\u00e4tzte Lesezeit\" \/>\n\t<meta name=\"twitter:data2\" content=\"3\u00a0Minuten\" \/>\n<script type=\"application\/ld+json\" class=\"yoast-schema-graph\">{\"@context\":\"https:\/\/schema.org\",\"@graph\":[{\"@type\":\"Article\",\"@id\":\"https:\/\/dev.hoecker.eu\/blog\/bundestag-und-schuldenbremse-hurra-wir-leben-noch-oder\/#article\",\"isPartOf\":{\"@id\":\"https:\/\/dev.hoecker.eu\/blog\/bundestag-und-schuldenbremse-hurra-wir-leben-noch-oder\/\"},\"author\":{\"name\":\"Dr. Christian Conrad\",\"@id\":\"https:\/\/www.hoecker.eu\/blog\/#\/schema\/person\/770fdcf6844f3964f8da896808b50577\"},\"headline\":\"Bundestag und Schuldenbremse: &#8220;Hurra wir leben noch&#8221; &#8211; oder?!\",\"datePublished\":\"2025-02-25T11:07:24+00:00\",\"dateModified\":\"2025-02-25T11:13:03+00:00\",\"mainEntityOfPage\":{\"@id\":\"https:\/\/dev.hoecker.eu\/blog\/bundestag-und-schuldenbremse-hurra-wir-leben-noch-oder\/\"},\"wordCount\":472,\"publisher\":{\"@id\":\"https:\/\/www.hoecker.eu\/blog\/#organization\"},\"image\":{\"@id\":\"https:\/\/dev.hoecker.eu\/blog\/bundestag-und-schuldenbremse-hurra-wir-leben-noch-oder\/#primaryimage\"},\"thumbnailUrl\":\"https:\/\/www.hoecker.eu\/blog\/wp-content\/uploads\/2025\/02\/image1.webp\",\"keywords\":[\"Bundestag\",\"Bundeswehr\",\"Grundgesetz\",\"Merz\",\"Schuldenbremse\"],\"articleSection\":[\"Was uns bewegt\"],\"inLanguage\":\"de\"},{\"@type\":\"WebPage\",\"@id\":\"https:\/\/dev.hoecker.eu\/blog\/bundestag-und-schuldenbremse-hurra-wir-leben-noch-oder\/\",\"url\":\"https:\/\/dev.hoecker.eu\/blog\/bundestag-und-schuldenbremse-hurra-wir-leben-noch-oder\/\",\"name\":\"Bundestag und Schuldenbremse: \\\"Hurra wir leben noch\\\" - oder?! - H\u00d6CKER - der Blog\",\"isPartOf\":{\"@id\":\"https:\/\/www.hoecker.eu\/blog\/#website\"},\"primaryImageOfPage\":{\"@id\":\"https:\/\/dev.hoecker.eu\/blog\/bundestag-und-schuldenbremse-hurra-wir-leben-noch-oder\/#primaryimage\"},\"image\":{\"@id\":\"https:\/\/dev.hoecker.eu\/blog\/bundestag-und-schuldenbremse-hurra-wir-leben-noch-oder\/#primaryimage\"},\"thumbnailUrl\":\"https:\/\/www.hoecker.eu\/blog\/wp-content\/uploads\/2025\/02\/image1.webp\",\"datePublished\":\"2025-02-25T11:07:24+00:00\",\"dateModified\":\"2025-02-25T11:13:03+00:00\",\"breadcrumb\":{\"@id\":\"https:\/\/dev.hoecker.eu\/blog\/bundestag-und-schuldenbremse-hurra-wir-leben-noch-oder\/#breadcrumb\"},\"inLanguage\":\"de\",\"potentialAction\":[{\"@type\":\"ReadAction\",\"target\":[\"https:\/\/dev.hoecker.eu\/blog\/bundestag-und-schuldenbremse-hurra-wir-leben-noch-oder\/\"]}]},{\"@type\":\"ImageObject\",\"inLanguage\":\"de\",\"@id\":\"https:\/\/dev.hoecker.eu\/blog\/bundestag-und-schuldenbremse-hurra-wir-leben-noch-oder\/#primaryimage\",\"url\":\"https:\/\/www.hoecker.eu\/blog\/wp-content\/uploads\/2025\/02\/image1.webp\",\"contentUrl\":\"https:\/\/www.hoecker.eu\/blog\/wp-content\/uploads\/2025\/02\/image1.webp\",\"width\":1024,\"height\":768},{\"@type\":\"BreadcrumbList\",\"@id\":\"https:\/\/dev.hoecker.eu\/blog\/bundestag-und-schuldenbremse-hurra-wir-leben-noch-oder\/#breadcrumb\",\"itemListElement\":[{\"@type\":\"ListItem\",\"position\":1,\"name\":\"Startseite\",\"item\":\"https:\/\/dev.hoecker.eu\/blog\/\"},{\"@type\":\"ListItem\",\"position\":2,\"name\":\"Bundestag und Schuldenbremse: &#8220;Hurra wir leben noch&#8221; &#8211; oder?!\"}]},{\"@type\":\"WebSite\",\"@id\":\"https:\/\/www.hoecker.eu\/blog\/#website\",\"url\":\"https:\/\/www.hoecker.eu\/blog\/\",\"name\":\"H\u00d6CKER - der Blog\",\"description\":\"Expertenblog f\u00fcr \u00c4u\u00dferungs-, Medien-, Marken-, Urheber- und Wettbewerbsrecht.\",\"publisher\":{\"@id\":\"https:\/\/www.hoecker.eu\/blog\/#organization\"},\"potentialAction\":[{\"@type\":\"SearchAction\",\"target\":{\"@type\":\"EntryPoint\",\"urlTemplate\":\"https:\/\/www.hoecker.eu\/blog\/?s={search_term_string}\"},\"query-input\":{\"@type\":\"PropertyValueSpecification\",\"valueRequired\":true,\"valueName\":\"search_term_string\"}}],\"inLanguage\":\"de\"},{\"@type\":\"Organization\",\"@id\":\"https:\/\/www.hoecker.eu\/blog\/#organization\",\"name\":\"H\u00d6CKER Rechtsanw\u00e4lte PartGmbB\",\"alternateName\":\"H\u00d6CKER\",\"url\":\"https:\/\/www.hoecker.eu\/blog\/\",\"logo\":{\"@type\":\"ImageObject\",\"inLanguage\":\"de\",\"@id\":\"https:\/\/www.hoecker.eu\/blog\/#\/schema\/logo\/image\/\",\"url\":\"https:\/\/www.hoecker.eu\/blog\/wp-content\/uploads\/2025\/03\/Blog-Logo.webp\",\"contentUrl\":\"https:\/\/www.hoecker.eu\/blog\/wp-content\/uploads\/2025\/03\/Blog-Logo.webp\",\"width\":500,\"height\":500,\"caption\":\"H\u00d6CKER Rechtsanw\u00e4lte PartGmbB\"},\"image\":{\"@id\":\"https:\/\/www.hoecker.eu\/blog\/#\/schema\/logo\/image\/\"},\"sameAs\":[\"https:\/\/www.facebook.com\/HoeckerRAe\/\",\"https:\/\/x.com\/hoecker_rae\",\"https:\/\/www.linkedin.com\/company\/hcker-rechtsanwlte\/\",\"https:\/\/www.instagram.com\/hoecker_rae\/\"],\"email\":\"contact@hoecker.eu\",\"telephone\":\"+ 49 (0)221-933 19-10\",\"legalName\":\"H\u00d6CKER Rechtsanw\u00e4lte PartGmbB\",\"numberOfEmployees\":{\"@type\":\"QuantitativeValue\",\"minValue\":\"11\",\"maxValue\":\"50\"}},{\"@type\":\"Person\",\"@id\":\"https:\/\/www.hoecker.eu\/blog\/#\/schema\/person\/770fdcf6844f3964f8da896808b50577\",\"name\":\"Dr. Christian Conrad\",\"description\":\"Partner | Rechtsanwalt (Presserecht, \u00f6ffentlich-rechtliches \u00c4u\u00dferungsrecht, Verfassungsrecht)\",\"sameAs\":[\"https:\/\/www.hoecker.eu\/wer\/dr-christian-conrad\",\"https:\/\/www.linkedin.com\/in\/dr-christian-conrad-38726922b\/\",\"https:\/\/x.com\/RA_Conrad\"],\"url\":\"https:\/\/www.hoecker.eu\/blog\/author\/cconrad\/\"}]}<\/script>\n<!-- \/ Yoast SEO Premium plugin. -->","yoast_head_json":{"title":"Bundestag und Schuldenbremse: \"Hurra wir leben noch\" - oder?! - H\u00d6CKER - der Blog","robots":{"index":"index","follow":"follow","max-snippet":"max-snippet:-1","max-image-preview":"max-image-preview:large","max-video-preview":"max-video-preview:-1"},"canonical":"https:\/\/dev.hoecker.eu\/blog\/bundestag-und-schuldenbremse-hurra-wir-leben-noch-oder\/","og_locale":"de_DE","og_type":"article","og_title":"Bundestag und Schuldenbremse: \"Hurra wir leben noch\" - oder?!","og_description":"Medien berichten, dass der Kanzlerkandidat der Union, Friedrich Merz, noch vor Konstituierung des neuen Bundestags das Grundgesetz mit Stimmen der (ehemaligen) Ampel \u00e4ndern will. Aber d\u00fcrfte er das rechtlich \u00fcberhaupt? Bis heute kann ich es mir bildlich vorstellen: Ich als Steppke auf dem R\u00fccksitz der &#8220;Ente&#8221;, meine Mutter f\u00e4hrt &#8211; und aus dem Autoradio dr\u00f6hnt [&hellip;]","og_url":"https:\/\/dev.hoecker.eu\/blog\/bundestag-und-schuldenbremse-hurra-wir-leben-noch-oder\/","og_site_name":"H\u00d6CKER - der Blog","article_publisher":"https:\/\/www.facebook.com\/HoeckerRAe\/","article_published_time":"2025-02-25T11:07:24+00:00","article_modified_time":"2025-02-25T11:13:03+00:00","og_image":[{"width":1024,"height":768,"url":"https:\/\/dev.hoecker.eu\/blog\/wp-content\/uploads\/2025\/02\/image1.webp","type":"image\/webp"}],"author":"Dr. Christian Conrad","twitter_card":"summary_large_image","twitter_creator":"@RA_Conrad","twitter_site":"@hoecker_rae","twitter_misc":{"Verfasst von":"Dr. Christian Conrad","Gesch\u00e4tzte Lesezeit":"3\u00a0Minuten"},"schema":{"@context":"https:\/\/schema.org","@graph":[{"@type":"Article","@id":"https:\/\/dev.hoecker.eu\/blog\/bundestag-und-schuldenbremse-hurra-wir-leben-noch-oder\/#article","isPartOf":{"@id":"https:\/\/dev.hoecker.eu\/blog\/bundestag-und-schuldenbremse-hurra-wir-leben-noch-oder\/"},"author":{"name":"Dr. Christian Conrad","@id":"https:\/\/www.hoecker.eu\/blog\/#\/schema\/person\/770fdcf6844f3964f8da896808b50577"},"headline":"Bundestag und Schuldenbremse: &#8220;Hurra wir leben noch&#8221; &#8211; oder?!","datePublished":"2025-02-25T11:07:24+00:00","dateModified":"2025-02-25T11:13:03+00:00","mainEntityOfPage":{"@id":"https:\/\/dev.hoecker.eu\/blog\/bundestag-und-schuldenbremse-hurra-wir-leben-noch-oder\/"},"wordCount":472,"publisher":{"@id":"https:\/\/www.hoecker.eu\/blog\/#organization"},"image":{"@id":"https:\/\/dev.hoecker.eu\/blog\/bundestag-und-schuldenbremse-hurra-wir-leben-noch-oder\/#primaryimage"},"thumbnailUrl":"https:\/\/www.hoecker.eu\/blog\/wp-content\/uploads\/2025\/02\/image1.webp","keywords":["Bundestag","Bundeswehr","Grundgesetz","Merz","Schuldenbremse"],"articleSection":["Was uns bewegt"],"inLanguage":"de"},{"@type":"WebPage","@id":"https:\/\/dev.hoecker.eu\/blog\/bundestag-und-schuldenbremse-hurra-wir-leben-noch-oder\/","url":"https:\/\/dev.hoecker.eu\/blog\/bundestag-und-schuldenbremse-hurra-wir-leben-noch-oder\/","name":"Bundestag und Schuldenbremse: \"Hurra wir leben noch\" - oder?! - H\u00d6CKER - der Blog","isPartOf":{"@id":"https:\/\/www.hoecker.eu\/blog\/#website"},"primaryImageOfPage":{"@id":"https:\/\/dev.hoecker.eu\/blog\/bundestag-und-schuldenbremse-hurra-wir-leben-noch-oder\/#primaryimage"},"image":{"@id":"https:\/\/dev.hoecker.eu\/blog\/bundestag-und-schuldenbremse-hurra-wir-leben-noch-oder\/#primaryimage"},"thumbnailUrl":"https:\/\/www.hoecker.eu\/blog\/wp-content\/uploads\/2025\/02\/image1.webp","datePublished":"2025-02-25T11:07:24+00:00","dateModified":"2025-02-25T11:13:03+00:00","breadcrumb":{"@id":"https:\/\/dev.hoecker.eu\/blog\/bundestag-und-schuldenbremse-hurra-wir-leben-noch-oder\/#breadcrumb"},"inLanguage":"de","potentialAction":[{"@type":"ReadAction","target":["https:\/\/dev.hoecker.eu\/blog\/bundestag-und-schuldenbremse-hurra-wir-leben-noch-oder\/"]}]},{"@type":"ImageObject","inLanguage":"de","@id":"https:\/\/dev.hoecker.eu\/blog\/bundestag-und-schuldenbremse-hurra-wir-leben-noch-oder\/#primaryimage","url":"https:\/\/www.hoecker.eu\/blog\/wp-content\/uploads\/2025\/02\/image1.webp","contentUrl":"https:\/\/www.hoecker.eu\/blog\/wp-content\/uploads\/2025\/02\/image1.webp","width":1024,"height":768},{"@type":"BreadcrumbList","@id":"https:\/\/dev.hoecker.eu\/blog\/bundestag-und-schuldenbremse-hurra-wir-leben-noch-oder\/#breadcrumb","itemListElement":[{"@type":"ListItem","position":1,"name":"Startseite","item":"https:\/\/dev.hoecker.eu\/blog\/"},{"@type":"ListItem","position":2,"name":"Bundestag und Schuldenbremse: &#8220;Hurra wir leben noch&#8221; &#8211; oder?!"}]},{"@type":"WebSite","@id":"https:\/\/www.hoecker.eu\/blog\/#website","url":"https:\/\/www.hoecker.eu\/blog\/","name":"H\u00d6CKER - der Blog","description":"Expertenblog f\u00fcr \u00c4u\u00dferungs-, Medien-, Marken-, Urheber- und Wettbewerbsrecht.","publisher":{"@id":"https:\/\/www.hoecker.eu\/blog\/#organization"},"potentialAction":[{"@type":"SearchAction","target":{"@type":"EntryPoint","urlTemplate":"https:\/\/www.hoecker.eu\/blog\/?s={search_term_string}"},"query-input":{"@type":"PropertyValueSpecification","valueRequired":true,"valueName":"search_term_string"}}],"inLanguage":"de"},{"@type":"Organization","@id":"https:\/\/www.hoecker.eu\/blog\/#organization","name":"H\u00d6CKER Rechtsanw\u00e4lte PartGmbB","alternateName":"H\u00d6CKER","url":"https:\/\/www.hoecker.eu\/blog\/","logo":{"@type":"ImageObject","inLanguage":"de","@id":"https:\/\/www.hoecker.eu\/blog\/#\/schema\/logo\/image\/","url":"https:\/\/www.hoecker.eu\/blog\/wp-content\/uploads\/2025\/03\/Blog-Logo.webp","contentUrl":"https:\/\/www.hoecker.eu\/blog\/wp-content\/uploads\/2025\/03\/Blog-Logo.webp","width":500,"height":500,"caption":"H\u00d6CKER Rechtsanw\u00e4lte PartGmbB"},"image":{"@id":"https:\/\/www.hoecker.eu\/blog\/#\/schema\/logo\/image\/"},"sameAs":["https:\/\/www.facebook.com\/HoeckerRAe\/","https:\/\/x.com\/hoecker_rae","https:\/\/www.linkedin.com\/company\/hcker-rechtsanwlte\/","https:\/\/www.instagram.com\/hoecker_rae\/"],"email":"contact@hoecker.eu","telephone":"+ 49 (0)221-933 19-10","legalName":"H\u00d6CKER Rechtsanw\u00e4lte PartGmbB","numberOfEmployees":{"@type":"QuantitativeValue","minValue":"11","maxValue":"50"}},{"@type":"Person","@id":"https:\/\/www.hoecker.eu\/blog\/#\/schema\/person\/770fdcf6844f3964f8da896808b50577","name":"Dr. Christian Conrad","description":"Partner | Rechtsanwalt (Presserecht, \u00f6ffentlich-rechtliches \u00c4u\u00dferungsrecht, Verfassungsrecht)","sameAs":["https:\/\/www.hoecker.eu\/wer\/dr-christian-conrad","https:\/\/www.linkedin.com\/in\/dr-christian-conrad-38726922b\/","https:\/\/x.com\/RA_Conrad"],"url":"https:\/\/www.hoecker.eu\/blog\/author\/cconrad\/"}]}},"authors":[{"term_id":80,"user_id":5,"is_guest":0,"slug":"cconrad","display_name":"Dr. Christian Conrad","avatar_url":{"url":"https:\/\/www.hoecker.eu\/blog\/wp-content\/uploads\/2025\/02\/CConrad.webp","url2x":"https:\/\/www.hoecker.eu\/blog\/wp-content\/uploads\/2025\/02\/CConrad.webp"},"0":null,"1":"","2":"","3":"","4":"","5":"","6":"","7":"","8":"","9":"","10":"","11":""}],"_links":{"self":[{"href":"https:\/\/www.hoecker.eu\/blog\/wp-json\/wp\/v2\/posts\/10010","targetHints":{"allow":["GET"]}}],"collection":[{"href":"https:\/\/www.hoecker.eu\/blog\/wp-json\/wp\/v2\/posts"}],"about":[{"href":"https:\/\/www.hoecker.eu\/blog\/wp-json\/wp\/v2\/types\/post"}],"author":[{"embeddable":true,"href":"https:\/\/www.hoecker.eu\/blog\/wp-json\/wp\/v2\/users\/5"}],"replies":[{"embeddable":true,"href":"https:\/\/www.hoecker.eu\/blog\/wp-json\/wp\/v2\/comments?post=10010"}],"version-history":[{"count":14,"href":"https:\/\/www.hoecker.eu\/blog\/wp-json\/wp\/v2\/posts\/10010\/revisions"}],"predecessor-version":[{"id":10025,"href":"https:\/\/www.hoecker.eu\/blog\/wp-json\/wp\/v2\/posts\/10010\/revisions\/10025"}],"wp:featuredmedia":[{"embeddable":true,"href":"https:\/\/www.hoecker.eu\/blog\/wp-json\/wp\/v2\/media\/10027"}],"wp:attachment":[{"href":"https:\/\/www.hoecker.eu\/blog\/wp-json\/wp\/v2\/media?parent=10010"}],"wp:term":[{"taxonomy":"category","embeddable":true,"href":"https:\/\/www.hoecker.eu\/blog\/wp-json\/wp\/v2\/categories?post=10010"},{"taxonomy":"post_tag","embeddable":true,"href":"https:\/\/www.hoecker.eu\/blog\/wp-json\/wp\/v2\/tags?post=10010"},{"taxonomy":"hashtags","embeddable":true,"href":"https:\/\/www.hoecker.eu\/blog\/wp-json\/wp\/v2\/hashtags?post=10010"},{"taxonomy":"author","embeddable":true,"href":"https:\/\/www.hoecker.eu\/blog\/wp-json\/wp\/v2\/ppma_author?post=10010"}],"curies":[{"name":"wp","href":"https:\/\/api.w.org\/{rel}","templated":true}]}}