{"id":10006,"date":"2025-02-24T12:34:31","date_gmt":"2025-02-24T11:34:31","guid":{"rendered":"https:\/\/www.hoecker.eu\/blog\/?p=10006"},"modified":"2025-02-24T13:17:54","modified_gmt":"2025-02-24T12:17:54","slug":"geteiltes-impressum-volle-haftung-bei-unklaren-angaben","status":"publish","type":"post","link":"https:\/\/www.hoecker.eu\/blog\/geteiltes-impressum-volle-haftung-bei-unklaren-angaben\/","title":{"rendered":"Geteiltes Impressum: volle Haftung bei unklaren Angaben"},"content":{"rendered":"\n<p>Immer \u00f6fter werden im Impressum von Medien-Webseiten f\u00fcr verschiedene Bereiche unterschiedliche Anbieter angegeben, so etwa beim <a href=\"https:\/\/www.spiegel.de\/impressum\" target=\"_blank\" rel=\"noreferrer noopener\">SPIEGEL<\/a>, dem <a href=\"https:\/\/www.focus.de\/intern\/impressum\/impressum-focus-online_id_1826671.html\" target=\"_blank\" rel=\"noreferrer noopener\">FOCUS<\/a> und den 24er-Portale der IPPEN-Verlagsgruppe (z.B. <a href=\"https:\/\/www.ruhr24.de\/ueber-uns\/impressum\/\" target=\"_blank\" rel=\"noreferrer noopener\">https:\/\/www.ruhr24.de\/ueber-uns\/impressum\/<\/a>). Dort wird dann mehr oder weniger klar und deutlich angegeben, welcher Anbieter f\u00fcr welchen Bereich bzw. f\u00fcr welche Artikel verantwortlich ist. Fehler in der Gestaltung des Impressums k\u00f6nnen allerdings zu einer ungewollten und vor allem weitreichenden Haftung f\u00fchren. Diese Erfahrung musste nun das zur MADSACK Mediengruppe geh\u00f6rende RedaktionsNetzwerk Deutschland (RND) machen.<\/p>\n\n\n\n<p>Das Solinger Tageblatt hatte in einem Artikel eine rechtswidrige Falschbehauptung ver\u00f6ffentlicht. Im <a href=\"https:\/\/www.solinger-tageblatt.de\/impressum\/\" target=\"_blank\" rel=\"noreferrer noopener\">Impressum<\/a> hie\u00df es, dass Anbieter der Webseite das RedaktionsNetzwerk Deutschland (RND) sei, mit Ausnahme von gesondert gekennzeichneten Artikeln, f\u00fcr die der lokale Verlag \u201eB. Boll, Verlag des Solinger Tageblattes GmbH &amp; Co. KG\u201c verantwortlich sein soll. Im vorliegenden Fall ging es eigentlich um einen Artikel des Solinger Tageblatt-Verlags. Allerdings entsprach die Kennzeichnung des Artikels nicht den im Impressum genannten Kriterien. Wegen dieser nicht eindeutigen Aufteilung ging das LG Hannover nun von einer Haftung des RedaktionsNetzwerk Deutschland (RND) aus (Beschl. v. 7.1.2025, Az. 13 O 282\/24):<\/p>\n\n\n\n<blockquote class=\"wp-block-quote is-layout-flow wp-block-quote-is-layout-flow\">\n<p><em>\u201eDie Kammer geht von einer Verantwortlichkeit der Verf\u00fcgungsbeklagten f\u00fcr den angegriffenen Inhalt aus, da das K\u00fcrzel \u201eST\u201c nicht den Vorgaben des Impressums entsprach, wonach f\u00fcr die Anbietereigenschaft des Solinger Tageblatts entweder die Zeichnung des Artikels mit \u201eAutor\/Solinger Tageblatt\u201c oder \u201eSolinger Tageblatt\u201c erforderlich war.\u201c<\/em><\/p>\n<\/blockquote>\n\n\n\n<p>Dr. Johannes Gr\u00e4big: \u201eDie Aufteilung einer Webseite in verschiedene Bereiche bzw. unterschiedliche Anbieter soll eigentlich f\u00fcr eine Aufteilung der Haftung sorgen. In diesem Fall ist das aber komplett nach hinten losgegangen: Weil die Umsetzung nicht den eigenen Vorgaben im Impressum entsprach, hafteten beide Anbieter. Die Entscheidung ist nur konsequent und zu begr\u00fc\u00dfen: Die Impressumspflicht nach <a href=\"https:\/\/www.gesetze-im-internet.de\/ddg\/__5.html\" target=\"_blank\" rel=\"noreferrer noopener\">\u00a7 5 DDG<\/a> dient der Identit\u00e4tsfeststellung f\u00fcr Klage- und Vollstreckungsverfahren um eine effektive Rechtsverfolgung zu erm\u00f6glichen. Dazu muss ohne jegliche Zweifel auf den ersten Blick erkennbar sein, wer f\u00fcr die Inhalte einer Webseite verantwortlich ist.\u201c<\/p>\n","protected":false},"excerpt":{"rendered":"<p>Geteiltes Impressum: volle Haftung bei unklaren Angaben<\/p>\n","protected":false},"author":3,"featured_media":0,"comment_status":"closed","ping_status":"closed","sticky":false,"template":"","format":"standard","meta":{"_has_post_settings":[],"footnotes":""},"categories":[15],"tags":[98,99,97,96,100],"hashtags":[],"ppma_author":[51],"class_list":["post-10006","post","type-post","status-publish","format-standard","hentry","category-news","tag-anbieter","tag-ddg","tag-haftung","tag-impressum","tag-impressumspflicht","author-jgraebig"],"yoast_head":"<!-- This site is optimized with the Yoast SEO Premium plugin v25.9 (Yoast SEO v27.0) - https:\/\/yoast.com\/product\/yoast-seo-premium-wordpress\/ -->\n<title>Geteiltes Impressum: volle Haftung bei unklaren Angaben - H\u00d6CKER - der Blog<\/title>\n<meta name=\"robots\" content=\"index, follow, max-snippet:-1, max-image-preview:large, max-video-preview:-1\" \/>\n<link rel=\"canonical\" href=\"https:\/\/dev.hoecker.eu\/blog\/geteiltes-impressum-volle-haftung-bei-unklaren-angaben\/\" \/>\n<meta property=\"og:locale\" content=\"de_DE\" \/>\n<meta property=\"og:type\" content=\"article\" \/>\n<meta property=\"og:title\" content=\"Geteiltes Impressum: volle Haftung bei unklaren Angaben\" \/>\n<meta property=\"og:description\" content=\"Geteiltes Impressum: volle Haftung bei unklaren Angaben\" \/>\n<meta property=\"og:url\" content=\"https:\/\/dev.hoecker.eu\/blog\/geteiltes-impressum-volle-haftung-bei-unklaren-angaben\/\" \/>\n<meta property=\"og:site_name\" content=\"H\u00d6CKER - der Blog\" \/>\n<meta property=\"article:publisher\" content=\"https:\/\/www.facebook.com\/HoeckerRAe\/\" \/>\n<meta property=\"article:published_time\" content=\"2025-02-24T11:34:31+00:00\" \/>\n<meta property=\"article:modified_time\" content=\"2025-02-24T12:17:54+00:00\" \/>\n<meta name=\"author\" content=\"Dr. Johannes Gr\u00e4big\" \/>\n<meta name=\"twitter:card\" content=\"summary_large_image\" \/>\n<meta name=\"twitter:creator\" content=\"@hoecker_rae\" \/>\n<meta name=\"twitter:site\" content=\"@hoecker_rae\" \/>\n<meta name=\"twitter:label1\" content=\"Verfasst von\" \/>\n\t<meta name=\"twitter:data1\" content=\"Dr. Johannes Gr\u00e4big\" \/>\n\t<meta name=\"twitter:label2\" content=\"Gesch\u00e4tzte Lesezeit\" \/>\n\t<meta name=\"twitter:data2\" content=\"2\u00a0Minuten\" \/>\n<script type=\"application\/ld+json\" class=\"yoast-schema-graph\">{\"@context\":\"https:\/\/schema.org\",\"@graph\":[{\"@type\":\"Article\",\"@id\":\"https:\/\/dev.hoecker.eu\/blog\/geteiltes-impressum-volle-haftung-bei-unklaren-angaben\/#article\",\"isPartOf\":{\"@id\":\"https:\/\/dev.hoecker.eu\/blog\/geteiltes-impressum-volle-haftung-bei-unklaren-angaben\/\"},\"author\":{\"name\":\"Dr. Johannes Gr\u00e4big\",\"@id\":\"https:\/\/www.hoecker.eu\/blog\/#\/schema\/person\/510665b1361609f5dfd1c142ca7a706f\"},\"headline\":\"Geteiltes Impressum: volle Haftung bei unklaren Angaben\",\"datePublished\":\"2025-02-24T11:34:31+00:00\",\"dateModified\":\"2025-02-24T12:17:54+00:00\",\"mainEntityOfPage\":{\"@id\":\"https:\/\/dev.hoecker.eu\/blog\/geteiltes-impressum-volle-haftung-bei-unklaren-angaben\/\"},\"wordCount\":335,\"publisher\":{\"@id\":\"https:\/\/www.hoecker.eu\/blog\/#organization\"},\"keywords\":[\"Anbieter\",\"DDG\",\"Haftung\",\"Impressum\",\"Impressumspflicht\"],\"articleSection\":[\"News\"],\"inLanguage\":\"de\"},{\"@type\":\"WebPage\",\"@id\":\"https:\/\/dev.hoecker.eu\/blog\/geteiltes-impressum-volle-haftung-bei-unklaren-angaben\/\",\"url\":\"https:\/\/dev.hoecker.eu\/blog\/geteiltes-impressum-volle-haftung-bei-unklaren-angaben\/\",\"name\":\"Geteiltes Impressum: volle Haftung bei unklaren Angaben - H\u00d6CKER - der Blog\",\"isPartOf\":{\"@id\":\"https:\/\/www.hoecker.eu\/blog\/#website\"},\"datePublished\":\"2025-02-24T11:34:31+00:00\",\"dateModified\":\"2025-02-24T12:17:54+00:00\",\"breadcrumb\":{\"@id\":\"https:\/\/dev.hoecker.eu\/blog\/geteiltes-impressum-volle-haftung-bei-unklaren-angaben\/#breadcrumb\"},\"inLanguage\":\"de\",\"potentialAction\":[{\"@type\":\"ReadAction\",\"target\":[\"https:\/\/dev.hoecker.eu\/blog\/geteiltes-impressum-volle-haftung-bei-unklaren-angaben\/\"]}]},{\"@type\":\"BreadcrumbList\",\"@id\":\"https:\/\/dev.hoecker.eu\/blog\/geteiltes-impressum-volle-haftung-bei-unklaren-angaben\/#breadcrumb\",\"itemListElement\":[{\"@type\":\"ListItem\",\"position\":1,\"name\":\"Startseite\",\"item\":\"https:\/\/dev.hoecker.eu\/blog\/\"},{\"@type\":\"ListItem\",\"position\":2,\"name\":\"Geteiltes Impressum: volle Haftung bei unklaren Angaben\"}]},{\"@type\":\"WebSite\",\"@id\":\"https:\/\/www.hoecker.eu\/blog\/#website\",\"url\":\"https:\/\/www.hoecker.eu\/blog\/\",\"name\":\"H\u00d6CKER - der Blog\",\"description\":\"Expertenblog f\u00fcr \u00c4u\u00dferungs-, Medien-, Marken-, Urheber- und Wettbewerbsrecht.\",\"publisher\":{\"@id\":\"https:\/\/www.hoecker.eu\/blog\/#organization\"},\"potentialAction\":[{\"@type\":\"SearchAction\",\"target\":{\"@type\":\"EntryPoint\",\"urlTemplate\":\"https:\/\/www.hoecker.eu\/blog\/?s={search_term_string}\"},\"query-input\":{\"@type\":\"PropertyValueSpecification\",\"valueRequired\":true,\"valueName\":\"search_term_string\"}}],\"inLanguage\":\"de\"},{\"@type\":\"Organization\",\"@id\":\"https:\/\/www.hoecker.eu\/blog\/#organization\",\"name\":\"H\u00d6CKER Rechtsanw\u00e4lte PartGmbB\",\"alternateName\":\"H\u00d6CKER\",\"url\":\"https:\/\/www.hoecker.eu\/blog\/\",\"logo\":{\"@type\":\"ImageObject\",\"inLanguage\":\"de\",\"@id\":\"https:\/\/www.hoecker.eu\/blog\/#\/schema\/logo\/image\/\",\"url\":\"https:\/\/www.hoecker.eu\/blog\/wp-content\/uploads\/2025\/03\/Blog-Logo.webp\",\"contentUrl\":\"https:\/\/www.hoecker.eu\/blog\/wp-content\/uploads\/2025\/03\/Blog-Logo.webp\",\"width\":500,\"height\":500,\"caption\":\"H\u00d6CKER Rechtsanw\u00e4lte PartGmbB\"},\"image\":{\"@id\":\"https:\/\/www.hoecker.eu\/blog\/#\/schema\/logo\/image\/\"},\"sameAs\":[\"https:\/\/www.facebook.com\/HoeckerRAe\/\",\"https:\/\/x.com\/hoecker_rae\",\"https:\/\/www.linkedin.com\/company\/hcker-rechtsanwlte\/\",\"https:\/\/www.instagram.com\/hoecker_rae\/\"],\"email\":\"contact@hoecker.eu\",\"telephone\":\"+ 49 (0)221-933 19-10\",\"legalName\":\"H\u00d6CKER Rechtsanw\u00e4lte PartGmbB\",\"numberOfEmployees\":{\"@type\":\"QuantitativeValue\",\"minValue\":\"11\",\"maxValue\":\"50\"}},{\"@type\":\"Person\",\"@id\":\"https:\/\/www.hoecker.eu\/blog\/#\/schema\/person\/510665b1361609f5dfd1c142ca7a706f\",\"name\":\"Dr. Johannes Gr\u00e4big\",\"description\":\"Rechtsanwalt f\u00fcr IP- und Medienrecht\",\"sameAs\":[\"https:\/\/www.hoecker.eu\/wer\/dr-johannes-gr%C3%A4big\",\"https:\/\/www.linkedin.com\/in\/johannes-grbig-4996a2144\/\"],\"honorificPrefix\":\"Dr.\",\"url\":\"https:\/\/www.hoecker.eu\/blog\/author\/jgraebig\/\"}]}<\/script>\n<!-- \/ Yoast SEO Premium plugin. -->","yoast_head_json":{"title":"Geteiltes Impressum: volle Haftung bei unklaren Angaben - H\u00d6CKER - der Blog","robots":{"index":"index","follow":"follow","max-snippet":"max-snippet:-1","max-image-preview":"max-image-preview:large","max-video-preview":"max-video-preview:-1"},"canonical":"https:\/\/dev.hoecker.eu\/blog\/geteiltes-impressum-volle-haftung-bei-unklaren-angaben\/","og_locale":"de_DE","og_type":"article","og_title":"Geteiltes Impressum: volle Haftung bei unklaren Angaben","og_description":"Geteiltes Impressum: volle Haftung bei unklaren Angaben","og_url":"https:\/\/dev.hoecker.eu\/blog\/geteiltes-impressum-volle-haftung-bei-unklaren-angaben\/","og_site_name":"H\u00d6CKER - der Blog","article_publisher":"https:\/\/www.facebook.com\/HoeckerRAe\/","article_published_time":"2025-02-24T11:34:31+00:00","article_modified_time":"2025-02-24T12:17:54+00:00","author":"Dr. Johannes Gr\u00e4big","twitter_card":"summary_large_image","twitter_creator":"@hoecker_rae","twitter_site":"@hoecker_rae","twitter_misc":{"Verfasst von":"Dr. Johannes Gr\u00e4big","Gesch\u00e4tzte Lesezeit":"2\u00a0Minuten"},"schema":{"@context":"https:\/\/schema.org","@graph":[{"@type":"Article","@id":"https:\/\/dev.hoecker.eu\/blog\/geteiltes-impressum-volle-haftung-bei-unklaren-angaben\/#article","isPartOf":{"@id":"https:\/\/dev.hoecker.eu\/blog\/geteiltes-impressum-volle-haftung-bei-unklaren-angaben\/"},"author":{"name":"Dr. Johannes Gr\u00e4big","@id":"https:\/\/www.hoecker.eu\/blog\/#\/schema\/person\/510665b1361609f5dfd1c142ca7a706f"},"headline":"Geteiltes Impressum: volle Haftung bei unklaren Angaben","datePublished":"2025-02-24T11:34:31+00:00","dateModified":"2025-02-24T12:17:54+00:00","mainEntityOfPage":{"@id":"https:\/\/dev.hoecker.eu\/blog\/geteiltes-impressum-volle-haftung-bei-unklaren-angaben\/"},"wordCount":335,"publisher":{"@id":"https:\/\/www.hoecker.eu\/blog\/#organization"},"keywords":["Anbieter","DDG","Haftung","Impressum","Impressumspflicht"],"articleSection":["News"],"inLanguage":"de"},{"@type":"WebPage","@id":"https:\/\/dev.hoecker.eu\/blog\/geteiltes-impressum-volle-haftung-bei-unklaren-angaben\/","url":"https:\/\/dev.hoecker.eu\/blog\/geteiltes-impressum-volle-haftung-bei-unklaren-angaben\/","name":"Geteiltes Impressum: volle Haftung bei unklaren Angaben - H\u00d6CKER - der Blog","isPartOf":{"@id":"https:\/\/www.hoecker.eu\/blog\/#website"},"datePublished":"2025-02-24T11:34:31+00:00","dateModified":"2025-02-24T12:17:54+00:00","breadcrumb":{"@id":"https:\/\/dev.hoecker.eu\/blog\/geteiltes-impressum-volle-haftung-bei-unklaren-angaben\/#breadcrumb"},"inLanguage":"de","potentialAction":[{"@type":"ReadAction","target":["https:\/\/dev.hoecker.eu\/blog\/geteiltes-impressum-volle-haftung-bei-unklaren-angaben\/"]}]},{"@type":"BreadcrumbList","@id":"https:\/\/dev.hoecker.eu\/blog\/geteiltes-impressum-volle-haftung-bei-unklaren-angaben\/#breadcrumb","itemListElement":[{"@type":"ListItem","position":1,"name":"Startseite","item":"https:\/\/dev.hoecker.eu\/blog\/"},{"@type":"ListItem","position":2,"name":"Geteiltes Impressum: volle Haftung bei unklaren Angaben"}]},{"@type":"WebSite","@id":"https:\/\/www.hoecker.eu\/blog\/#website","url":"https:\/\/www.hoecker.eu\/blog\/","name":"H\u00d6CKER - der Blog","description":"Expertenblog f\u00fcr \u00c4u\u00dferungs-, Medien-, Marken-, Urheber- und Wettbewerbsrecht.","publisher":{"@id":"https:\/\/www.hoecker.eu\/blog\/#organization"},"potentialAction":[{"@type":"SearchAction","target":{"@type":"EntryPoint","urlTemplate":"https:\/\/www.hoecker.eu\/blog\/?s={search_term_string}"},"query-input":{"@type":"PropertyValueSpecification","valueRequired":true,"valueName":"search_term_string"}}],"inLanguage":"de"},{"@type":"Organization","@id":"https:\/\/www.hoecker.eu\/blog\/#organization","name":"H\u00d6CKER Rechtsanw\u00e4lte PartGmbB","alternateName":"H\u00d6CKER","url":"https:\/\/www.hoecker.eu\/blog\/","logo":{"@type":"ImageObject","inLanguage":"de","@id":"https:\/\/www.hoecker.eu\/blog\/#\/schema\/logo\/image\/","url":"https:\/\/www.hoecker.eu\/blog\/wp-content\/uploads\/2025\/03\/Blog-Logo.webp","contentUrl":"https:\/\/www.hoecker.eu\/blog\/wp-content\/uploads\/2025\/03\/Blog-Logo.webp","width":500,"height":500,"caption":"H\u00d6CKER Rechtsanw\u00e4lte PartGmbB"},"image":{"@id":"https:\/\/www.hoecker.eu\/blog\/#\/schema\/logo\/image\/"},"sameAs":["https:\/\/www.facebook.com\/HoeckerRAe\/","https:\/\/x.com\/hoecker_rae","https:\/\/www.linkedin.com\/company\/hcker-rechtsanwlte\/","https:\/\/www.instagram.com\/hoecker_rae\/"],"email":"contact@hoecker.eu","telephone":"+ 49 (0)221-933 19-10","legalName":"H\u00d6CKER Rechtsanw\u00e4lte PartGmbB","numberOfEmployees":{"@type":"QuantitativeValue","minValue":"11","maxValue":"50"}},{"@type":"Person","@id":"https:\/\/www.hoecker.eu\/blog\/#\/schema\/person\/510665b1361609f5dfd1c142ca7a706f","name":"Dr. Johannes Gr\u00e4big","description":"Rechtsanwalt f\u00fcr IP- und Medienrecht","sameAs":["https:\/\/www.hoecker.eu\/wer\/dr-johannes-gr%C3%A4big","https:\/\/www.linkedin.com\/in\/johannes-grbig-4996a2144\/"],"honorificPrefix":"Dr.","url":"https:\/\/www.hoecker.eu\/blog\/author\/jgraebig\/"}]}},"authors":[{"term_id":51,"user_id":3,"is_guest":0,"slug":"jgraebig","display_name":"Dr. Johannes Gr\u00e4big","avatar_url":{"url":"https:\/\/www.hoecker.eu\/blog\/wp-content\/uploads\/2025\/01\/dr.johannes.graebig.webp","url2x":"https:\/\/www.hoecker.eu\/blog\/wp-content\/uploads\/2025\/01\/dr.johannes.graebig.webp"},"0":null,"1":"","2":"","3":"","4":"","5":"","6":"","7":"","8":"","9":"","10":"","11":""}],"_links":{"self":[{"href":"https:\/\/www.hoecker.eu\/blog\/wp-json\/wp\/v2\/posts\/10006","targetHints":{"allow":["GET"]}}],"collection":[{"href":"https:\/\/www.hoecker.eu\/blog\/wp-json\/wp\/v2\/posts"}],"about":[{"href":"https:\/\/www.hoecker.eu\/blog\/wp-json\/wp\/v2\/types\/post"}],"author":[{"embeddable":true,"href":"https:\/\/www.hoecker.eu\/blog\/wp-json\/wp\/v2\/users\/3"}],"replies":[{"embeddable":true,"href":"https:\/\/www.hoecker.eu\/blog\/wp-json\/wp\/v2\/comments?post=10006"}],"version-history":[{"count":2,"href":"https:\/\/www.hoecker.eu\/blog\/wp-json\/wp\/v2\/posts\/10006\/revisions"}],"predecessor-version":[{"id":10008,"href":"https:\/\/www.hoecker.eu\/blog\/wp-json\/wp\/v2\/posts\/10006\/revisions\/10008"}],"wp:attachment":[{"href":"https:\/\/www.hoecker.eu\/blog\/wp-json\/wp\/v2\/media?parent=10006"}],"wp:term":[{"taxonomy":"category","embeddable":true,"href":"https:\/\/www.hoecker.eu\/blog\/wp-json\/wp\/v2\/categories?post=10006"},{"taxonomy":"post_tag","embeddable":true,"href":"https:\/\/www.hoecker.eu\/blog\/wp-json\/wp\/v2\/tags?post=10006"},{"taxonomy":"hashtags","embeddable":true,"href":"https:\/\/www.hoecker.eu\/blog\/wp-json\/wp\/v2\/hashtags?post=10006"},{"taxonomy":"author","embeddable":true,"href":"https:\/\/www.hoecker.eu\/blog\/wp-json\/wp\/v2\/ppma_author?post=10006"}],"curies":[{"name":"wp","href":"https:\/\/api.w.org\/{rel}","templated":true}]}}