{"id":10001,"date":"2025-02-19T17:00:54","date_gmt":"2025-02-19T16:00:54","guid":{"rendered":"https:\/\/www.hoecker.eu\/blog\/?p=10001"},"modified":"2025-02-19T18:46:27","modified_gmt":"2025-02-19T17:46:27","slug":"wdr-zahlte-an-belastungszeugen-aufwandsentschaedigung-fuer-mitwirkung-an-wdr-kampagne","status":"publish","type":"post","link":"https:\/\/www.hoecker.eu\/blog\/wdr-zahlte-an-belastungszeugen-aufwandsentschaedigung-fuer-mitwirkung-an-wdr-kampagne\/","title":{"rendered":"WDR zahlte an Belastungszeugen \u201eAufwandsentsch\u00e4digung\u201c f\u00fcr Mitwirkung an WDR-Kampagne &#8211; Weitere Zeugen entlasten Dr. Michael Winterhoff:"},"content":{"rendered":"\n<p class=\"has-black-color has-text-color has-link-color wp-elements-de01aed48201575cde293467a1832096\">Im Strafprozess gegen Deutschlands bekanntesten Kinderpsychiater Dr. Michael Winterhoff haben weitere Zeugen ausgesagt, darunter eine ehemalige Patientin und deren Mutter. Beide hatten in der Pressekampagne des WDR behauptet, die Behandlung mit dem Psychopharmakon Pipamperon durch Dr. Winterhoff habe zu bleibenden Sch\u00e4den gef\u00fchrt.<\/p>\n\n\n\n<p class=\"has-black-color has-text-color has-link-color wp-elements-ecb6f606d5f87d82db3e50781a936fc5\"><a>Auch die heutigen Zeugenaussagen zeigen, dass der WDR falsche Behauptungen verbreitet hat. Vor allem eines wurde deutlich: Dauerhafte Nebenwirkungen der Behandlung von Dr. Winterhoff sind nicht nachweisbar.<\/a><\/p>\n\n\n\n<p class=\"has-black-color has-text-color has-link-color wp-elements-a5da9835d6642f01684c0bf10165e9b5\"><strong>Die ehemalige Patientin war ein H\u00e4rtefall:<\/strong><\/p>\n\n\n\n<p class=\"has-black-color has-text-color has-link-color wp-elements-dc1b8d329034bd38bb9430baf401e23b\">Mutter und Stiefvater beschreiben die ehemalige Patientin als klassischen H\u00e4rtefall:<\/p>\n\n\n\n<p class=\"has-black-color has-text-color has-link-color wp-elements-3ecde6002d102f5a0662d966b69f88b1\">Diagnose ADHS mit 6 Jahren, das Kind sagte, es k\u00f6nne sich nicht konzentrieren, sehr unruhiges \u201ewiderspenstiges\u201c Kind, Trennung der Eltern, Kontaktabbruch zum Vater, kaum freundschaftliche Kontakte. Dazu schwere Probleme in der Familie: Das Kind habe die Mutter mit M\u00f6beln beworfen, geschlagen, getreten, das Zimmer verw\u00fcstet. Die Folge: Alle anderen Therapieangebote scheiterten, egal ob Familientherapeutin oder Tagesgruppe. \u201eIrgendwann hat es zu Hause einfach nicht mehr funktioniert\u201c, sagt die Mutter. Deshalb die Empfehlung des Jugendamtes, das Kind in einer station\u00e4ren Einrichtung unterzubringen. Die anschlie\u00dfende Heimunterbringung sei notwendig gewesen, weil \u201ealle anderen Ma\u00dfnahmen ausgesch\u00f6pft waren\u201c.<\/p>\n\n\n\n<p class=\"has-black-color has-text-color has-link-color wp-elements-cf73ec3ec915e24367074ffbdebcad7b\"><a>Eine Mitarbeiterin des Jugendamtes bezeichnet die ehemalige Patientin als \u201eSystemsprengerin\u201c und attestiert den Eltern ein erzieherisches Versagen: \u201eSie ist das Produkt ihres Umfelds\u201c.<\/a><\/p>\n\n\n\n<p class=\"has-black-color has-text-color has-link-color wp-elements-09936805dfb50386a4e75b19910724ab\">Vor der Behandlung durch Dr. Winterhoff hatte die ehemalige Patientin erfolglos verschiedene Medikamente gegen ADHS eingenommen. Auch sei sie bereits von anderen \u00c4rzten mit einem Psychopharmakon behandelt worden.<\/p>\n\n\n\n<p class=\"has-black-color has-text-color has-link-color wp-elements-5e036e288f60513718bb2a86f4507e68\">Das Heim empfahl eine Behandlung durch Dr. Winterhoff, der die ehemalige Patientin dann ebenfalls mit einem Psychopharmakon, Pipamperon, behandelte.<\/p>\n\n\n\n<p class=\"has-black-color has-text-color has-link-color wp-elements-2fb18852f69af3fbb453a1054c5db8c8\"><strong>Aufkl\u00e4rung und medizinische Kontrolle:<\/strong><\/p>\n\n\n\n<p class=\"has-black-color has-text-color has-link-color wp-elements-2b7ad074bea16209b46c2c18a85b6acb\">Eine Aufkl\u00e4rung durch Dr. Winterhoff hat stattgefunden: Die Mutter best\u00e4tigt, dass sie einen Aufkl\u00e4rungsbogen unterschrieben hat und mit der Verabreichung des Psychopharmakons einverstanden war. Sie best\u00e4tigt auch, dass w\u00e4hrend der Therapie begleitende regelm\u00e4\u00dfige Blutuntersuchungen und weitere fach\u00e4rztliche Untersuchungen stattgefunden haben. Der Stiefvater spricht davon, es habe \u201eviel Information\u201c gegeben. <a><\/a><a>Auch eine Mitarbeiterin des Jugendamtes best\u00e4tigt, dass \u00fcber m\u00f6gliche Nebenwirkungen aufgekl\u00e4rt wurde.<\/a><\/p>\n\n\n\n<p class=\"has-black-color has-text-color has-link-color wp-elements-ea68641961168c89f8e3b8714316bc5e\"><a>Eine Mitarbeiterin des Heims, in dem die ehemalige Patientin untergebracht war, best\u00e4tigt, dass Dr. Winterhoff eine Dosisreduktion anordnete, wenn Nebenwirkungen wie M\u00fcdigkeit beobachtet wurden.<\/a><\/p>\n\n\n\n<p class=\"has-black-color has-text-color has-link-color wp-elements-2ea5e1973f75cabec21171fc7e10efce\"><strong>Erfolg der Behandlung bei Dr. Winterhoff:<\/strong><\/p>\n\n\n\n<p class=\"has-black-color has-text-color has-link-color wp-elements-e1cdbdb7c59dd500c65c897ef305c7e7\">Die Mutter berichtet, dass ihre Tochter unter Pipamperon \u201eangepasst\u201c gewesen sei. Der Stiefvater best\u00e4tigt, dass er nach dem Absetzen des Medikaments gesagt habe, dass seine Tochter das Medikament vermisse. Sie sei mit Pipamperon viel konzentrierter gewesen. Er habe sich daf\u00fcr eingesetzt, dass das Medikament wieder eingesetzt werde.<\/p>\n\n\n\n<p class=\"has-black-color has-text-color has-link-color wp-elements-bacd20582c39b164313f35b83c58efb5\"><a>Eine Mitarbeiterin des Jugendamtes best\u00e4tigt vor Gericht, dass die ehemalige Patientin in den regelm\u00e4\u00dfigen Gespr\u00e4chen w\u00e4hrend der Behandlung bei Dr. Winterhoff \u201eimmer gut drauf war\u201c und: \u201eMan hat eine Weiterentwicklung gemerkt\u201c. <\/a><a>Auch der Betreuer der ehemaligen Patientin im Heim best\u00e4tigt den Behandlungserfolg: \u201eSie ist fr\u00f6hlicher, offener und zug\u00e4nglicher geworden\u201c.<\/a><\/p>\n\n\n\n<p class=\"has-black-color has-text-color has-link-color wp-elements-c42103179cca9bb95552235929e4ff6b\"><strong>Keine K\u00f6rperverletzung da Nebenwirkungen<\/strong> <strong>nicht nachweisbar:<\/strong><\/p>\n\n\n\n<p class=\"has-black-color has-text-color has-link-color wp-elements-d653223007374f0956de29e424907f57\">Die vom WDR und der Staatsanwaltschaft behaupteten Nebenwirkungen der Behandlung durch Dr. Winterhoff bleiben auch in dem heute verhandelten Fall zweifelhaft: Denn ein urs\u00e4chlicher Zusammenhang zwischen Medikament und Nebenwirkungen ist nicht nachweisbar:<\/p>\n\n\n\n<p class=\"has-black-color has-text-color has-link-color wp-elements-e8c52c051c0a7ec1d01ccd01d9b9c7c1\">Die ehemalige Patientin und ihre Mutter behaupten, dass die Patientin aufgrund der Behandlung durch Dr. Winterhoff bis heute an Tics leide. Dies steht im Widerspruch zur Aussage des im Verfahren als Gutachter bestellten Sachverst\u00e4ndigen Prof. Allroggen, der vor Gericht best\u00e4tigt hat, dass Tics keine Nebenwirkung des Medikaments sind. Zudem wurden die Tics bereits bei der Erstaufnahme in der Praxis Winterhoff, also vor der Behandlung mit Pipamperon, von einer Heilp\u00e4dagogin dokumentiert.<\/p>\n\n\n\n<p class=\"has-black-color has-text-color has-link-color wp-elements-a8e8baa7cfeeae10601c8842a365ef9a\">Die Mutter behauptet, die Bauchschmerzen seien eine Nebenwirkung der Behandlung gewesen. Diese Darstellung ist h\u00f6chst zweifelhaft: Die Mutter r\u00e4umte vor Gericht ein, dass das Kind bereits vor der Behandlung regelm\u00e4\u00dfig wegen Bauchschmerzen und anderer Beschwerden nicht in die Schule gehen wollte. Auch der Stiefvater best\u00e4tigt regelm\u00e4\u00dfige Bauchschmerzen vor der Behandlung mit Pipamperon.<\/p>\n\n\n\n<p class=\"has-black-color has-text-color has-link-color wp-elements-92308cbf2a0a97ee3d627560f4345bc4\">Schlie\u00dflich behauptet die Mutter, dass eine Nebenwirkung des Medikaments eine Gewichtszunahme gewesen sei. Der Stiefvater bestreitet dies: Die Stieftochter habe nach der Einnahme des Medikaments abgenommen.<\/p>\n\n\n\n<p class=\"has-black-color has-text-color has-link-color wp-elements-d41074b0b997bf7c9e5254b77f58c98b\">Die Mutter beruft sich auf angebliche Entzugserscheinungen nach Absetzen des Medikaments. Auch dies widerspricht der Einsch\u00e4tzung des Sachverst\u00e4ndigen Prof. Allroggen: Es gebe keine Entzugserscheinungen nach Absetzen des Medikaments. Die Mutter gibt zudem an, dass die Tochter in dieser Zeit kein ADHS-Medikament erhalten habe. Es liegt also nahe, dass die angeblichen \u201eEntzugserscheinungen\u201c tats\u00e4chlich Folgen der fehlenden ADHS-Medikation waren.<\/p>\n\n\n\n<p class=\"has-black-color has-text-color has-link-color wp-elements-b499c3a1fec4bd885db5ef2235be1616\">Eine Mitarbeiterin des Jugendamtes best\u00e4tigt vor Gericht regelm\u00e4\u00dfige Gespr\u00e4che mit der ehemaligen Patientin. Dabei seien keine Nebenwirkungen festgestellt worden.<\/p>\n\n\n\n<p class=\"has-black-color has-text-color has-link-color wp-elements-960a740542bd79ec16970f11ba3743f4\">Dies alles entlastet Dr. Winterhoff: Eine K\u00f6rperverletzung erfordert nicht nur eine dauerhafte Gesundheitssch\u00e4digung, sondern auch, dass diese nachweisbar Folge des Medikaments ist. Schon eine dauerhafte Gesundheitsbesch\u00e4digung ist nicht nachvollziehbar. Au\u00dferdem gibt es keinen Beweis daf\u00fcr, dass das Medikament f\u00fcr die behaupteten Folgen verantwortlich ist.<\/p>\n\n\n\n<p class=\"has-black-color has-text-color has-link-color wp-elements-32091c9a412652f8e9fdc3e6bbdef1b3\"><strong>WDR hat Pressekampagne aktiv inszeniert:<\/strong><\/p>\n\n\n\n<p class=\"has-black-color has-text-color has-link-color wp-elements-094e9cca519ea459bccddc1de5fb5d6e\">Der WDR hatte das Verfahren gegen Dr. Winterhoff durch eine einseitige Pressekampagne ins Rollen gebracht.<\/p>\n\n\n\n<p class=\"has-black-color has-text-color has-link-color wp-elements-b85502f86859d63055911b189ecf9997\">Im Verfahren wird nun immer deutlicher, dass die WDR-Redakteurin Nicole Rosenbach von Anfang an keine unabh\u00e4ngige Beobachterin war:<\/p>\n\n\n\n<p class=\"has-black-color has-text-color has-link-color wp-elements-840572c9bc906ae6beaf6e84ff99826f\">Die Mutter der ehemaligen Patientin berichtet, der WDR habe sie f\u00fcr ihre Teilnahme an der \u201eDokumentation\u201c bezahlt: Sie habe f\u00fcr ihre Mitwirkung eine \u201eAufwandsentsch\u00e4digung\u201c erhalten. Au\u00dferdem sei ihr im Zusammenhang mit der Teilnahme an der WDR-Reportage Geld aus einem \u201eFonds\u201c in Aussicht gestellt worden.<\/p>\n\n\n\n<p><\/p>\n","protected":false},"excerpt":{"rendered":"<p>Im Strafprozess gegen Deutschlands bekanntesten Kinderpsychiater Dr. Michael Winterhoff haben weitere Zeugen ausgesagt, darunter eine ehemalige Patientin und deren Mutter. Beide hatten in der Pressekampagne des WDR behauptet, die Behandlung mit dem Psychopharmakon Pipamperon durch Dr. Winterhoff habe zu bleibenden Sch\u00e4den gef\u00fchrt. Auch die heutigen Zeugenaussagen zeigen, dass der WDR falsche Behauptungen verbreitet hat. Vor [&hellip;]<\/p>\n","protected":false},"author":2,"featured_media":10002,"comment_status":"closed","ping_status":"closed","sticky":false,"template":"","format":"standard","meta":{"_has_post_settings":[],"footnotes":""},"categories":[42],"tags":[95,74,94,73],"hashtags":[],"ppma_author":[40],"class_list":["post-10001","post","type-post","status-publish","format-standard","has-post-thumbnail","hentry","category-was-uns-bewegt","tag-pipamperon","tag-strafverfahren","tag-wdr","tag-winterhoff","author-cbrennecke"],"yoast_head":"<!-- This site is optimized with the Yoast SEO Premium plugin v25.9 (Yoast SEO v27.0) - https:\/\/yoast.com\/product\/yoast-seo-premium-wordpress\/ -->\n<title>WDR zahlte an Belastungszeugen \u201eAufwandsentsch\u00e4digung\u201c f\u00fcr Mitwirkung an WDR-Kampagne - Weitere Zeugen entlasten Dr. Michael Winterhoff: - H\u00d6CKER - der Blog<\/title>\n<meta name=\"description\" content=\"Zeugenaussagen zeigen, dass der WDR gegen Dr. Michael Winterhoff falsche Anschuldigungen verbreitet hat. Keine Nebenwirkungen der Behandlung von Dr. Winterhoff nachweisbar.\" \/>\n<meta name=\"robots\" content=\"index, follow, max-snippet:-1, max-image-preview:large, max-video-preview:-1\" \/>\n<link rel=\"canonical\" href=\"https:\/\/dev.hoecker.eu\/blog\/wdr-zahlte-an-belastungszeugen-aufwandsentschaedigung-fuer-mitwirkung-an-wdr-kampagne\/\" \/>\n<meta property=\"og:locale\" content=\"de_DE\" \/>\n<meta property=\"og:type\" content=\"article\" \/>\n<meta property=\"og:title\" content=\"WDR zahlte an Belastungszeugen \u201eAufwandsentsch\u00e4digung\u201c f\u00fcr Mitwirkung an WDR-Kampagne - Weitere Zeugen entlasten Dr. Michael Winterhoff:\" \/>\n<meta property=\"og:description\" content=\"Zeugenaussagen zeigen, dass der WDR gegen Dr. Michael Winterhoff falsche Anschuldigungen verbreitet hat. Keine Nebenwirkungen der Behandlung von Dr. Winterhoff nachweisbar.\" \/>\n<meta property=\"og:url\" content=\"https:\/\/dev.hoecker.eu\/blog\/wdr-zahlte-an-belastungszeugen-aufwandsentschaedigung-fuer-mitwirkung-an-wdr-kampagne\/\" \/>\n<meta property=\"og:site_name\" content=\"H\u00d6CKER - der Blog\" \/>\n<meta property=\"article:publisher\" content=\"https:\/\/www.facebook.com\/HoeckerRAe\/\" \/>\n<meta property=\"article:published_time\" content=\"2025-02-19T16:00:54+00:00\" \/>\n<meta property=\"article:modified_time\" content=\"2025-02-19T17:46:27+00:00\" \/>\n<meta property=\"og:image\" content=\"https:\/\/dev.hoecker.eu\/blog\/wp-content\/uploads\/2025\/02\/Beitrag-Winterhoff-29.02.2025.webp\" \/>\n\t<meta property=\"og:image:width\" content=\"1024\" \/>\n\t<meta property=\"og:image:height\" content=\"1024\" \/>\n\t<meta property=\"og:image:type\" content=\"image\/webp\" \/>\n<meta name=\"author\" content=\"Dr. Carsten Brennecke\" \/>\n<meta name=\"twitter:card\" content=\"summary_large_image\" \/>\n<meta name=\"twitter:creator\" content=\"@RABrennecke\" \/>\n<meta name=\"twitter:site\" content=\"@hoecker_rae\" \/>\n<meta name=\"twitter:label1\" content=\"Verfasst von\" \/>\n\t<meta name=\"twitter:data1\" content=\"Dr. Carsten Brennecke\" \/>\n\t<meta name=\"twitter:label2\" content=\"Gesch\u00e4tzte Lesezeit\" \/>\n\t<meta name=\"twitter:data2\" content=\"5\u00a0Minuten\" \/>\n<script type=\"application\/ld+json\" class=\"yoast-schema-graph\">{\"@context\":\"https:\/\/schema.org\",\"@graph\":[{\"@type\":\"Article\",\"@id\":\"https:\/\/dev.hoecker.eu\/blog\/wdr-zahlte-an-belastungszeugen-aufwandsentschaedigung-fuer-mitwirkung-an-wdr-kampagne\/#article\",\"isPartOf\":{\"@id\":\"https:\/\/dev.hoecker.eu\/blog\/wdr-zahlte-an-belastungszeugen-aufwandsentschaedigung-fuer-mitwirkung-an-wdr-kampagne\/\"},\"author\":{\"name\":\"Dr. Carsten Brennecke\",\"@id\":\"https:\/\/www.hoecker.eu\/blog\/#\/schema\/person\/816be6ceb7fc41c0368b2869f0d5d9e5\"},\"headline\":\"WDR zahlte an Belastungszeugen \u201eAufwandsentsch\u00e4digung\u201c f\u00fcr Mitwirkung an WDR-Kampagne &#8211; Weitere Zeugen entlasten Dr. Michael Winterhoff:\",\"datePublished\":\"2025-02-19T16:00:54+00:00\",\"dateModified\":\"2025-02-19T17:46:27+00:00\",\"mainEntityOfPage\":{\"@id\":\"https:\/\/dev.hoecker.eu\/blog\/wdr-zahlte-an-belastungszeugen-aufwandsentschaedigung-fuer-mitwirkung-an-wdr-kampagne\/\"},\"wordCount\":904,\"publisher\":{\"@id\":\"https:\/\/www.hoecker.eu\/blog\/#organization\"},\"image\":{\"@id\":\"https:\/\/dev.hoecker.eu\/blog\/wdr-zahlte-an-belastungszeugen-aufwandsentschaedigung-fuer-mitwirkung-an-wdr-kampagne\/#primaryimage\"},\"thumbnailUrl\":\"https:\/\/www.hoecker.eu\/blog\/wp-content\/uploads\/2025\/02\/Beitrag-Winterhoff-29.02.2025.webp\",\"keywords\":[\"Pipamperon\",\"Strafverfahren\",\"WDR\",\"Winterhoff\"],\"articleSection\":[\"Was uns bewegt\"],\"inLanguage\":\"de\"},{\"@type\":\"WebPage\",\"@id\":\"https:\/\/dev.hoecker.eu\/blog\/wdr-zahlte-an-belastungszeugen-aufwandsentschaedigung-fuer-mitwirkung-an-wdr-kampagne\/\",\"url\":\"https:\/\/dev.hoecker.eu\/blog\/wdr-zahlte-an-belastungszeugen-aufwandsentschaedigung-fuer-mitwirkung-an-wdr-kampagne\/\",\"name\":\"WDR zahlte an Belastungszeugen \u201eAufwandsentsch\u00e4digung\u201c f\u00fcr Mitwirkung an WDR-Kampagne - Weitere Zeugen entlasten Dr. Michael Winterhoff: - H\u00d6CKER - der Blog\",\"isPartOf\":{\"@id\":\"https:\/\/www.hoecker.eu\/blog\/#website\"},\"primaryImageOfPage\":{\"@id\":\"https:\/\/dev.hoecker.eu\/blog\/wdr-zahlte-an-belastungszeugen-aufwandsentschaedigung-fuer-mitwirkung-an-wdr-kampagne\/#primaryimage\"},\"image\":{\"@id\":\"https:\/\/dev.hoecker.eu\/blog\/wdr-zahlte-an-belastungszeugen-aufwandsentschaedigung-fuer-mitwirkung-an-wdr-kampagne\/#primaryimage\"},\"thumbnailUrl\":\"https:\/\/www.hoecker.eu\/blog\/wp-content\/uploads\/2025\/02\/Beitrag-Winterhoff-29.02.2025.webp\",\"datePublished\":\"2025-02-19T16:00:54+00:00\",\"dateModified\":\"2025-02-19T17:46:27+00:00\",\"description\":\"Zeugenaussagen zeigen, dass der WDR gegen Dr. Michael Winterhoff falsche Anschuldigungen verbreitet hat. Keine Nebenwirkungen der Behandlung von Dr. Winterhoff nachweisbar.\",\"breadcrumb\":{\"@id\":\"https:\/\/dev.hoecker.eu\/blog\/wdr-zahlte-an-belastungszeugen-aufwandsentschaedigung-fuer-mitwirkung-an-wdr-kampagne\/#breadcrumb\"},\"inLanguage\":\"de\",\"potentialAction\":[{\"@type\":\"ReadAction\",\"target\":[\"https:\/\/dev.hoecker.eu\/blog\/wdr-zahlte-an-belastungszeugen-aufwandsentschaedigung-fuer-mitwirkung-an-wdr-kampagne\/\"]}]},{\"@type\":\"ImageObject\",\"inLanguage\":\"de\",\"@id\":\"https:\/\/dev.hoecker.eu\/blog\/wdr-zahlte-an-belastungszeugen-aufwandsentschaedigung-fuer-mitwirkung-an-wdr-kampagne\/#primaryimage\",\"url\":\"https:\/\/www.hoecker.eu\/blog\/wp-content\/uploads\/2025\/02\/Beitrag-Winterhoff-29.02.2025.webp\",\"contentUrl\":\"https:\/\/www.hoecker.eu\/blog\/wp-content\/uploads\/2025\/02\/Beitrag-Winterhoff-29.02.2025.webp\",\"width\":1024,\"height\":1024},{\"@type\":\"BreadcrumbList\",\"@id\":\"https:\/\/dev.hoecker.eu\/blog\/wdr-zahlte-an-belastungszeugen-aufwandsentschaedigung-fuer-mitwirkung-an-wdr-kampagne\/#breadcrumb\",\"itemListElement\":[{\"@type\":\"ListItem\",\"position\":1,\"name\":\"Startseite\",\"item\":\"https:\/\/dev.hoecker.eu\/blog\/\"},{\"@type\":\"ListItem\",\"position\":2,\"name\":\"WDR zahlte an Belastungszeugen \u201eAufwandsentsch\u00e4digung\u201c f\u00fcr Mitwirkung an WDR-Kampagne &#8211; Weitere Zeugen entlasten Dr. Michael Winterhoff:\"}]},{\"@type\":\"WebSite\",\"@id\":\"https:\/\/www.hoecker.eu\/blog\/#website\",\"url\":\"https:\/\/www.hoecker.eu\/blog\/\",\"name\":\"H\u00d6CKER - der Blog\",\"description\":\"Expertenblog f\u00fcr \u00c4u\u00dferungs-, Medien-, Marken-, Urheber- und Wettbewerbsrecht.\",\"publisher\":{\"@id\":\"https:\/\/www.hoecker.eu\/blog\/#organization\"},\"potentialAction\":[{\"@type\":\"SearchAction\",\"target\":{\"@type\":\"EntryPoint\",\"urlTemplate\":\"https:\/\/www.hoecker.eu\/blog\/?s={search_term_string}\"},\"query-input\":{\"@type\":\"PropertyValueSpecification\",\"valueRequired\":true,\"valueName\":\"search_term_string\"}}],\"inLanguage\":\"de\"},{\"@type\":\"Organization\",\"@id\":\"https:\/\/www.hoecker.eu\/blog\/#organization\",\"name\":\"H\u00d6CKER Rechtsanw\u00e4lte PartGmbB\",\"alternateName\":\"H\u00d6CKER\",\"url\":\"https:\/\/www.hoecker.eu\/blog\/\",\"logo\":{\"@type\":\"ImageObject\",\"inLanguage\":\"de\",\"@id\":\"https:\/\/www.hoecker.eu\/blog\/#\/schema\/logo\/image\/\",\"url\":\"https:\/\/www.hoecker.eu\/blog\/wp-content\/uploads\/2025\/03\/Blog-Logo.webp\",\"contentUrl\":\"https:\/\/www.hoecker.eu\/blog\/wp-content\/uploads\/2025\/03\/Blog-Logo.webp\",\"width\":500,\"height\":500,\"caption\":\"H\u00d6CKER Rechtsanw\u00e4lte PartGmbB\"},\"image\":{\"@id\":\"https:\/\/www.hoecker.eu\/blog\/#\/schema\/logo\/image\/\"},\"sameAs\":[\"https:\/\/www.facebook.com\/HoeckerRAe\/\",\"https:\/\/x.com\/hoecker_rae\",\"https:\/\/www.linkedin.com\/company\/hcker-rechtsanwlte\/\",\"https:\/\/www.instagram.com\/hoecker_rae\/\"],\"email\":\"contact@hoecker.eu\",\"telephone\":\"+ 49 (0)221-933 19-10\",\"legalName\":\"H\u00d6CKER Rechtsanw\u00e4lte PartGmbB\",\"numberOfEmployees\":{\"@type\":\"QuantitativeValue\",\"minValue\":\"11\",\"maxValue\":\"50\"}},{\"@type\":\"Person\",\"@id\":\"https:\/\/www.hoecker.eu\/blog\/#\/schema\/person\/816be6ceb7fc41c0368b2869f0d5d9e5\",\"name\":\"Dr. Carsten Brennecke\",\"description\":\"Rechtsanwalt f\u00fcr Presserecht, Spezialist f\u00fcr Litigation PR\",\"sameAs\":[\"https:\/\/www.hoecker.eu\/wer\/dr-carsten-brennecke\",\"https:\/\/www.linkedin.com\/in\/carsten-dr-brennecke-401b54b7\/\",\"https:\/\/x.com\/RABrennecke\"],\"url\":\"https:\/\/www.hoecker.eu\/blog\/author\/cbrennecke\/\"}]}<\/script>\n<!-- \/ Yoast SEO Premium plugin. -->","yoast_head_json":{"title":"WDR zahlte an Belastungszeugen \u201eAufwandsentsch\u00e4digung\u201c f\u00fcr Mitwirkung an WDR-Kampagne - Weitere Zeugen entlasten Dr. Michael Winterhoff: - H\u00d6CKER - der Blog","description":"Zeugenaussagen zeigen, dass der WDR gegen Dr. Michael Winterhoff falsche Anschuldigungen verbreitet hat. Keine Nebenwirkungen der Behandlung von Dr. Winterhoff nachweisbar.","robots":{"index":"index","follow":"follow","max-snippet":"max-snippet:-1","max-image-preview":"max-image-preview:large","max-video-preview":"max-video-preview:-1"},"canonical":"https:\/\/dev.hoecker.eu\/blog\/wdr-zahlte-an-belastungszeugen-aufwandsentschaedigung-fuer-mitwirkung-an-wdr-kampagne\/","og_locale":"de_DE","og_type":"article","og_title":"WDR zahlte an Belastungszeugen \u201eAufwandsentsch\u00e4digung\u201c f\u00fcr Mitwirkung an WDR-Kampagne - Weitere Zeugen entlasten Dr. Michael Winterhoff:","og_description":"Zeugenaussagen zeigen, dass der WDR gegen Dr. Michael Winterhoff falsche Anschuldigungen verbreitet hat. Keine Nebenwirkungen der Behandlung von Dr. Winterhoff nachweisbar.","og_url":"https:\/\/dev.hoecker.eu\/blog\/wdr-zahlte-an-belastungszeugen-aufwandsentschaedigung-fuer-mitwirkung-an-wdr-kampagne\/","og_site_name":"H\u00d6CKER - der Blog","article_publisher":"https:\/\/www.facebook.com\/HoeckerRAe\/","article_published_time":"2025-02-19T16:00:54+00:00","article_modified_time":"2025-02-19T17:46:27+00:00","og_image":[{"width":1024,"height":1024,"url":"https:\/\/dev.hoecker.eu\/blog\/wp-content\/uploads\/2025\/02\/Beitrag-Winterhoff-29.02.2025.webp","type":"image\/webp"}],"author":"Dr. Carsten Brennecke","twitter_card":"summary_large_image","twitter_creator":"@RABrennecke","twitter_site":"@hoecker_rae","twitter_misc":{"Verfasst von":"Dr. Carsten Brennecke","Gesch\u00e4tzte Lesezeit":"5\u00a0Minuten"},"schema":{"@context":"https:\/\/schema.org","@graph":[{"@type":"Article","@id":"https:\/\/dev.hoecker.eu\/blog\/wdr-zahlte-an-belastungszeugen-aufwandsentschaedigung-fuer-mitwirkung-an-wdr-kampagne\/#article","isPartOf":{"@id":"https:\/\/dev.hoecker.eu\/blog\/wdr-zahlte-an-belastungszeugen-aufwandsentschaedigung-fuer-mitwirkung-an-wdr-kampagne\/"},"author":{"name":"Dr. Carsten Brennecke","@id":"https:\/\/www.hoecker.eu\/blog\/#\/schema\/person\/816be6ceb7fc41c0368b2869f0d5d9e5"},"headline":"WDR zahlte an Belastungszeugen \u201eAufwandsentsch\u00e4digung\u201c f\u00fcr Mitwirkung an WDR-Kampagne &#8211; Weitere Zeugen entlasten Dr. Michael Winterhoff:","datePublished":"2025-02-19T16:00:54+00:00","dateModified":"2025-02-19T17:46:27+00:00","mainEntityOfPage":{"@id":"https:\/\/dev.hoecker.eu\/blog\/wdr-zahlte-an-belastungszeugen-aufwandsentschaedigung-fuer-mitwirkung-an-wdr-kampagne\/"},"wordCount":904,"publisher":{"@id":"https:\/\/www.hoecker.eu\/blog\/#organization"},"image":{"@id":"https:\/\/dev.hoecker.eu\/blog\/wdr-zahlte-an-belastungszeugen-aufwandsentschaedigung-fuer-mitwirkung-an-wdr-kampagne\/#primaryimage"},"thumbnailUrl":"https:\/\/www.hoecker.eu\/blog\/wp-content\/uploads\/2025\/02\/Beitrag-Winterhoff-29.02.2025.webp","keywords":["Pipamperon","Strafverfahren","WDR","Winterhoff"],"articleSection":["Was uns bewegt"],"inLanguage":"de"},{"@type":"WebPage","@id":"https:\/\/dev.hoecker.eu\/blog\/wdr-zahlte-an-belastungszeugen-aufwandsentschaedigung-fuer-mitwirkung-an-wdr-kampagne\/","url":"https:\/\/dev.hoecker.eu\/blog\/wdr-zahlte-an-belastungszeugen-aufwandsentschaedigung-fuer-mitwirkung-an-wdr-kampagne\/","name":"WDR zahlte an Belastungszeugen \u201eAufwandsentsch\u00e4digung\u201c f\u00fcr Mitwirkung an WDR-Kampagne - Weitere Zeugen entlasten Dr. Michael Winterhoff: - H\u00d6CKER - der Blog","isPartOf":{"@id":"https:\/\/www.hoecker.eu\/blog\/#website"},"primaryImageOfPage":{"@id":"https:\/\/dev.hoecker.eu\/blog\/wdr-zahlte-an-belastungszeugen-aufwandsentschaedigung-fuer-mitwirkung-an-wdr-kampagne\/#primaryimage"},"image":{"@id":"https:\/\/dev.hoecker.eu\/blog\/wdr-zahlte-an-belastungszeugen-aufwandsentschaedigung-fuer-mitwirkung-an-wdr-kampagne\/#primaryimage"},"thumbnailUrl":"https:\/\/www.hoecker.eu\/blog\/wp-content\/uploads\/2025\/02\/Beitrag-Winterhoff-29.02.2025.webp","datePublished":"2025-02-19T16:00:54+00:00","dateModified":"2025-02-19T17:46:27+00:00","description":"Zeugenaussagen zeigen, dass der WDR gegen Dr. Michael Winterhoff falsche Anschuldigungen verbreitet hat. Keine Nebenwirkungen der Behandlung von Dr. Winterhoff nachweisbar.","breadcrumb":{"@id":"https:\/\/dev.hoecker.eu\/blog\/wdr-zahlte-an-belastungszeugen-aufwandsentschaedigung-fuer-mitwirkung-an-wdr-kampagne\/#breadcrumb"},"inLanguage":"de","potentialAction":[{"@type":"ReadAction","target":["https:\/\/dev.hoecker.eu\/blog\/wdr-zahlte-an-belastungszeugen-aufwandsentschaedigung-fuer-mitwirkung-an-wdr-kampagne\/"]}]},{"@type":"ImageObject","inLanguage":"de","@id":"https:\/\/dev.hoecker.eu\/blog\/wdr-zahlte-an-belastungszeugen-aufwandsentschaedigung-fuer-mitwirkung-an-wdr-kampagne\/#primaryimage","url":"https:\/\/www.hoecker.eu\/blog\/wp-content\/uploads\/2025\/02\/Beitrag-Winterhoff-29.02.2025.webp","contentUrl":"https:\/\/www.hoecker.eu\/blog\/wp-content\/uploads\/2025\/02\/Beitrag-Winterhoff-29.02.2025.webp","width":1024,"height":1024},{"@type":"BreadcrumbList","@id":"https:\/\/dev.hoecker.eu\/blog\/wdr-zahlte-an-belastungszeugen-aufwandsentschaedigung-fuer-mitwirkung-an-wdr-kampagne\/#breadcrumb","itemListElement":[{"@type":"ListItem","position":1,"name":"Startseite","item":"https:\/\/dev.hoecker.eu\/blog\/"},{"@type":"ListItem","position":2,"name":"WDR zahlte an Belastungszeugen \u201eAufwandsentsch\u00e4digung\u201c f\u00fcr Mitwirkung an WDR-Kampagne &#8211; Weitere Zeugen entlasten Dr. Michael Winterhoff:"}]},{"@type":"WebSite","@id":"https:\/\/www.hoecker.eu\/blog\/#website","url":"https:\/\/www.hoecker.eu\/blog\/","name":"H\u00d6CKER - der Blog","description":"Expertenblog f\u00fcr \u00c4u\u00dferungs-, Medien-, Marken-, Urheber- und Wettbewerbsrecht.","publisher":{"@id":"https:\/\/www.hoecker.eu\/blog\/#organization"},"potentialAction":[{"@type":"SearchAction","target":{"@type":"EntryPoint","urlTemplate":"https:\/\/www.hoecker.eu\/blog\/?s={search_term_string}"},"query-input":{"@type":"PropertyValueSpecification","valueRequired":true,"valueName":"search_term_string"}}],"inLanguage":"de"},{"@type":"Organization","@id":"https:\/\/www.hoecker.eu\/blog\/#organization","name":"H\u00d6CKER Rechtsanw\u00e4lte PartGmbB","alternateName":"H\u00d6CKER","url":"https:\/\/www.hoecker.eu\/blog\/","logo":{"@type":"ImageObject","inLanguage":"de","@id":"https:\/\/www.hoecker.eu\/blog\/#\/schema\/logo\/image\/","url":"https:\/\/www.hoecker.eu\/blog\/wp-content\/uploads\/2025\/03\/Blog-Logo.webp","contentUrl":"https:\/\/www.hoecker.eu\/blog\/wp-content\/uploads\/2025\/03\/Blog-Logo.webp","width":500,"height":500,"caption":"H\u00d6CKER Rechtsanw\u00e4lte PartGmbB"},"image":{"@id":"https:\/\/www.hoecker.eu\/blog\/#\/schema\/logo\/image\/"},"sameAs":["https:\/\/www.facebook.com\/HoeckerRAe\/","https:\/\/x.com\/hoecker_rae","https:\/\/www.linkedin.com\/company\/hcker-rechtsanwlte\/","https:\/\/www.instagram.com\/hoecker_rae\/"],"email":"contact@hoecker.eu","telephone":"+ 49 (0)221-933 19-10","legalName":"H\u00d6CKER Rechtsanw\u00e4lte PartGmbB","numberOfEmployees":{"@type":"QuantitativeValue","minValue":"11","maxValue":"50"}},{"@type":"Person","@id":"https:\/\/www.hoecker.eu\/blog\/#\/schema\/person\/816be6ceb7fc41c0368b2869f0d5d9e5","name":"Dr. Carsten Brennecke","description":"Rechtsanwalt f\u00fcr Presserecht, Spezialist f\u00fcr Litigation PR","sameAs":["https:\/\/www.hoecker.eu\/wer\/dr-carsten-brennecke","https:\/\/www.linkedin.com\/in\/carsten-dr-brennecke-401b54b7\/","https:\/\/x.com\/RABrennecke"],"url":"https:\/\/www.hoecker.eu\/blog\/author\/cbrennecke\/"}]}},"authors":[{"term_id":40,"user_id":2,"is_guest":0,"slug":"cbrennecke","display_name":"Dr. Carsten Brennecke","avatar_url":{"url":"https:\/\/www.hoecker.eu\/blog\/wp-content\/uploads\/2024\/03\/cbrennecke.jpg","url2x":"https:\/\/www.hoecker.eu\/blog\/wp-content\/uploads\/2024\/03\/cbrennecke.jpg"},"0":null,"1":"","2":"","3":"","4":"","5":"","6":"","7":"","8":"","9":"","10":"","11":""}],"_links":{"self":[{"href":"https:\/\/www.hoecker.eu\/blog\/wp-json\/wp\/v2\/posts\/10001","targetHints":{"allow":["GET"]}}],"collection":[{"href":"https:\/\/www.hoecker.eu\/blog\/wp-json\/wp\/v2\/posts"}],"about":[{"href":"https:\/\/www.hoecker.eu\/blog\/wp-json\/wp\/v2\/types\/post"}],"author":[{"embeddable":true,"href":"https:\/\/www.hoecker.eu\/blog\/wp-json\/wp\/v2\/users\/2"}],"replies":[{"embeddable":true,"href":"https:\/\/www.hoecker.eu\/blog\/wp-json\/wp\/v2\/comments?post=10001"}],"version-history":[{"count":2,"href":"https:\/\/www.hoecker.eu\/blog\/wp-json\/wp\/v2\/posts\/10001\/revisions"}],"predecessor-version":[{"id":10005,"href":"https:\/\/www.hoecker.eu\/blog\/wp-json\/wp\/v2\/posts\/10001\/revisions\/10005"}],"wp:featuredmedia":[{"embeddable":true,"href":"https:\/\/www.hoecker.eu\/blog\/wp-json\/wp\/v2\/media\/10002"}],"wp:attachment":[{"href":"https:\/\/www.hoecker.eu\/blog\/wp-json\/wp\/v2\/media?parent=10001"}],"wp:term":[{"taxonomy":"category","embeddable":true,"href":"https:\/\/www.hoecker.eu\/blog\/wp-json\/wp\/v2\/categories?post=10001"},{"taxonomy":"post_tag","embeddable":true,"href":"https:\/\/www.hoecker.eu\/blog\/wp-json\/wp\/v2\/tags?post=10001"},{"taxonomy":"hashtags","embeddable":true,"href":"https:\/\/www.hoecker.eu\/blog\/wp-json\/wp\/v2\/hashtags?post=10001"},{"taxonomy":"author","embeddable":true,"href":"https:\/\/www.hoecker.eu\/blog\/wp-json\/wp\/v2\/ppma_author?post=10001"}],"curies":[{"name":"wp","href":"https:\/\/api.w.org\/{rel}","templated":true}]}}